{"id":38972,"date":"2024-08-08T08:53:54","date_gmt":"2024-08-08T06:53:54","guid":{"rendered":"https:\/\/interreg-sudoe.eu\/noticia-proyecto\/encuentro-interreg-sudoe-en-santander-firma-del-acuerdo-del-proyecto-revital\/"},"modified":"2026-02-17T13:36:30","modified_gmt":"2026-02-17T12:36:30","slug":"encuentro-interreg-sudoe-en-santander-firma-del-acuerdo-del-proyecto-revital","status":"publish","type":"noticia-proyecto","link":"https:\/\/interreg-sudoe.eu\/en\/noticia-proyecto\/encuentro-interreg-sudoe-en-santander-firma-del-acuerdo-del-proyecto-revital\/","title":{"rendered":"Interreg SUDOE meeting in Santander. Signing of the REVITAL project agreement"},"content":{"rendered":"<p>Santander hosted this week a meeting organised by the technical team of the European programme Interreg SUDOE. Out of 150 projects, 34 were selected, including REVITAL.<\/p>\n<p>The meeting in the Cantabrian capital was attended by part of the REVITAL project: Cluster SIVI, Social Services Management of the Junta de Castilla y Le\u00f3n, Gogoa Mobility Robots and \u00c9cole Sup\u00e9rieure des Technologies Industrielles Avanc\u00e9es (ESTIA).<\/p>\n<p>In addition to sharing experiences and learning from both the organisers and the other participants, the conference was a meeting point to disseminate the projects that are being carried out within the Interreg SUDOE programme.<\/p>\n<p>Luis \u00c1ngel Ag\u00fceros S\u00e1nchez, Minister of Economy, Finance and Public Funds of the Government of Cantabria was in charge of delivering the SUDOE agreements to the participants in the meeting.<\/p>\n<p>On behalf of REVITAL, Cluster SIVI as coordinator and main beneficiary of the project was in charge of collecting the signed agreement.<br \/>\nSocio-economic revitalisation of low population density areas through clinical telecare.<\/p>\n<p>Led by Cl\u00faster SIVI, the REVITAL project consortium integrates organisations and companies from Spain, France and Portugal. The objectives of the project are to meet the need to provide specialised health care and physical and neurological rehabilitation services (especially for dependent and elderly people), using technological tools to offer tele-assistance and tele-rehabilitation services, which will also help to create qualified employment and establish a new population that will boost the rural economy.<\/p>\n<p>The project has a clear strategic orientation towards strengthening social cohesion and territorial and demographic balance through social innovation and endogenous development. The challenges and needs to be covered are clear: to respond to the depopulation and ageing of inland rural areas by fixing new population with social and health care training, to avoid that elderly and dependent people have to migrate to urban areas to access advanced clinical services, as well as to develop sustainable productive systems based on tele-assistance and tele-rehabilitation technologies, responding to the social needs not sufficiently covered in the field of social and health care services.<\/p>\n<p>The REVITAL consortium will work together during the 36 months of this action and is constituted by a total of 9 partners from Spain, France and Portugal: SIVI Cluster, Gerencia de Servicios Sociales de Castilla y Le\u00f3n, Fundaci\u00f3n San Cebri\u00e1n, GOGOA Mobility Robots, \u00c9cole Sup\u00e9rieure des Technologies Industrielles Avanc\u00e9es (ESTIA), University of DEUSTO, Etablissement Public de Sant\u00e9 de GARAZI, Associa\u00e7\u00e3o Empresarial da Beira Baixa (AEBB) and Instituto Polit\u00e9cnico de Castelo Branco (IPCB).<\/p>\n","protected":false},"excerpt":{"rendered":"<p>Santander hosted this week a meeting organised by the technical team of the European programme Interreg SUDOE. Out of 150 projects, 34 were selected, including REVITAL. The meeting in the Cantabrian capital was attended by part of the REVITAL project: Cluster SIVI, Social Services Management of the Junta de Castilla y Le\u00f3n, Gogoa Mobility Robots [&hellip;]<\/p>\n","protected":false},"author":6552,"featured_media":38971,"parent":0,"template":"","meta":{"_acf_changed":false,"content-type":"","_monsterinsights_skip_tracking":false,"_monsterinsights_sitenote_active":false,"_monsterinsights_sitenote_note":"","_monsterinsights_sitenote_category":0},"class_list":["post-38972","noticia-proyecto","type-noticia-proyecto","status-publish","has-post-thumbnail","hentry"],"acf":[],"yoast_head":"<!-- This site is optimized with the Yoast SEO plugin v27.4 - https:\/\/yoast.com\/product\/yoast-seo-wordpress\/ -->\n<title>Interreg SUDOE meeting in Santander. Signing of the REVITAL project agreement - Interreg Sudoe<\/title>\n<meta name=\"robots\" content=\"index, follow, max-snippet:-1, max-image-preview:large, max-video-preview:-1\" \/>\n<link rel=\"canonical\" href=\"https:\/\/interreg-sudoe.eu\/en\/noticia-proyecto\/encuentro-interreg-sudoe-en-santander-firma-del-acuerdo-del-proyecto-revital\/\" \/>\n<meta property=\"og:locale\" content=\"en_US\" \/>\n<meta property=\"og:type\" content=\"article\" \/>\n<meta property=\"og:title\" content=\"Interreg SUDOE meeting in Santander. Signing of the REVITAL project agreement - Interreg Sudoe\" \/>\n<meta property=\"og:description\" content=\"Santander hosted this week a meeting organised by the technical team of the European programme Interreg SUDOE. Out of 150 projects, 34 were selected, including REVITAL. The meeting in the Cantabrian capital was attended by part of the REVITAL project: Cluster SIVI, Social Services Management of the Junta de Castilla y Le\u00f3n, Gogoa Mobility Robots [&hellip;]\" \/>\n<meta property=\"og:url\" content=\"https:\/\/interreg-sudoe.eu\/en\/noticia-proyecto\/encuentro-interreg-sudoe-en-santander-firma-del-acuerdo-del-proyecto-revital\/\" \/>\n<meta property=\"og:site_name\" content=\"Interreg Sudoe\" \/>\n<meta property=\"article:publisher\" content=\"https:\/\/www.facebook.com\/interregsudoe\" \/>\n<meta property=\"article:modified_time\" content=\"2026-02-17T12:36:30+00:00\" \/>\n<meta property=\"og:image\" content=\"https:\/\/interreg-sudoe.eu\/wp-content\/uploads\/2024\/08\/WhatsApp_Image_2024-04-16_at_23.10.33_1.jpeg\" \/>\n\t<meta property=\"og:image:width\" content=\"1182\" \/>\n\t<meta property=\"og:image:height\" content=\"962\" \/>\n\t<meta property=\"og:image:type\" content=\"image\/jpeg\" \/>\n<meta name=\"twitter:card\" content=\"summary_large_image\" \/>\n<meta name=\"twitter:site\" content=\"@Sudoe5\" \/>\n<meta name=\"twitter:label1\" content=\"Est. reading time\" \/>\n\t<meta name=\"twitter:data1\" content=\"2 minutes\" \/>\n<script type=\"application\/ld+json\" class=\"yoast-schema-graph\">{\"@context\":\"https:\\\/\\\/schema.org\",\"@graph\":[{\"@type\":\"WebPage\",\"@id\":\"https:\\\/\\\/interreg-sudoe.eu\\\/en\\\/noticia-proyecto\\\/encuentro-interreg-sudoe-en-santander-firma-del-acuerdo-del-proyecto-revital\\\/\",\"url\":\"https:\\\/\\\/interreg-sudoe.eu\\\/en\\\/noticia-proyecto\\\/encuentro-interreg-sudoe-en-santander-firma-del-acuerdo-del-proyecto-revital\\\/\",\"name\":\"Interreg SUDOE meeting in Santander. Signing of the REVITAL project agreement - Interreg Sudoe\",\"isPartOf\":{\"@id\":\"https:\\\/\\\/interreg-sudoe.eu\\\/en\\\/#website\"},\"primaryImageOfPage\":{\"@id\":\"https:\\\/\\\/interreg-sudoe.eu\\\/en\\\/noticia-proyecto\\\/encuentro-interreg-sudoe-en-santander-firma-del-acuerdo-del-proyecto-revital\\\/#primaryimage\"},\"image\":{\"@id\":\"https:\\\/\\\/interreg-sudoe.eu\\\/en\\\/noticia-proyecto\\\/encuentro-interreg-sudoe-en-santander-firma-del-acuerdo-del-proyecto-revital\\\/#primaryimage\"},\"thumbnailUrl\":\"https:\\\/\\\/interreg-sudoe.eu\\\/wp-content\\\/uploads\\\/2024\\\/08\\\/WhatsApp_Image_2024-04-16_at_23.10.33_1.jpeg\",\"datePublished\":\"2024-08-08T06:53:54+00:00\",\"dateModified\":\"2026-02-17T12:36:30+00:00\",\"breadcrumb\":{\"@id\":\"https:\\\/\\\/interreg-sudoe.eu\\\/en\\\/noticia-proyecto\\\/encuentro-interreg-sudoe-en-santander-firma-del-acuerdo-del-proyecto-revital\\\/#breadcrumb\"},\"inLanguage\":\"en-US\",\"potentialAction\":[{\"@type\":\"ReadAction\",\"target\":[\"https:\\\/\\\/interreg-sudoe.eu\\\/en\\\/noticia-proyecto\\\/encuentro-interreg-sudoe-en-santander-firma-del-acuerdo-del-proyecto-revital\\\/\"]}]},{\"@type\":\"ImageObject\",\"inLanguage\":\"en-US\",\"@id\":\"https:\\\/\\\/interreg-sudoe.eu\\\/en\\\/noticia-proyecto\\\/encuentro-interreg-sudoe-en-santander-firma-del-acuerdo-del-proyecto-revital\\\/#primaryimage\",\"url\":\"https:\\\/\\\/interreg-sudoe.eu\\\/wp-content\\\/uploads\\\/2024\\\/08\\\/WhatsApp_Image_2024-04-16_at_23.10.33_1.jpeg\",\"contentUrl\":\"https:\\\/\\\/interreg-sudoe.eu\\\/wp-content\\\/uploads\\\/2024\\\/08\\\/WhatsApp_Image_2024-04-16_at_23.10.33_1.jpeg\",\"width\":1182,\"height\":962},{\"@type\":\"BreadcrumbList\",\"@id\":\"https:\\\/\\\/interreg-sudoe.eu\\\/en\\\/noticia-proyecto\\\/encuentro-interreg-sudoe-en-santander-firma-del-acuerdo-del-proyecto-revital\\\/#breadcrumb\",\"itemListElement\":[{\"@type\":\"ListItem\",\"position\":1,\"name\":\"Home\",\"item\":\"https:\\\/\\\/interreg-sudoe.eu\\\/en\\\/\"},{\"@type\":\"ListItem\",\"position\":2,\"name\":\"Interreg SUDOE meeting in Santander. Signing of the REVITAL project agreement\"}]},{\"@type\":\"WebSite\",\"@id\":\"https:\\\/\\\/interreg-sudoe.eu\\\/en\\\/#website\",\"url\":\"https:\\\/\\\/interreg-sudoe.eu\\\/en\\\/\",\"name\":\"Interreg Sudoe\",\"description\":\"Interreg Sudoe\",\"publisher\":{\"@id\":\"https:\\\/\\\/interreg-sudoe.eu\\\/en\\\/#organization\"},\"alternateName\":\"Interreg Sudoe\",\"potentialAction\":[{\"@type\":\"SearchAction\",\"target\":{\"@type\":\"EntryPoint\",\"urlTemplate\":\"https:\\\/\\\/interreg-sudoe.eu\\\/en\\\/?s={search_term_string}\"},\"query-input\":{\"@type\":\"PropertyValueSpecification\",\"valueRequired\":true,\"valueName\":\"search_term_string\"}}],\"inLanguage\":\"en-US\"},{\"@type\":\"Organization\",\"@id\":\"https:\\\/\\\/interreg-sudoe.eu\\\/en\\\/#organization\",\"name\":\"Interreg Sudoe\",\"alternateName\":\"Interreg Sudoe\",\"url\":\"https:\\\/\\\/interreg-sudoe.eu\\\/en\\\/\",\"logo\":{\"@type\":\"ImageObject\",\"inLanguage\":\"en-US\",\"@id\":\"https:\\\/\\\/interreg-sudoe.eu\\\/en\\\/#\\\/schema\\\/logo\\\/image\\\/\",\"url\":\"https:\\\/\\\/interreg-sudoe.eu\\\/wp-content\\\/uploads\\\/2024\\\/03\\\/logo-interreg.png\",\"contentUrl\":\"https:\\\/\\\/interreg-sudoe.eu\\\/wp-content\\\/uploads\\\/2024\\\/03\\\/logo-interreg.png\",\"width\":1200,\"height\":675,\"caption\":\"Interreg Sudoe\"},\"image\":{\"@id\":\"https:\\\/\\\/interreg-sudoe.eu\\\/en\\\/#\\\/schema\\\/logo\\\/image\\\/\"},\"sameAs\":[\"https:\\\/\\\/www.facebook.com\\\/interregsudoe\",\"https:\\\/\\\/x.com\\\/Sudoe5\",\"https:\\\/\\\/www.youtube.com\\\/channel\\\/UCeGx2edoB32beRc9dbKA2vw\",\"https:\\\/\\\/www.linkedin.com\\\/company\\\/interreg-sudoe-programme\\\/\",\"https:\\\/\\\/www.flickr.com\\\/photos\\\/148704685@N06\\\/\"]}]}<\/script>\n<!-- \/ Yoast SEO plugin. -->","yoast_head_json":{"title":"Interreg SUDOE meeting in Santander. Signing of the REVITAL project agreement - Interreg Sudoe","robots":{"index":"index","follow":"follow","max-snippet":"max-snippet:-1","max-image-preview":"max-image-preview:large","max-video-preview":"max-video-preview:-1"},"canonical":"https:\/\/interreg-sudoe.eu\/en\/noticia-proyecto\/encuentro-interreg-sudoe-en-santander-firma-del-acuerdo-del-proyecto-revital\/","og_locale":"en_US","og_type":"article","og_title":"Interreg SUDOE meeting in Santander. Signing of the REVITAL project agreement - Interreg Sudoe","og_description":"Santander hosted this week a meeting organised by the technical team of the European programme Interreg SUDOE. Out of 150 projects, 34 were selected, including REVITAL. The meeting in the Cantabrian capital was attended by part of the REVITAL project: Cluster SIVI, Social Services Management of the Junta de Castilla y Le\u00f3n, Gogoa Mobility Robots [&hellip;]","og_url":"https:\/\/interreg-sudoe.eu\/en\/noticia-proyecto\/encuentro-interreg-sudoe-en-santander-firma-del-acuerdo-del-proyecto-revital\/","og_site_name":"Interreg Sudoe","article_publisher":"https:\/\/www.facebook.com\/interregsudoe","article_modified_time":"2026-02-17T12:36:30+00:00","og_image":[{"width":1182,"height":962,"url":"https:\/\/interreg-sudoe.eu\/wp-content\/uploads\/2024\/08\/WhatsApp_Image_2024-04-16_at_23.10.33_1.jpeg","type":"image\/jpeg"}],"twitter_card":"summary_large_image","twitter_site":"@Sudoe5","twitter_misc":{"Est. reading time":"2 minutes"},"schema":{"@context":"https:\/\/schema.org","@graph":[{"@type":"WebPage","@id":"https:\/\/interreg-sudoe.eu\/en\/noticia-proyecto\/encuentro-interreg-sudoe-en-santander-firma-del-acuerdo-del-proyecto-revital\/","url":"https:\/\/interreg-sudoe.eu\/en\/noticia-proyecto\/encuentro-interreg-sudoe-en-santander-firma-del-acuerdo-del-proyecto-revital\/","name":"Interreg SUDOE meeting in Santander. Signing of the REVITAL project agreement - Interreg Sudoe","isPartOf":{"@id":"https:\/\/interreg-sudoe.eu\/en\/#website"},"primaryImageOfPage":{"@id":"https:\/\/interreg-sudoe.eu\/en\/noticia-proyecto\/encuentro-interreg-sudoe-en-santander-firma-del-acuerdo-del-proyecto-revital\/#primaryimage"},"image":{"@id":"https:\/\/interreg-sudoe.eu\/en\/noticia-proyecto\/encuentro-interreg-sudoe-en-santander-firma-del-acuerdo-del-proyecto-revital\/#primaryimage"},"thumbnailUrl":"https:\/\/interreg-sudoe.eu\/wp-content\/uploads\/2024\/08\/WhatsApp_Image_2024-04-16_at_23.10.33_1.jpeg","datePublished":"2024-08-08T06:53:54+00:00","dateModified":"2026-02-17T12:36:30+00:00","breadcrumb":{"@id":"https:\/\/interreg-sudoe.eu\/en\/noticia-proyecto\/encuentro-interreg-sudoe-en-santander-firma-del-acuerdo-del-proyecto-revital\/#breadcrumb"},"inLanguage":"en-US","potentialAction":[{"@type":"ReadAction","target":["https:\/\/interreg-sudoe.eu\/en\/noticia-proyecto\/encuentro-interreg-sudoe-en-santander-firma-del-acuerdo-del-proyecto-revital\/"]}]},{"@type":"ImageObject","inLanguage":"en-US","@id":"https:\/\/interreg-sudoe.eu\/en\/noticia-proyecto\/encuentro-interreg-sudoe-en-santander-firma-del-acuerdo-del-proyecto-revital\/#primaryimage","url":"https:\/\/interreg-sudoe.eu\/wp-content\/uploads\/2024\/08\/WhatsApp_Image_2024-04-16_at_23.10.33_1.jpeg","contentUrl":"https:\/\/interreg-sudoe.eu\/wp-content\/uploads\/2024\/08\/WhatsApp_Image_2024-04-16_at_23.10.33_1.jpeg","width":1182,"height":962},{"@type":"BreadcrumbList","@id":"https:\/\/interreg-sudoe.eu\/en\/noticia-proyecto\/encuentro-interreg-sudoe-en-santander-firma-del-acuerdo-del-proyecto-revital\/#breadcrumb","itemListElement":[{"@type":"ListItem","position":1,"name":"Home","item":"https:\/\/interreg-sudoe.eu\/en\/"},{"@type":"ListItem","position":2,"name":"Interreg SUDOE meeting in Santander. Signing of the REVITAL project agreement"}]},{"@type":"WebSite","@id":"https:\/\/interreg-sudoe.eu\/en\/#website","url":"https:\/\/interreg-sudoe.eu\/en\/","name":"Interreg Sudoe","description":"Interreg Sudoe","publisher":{"@id":"https:\/\/interreg-sudoe.eu\/en\/#organization"},"alternateName":"Interreg Sudoe","potentialAction":[{"@type":"SearchAction","target":{"@type":"EntryPoint","urlTemplate":"https:\/\/interreg-sudoe.eu\/en\/?s={search_term_string}"},"query-input":{"@type":"PropertyValueSpecification","valueRequired":true,"valueName":"search_term_string"}}],"inLanguage":"en-US"},{"@type":"Organization","@id":"https:\/\/interreg-sudoe.eu\/en\/#organization","name":"Interreg Sudoe","alternateName":"Interreg Sudoe","url":"https:\/\/interreg-sudoe.eu\/en\/","logo":{"@type":"ImageObject","inLanguage":"en-US","@id":"https:\/\/interreg-sudoe.eu\/en\/#\/schema\/logo\/image\/","url":"https:\/\/interreg-sudoe.eu\/wp-content\/uploads\/2024\/03\/logo-interreg.png","contentUrl":"https:\/\/interreg-sudoe.eu\/wp-content\/uploads\/2024\/03\/logo-interreg.png","width":1200,"height":675,"caption":"Interreg Sudoe"},"image":{"@id":"https:\/\/interreg-sudoe.eu\/en\/#\/schema\/logo\/image\/"},"sameAs":["https:\/\/www.facebook.com\/interregsudoe","https:\/\/x.com\/Sudoe5","https:\/\/www.youtube.com\/channel\/UCeGx2edoB32beRc9dbKA2vw","https:\/\/www.linkedin.com\/company\/interreg-sudoe-programme\/","https:\/\/www.flickr.com\/photos\/148704685@N06\/"]}]}},"_links":{"self":[{"href":"https:\/\/interreg-sudoe.eu\/en\/wp-json\/wp\/v2\/noticia-proyecto\/38972","targetHints":{"allow":["GET"]}}],"collection":[{"href":"https:\/\/interreg-sudoe.eu\/en\/wp-json\/wp\/v2\/noticia-proyecto"}],"about":[{"href":"https:\/\/interreg-sudoe.eu\/en\/wp-json\/wp\/v2\/types\/noticia-proyecto"}],"author":[{"embeddable":true,"href":"https:\/\/interreg-sudoe.eu\/en\/wp-json\/wp\/v2\/users\/6552"}],"wp:featuredmedia":[{"embeddable":true,"href":"https:\/\/interreg-sudoe.eu\/en\/wp-json\/wp\/v2\/media\/38971"}],"wp:attachment":[{"href":"https:\/\/interreg-sudoe.eu\/en\/wp-json\/wp\/v2\/media?parent=38972"}],"curies":[{"name":"wp","href":"https:\/\/api.w.org\/{rel}","templated":true}]}}