{"id":39343,"date":"2024-08-20T13:25:35","date_gmt":"2024-08-20T11:25:35","guid":{"rendered":"https:\/\/interreg-sudoe.eu\/noticia-proyecto\/henko-net-en-el-plan-operativo-sociosanitario-de-bizkaia\/"},"modified":"2026-02-16T15:40:18","modified_gmt":"2026-02-16T14:40:18","slug":"henko-net-en-el-plan-operativo-sociosanitario-de-bizkaia","status":"publish","type":"noticia-proyecto","link":"https:\/\/interreg-sudoe.eu\/en\/noticia-proyecto\/henko-net-en-el-plan-operativo-sociosanitario-de-bizkaia\/","title":{"rendered":"HENKO NET EN EL PLAN OPERATIVO SOCIOSANITARIO DE BIZKAIA"},"content":{"rendered":"<p>Con fecha 27 de mayo de 2024, en las oficinas de la Diputaci\u00f3n Foral de Bizkaia, un grupo 22 de profesionales de entidades sociosanitarias del \u00e1mbito de los cuidados paliativos, crearon la comunidad HENKO Bizkaia uniendo esfuerzos con el proyecto operativo sociosanitario \u201cApoyos desde la coordinaci\u00f3n sociosanitaria para la atenci\u00f3n integral a personas en situaci\u00f3n de final de vida en el domicilio\u201d.<\/p>\n<p>Acudieron profesionales de las entidades Arinduz, Biobizkaia, Centro de Dia Etxetic Etxaniz(DFB), Etxetic Zalla (DFB), Etxetic Etxebarri (DFB), OSI Bilbao-Basurto(Osakidetza), Hospital Santa Marina (Osakidetza), Mancomunidad de servicios sociales de Encartaciones, IMQ Igurco, Grupo Babesten, UTE Barritic, OSI BILBAOBASURTO, Hospital San Juan de Dios, Fundaci\u00f3n Doble Sonrisa y Getxo Zurekin, Pastoral de la Salud-Di\u00f3cesis de Bilbao, Asociaci\u00f3n contra el C\u00e1ncer y del Departamento de Acci\u00f3n Social de Bizkaia.<\/p>\n<p>A lo largo de tres a\u00f1os, se desarrollar\u00e1n metodolog\u00edas de atenci\u00f3n centrada en la persona y en sus valores, se realizar\u00e1n breves pilotajes de pr\u00e1cticas con apoyos tecnol\u00f3gicos, y se testar\u00e1 y validar\u00e1 el sistema tecnol\u00f3gico HENKO, basado en Inteligencia Artificial (IA) y tecnolog\u00edas digitales habilitantes.<\/p>\n<p>En el di\u00e1logo se habl\u00f3 de ser una comunidad de conocimiento y aprendizaje que posibilite avanzar en la atenci\u00f3n integral en los cuidados paliativos en Bizkaia y mejorar la coordinaci\u00f3n sociosanitaria compartiendo el an\u00e1lisis desde las narrativas de las personas atendidas, los y las profesionales, voluntariado y familiares \/allegados.<\/p>\n<p>La propuesta es crear un espacio de cocreaci\u00f3n y pilotar en 3 Etxetic de Bizkaia, siguiendo las propuestas del proyecto europeo HENKO NET, financiado con fondos FEDER, en el marco de Interreg Sudoe.<\/p>\n<p>Se acord\u00f3 que la primera actividad ser\u00e1 realizar en septiembre un \u201cPatient Journey\u201d, para ello se realizar\u00e1n entrevistas y focus group. Crear un espacio de di\u00e1logo entre todos los agentes convocados y trabajar en la identificaci\u00f3n de los nudos y brechas de los itinerarios vitales de las personas con necesidades de cuidados paliativos, desde una perspectiva centrada en la persona y su comunidad. Tambi\u00e9n se propuso conocer las buenas pr\u00e1cticas existentes en Bizkaia.<\/p>\n<p>Como siempre, lo mejor vino al final, en el encuentro con compa\u00f1eros y compa\u00f1eras de otras entidades con las que se han compartido casos y situaciones. De modo informal los saludos y las conversaciones alargaron una reuni\u00f3n llena de ganas de trabajar juntos.<\/p>\n","protected":false},"excerpt":{"rendered":"<p>Con fecha 27 de mayo de 2024, en las oficinas de la Diputaci\u00f3n Foral de Bizkaia, un grupo 22 de profesionales de entidades sociosanitarias del \u00e1mbito de los cuidados paliativos, crearon la comunidad HENKO Bizkaia uniendo esfuerzos con el proyecto operativo sociosanitario \u201cApoyos desde la coordinaci\u00f3n sociosanitaria para la atenci\u00f3n integral a personas en situaci\u00f3n [&hellip;]<\/p>\n","protected":false},"author":4922,"featured_media":0,"parent":0,"template":"","meta":{"_acf_changed":false,"content-type":"","_monsterinsights_skip_tracking":false,"_monsterinsights_sitenote_active":false,"_monsterinsights_sitenote_note":"","_monsterinsights_sitenote_category":0},"class_list":["post-39343","noticia-proyecto","type-noticia-proyecto","status-publish","hentry"],"acf":[],"yoast_head":"<!-- This site is optimized with the Yoast SEO plugin v27.2 - https:\/\/yoast.com\/product\/yoast-seo-wordpress\/ -->\n<title>HENKO NET EN EL PLAN OPERATIVO SOCIOSANITARIO DE BIZKAIA - Interreg Sudoe<\/title>\n<meta name=\"robots\" content=\"index, follow, max-snippet:-1, max-image-preview:large, max-video-preview:-1\" \/>\n<link rel=\"canonical\" href=\"https:\/\/interreg-sudoe.eu\/en\/noticia-proyecto\/henko-net-en-el-plan-operativo-sociosanitario-de-bizkaia\/\" \/>\n<meta property=\"og:locale\" content=\"en_US\" \/>\n<meta property=\"og:type\" content=\"article\" \/>\n<meta property=\"og:title\" content=\"HENKO NET EN EL PLAN OPERATIVO SOCIOSANITARIO DE BIZKAIA - Interreg Sudoe\" \/>\n<meta property=\"og:description\" content=\"Con fecha 27 de mayo de 2024, en las oficinas de la Diputaci\u00f3n Foral de Bizkaia, un grupo 22 de profesionales de entidades sociosanitarias del \u00e1mbito de los cuidados paliativos, crearon la comunidad HENKO Bizkaia uniendo esfuerzos con el proyecto operativo sociosanitario \u201cApoyos desde la coordinaci\u00f3n sociosanitaria para la atenci\u00f3n integral a personas en situaci\u00f3n [&hellip;]\" \/>\n<meta property=\"og:url\" content=\"https:\/\/interreg-sudoe.eu\/en\/noticia-proyecto\/henko-net-en-el-plan-operativo-sociosanitario-de-bizkaia\/\" \/>\n<meta property=\"og:site_name\" content=\"Interreg Sudoe\" \/>\n<meta property=\"article:publisher\" content=\"https:\/\/www.facebook.com\/interregsudoe\" \/>\n<meta property=\"article:modified_time\" content=\"2026-02-16T14:40:18+00:00\" \/>\n<meta property=\"og:image\" content=\"https:\/\/interreg-sudoe.eu\/wp-content\/uploads\/2024\/03\/download.png\" \/>\n\t<meta property=\"og:image:width\" content=\"344\" \/>\n\t<meta property=\"og:image:height\" content=\"147\" \/>\n\t<meta property=\"og:image:type\" content=\"image\/png\" \/>\n<meta name=\"twitter:card\" content=\"summary_large_image\" \/>\n<meta name=\"twitter:site\" content=\"@Sudoe5\" \/>\n<meta name=\"twitter:label1\" content=\"Est. reading time\" \/>\n\t<meta name=\"twitter:data1\" content=\"2 minutes\" \/>\n<script type=\"application\/ld+json\" class=\"yoast-schema-graph\">{\"@context\":\"https:\/\/schema.org\",\"@graph\":[{\"@type\":\"WebPage\",\"@id\":\"https:\/\/interreg-sudoe.eu\/en\/noticia-proyecto\/henko-net-en-el-plan-operativo-sociosanitario-de-bizkaia\/\",\"url\":\"https:\/\/interreg-sudoe.eu\/en\/noticia-proyecto\/henko-net-en-el-plan-operativo-sociosanitario-de-bizkaia\/\",\"name\":\"HENKO NET EN EL PLAN OPERATIVO SOCIOSANITARIO DE BIZKAIA - Interreg Sudoe\",\"isPartOf\":{\"@id\":\"https:\/\/interreg-sudoe.eu\/en\/#website\"},\"datePublished\":\"2024-08-20T11:25:35+00:00\",\"dateModified\":\"2026-02-16T14:40:18+00:00\",\"breadcrumb\":{\"@id\":\"https:\/\/interreg-sudoe.eu\/en\/noticia-proyecto\/henko-net-en-el-plan-operativo-sociosanitario-de-bizkaia\/#breadcrumb\"},\"inLanguage\":\"en-US\",\"potentialAction\":[{\"@type\":\"ReadAction\",\"target\":[\"https:\/\/interreg-sudoe.eu\/en\/noticia-proyecto\/henko-net-en-el-plan-operativo-sociosanitario-de-bizkaia\/\"]}]},{\"@type\":\"BreadcrumbList\",\"@id\":\"https:\/\/interreg-sudoe.eu\/en\/noticia-proyecto\/henko-net-en-el-plan-operativo-sociosanitario-de-bizkaia\/#breadcrumb\",\"itemListElement\":[{\"@type\":\"ListItem\",\"position\":1,\"name\":\"Home\",\"item\":\"https:\/\/interreg-sudoe.eu\/en\/\"},{\"@type\":\"ListItem\",\"position\":2,\"name\":\"HENKO NET EN EL PLAN OPERATIVO SOCIOSANITARIO DE BIZKAIA\"}]},{\"@type\":\"WebSite\",\"@id\":\"https:\/\/interreg-sudoe.eu\/en\/#website\",\"url\":\"https:\/\/interreg-sudoe.eu\/en\/\",\"name\":\"Interreg Sudoe\",\"description\":\"Interreg Sudoe\",\"publisher\":{\"@id\":\"https:\/\/interreg-sudoe.eu\/en\/#organization\"},\"alternateName\":\"Interreg Sudoe\",\"potentialAction\":[{\"@type\":\"SearchAction\",\"target\":{\"@type\":\"EntryPoint\",\"urlTemplate\":\"https:\/\/interreg-sudoe.eu\/en\/?s={search_term_string}\"},\"query-input\":{\"@type\":\"PropertyValueSpecification\",\"valueRequired\":true,\"valueName\":\"search_term_string\"}}],\"inLanguage\":\"en-US\"},{\"@type\":\"Organization\",\"@id\":\"https:\/\/interreg-sudoe.eu\/en\/#organization\",\"name\":\"Interreg Sudoe\",\"alternateName\":\"Interreg Sudoe\",\"url\":\"https:\/\/interreg-sudoe.eu\/en\/\",\"logo\":{\"@type\":\"ImageObject\",\"inLanguage\":\"en-US\",\"@id\":\"https:\/\/interreg-sudoe.eu\/en\/#\/schema\/logo\/image\/\",\"url\":\"https:\/\/interreg-sudoe.eu\/wp-content\/uploads\/2024\/03\/logo-interreg.png\",\"contentUrl\":\"https:\/\/interreg-sudoe.eu\/wp-content\/uploads\/2024\/03\/logo-interreg.png\",\"width\":1200,\"height\":675,\"caption\":\"Interreg Sudoe\"},\"image\":{\"@id\":\"https:\/\/interreg-sudoe.eu\/en\/#\/schema\/logo\/image\/\"},\"sameAs\":[\"https:\/\/www.facebook.com\/interregsudoe\",\"https:\/\/x.com\/Sudoe5\",\"https:\/\/www.youtube.com\/channel\/UCeGx2edoB32beRc9dbKA2vw\",\"https:\/\/www.linkedin.com\/company\/interreg-sudoe-programme\/\",\"https:\/\/www.flickr.com\/photos\/148704685@N06\/\"]}]}<\/script>\n<!-- \/ Yoast SEO plugin. -->","yoast_head_json":{"title":"HENKO NET EN EL PLAN OPERATIVO SOCIOSANITARIO DE BIZKAIA - Interreg Sudoe","robots":{"index":"index","follow":"follow","max-snippet":"max-snippet:-1","max-image-preview":"max-image-preview:large","max-video-preview":"max-video-preview:-1"},"canonical":"https:\/\/interreg-sudoe.eu\/en\/noticia-proyecto\/henko-net-en-el-plan-operativo-sociosanitario-de-bizkaia\/","og_locale":"en_US","og_type":"article","og_title":"HENKO NET EN EL PLAN OPERATIVO SOCIOSANITARIO DE BIZKAIA - Interreg Sudoe","og_description":"Con fecha 27 de mayo de 2024, en las oficinas de la Diputaci\u00f3n Foral de Bizkaia, un grupo 22 de profesionales de entidades sociosanitarias del \u00e1mbito de los cuidados paliativos, crearon la comunidad HENKO Bizkaia uniendo esfuerzos con el proyecto operativo sociosanitario \u201cApoyos desde la coordinaci\u00f3n sociosanitaria para la atenci\u00f3n integral a personas en situaci\u00f3n [&hellip;]","og_url":"https:\/\/interreg-sudoe.eu\/en\/noticia-proyecto\/henko-net-en-el-plan-operativo-sociosanitario-de-bizkaia\/","og_site_name":"Interreg Sudoe","article_publisher":"https:\/\/www.facebook.com\/interregsudoe","article_modified_time":"2026-02-16T14:40:18+00:00","og_image":[{"width":344,"height":147,"url":"https:\/\/interreg-sudoe.eu\/wp-content\/uploads\/2024\/03\/download.png","type":"image\/png"}],"twitter_card":"summary_large_image","twitter_site":"@Sudoe5","twitter_misc":{"Est. reading time":"2 minutes"},"schema":{"@context":"https:\/\/schema.org","@graph":[{"@type":"WebPage","@id":"https:\/\/interreg-sudoe.eu\/en\/noticia-proyecto\/henko-net-en-el-plan-operativo-sociosanitario-de-bizkaia\/","url":"https:\/\/interreg-sudoe.eu\/en\/noticia-proyecto\/henko-net-en-el-plan-operativo-sociosanitario-de-bizkaia\/","name":"HENKO NET EN EL PLAN OPERATIVO SOCIOSANITARIO DE BIZKAIA - Interreg Sudoe","isPartOf":{"@id":"https:\/\/interreg-sudoe.eu\/en\/#website"},"datePublished":"2024-08-20T11:25:35+00:00","dateModified":"2026-02-16T14:40:18+00:00","breadcrumb":{"@id":"https:\/\/interreg-sudoe.eu\/en\/noticia-proyecto\/henko-net-en-el-plan-operativo-sociosanitario-de-bizkaia\/#breadcrumb"},"inLanguage":"en-US","potentialAction":[{"@type":"ReadAction","target":["https:\/\/interreg-sudoe.eu\/en\/noticia-proyecto\/henko-net-en-el-plan-operativo-sociosanitario-de-bizkaia\/"]}]},{"@type":"BreadcrumbList","@id":"https:\/\/interreg-sudoe.eu\/en\/noticia-proyecto\/henko-net-en-el-plan-operativo-sociosanitario-de-bizkaia\/#breadcrumb","itemListElement":[{"@type":"ListItem","position":1,"name":"Home","item":"https:\/\/interreg-sudoe.eu\/en\/"},{"@type":"ListItem","position":2,"name":"HENKO NET EN EL PLAN OPERATIVO SOCIOSANITARIO DE BIZKAIA"}]},{"@type":"WebSite","@id":"https:\/\/interreg-sudoe.eu\/en\/#website","url":"https:\/\/interreg-sudoe.eu\/en\/","name":"Interreg Sudoe","description":"Interreg Sudoe","publisher":{"@id":"https:\/\/interreg-sudoe.eu\/en\/#organization"},"alternateName":"Interreg Sudoe","potentialAction":[{"@type":"SearchAction","target":{"@type":"EntryPoint","urlTemplate":"https:\/\/interreg-sudoe.eu\/en\/?s={search_term_string}"},"query-input":{"@type":"PropertyValueSpecification","valueRequired":true,"valueName":"search_term_string"}}],"inLanguage":"en-US"},{"@type":"Organization","@id":"https:\/\/interreg-sudoe.eu\/en\/#organization","name":"Interreg Sudoe","alternateName":"Interreg Sudoe","url":"https:\/\/interreg-sudoe.eu\/en\/","logo":{"@type":"ImageObject","inLanguage":"en-US","@id":"https:\/\/interreg-sudoe.eu\/en\/#\/schema\/logo\/image\/","url":"https:\/\/interreg-sudoe.eu\/wp-content\/uploads\/2024\/03\/logo-interreg.png","contentUrl":"https:\/\/interreg-sudoe.eu\/wp-content\/uploads\/2024\/03\/logo-interreg.png","width":1200,"height":675,"caption":"Interreg Sudoe"},"image":{"@id":"https:\/\/interreg-sudoe.eu\/en\/#\/schema\/logo\/image\/"},"sameAs":["https:\/\/www.facebook.com\/interregsudoe","https:\/\/x.com\/Sudoe5","https:\/\/www.youtube.com\/channel\/UCeGx2edoB32beRc9dbKA2vw","https:\/\/www.linkedin.com\/company\/interreg-sudoe-programme\/","https:\/\/www.flickr.com\/photos\/148704685@N06\/"]}]}},"_links":{"self":[{"href":"https:\/\/interreg-sudoe.eu\/en\/wp-json\/wp\/v2\/noticia-proyecto\/39343","targetHints":{"allow":["GET"]}}],"collection":[{"href":"https:\/\/interreg-sudoe.eu\/en\/wp-json\/wp\/v2\/noticia-proyecto"}],"about":[{"href":"https:\/\/interreg-sudoe.eu\/en\/wp-json\/wp\/v2\/types\/noticia-proyecto"}],"author":[{"embeddable":true,"href":"https:\/\/interreg-sudoe.eu\/en\/wp-json\/wp\/v2\/users\/4922"}],"wp:attachment":[{"href":"https:\/\/interreg-sudoe.eu\/en\/wp-json\/wp\/v2\/media?parent=39343"}],"curies":[{"name":"wp","href":"https:\/\/api.w.org\/{rel}","templated":true}]}}