{"id":45462,"date":"2024-12-24T15:55:54","date_gmt":"2024-12-24T14:55:54","guid":{"rendered":"https:\/\/interreg-sudoe.eu\/?post_type=noticia-proyecto&#038;p=45462"},"modified":"2026-02-17T13:13:25","modified_gmt":"2026-02-17T12:13:25","slug":"san-cebrian-foundation-ready-to-pilot-revital","status":"publish","type":"noticia-proyecto","link":"https:\/\/interreg-sudoe.eu\/en\/noticia-proyecto\/san-cebrian-foundation-ready-to-pilot-revital\/","title":{"rendered":"San Cebri\u00e1n Foundation, ready to pilot REVITAL"},"content":{"rendered":"<p><span data-sheets-root=\"1\">Fundaci\u00f3n San Cebri\u00e1n (FSC), a Palencia entity that is part of the REVITAL Project, led by the SIVI Cluster, has shown itself ready for the pilot phase that will start in January 2025. This Friday, December 13, Fundaci\u00f3n San Cebri\u00e1n held an information session on the REVITAL Project at the &#8216;\u00c1ngel Aguado&#8217; Open Space in Villamuriel de Cerrato, which had a practical part in which attendees were able to learn more about the support technologies for a better knowledge; technologies that will be used in piloting the project.<\/span><\/p>\n<p><span data-sheets-root=\"1\">The \u201cREVITAL: Socioeconomic revitalization of low population density areas through clinical telecare\u201d project is part of the Interreg VI-B Sudoe 2021 \u2013 2027 Program, and its objective is to promote research, technological development and innovation between Spain, France and Portugal.<\/span><\/p>\n<p><span data-sheets-root=\"1\">The main objective of REVITAL is to cover the need to provide specialized health care and physical and neurological rehabilitation services (especially to dependent and elderly people), through technological tools that allow offering tele-care and tele-rehabilitation services, which will also contribute to creating qualified employment and establishing a new population that will boost the rural economy.<\/span><\/p>\n<h3><span data-sheets-root=\"1\">REVITAL piloting during 2025<\/span><\/h3>\n<p><span data-sheets-root=\"1\">The piloting of the project is carried out by three entities, one for each country. Castelo Branco Polytechnic Institute (IPCB) will carry it out in Portugal, EPS Garazi, in France, and the San Cebri\u00e1n Foundation itself, in Spain. Thus, FSC Fundaci\u00f3n San Cebri\u00e1n will begin this pilot project with patients next January. A phase that will take place throughout 2025, ending in the month of December.<\/span><\/p>\n<p><span data-sheets-root=\"1\">FSC reported that the piloting will be carried out with a minimum of 5 and a maximum of 25 volunteers in the Cerrato and Tierra de Campos area. So far, a total of 20 requests for participation have been collected from patients with Amyotrophic Lateral Sclerosis (ALS), Multiple Sclerosis (MS), Stroke, Parkinson&#8217;s and other pathologies. Once the request has been made, the professionals will assess the people who are suitable to continue in the project.<\/span><\/p>\n<p><span data-sheets-root=\"1\">If you are a patient from the Cerrato and Tierra de Campos area and are interested in participating in the piloting, you can do so through the following contact information: revitalfsc@fundacionsancebrian.com<br \/>\n659367072<\/span><\/p>\n<h3><span data-sheets-root=\"1\">Technologies used<\/span><\/h3>\n<p><span data-sheets-root=\"1\">During this session, FSC first presented the project and its beneficiaries, informing about the technologies it will use for piloting. Throughout the year, they will use six main ones, some of which have been financed by the University of Deusto, another of the consortium entities:<\/span><\/p>\n<ul>\n<li><span data-sheets-root=\"1\">Viltalstim Plus: electrotherapy system used for the treatment of people with dysphagia and head and neck disorders.<\/span><\/li>\n<li><span data-sheets-root=\"1\">Fesia walk: system for the rehabilitation of limb II through muscle stimulation, promoting dorsiflexion, plantarflexion, inversion and eversion.<\/span><\/li>\n<li><span data-sheets-root=\"1\">Pablo: multifunctional rehabilitation equipment for upper and lower extremities, trunk and neck. To train movement and strength control deficits, precision, aim, coordination, trunk control and balance.<\/span><\/li>\n<li><span data-sheets-root=\"1\">Tymo: posturography system. Work on balance, postural control, muscle strength, trunk stability and reduce the risk of falls through a balance platform.<\/span><\/li>\n<li><span data-sheets-root=\"1\">Mobi: device that actively and passively mobilizes upper and lower extremities to develop muscles, restore joint movement and improve cardiovascular function.<\/span><\/li>\n<li><span data-sheets-root=\"1\">Rehametrics: physical and cognitive rehabilitation software. Through Virtual Reality and movement analysis, balance, joint range of upper and lower limbs, movement, coordination, body control and resistance are worked on.<\/span><\/li>\n<\/ul>\n<blockquote class=\"instagram-media\" style=\"background: #FFF; border: 0; border-radius: 3px; box-shadow: 0 0 1px 0 rgba(0,0,0,0.5),0 1px 10px 0 rgba(0,0,0,0.15); margin: 1px; max-width: 540px; min-width: 326px; padding: 0; width: calc(100% - 2px);\" data-instgrm-captioned=\"\" data-instgrm-permalink=\"https:\/\/www.instagram.com\/reel\/DDhptThOB7r\/?utm_source=ig_embed&amp;utm_campaign=loading\" data-instgrm-version=\"14\">\n<div style=\"padding: 16px;\">\n<p>&nbsp;<\/p>\n<div style=\"display: flex; flex-direction: row; align-items: center;\">\n<div style=\"background-color: #f4f4f4; border-radius: 50%; flex-grow: 0; height: 40px; margin-right: 14px; width: 40px;\"><\/div>\n<div style=\"display: flex; flex-direction: column; flex-grow: 1; justify-content: center;\">\n<div style=\"background-color: #f4f4f4; border-radius: 4px; flex-grow: 0; height: 14px; margin-bottom: 6px; width: 100px;\"><\/div>\n<div style=\"background-color: #f4f4f4; border-radius: 4px; flex-grow: 0; height: 14px; width: 60px;\"><\/div>\n<\/div>\n<\/div>\n<div style=\"padding: 19% 0;\"><\/div>\n<div style=\"display: block; height: 50px; margin: 0 auto 12px; width: 50px;\"><\/div>\n<div style=\"padding-top: 8px;\">\n<div style=\"color: #3897f0; font-family: Arial,sans-serif; font-size: 14px; font-style: normal; font-weight: 550; line-height: 18px;\">Ver esta publicaci\u00f3n en Instagram<\/div>\n<\/div>\n<div style=\"padding: 12.5% 0;\"><\/div>\n<div style=\"display: flex; flex-direction: row; margin-bottom: 14px; align-items: center;\">\n<div>\n<div style=\"background-color: #f4f4f4; border-radius: 50%; height: 12.5px; width: 12.5px; transform: translateX(0px) translateY(7px);\"><\/div>\n<div style=\"background-color: #f4f4f4; height: 12.5px; transform: rotate(-45deg) translateX(3px) translateY(1px); width: 12.5px; flex-grow: 0; margin-right: 14px; margin-left: 2px;\"><\/div>\n<div style=\"background-color: #f4f4f4; border-radius: 50%; height: 12.5px; width: 12.5px; transform: translateX(9px) translateY(-18px);\"><\/div>\n<\/div>\n<div style=\"margin-left: 8px;\">\n<div style=\"background-color: #f4f4f4; border-radius: 50%; flex-grow: 0; height: 20px; width: 20px;\"><\/div>\n<div style=\"width: 0; height: 0; border-top: 2px solid transparent; border-left: 6px solid #f4f4f4; border-bottom: 2px solid transparent; transform: translateX(16px) translateY(-4px) rotate(30deg);\"><\/div>\n<\/div>\n<div style=\"margin-left: auto;\">\n<div style=\"width: 0px; border-top: 8px solid #F4F4F4; border-right: 8px solid transparent; transform: translateY(16px);\"><\/div>\n<div style=\"background-color: #f4f4f4; flex-grow: 0; height: 12px; width: 16px; transform: translateY(-4px);\"><\/div>\n<div style=\"width: 0; height: 0; border-top: 8px solid #F4F4F4; border-left: 8px solid transparent; transform: translateY(-4px) translateX(8px);\"><\/div>\n<\/div>\n<\/div>\n<div style=\"display: flex; flex-direction: column; flex-grow: 1; justify-content: center; margin-bottom: 24px;\">\n<div style=\"background-color: #f4f4f4; border-radius: 4px; flex-grow: 0; height: 14px; margin-bottom: 6px; width: 224px;\"><\/div>\n<div style=\"background-color: #f4f4f4; border-radius: 4px; flex-grow: 0; height: 14px; width: 144px;\"><\/div>\n<\/div>\n<p>&nbsp;<\/p>\n<p style=\"color: #c9c8cd; font-family: Arial,sans-serif; font-size: 14px; line-height: 17px; margin-bottom: 0; margin-top: 8px; overflow: hidden; padding: 8px 0 7px; text-align: center; text-overflow: ellipsis; white-space: nowrap;\"><a style=\"color: #c9c8cd; font-family: Arial,sans-serif; font-size: 14px; font-style: normal; font-weight: normal; line-height: 17px; text-decoration: none;\" href=\"https:\/\/www.instagram.com\/reel\/DDhptThOB7r\/?utm_source=ig_embed&amp;utm_campaign=loading\" target=\"_blank\" rel=\"noopener\">Una publicaci\u00f3n compartida de Cl\u00faster SIVI (@clustersivi)<\/a><\/p>\n<\/div>\n<\/blockquote>\n<p><script async src=\"\/\/www.instagram.com\/embed.js\"><\/script><\/p>\n<h3><span data-sheets-root=\"1\">Exoskeletons<\/span><\/h3>\n<p><span data-sheets-root=\"1\">In addition, the Hank and Bell exoskeletons will be incorporated into piloting in the second semester: from June to November:<\/span><\/p>\n<ul>\n<li><span data-sheets-root=\"1\">Hank: rehabilitation and mobility assistance of lower limbs with active hip-leg-feet exercise.<\/span><\/li>\n<li><span data-sheets-root=\"1\">Belk: assisting knee joint mobility through active and passive exercise.<\/span><\/li>\n<\/ul>\n<p><span data-sheets-root=\"1\">The San Cebri\u00e1n Foundation physiotherapists in charge of the piloting tested the use of technology with the attendees and highlighted that their work with the patients will consist of carrying out a &#8220;normal treatment&#8221;, in which &#8220;technology will be included.&#8221; \u00abAbove all, technology is going to give us objective data on the patient&#8217;s evolution. The patients themselves will also know these data and see their evolution,&#8221; they highlighted.<br \/>\nMany thanks to Fundaci\u00f3n San Cebri\u00e1n for their warm welcome! The REVITAL project is now ready for piloting for 2025.<\/span><\/p>\n","protected":false},"excerpt":{"rendered":"<p>The project is being piloted by three entities, one in each country. Instituto Polit\u00e9cnico Castelo Branco (IPCB) in Portugal, EPS Garazi, in France, and the San Cebri\u00e1n Foundation itself, in Spain.<\/p>\n","protected":false},"author":6552,"featured_media":43933,"parent":0,"template":"","meta":{"_acf_changed":false,"content-type":"","_monsterinsights_skip_tracking":false,"_monsterinsights_sitenote_active":false,"_monsterinsights_sitenote_note":"","_monsterinsights_sitenote_category":0},"class_list":["post-45462","noticia-proyecto","type-noticia-proyecto","status-publish","has-post-thumbnail","hentry"],"acf":[],"yoast_head":"<!-- This site is optimized with the Yoast SEO plugin v27.4 - https:\/\/yoast.com\/product\/yoast-seo-wordpress\/ -->\n<title>San Cebri\u00e1n Foundation, ready to pilot REVITAL - Interreg Sudoe<\/title>\n<meta name=\"robots\" content=\"index, follow, max-snippet:-1, max-image-preview:large, max-video-preview:-1\" \/>\n<link rel=\"canonical\" href=\"https:\/\/interreg-sudoe.eu\/en\/noticia-proyecto\/san-cebrian-foundation-ready-to-pilot-revital\/\" \/>\n<meta property=\"og:locale\" content=\"en_US\" \/>\n<meta property=\"og:type\" content=\"article\" \/>\n<meta property=\"og:title\" content=\"San Cebri\u00e1n Foundation, ready to pilot REVITAL - Interreg Sudoe\" \/>\n<meta property=\"og:description\" content=\"The project is being piloted by three entities, one in each country. Instituto Polit\u00e9cnico Castelo Branco (IPCB) in Portugal, EPS Garazi, in France, and the San Cebri\u00e1n Foundation itself, in Spain.\" \/>\n<meta property=\"og:url\" content=\"https:\/\/interreg-sudoe.eu\/en\/noticia-proyecto\/san-cebrian-foundation-ready-to-pilot-revital\/\" \/>\n<meta property=\"og:site_name\" content=\"Interreg Sudoe\" \/>\n<meta property=\"article:publisher\" content=\"https:\/\/www.facebook.com\/interregsudoe\" \/>\n<meta property=\"article:modified_time\" content=\"2026-02-17T12:13:25+00:00\" \/>\n<meta property=\"og:image\" content=\"https:\/\/interreg-sudoe.eu\/wp-content\/uploads\/2024\/12\/pilotaje-de-revital.png\" \/>\n\t<meta property=\"og:image:width\" content=\"1250\" \/>\n\t<meta property=\"og:image:height\" content=\"1000\" \/>\n\t<meta property=\"og:image:type\" content=\"image\/png\" \/>\n<meta name=\"twitter:card\" content=\"summary_large_image\" \/>\n<meta name=\"twitter:site\" content=\"@Sudoe5\" \/>\n<meta name=\"twitter:label1\" content=\"Est. reading time\" \/>\n\t<meta name=\"twitter:data1\" content=\"3 minutes\" \/>\n<script type=\"application\/ld+json\" class=\"yoast-schema-graph\">{\"@context\":\"https:\\\/\\\/schema.org\",\"@graph\":[{\"@type\":\"WebPage\",\"@id\":\"https:\\\/\\\/interreg-sudoe.eu\\\/en\\\/noticia-proyecto\\\/san-cebrian-foundation-ready-to-pilot-revital\\\/\",\"url\":\"https:\\\/\\\/interreg-sudoe.eu\\\/en\\\/noticia-proyecto\\\/san-cebrian-foundation-ready-to-pilot-revital\\\/\",\"name\":\"San Cebri\u00e1n Foundation, ready to pilot REVITAL - Interreg Sudoe\",\"isPartOf\":{\"@id\":\"https:\\\/\\\/interreg-sudoe.eu\\\/en\\\/#website\"},\"primaryImageOfPage\":{\"@id\":\"https:\\\/\\\/interreg-sudoe.eu\\\/en\\\/noticia-proyecto\\\/san-cebrian-foundation-ready-to-pilot-revital\\\/#primaryimage\"},\"image\":{\"@id\":\"https:\\\/\\\/interreg-sudoe.eu\\\/en\\\/noticia-proyecto\\\/san-cebrian-foundation-ready-to-pilot-revital\\\/#primaryimage\"},\"thumbnailUrl\":\"https:\\\/\\\/interreg-sudoe.eu\\\/wp-content\\\/uploads\\\/2024\\\/12\\\/pilotaje-de-revital.png\",\"datePublished\":\"2024-12-24T14:55:54+00:00\",\"dateModified\":\"2026-02-17T12:13:25+00:00\",\"breadcrumb\":{\"@id\":\"https:\\\/\\\/interreg-sudoe.eu\\\/en\\\/noticia-proyecto\\\/san-cebrian-foundation-ready-to-pilot-revital\\\/#breadcrumb\"},\"inLanguage\":\"en-US\",\"potentialAction\":[{\"@type\":\"ReadAction\",\"target\":[\"https:\\\/\\\/interreg-sudoe.eu\\\/en\\\/noticia-proyecto\\\/san-cebrian-foundation-ready-to-pilot-revital\\\/\"]}]},{\"@type\":\"ImageObject\",\"inLanguage\":\"en-US\",\"@id\":\"https:\\\/\\\/interreg-sudoe.eu\\\/en\\\/noticia-proyecto\\\/san-cebrian-foundation-ready-to-pilot-revital\\\/#primaryimage\",\"url\":\"https:\\\/\\\/interreg-sudoe.eu\\\/wp-content\\\/uploads\\\/2024\\\/12\\\/pilotaje-de-revital.png\",\"contentUrl\":\"https:\\\/\\\/interreg-sudoe.eu\\\/wp-content\\\/uploads\\\/2024\\\/12\\\/pilotaje-de-revital.png\",\"width\":1250,\"height\":1000,\"caption\":\"Fundaci\u00f3n San Cebri\u00e1n, lista para el pilotaje de REVITAL\"},{\"@type\":\"BreadcrumbList\",\"@id\":\"https:\\\/\\\/interreg-sudoe.eu\\\/en\\\/noticia-proyecto\\\/san-cebrian-foundation-ready-to-pilot-revital\\\/#breadcrumb\",\"itemListElement\":[{\"@type\":\"ListItem\",\"position\":1,\"name\":\"Home\",\"item\":\"https:\\\/\\\/interreg-sudoe.eu\\\/en\\\/\"},{\"@type\":\"ListItem\",\"position\":2,\"name\":\"San Cebri\u00e1n Foundation, ready to pilot REVITAL\"}]},{\"@type\":\"WebSite\",\"@id\":\"https:\\\/\\\/interreg-sudoe.eu\\\/en\\\/#website\",\"url\":\"https:\\\/\\\/interreg-sudoe.eu\\\/en\\\/\",\"name\":\"Interreg Sudoe\",\"description\":\"Interreg Sudoe\",\"publisher\":{\"@id\":\"https:\\\/\\\/interreg-sudoe.eu\\\/en\\\/#organization\"},\"alternateName\":\"Interreg Sudoe\",\"potentialAction\":[{\"@type\":\"SearchAction\",\"target\":{\"@type\":\"EntryPoint\",\"urlTemplate\":\"https:\\\/\\\/interreg-sudoe.eu\\\/en\\\/?s={search_term_string}\"},\"query-input\":{\"@type\":\"PropertyValueSpecification\",\"valueRequired\":true,\"valueName\":\"search_term_string\"}}],\"inLanguage\":\"en-US\"},{\"@type\":\"Organization\",\"@id\":\"https:\\\/\\\/interreg-sudoe.eu\\\/en\\\/#organization\",\"name\":\"Interreg Sudoe\",\"alternateName\":\"Interreg Sudoe\",\"url\":\"https:\\\/\\\/interreg-sudoe.eu\\\/en\\\/\",\"logo\":{\"@type\":\"ImageObject\",\"inLanguage\":\"en-US\",\"@id\":\"https:\\\/\\\/interreg-sudoe.eu\\\/en\\\/#\\\/schema\\\/logo\\\/image\\\/\",\"url\":\"https:\\\/\\\/interreg-sudoe.eu\\\/wp-content\\\/uploads\\\/2024\\\/03\\\/logo-interreg.png\",\"contentUrl\":\"https:\\\/\\\/interreg-sudoe.eu\\\/wp-content\\\/uploads\\\/2024\\\/03\\\/logo-interreg.png\",\"width\":1200,\"height\":675,\"caption\":\"Interreg Sudoe\"},\"image\":{\"@id\":\"https:\\\/\\\/interreg-sudoe.eu\\\/en\\\/#\\\/schema\\\/logo\\\/image\\\/\"},\"sameAs\":[\"https:\\\/\\\/www.facebook.com\\\/interregsudoe\",\"https:\\\/\\\/x.com\\\/Sudoe5\",\"https:\\\/\\\/www.youtube.com\\\/channel\\\/UCeGx2edoB32beRc9dbKA2vw\",\"https:\\\/\\\/www.linkedin.com\\\/company\\\/interreg-sudoe-programme\\\/\",\"https:\\\/\\\/www.flickr.com\\\/photos\\\/148704685@N06\\\/\"]}]}<\/script>\n<!-- \/ Yoast SEO plugin. -->","yoast_head_json":{"title":"San Cebri\u00e1n Foundation, ready to pilot REVITAL - Interreg Sudoe","robots":{"index":"index","follow":"follow","max-snippet":"max-snippet:-1","max-image-preview":"max-image-preview:large","max-video-preview":"max-video-preview:-1"},"canonical":"https:\/\/interreg-sudoe.eu\/en\/noticia-proyecto\/san-cebrian-foundation-ready-to-pilot-revital\/","og_locale":"en_US","og_type":"article","og_title":"San Cebri\u00e1n Foundation, ready to pilot REVITAL - Interreg Sudoe","og_description":"The project is being piloted by three entities, one in each country. Instituto Polit\u00e9cnico Castelo Branco (IPCB) in Portugal, EPS Garazi, in France, and the San Cebri\u00e1n Foundation itself, in Spain.","og_url":"https:\/\/interreg-sudoe.eu\/en\/noticia-proyecto\/san-cebrian-foundation-ready-to-pilot-revital\/","og_site_name":"Interreg Sudoe","article_publisher":"https:\/\/www.facebook.com\/interregsudoe","article_modified_time":"2026-02-17T12:13:25+00:00","og_image":[{"width":1250,"height":1000,"url":"https:\/\/interreg-sudoe.eu\/wp-content\/uploads\/2024\/12\/pilotaje-de-revital.png","type":"image\/png"}],"twitter_card":"summary_large_image","twitter_site":"@Sudoe5","twitter_misc":{"Est. reading time":"3 minutes"},"schema":{"@context":"https:\/\/schema.org","@graph":[{"@type":"WebPage","@id":"https:\/\/interreg-sudoe.eu\/en\/noticia-proyecto\/san-cebrian-foundation-ready-to-pilot-revital\/","url":"https:\/\/interreg-sudoe.eu\/en\/noticia-proyecto\/san-cebrian-foundation-ready-to-pilot-revital\/","name":"San Cebri\u00e1n Foundation, ready to pilot REVITAL - Interreg Sudoe","isPartOf":{"@id":"https:\/\/interreg-sudoe.eu\/en\/#website"},"primaryImageOfPage":{"@id":"https:\/\/interreg-sudoe.eu\/en\/noticia-proyecto\/san-cebrian-foundation-ready-to-pilot-revital\/#primaryimage"},"image":{"@id":"https:\/\/interreg-sudoe.eu\/en\/noticia-proyecto\/san-cebrian-foundation-ready-to-pilot-revital\/#primaryimage"},"thumbnailUrl":"https:\/\/interreg-sudoe.eu\/wp-content\/uploads\/2024\/12\/pilotaje-de-revital.png","datePublished":"2024-12-24T14:55:54+00:00","dateModified":"2026-02-17T12:13:25+00:00","breadcrumb":{"@id":"https:\/\/interreg-sudoe.eu\/en\/noticia-proyecto\/san-cebrian-foundation-ready-to-pilot-revital\/#breadcrumb"},"inLanguage":"en-US","potentialAction":[{"@type":"ReadAction","target":["https:\/\/interreg-sudoe.eu\/en\/noticia-proyecto\/san-cebrian-foundation-ready-to-pilot-revital\/"]}]},{"@type":"ImageObject","inLanguage":"en-US","@id":"https:\/\/interreg-sudoe.eu\/en\/noticia-proyecto\/san-cebrian-foundation-ready-to-pilot-revital\/#primaryimage","url":"https:\/\/interreg-sudoe.eu\/wp-content\/uploads\/2024\/12\/pilotaje-de-revital.png","contentUrl":"https:\/\/interreg-sudoe.eu\/wp-content\/uploads\/2024\/12\/pilotaje-de-revital.png","width":1250,"height":1000,"caption":"Fundaci\u00f3n San Cebri\u00e1n, lista para el pilotaje de REVITAL"},{"@type":"BreadcrumbList","@id":"https:\/\/interreg-sudoe.eu\/en\/noticia-proyecto\/san-cebrian-foundation-ready-to-pilot-revital\/#breadcrumb","itemListElement":[{"@type":"ListItem","position":1,"name":"Home","item":"https:\/\/interreg-sudoe.eu\/en\/"},{"@type":"ListItem","position":2,"name":"San Cebri\u00e1n Foundation, ready to pilot REVITAL"}]},{"@type":"WebSite","@id":"https:\/\/interreg-sudoe.eu\/en\/#website","url":"https:\/\/interreg-sudoe.eu\/en\/","name":"Interreg Sudoe","description":"Interreg Sudoe","publisher":{"@id":"https:\/\/interreg-sudoe.eu\/en\/#organization"},"alternateName":"Interreg Sudoe","potentialAction":[{"@type":"SearchAction","target":{"@type":"EntryPoint","urlTemplate":"https:\/\/interreg-sudoe.eu\/en\/?s={search_term_string}"},"query-input":{"@type":"PropertyValueSpecification","valueRequired":true,"valueName":"search_term_string"}}],"inLanguage":"en-US"},{"@type":"Organization","@id":"https:\/\/interreg-sudoe.eu\/en\/#organization","name":"Interreg Sudoe","alternateName":"Interreg Sudoe","url":"https:\/\/interreg-sudoe.eu\/en\/","logo":{"@type":"ImageObject","inLanguage":"en-US","@id":"https:\/\/interreg-sudoe.eu\/en\/#\/schema\/logo\/image\/","url":"https:\/\/interreg-sudoe.eu\/wp-content\/uploads\/2024\/03\/logo-interreg.png","contentUrl":"https:\/\/interreg-sudoe.eu\/wp-content\/uploads\/2024\/03\/logo-interreg.png","width":1200,"height":675,"caption":"Interreg Sudoe"},"image":{"@id":"https:\/\/interreg-sudoe.eu\/en\/#\/schema\/logo\/image\/"},"sameAs":["https:\/\/www.facebook.com\/interregsudoe","https:\/\/x.com\/Sudoe5","https:\/\/www.youtube.com\/channel\/UCeGx2edoB32beRc9dbKA2vw","https:\/\/www.linkedin.com\/company\/interreg-sudoe-programme\/","https:\/\/www.flickr.com\/photos\/148704685@N06\/"]}]}},"_links":{"self":[{"href":"https:\/\/interreg-sudoe.eu\/en\/wp-json\/wp\/v2\/noticia-proyecto\/45462","targetHints":{"allow":["GET"]}}],"collection":[{"href":"https:\/\/interreg-sudoe.eu\/en\/wp-json\/wp\/v2\/noticia-proyecto"}],"about":[{"href":"https:\/\/interreg-sudoe.eu\/en\/wp-json\/wp\/v2\/types\/noticia-proyecto"}],"author":[{"embeddable":true,"href":"https:\/\/interreg-sudoe.eu\/en\/wp-json\/wp\/v2\/users\/6552"}],"wp:featuredmedia":[{"embeddable":true,"href":"https:\/\/interreg-sudoe.eu\/en\/wp-json\/wp\/v2\/media\/43933"}],"wp:attachment":[{"href":"https:\/\/interreg-sudoe.eu\/en\/wp-json\/wp\/v2\/media?parent=45462"}],"curies":[{"name":"wp","href":"https:\/\/api.w.org\/{rel}","templated":true}]}}