{"id":45987,"date":"2025-04-02T13:48:04","date_gmt":"2025-04-02T11:48:04","guid":{"rendered":"https:\/\/interreg-sudoe.eu\/noticia-proyecto\/video-animado-explicativo-subtitulos-en-pt-fr\/"},"modified":"2025-04-02T13:48:04","modified_gmt":"2025-04-02T11:48:04","slug":"video-animado-explicativo-subtitulos-en-pt-fr","status":"publish","type":"noticia-proyecto","link":"https:\/\/interreg-sudoe.eu\/en\/noticia-proyecto\/video-animado-explicativo-subtitulos-en-pt-fr\/","title":{"rendered":"Video animado explicativo &#8211; Subt\u00edtulos EN PT FR"},"content":{"rendered":"<p>El proyecto <strong>SenForFire<\/strong> tiene como objetivo demostrar la viabilidad de las <strong>redes inal\u00e1mbricas de sensores de bajo coste (RIS)<\/strong> para su aplicaci\u00f3n en sistemas de vigilancia y alerta temprana de incendios forestales. Una iniciativa que beneficiar\u00e1 a municipios, propietarios y usuarios del suelo, pymes, poblaci\u00f3n joven y poblaci\u00f3n en general del territorio Sudoe rural (Espa\u00f1a, Portugal continental, Andorra y sur de Francia).<strong> Financiado por el<\/strong> <strong>programa Interreg Sudoe de la Uni\u00f3n Europea<\/strong> (que apoya la cooperaci\u00f3n entre las regiones del sudoeste de Europa).<\/p>\n<p>EN: The project aims to demonstrate the feasibility of <strong>low-cost wireless sensor networks (WSN)<\/strong> for their application in surveillance and early warning systems for wildfires. An initiative that will benefit municipalities, landowners and users, SMEs, young people, and the general population of the rural Sudoe territory (Spain, mainland Portugal, Andorra, and southern France). <strong>Funded by<\/strong> <strong>the Interreg Sudoe program of the European Union<\/strong> (which supports cooperation between the regions of southwestern Europe).<\/p>\n<p><iframe title=\"YouTube video player\" src=\"https:\/\/www.youtube.com\/embed\/nWj2aJuNXYc?si=GTqN8iMtoBSEVA7u\" width=\"560\" height=\"315\" frameborder=\"0\" allowfullscreen=\"allowfullscreen\"><\/iframe><\/p>\n<p>PT: O projeto tem como objetivo demonstrar a viabilidade das<strong> redes de sensores sem fio de baixo custo (RSSF)<\/strong> para sua aplica\u00e7\u00e3o em sistemas de vigil\u00e2ncia e alerta precoce de inc\u00eandios florestais. Uma iniciativa que beneficiar\u00e1 munic\u00edpios, propriet\u00e1rios e usu\u00e1rios da terra, PME, jovens e a popula\u00e7\u00e3o em geral do territ\u00f3rio rural Sudoe (Espanha, Portugal continental, Andorra e sul da Fran\u00e7a). <strong>Financiado pelo programa Interreg Sudoe da Uni\u00e3o Europeia<\/strong> (que apoia a coopera\u00e7\u00e3o entre as regi\u00f5es do sudoeste da Europa).<\/p>\n<p><iframe title=\"YouTube video player\" src=\"https:\/\/www.youtube.com\/embed\/8wwc7PCvlAs?si=rLyOv8_MfxKsNRBh\" width=\"560\" height=\"315\" frameborder=\"0\" allowfullscreen=\"allowfullscreen\"><\/iframe><\/p>\n<p>FR: Le projet vise \u00e0 d\u00e9montrer la faisabilit\u00e9 des <strong>r\u00e9seaux de capteurs sans fil \u00e0 bas co\u00fbt (RCSF)<\/strong> pour leur application dans les syst\u00e8mes de surveillance et d&#8217;alerte pr\u00e9coce des incendies de for\u00eat. Une initiative qui b\u00e9n\u00e9ficiera aux municipalit\u00e9s, aux propri\u00e9taires et utilisateurs des terres, aux PME, aux jeunes et \u00e0 la population g\u00e9n\u00e9rale du territoire rural Sudoe (Espagne, Portugal continental, Andorre et sud de la France). <strong>Financ\u00e9 par le programme Interreg Sudoe de l&#8217;Union europ\u00e9enne<\/strong> (qui soutient la coop\u00e9ration entre les r\u00e9gions du sud-ouest de l&#8217;Europe).<\/p>\n<p><iframe title=\"YouTube video player\" src=\"https:\/\/www.youtube.com\/embed\/1jL6kFCd6v4?si=QvILjfbyXZ0MqdX3\" width=\"560\" height=\"315\" frameborder=\"0\" allowfullscreen=\"allowfullscreen\"><\/iframe><\/p>\n","protected":false},"excerpt":{"rendered":"<p>El proyecto SenForFire tiene como objetivo demostrar la viabilidad de las redes inal\u00e1mbricas de sensores de bajo coste (RIS) para su aplicaci\u00f3n en sistemas de vigilancia y alerta temprana de incendios forestales. Una iniciativa que beneficiar\u00e1 a municipios, propietarios y usuarios del suelo, pymes, poblaci\u00f3n joven y poblaci\u00f3n en general del territorio Sudoe rural (Espa\u00f1a, [&hellip;]<\/p>\n","protected":false},"author":4927,"featured_media":0,"parent":0,"template":"","meta":{"_acf_changed":false,"content-type":"","_monsterinsights_skip_tracking":false,"_monsterinsights_sitenote_active":false,"_monsterinsights_sitenote_note":"","_monsterinsights_sitenote_category":0},"class_list":["post-45987","noticia-proyecto","type-noticia-proyecto","status-publish","hentry"],"acf":[],"yoast_head":"<!-- This site is optimized with the Yoast SEO plugin v27.4 - https:\/\/yoast.com\/product\/yoast-seo-wordpress\/ -->\n<title>Video animado explicativo - Subt\u00edtulos EN PT FR - Interreg Sudoe<\/title>\n<meta name=\"robots\" content=\"index, follow, max-snippet:-1, max-image-preview:large, max-video-preview:-1\" \/>\n<link rel=\"canonical\" href=\"https:\/\/interreg-sudoe.eu\/en\/noticia-proyecto\/video-animado-explicativo-subtitulos-en-pt-fr\/\" \/>\n<meta property=\"og:locale\" content=\"en_US\" \/>\n<meta property=\"og:type\" content=\"article\" \/>\n<meta property=\"og:title\" content=\"Video animado explicativo - Subt\u00edtulos EN PT FR - Interreg Sudoe\" \/>\n<meta property=\"og:description\" content=\"El proyecto SenForFire tiene como objetivo demostrar la viabilidad de las redes inal\u00e1mbricas de sensores de bajo coste (RIS) para su aplicaci\u00f3n en sistemas de vigilancia y alerta temprana de incendios forestales. Una iniciativa que beneficiar\u00e1 a municipios, propietarios y usuarios del suelo, pymes, poblaci\u00f3n joven y poblaci\u00f3n en general del territorio Sudoe rural (Espa\u00f1a, [&hellip;]\" \/>\n<meta property=\"og:url\" content=\"https:\/\/interreg-sudoe.eu\/en\/noticia-proyecto\/video-animado-explicativo-subtitulos-en-pt-fr\/\" \/>\n<meta property=\"og:site_name\" content=\"Interreg Sudoe\" \/>\n<meta property=\"article:publisher\" content=\"https:\/\/www.facebook.com\/interregsudoe\" \/>\n<meta property=\"og:image\" content=\"https:\/\/interreg-sudoe.eu\/wp-content\/uploads\/2024\/03\/download.png\" \/>\n\t<meta property=\"og:image:width\" content=\"344\" \/>\n\t<meta property=\"og:image:height\" content=\"147\" \/>\n\t<meta property=\"og:image:type\" content=\"image\/png\" \/>\n<meta name=\"twitter:card\" content=\"summary_large_image\" \/>\n<meta name=\"twitter:site\" content=\"@Sudoe5\" \/>\n<meta name=\"twitter:label1\" content=\"Est. reading time\" \/>\n\t<meta name=\"twitter:data1\" content=\"2 minutes\" \/>\n<script type=\"application\/ld+json\" class=\"yoast-schema-graph\">{\"@context\":\"https:\\\/\\\/schema.org\",\"@graph\":[{\"@type\":\"WebPage\",\"@id\":\"https:\\\/\\\/interreg-sudoe.eu\\\/en\\\/noticia-proyecto\\\/video-animado-explicativo-subtitulos-en-pt-fr\\\/\",\"url\":\"https:\\\/\\\/interreg-sudoe.eu\\\/en\\\/noticia-proyecto\\\/video-animado-explicativo-subtitulos-en-pt-fr\\\/\",\"name\":\"Video animado explicativo - Subt\u00edtulos EN PT FR - Interreg Sudoe\",\"isPartOf\":{\"@id\":\"https:\\\/\\\/interreg-sudoe.eu\\\/en\\\/#website\"},\"datePublished\":\"2025-04-02T11:48:04+00:00\",\"breadcrumb\":{\"@id\":\"https:\\\/\\\/interreg-sudoe.eu\\\/en\\\/noticia-proyecto\\\/video-animado-explicativo-subtitulos-en-pt-fr\\\/#breadcrumb\"},\"inLanguage\":\"en-US\",\"potentialAction\":[{\"@type\":\"ReadAction\",\"target\":[\"https:\\\/\\\/interreg-sudoe.eu\\\/en\\\/noticia-proyecto\\\/video-animado-explicativo-subtitulos-en-pt-fr\\\/\"]}]},{\"@type\":\"BreadcrumbList\",\"@id\":\"https:\\\/\\\/interreg-sudoe.eu\\\/en\\\/noticia-proyecto\\\/video-animado-explicativo-subtitulos-en-pt-fr\\\/#breadcrumb\",\"itemListElement\":[{\"@type\":\"ListItem\",\"position\":1,\"name\":\"Home\",\"item\":\"https:\\\/\\\/interreg-sudoe.eu\\\/en\\\/\"},{\"@type\":\"ListItem\",\"position\":2,\"name\":\"Video animado explicativo &#8211; Subt\u00edtulos EN PT FR\"}]},{\"@type\":\"WebSite\",\"@id\":\"https:\\\/\\\/interreg-sudoe.eu\\\/en\\\/#website\",\"url\":\"https:\\\/\\\/interreg-sudoe.eu\\\/en\\\/\",\"name\":\"Interreg Sudoe\",\"description\":\"Interreg Sudoe\",\"publisher\":{\"@id\":\"https:\\\/\\\/interreg-sudoe.eu\\\/en\\\/#organization\"},\"alternateName\":\"Interreg Sudoe\",\"potentialAction\":[{\"@type\":\"SearchAction\",\"target\":{\"@type\":\"EntryPoint\",\"urlTemplate\":\"https:\\\/\\\/interreg-sudoe.eu\\\/en\\\/?s={search_term_string}\"},\"query-input\":{\"@type\":\"PropertyValueSpecification\",\"valueRequired\":true,\"valueName\":\"search_term_string\"}}],\"inLanguage\":\"en-US\"},{\"@type\":\"Organization\",\"@id\":\"https:\\\/\\\/interreg-sudoe.eu\\\/en\\\/#organization\",\"name\":\"Interreg Sudoe\",\"alternateName\":\"Interreg Sudoe\",\"url\":\"https:\\\/\\\/interreg-sudoe.eu\\\/en\\\/\",\"logo\":{\"@type\":\"ImageObject\",\"inLanguage\":\"en-US\",\"@id\":\"https:\\\/\\\/interreg-sudoe.eu\\\/en\\\/#\\\/schema\\\/logo\\\/image\\\/\",\"url\":\"https:\\\/\\\/interreg-sudoe.eu\\\/wp-content\\\/uploads\\\/2024\\\/03\\\/logo-interreg.png\",\"contentUrl\":\"https:\\\/\\\/interreg-sudoe.eu\\\/wp-content\\\/uploads\\\/2024\\\/03\\\/logo-interreg.png\",\"width\":1200,\"height\":675,\"caption\":\"Interreg Sudoe\"},\"image\":{\"@id\":\"https:\\\/\\\/interreg-sudoe.eu\\\/en\\\/#\\\/schema\\\/logo\\\/image\\\/\"},\"sameAs\":[\"https:\\\/\\\/www.facebook.com\\\/interregsudoe\",\"https:\\\/\\\/x.com\\\/Sudoe5\",\"https:\\\/\\\/www.youtube.com\\\/channel\\\/UCeGx2edoB32beRc9dbKA2vw\",\"https:\\\/\\\/www.linkedin.com\\\/company\\\/interreg-sudoe-programme\\\/\",\"https:\\\/\\\/www.flickr.com\\\/photos\\\/148704685@N06\\\/\"]}]}<\/script>\n<!-- \/ Yoast SEO plugin. -->","yoast_head_json":{"title":"Video animado explicativo - Subt\u00edtulos EN PT FR - Interreg Sudoe","robots":{"index":"index","follow":"follow","max-snippet":"max-snippet:-1","max-image-preview":"max-image-preview:large","max-video-preview":"max-video-preview:-1"},"canonical":"https:\/\/interreg-sudoe.eu\/en\/noticia-proyecto\/video-animado-explicativo-subtitulos-en-pt-fr\/","og_locale":"en_US","og_type":"article","og_title":"Video animado explicativo - Subt\u00edtulos EN PT FR - Interreg Sudoe","og_description":"El proyecto SenForFire tiene como objetivo demostrar la viabilidad de las redes inal\u00e1mbricas de sensores de bajo coste (RIS) para su aplicaci\u00f3n en sistemas de vigilancia y alerta temprana de incendios forestales. Una iniciativa que beneficiar\u00e1 a municipios, propietarios y usuarios del suelo, pymes, poblaci\u00f3n joven y poblaci\u00f3n en general del territorio Sudoe rural (Espa\u00f1a, [&hellip;]","og_url":"https:\/\/interreg-sudoe.eu\/en\/noticia-proyecto\/video-animado-explicativo-subtitulos-en-pt-fr\/","og_site_name":"Interreg Sudoe","article_publisher":"https:\/\/www.facebook.com\/interregsudoe","og_image":[{"width":344,"height":147,"url":"https:\/\/interreg-sudoe.eu\/wp-content\/uploads\/2024\/03\/download.png","type":"image\/png"}],"twitter_card":"summary_large_image","twitter_site":"@Sudoe5","twitter_misc":{"Est. reading time":"2 minutes"},"schema":{"@context":"https:\/\/schema.org","@graph":[{"@type":"WebPage","@id":"https:\/\/interreg-sudoe.eu\/en\/noticia-proyecto\/video-animado-explicativo-subtitulos-en-pt-fr\/","url":"https:\/\/interreg-sudoe.eu\/en\/noticia-proyecto\/video-animado-explicativo-subtitulos-en-pt-fr\/","name":"Video animado explicativo - Subt\u00edtulos EN PT FR - Interreg Sudoe","isPartOf":{"@id":"https:\/\/interreg-sudoe.eu\/en\/#website"},"datePublished":"2025-04-02T11:48:04+00:00","breadcrumb":{"@id":"https:\/\/interreg-sudoe.eu\/en\/noticia-proyecto\/video-animado-explicativo-subtitulos-en-pt-fr\/#breadcrumb"},"inLanguage":"en-US","potentialAction":[{"@type":"ReadAction","target":["https:\/\/interreg-sudoe.eu\/en\/noticia-proyecto\/video-animado-explicativo-subtitulos-en-pt-fr\/"]}]},{"@type":"BreadcrumbList","@id":"https:\/\/interreg-sudoe.eu\/en\/noticia-proyecto\/video-animado-explicativo-subtitulos-en-pt-fr\/#breadcrumb","itemListElement":[{"@type":"ListItem","position":1,"name":"Home","item":"https:\/\/interreg-sudoe.eu\/en\/"},{"@type":"ListItem","position":2,"name":"Video animado explicativo &#8211; Subt\u00edtulos EN PT FR"}]},{"@type":"WebSite","@id":"https:\/\/interreg-sudoe.eu\/en\/#website","url":"https:\/\/interreg-sudoe.eu\/en\/","name":"Interreg Sudoe","description":"Interreg Sudoe","publisher":{"@id":"https:\/\/interreg-sudoe.eu\/en\/#organization"},"alternateName":"Interreg Sudoe","potentialAction":[{"@type":"SearchAction","target":{"@type":"EntryPoint","urlTemplate":"https:\/\/interreg-sudoe.eu\/en\/?s={search_term_string}"},"query-input":{"@type":"PropertyValueSpecification","valueRequired":true,"valueName":"search_term_string"}}],"inLanguage":"en-US"},{"@type":"Organization","@id":"https:\/\/interreg-sudoe.eu\/en\/#organization","name":"Interreg Sudoe","alternateName":"Interreg Sudoe","url":"https:\/\/interreg-sudoe.eu\/en\/","logo":{"@type":"ImageObject","inLanguage":"en-US","@id":"https:\/\/interreg-sudoe.eu\/en\/#\/schema\/logo\/image\/","url":"https:\/\/interreg-sudoe.eu\/wp-content\/uploads\/2024\/03\/logo-interreg.png","contentUrl":"https:\/\/interreg-sudoe.eu\/wp-content\/uploads\/2024\/03\/logo-interreg.png","width":1200,"height":675,"caption":"Interreg Sudoe"},"image":{"@id":"https:\/\/interreg-sudoe.eu\/en\/#\/schema\/logo\/image\/"},"sameAs":["https:\/\/www.facebook.com\/interregsudoe","https:\/\/x.com\/Sudoe5","https:\/\/www.youtube.com\/channel\/UCeGx2edoB32beRc9dbKA2vw","https:\/\/www.linkedin.com\/company\/interreg-sudoe-programme\/","https:\/\/www.flickr.com\/photos\/148704685@N06\/"]}]}},"_links":{"self":[{"href":"https:\/\/interreg-sudoe.eu\/en\/wp-json\/wp\/v2\/noticia-proyecto\/45987","targetHints":{"allow":["GET"]}}],"collection":[{"href":"https:\/\/interreg-sudoe.eu\/en\/wp-json\/wp\/v2\/noticia-proyecto"}],"about":[{"href":"https:\/\/interreg-sudoe.eu\/en\/wp-json\/wp\/v2\/types\/noticia-proyecto"}],"author":[{"embeddable":true,"href":"https:\/\/interreg-sudoe.eu\/en\/wp-json\/wp\/v2\/users\/4927"}],"wp:attachment":[{"href":"https:\/\/interreg-sudoe.eu\/en\/wp-json\/wp\/v2\/media?parent=45987"}],"curies":[{"name":"wp","href":"https:\/\/api.w.org\/{rel}","templated":true}]}}