{"id":64234,"date":"2026-04-16T10:36:39","date_gmt":"2026-04-16T08:36:39","guid":{"rendered":"https:\/\/interreg-sudoe.eu\/?post_type=noticia-proyecto&#038;p=64234"},"modified":"2026-04-22T16:44:54","modified_gmt":"2026-04-22T14:44:54","slug":"the-revital-project-was-presented-to-more-than-30-professionals-at-a-workshop-on-exoskeletons-and-neurorehabilitation-in-zamora","status":"publish","type":"noticia-proyecto","link":"https:\/\/interreg-sudoe.eu\/en\/noticia-proyecto\/the-revital-project-was-presented-to-more-than-30-professionals-at-a-workshop-on-exoskeletons-and-neurorehabilitation-in-zamora\/","title":{"rendered":"The REVITAL project was presented to more than 30 professionals at a workshop on Exoskeletons and Neurorehabilitation in Zamora"},"content":{"rendered":"<p><span data-sheets-root=\"1\">The REVITAL project was presented to over 30 professionals in the social and healthcare sector at the &#8220;Exoskeletons and Neurorehabilitation&#8221; workshop, held on Tuesday, April 14th, at the La Aldehuela Technological Innovation Hub in Zamora. The presentation generated considerable interest due to its innovative approach applied to rural areas.<\/p>\n<p>The session was led by Sergio Mart\u00edn, Head of Communications for the project through the SIVI Cluster\u2014the entity responsible for coordination and communication\u2014along with Abigail Azpeleta, project manager at the San Cebri\u00e1n Foundation (currently operating under the name &#8216;BRIAN&#8217;), Cristina Mena, a physiotherapist at the same organization, and \u00cd\u00f1igo Urkidi, COO and founding partner of the company Gogoa.<\/p>\n<p>During the presentation, the team shared a preliminary assessment of the situation in rural areas, addressing the main challenges in accessing rehabilitation and social and healthcare services. Based on this analysis, the project&#8217;s objectives were detailed, focusing on improving the quality of life for elderly and dependent individuals, as well as boosting the socioeconomic development of these areas.<\/span><\/p>\n<figure class=\"wp-block-embed is-type-video is-provider-youtube wp-block-embed-youtube wp-embed-aspect-16-9 wp-has-aspect-ratio\">\n<div class=\"wp-block-embed__wrapper\"><iframe title=\"Semana de &quot;Exoesqueletos y Neurorrehabilitaci\u00f3n&quot; en el Hub la Aldehuela\" src=\"https:\/\/www.youtube.com\/embed\/m4Vyh5ADVR4?feature=oembed\" width=\"1200\" height=\"675\" frameborder=\"0\" allowfullscreen=\"allowfullscreen\" data-mce-fragment=\"1\"><\/iframe><\/div>\n<\/figure>\n<h2 class=\"wp-block-heading\">Incorporation of advanced technologies such as exoskeletons<\/h2>\n<p>Furthermore, the areas of change that REVITAL aims to promote were explored in depth, including the incorporation of advanced telecare and telerehabilitation services, supported by innovative technologies. In this context, the consortium members were presented, along with the technological solutions employed\u2014including exoskeletons applied to neurorehabilitation\u2014and the development of the pilot projects, illustrated with technical examples, experiences, and relevant data from the process followed.<\/p>\n<p>At this forum, REVITAL reaffirmed its position as a strategic initiative seeking to revitalize rural areas of southwestern Europe by combining technological innovation and local development. Through the implementation of remote clinical care and rehabilitation services, the project aims not only to improve healthcare but also to generate skilled employment, attract residents, and foster a sustainable growth model for these areas.<\/p>\n<p>With this presentation, the project strengthens its visibility among professionals in the sector, solidifying its position as a firm commitment to a future in which rural areas not only maintain their population but also become hubs of opportunity, innovation, and well-being.<\/p>\n<figure class=\"wp-block-gallery has-nested-images columns-default is-cropped wp-block-gallery-1 is-layout-flex wp-block-gallery-is-layout-flex\">\n<figure class=\"wp-block-image size-large\"><img fetchpriority=\"high\" decoding=\"async\" class=\"wp-image-10177\" src=\"https:\/\/clustersivi.org\/wp-content\/uploads\/2026\/04\/image00038-1-1024x768.jpeg\" sizes=\"(max-width: 1024px) 100vw, 1024px\" srcset=\"https:\/\/clustersivi.org\/wp-content\/uploads\/2026\/04\/image00038-1-1024x768.jpeg 1024w, https:\/\/clustersivi.org\/wp-content\/uploads\/2026\/04\/image00038-1-300x225.jpeg 300w, https:\/\/clustersivi.org\/wp-content\/uploads\/2026\/04\/image00038-1-768x576.jpeg 768w, https:\/\/clustersivi.org\/wp-content\/uploads\/2026\/04\/image00038-1-1536x1152.jpeg 1536w, https:\/\/clustersivi.org\/wp-content\/uploads\/2026\/04\/image00038-1-2048x1536.jpeg 2048w\" alt=\"\" width=\"1024\" height=\"768\" data-id=\"10177\" \/><\/figure>\n<figure class=\"wp-block-image size-large\"><img decoding=\"async\" class=\"wp-image-10176\" src=\"https:\/\/clustersivi.org\/wp-content\/uploads\/2026\/04\/image00037-1-1024x768.jpeg\" sizes=\"(max-width: 1024px) 100vw, 1024px\" srcset=\"https:\/\/clustersivi.org\/wp-content\/uploads\/2026\/04\/image00037-1-1024x768.jpeg 1024w, https:\/\/clustersivi.org\/wp-content\/uploads\/2026\/04\/image00037-1-300x225.jpeg 300w, https:\/\/clustersivi.org\/wp-content\/uploads\/2026\/04\/image00037-1-768x576.jpeg 768w, https:\/\/clustersivi.org\/wp-content\/uploads\/2026\/04\/image00037-1-1536x1152.jpeg 1536w, https:\/\/clustersivi.org\/wp-content\/uploads\/2026\/04\/image00037-1-2048x1536.jpeg 2048w\" alt=\"El proyecto REVITAL se expone en un taller en Zamora\" width=\"1024\" height=\"768\" data-id=\"10176\" \/><\/figure>\n<figure class=\"wp-block-image size-large\"><img decoding=\"async\" class=\"wp-image-10179\" src=\"https:\/\/clustersivi.org\/wp-content\/uploads\/2026\/04\/image00032-1-1024x768.jpeg\" sizes=\"(max-width: 1024px) 100vw, 1024px\" srcset=\"https:\/\/clustersivi.org\/wp-content\/uploads\/2026\/04\/image00032-1-1024x768.jpeg 1024w, https:\/\/clustersivi.org\/wp-content\/uploads\/2026\/04\/image00032-1-300x225.jpeg 300w, https:\/\/clustersivi.org\/wp-content\/uploads\/2026\/04\/image00032-1-768x576.jpeg 768w, https:\/\/clustersivi.org\/wp-content\/uploads\/2026\/04\/image00032-1-1536x1152.jpeg 1536w, https:\/\/clustersivi.org\/wp-content\/uploads\/2026\/04\/image00032-1-2048x1536.jpeg 2048w\" alt=\"\" width=\"1024\" height=\"768\" data-id=\"10179\" \/><\/figure>\n<figure class=\"wp-block-image size-large\"><img loading=\"lazy\" decoding=\"async\" class=\"wp-image-10166\" src=\"https:\/\/clustersivi.org\/wp-content\/uploads\/2026\/04\/image00048-1024x768.jpeg\" sizes=\"(max-width: 1024px) 100vw, 1024px\" srcset=\"https:\/\/clustersivi.org\/wp-content\/uploads\/2026\/04\/image00048-1024x768.jpeg 1024w, https:\/\/clustersivi.org\/wp-content\/uploads\/2026\/04\/image00048-300x225.jpeg 300w, https:\/\/clustersivi.org\/wp-content\/uploads\/2026\/04\/image00048-768x576.jpeg 768w, https:\/\/clustersivi.org\/wp-content\/uploads\/2026\/04\/image00048-1536x1152.jpeg 1536w, https:\/\/clustersivi.org\/wp-content\/uploads\/2026\/04\/image00048-2048x1536.jpeg 2048w\" alt=\"\" width=\"1024\" height=\"768\" data-id=\"10166\" \/><\/figure>\n<figure class=\"wp-block-image size-large\"><img loading=\"lazy\" decoding=\"async\" class=\"wp-image-10180\" src=\"https:\/\/clustersivi.org\/wp-content\/uploads\/2026\/04\/image00051-1-1024x768.jpeg\" sizes=\"(max-width: 1024px) 100vw, 1024px\" srcset=\"https:\/\/clustersivi.org\/wp-content\/uploads\/2026\/04\/image00051-1-1024x768.jpeg 1024w, https:\/\/clustersivi.org\/wp-content\/uploads\/2026\/04\/image00051-1-300x225.jpeg 300w, https:\/\/clustersivi.org\/wp-content\/uploads\/2026\/04\/image00051-1-768x576.jpeg 768w, https:\/\/clustersivi.org\/wp-content\/uploads\/2026\/04\/image00051-1-1536x1152.jpeg 1536w, https:\/\/clustersivi.org\/wp-content\/uploads\/2026\/04\/image00051-1-2048x1536.jpeg 2048w\" alt=\"\" width=\"1024\" height=\"768\" data-id=\"10180\" \/><\/figure>\n<\/figure>\n<h2 class=\"wp-block-heading\">REVITAL Project Consortium<\/h2>\n<p>The <a href=\"https:\/\/clustersivi.org\/\" target=\"_blank\" rel=\"noreferrer noopener\">Cl\u00faster Soluciones Innovadoras para la Vida Independiente (SIVI)<\/a> <span data-sheets-root=\"1\">coordinates this project, funded by Interreg-Sudoe, which includes the participation of<\/span>\u00a0<a href=\"https:\/\/www.jcyl.es\/web\/jcyl\/Portada\/es\/Plantilla100DirectorioPortada\/1248366924958\/0\/1284448289528\/DirectorioPadre\" target=\"_blank\" rel=\"noreferrer noopener\">Gerencia de Servicios Sociales de Castilla y Le\u00f3n<\/a>,\u00a0<a href=\"https:\/\/www.fundacionsancebrian.com\/portal\/\" target=\"_blank\" rel=\"noreferrer noopener\">Fundaci\u00f3n San Cebri\u00e1n<\/a>,\u00a0<a href=\"https:\/\/www.gogoa.eu\/\" target=\"_blank\" rel=\"noreferrer noopener\">GOGOA Mobility Robots<\/a>,\u00a0<a href=\"https:\/\/www.estia.fr\/\" target=\"_blank\" rel=\"noreferrer noopener\">\u00c9cole Sup\u00e9rieure des Technologies Industrielles Avanc\u00e9es (ESTIA)<\/a>,\u00a0<a href=\"https:\/\/www.deusto.es\/es\/inicio\" target=\"_blank\" rel=\"noreferrer noopener\">Universidad de DEUSTO<\/a>,\u00a0<a href=\"https:\/\/www.eps-garazi.fr\/\" target=\"_blank\" rel=\"noreferrer noopener\">Etablissement Public de Sant\u00e9 de GARAZI<\/a>,\u00a0<a href=\"https:\/\/www.aebb.pt\/\" target=\"_blank\" rel=\"noreferrer noopener\">Associa\u00e7\u00e3o Empresarial da Beira Baixa (AEBB)<\/a> and the <a href=\"https:\/\/www.ipcb.pt\/\" target=\"_blank\" rel=\"noreferrer noopener\">Instituto Polit\u00e9cnico de Castelo Branco (IPCB)<\/a><span data-sheets-root=\"1\">, which together form the complete consortium.<\/span><\/p>\n","protected":false},"excerpt":{"rendered":"<p>The REVITAL project was presented to over 30 professionals in the social and healthcare sector at the &#8220;Exoskeletons and Neurorehabilitation&#8221; workshop, held on Tuesday, April 14th, at the La Aldehuela Technological Innovation Hub in Zamora. The presentation generated considerable interest due to its innovative approach applied to rural areas. The session was led by Sergio [&hellip;]<\/p>\n","protected":false},"author":6552,"featured_media":60350,"parent":0,"template":"","meta":{"_acf_changed":false,"content-type":"","_monsterinsights_skip_tracking":false,"_monsterinsights_sitenote_active":false,"_monsterinsights_sitenote_note":"","_monsterinsights_sitenote_category":0},"class_list":["post-64234","noticia-proyecto","type-noticia-proyecto","status-publish","has-post-thumbnail","hentry"],"acf":[],"yoast_head":"<!-- This site is optimized with the Yoast SEO plugin v27.4 - https:\/\/yoast.com\/product\/yoast-seo-wordpress\/ -->\n<title>The REVITAL project was presented to more than 30 professionals at a workshop on Exoskeletons and Neurorehabilitation in Zamora - Interreg Sudoe<\/title>\n<meta name=\"robots\" content=\"index, follow, max-snippet:-1, max-image-preview:large, max-video-preview:-1\" \/>\n<link rel=\"canonical\" href=\"https:\/\/interreg-sudoe.eu\/en\/noticia-proyecto\/the-revital-project-was-presented-to-more-than-30-professionals-at-a-workshop-on-exoskeletons-and-neurorehabilitation-in-zamora\/\" \/>\n<meta property=\"og:locale\" content=\"en_US\" \/>\n<meta property=\"og:type\" content=\"article\" \/>\n<meta property=\"og:title\" content=\"The REVITAL project was presented to more than 30 professionals at a workshop on Exoskeletons and Neurorehabilitation in Zamora - Interreg Sudoe\" \/>\n<meta property=\"og:description\" content=\"The REVITAL project was presented to over 30 professionals in the social and healthcare sector at the &#8220;Exoskeletons and Neurorehabilitation&#8221; workshop, held on Tuesday, April 14th, at the La Aldehuela Technological Innovation Hub in Zamora. The presentation generated considerable interest due to its innovative approach applied to rural areas. The session was led by Sergio [&hellip;]\" \/>\n<meta property=\"og:url\" content=\"https:\/\/interreg-sudoe.eu\/en\/noticia-proyecto\/the-revital-project-was-presented-to-more-than-30-professionals-at-a-workshop-on-exoskeletons-and-neurorehabilitation-in-zamora\/\" \/>\n<meta property=\"og:site_name\" content=\"Interreg Sudoe\" \/>\n<meta property=\"article:publisher\" content=\"https:\/\/www.facebook.com\/interregsudoe\" \/>\n<meta property=\"article:modified_time\" content=\"2026-04-22T14:44:54+00:00\" \/>\n<meta property=\"og:image\" content=\"https:\/\/interreg-sudoe.eu\/wp-content\/uploads\/2026\/02\/primeros-resultados.jpg\" \/>\n\t<meta property=\"og:image:width\" content=\"1500\" \/>\n\t<meta property=\"og:image:height\" content=\"1200\" \/>\n\t<meta property=\"og:image:type\" content=\"image\/jpeg\" \/>\n<meta name=\"twitter:card\" content=\"summary_large_image\" \/>\n<meta name=\"twitter:site\" content=\"@Sudoe5\" \/>\n<meta name=\"twitter:label1\" content=\"Est. reading time\" \/>\n\t<meta name=\"twitter:data1\" content=\"2 minutes\" \/>\n<script type=\"application\/ld+json\" class=\"yoast-schema-graph\">{\"@context\":\"https:\\\/\\\/schema.org\",\"@graph\":[{\"@type\":\"WebPage\",\"@id\":\"https:\\\/\\\/interreg-sudoe.eu\\\/en\\\/noticia-proyecto\\\/the-revital-project-was-presented-to-more-than-30-professionals-at-a-workshop-on-exoskeletons-and-neurorehabilitation-in-zamora\\\/\",\"url\":\"https:\\\/\\\/interreg-sudoe.eu\\\/en\\\/noticia-proyecto\\\/the-revital-project-was-presented-to-more-than-30-professionals-at-a-workshop-on-exoskeletons-and-neurorehabilitation-in-zamora\\\/\",\"name\":\"The REVITAL project was presented to more than 30 professionals at a workshop on Exoskeletons and Neurorehabilitation in Zamora - Interreg Sudoe\",\"isPartOf\":{\"@id\":\"https:\\\/\\\/interreg-sudoe.eu\\\/en\\\/#website\"},\"primaryImageOfPage\":{\"@id\":\"https:\\\/\\\/interreg-sudoe.eu\\\/en\\\/noticia-proyecto\\\/the-revital-project-was-presented-to-more-than-30-professionals-at-a-workshop-on-exoskeletons-and-neurorehabilitation-in-zamora\\\/#primaryimage\"},\"image\":{\"@id\":\"https:\\\/\\\/interreg-sudoe.eu\\\/en\\\/noticia-proyecto\\\/the-revital-project-was-presented-to-more-than-30-professionals-at-a-workshop-on-exoskeletons-and-neurorehabilitation-in-zamora\\\/#primaryimage\"},\"thumbnailUrl\":\"https:\\\/\\\/interreg-sudoe.eu\\\/wp-content\\\/uploads\\\/2026\\\/02\\\/primeros-resultados.jpg\",\"datePublished\":\"2026-04-16T08:36:39+00:00\",\"dateModified\":\"2026-04-22T14:44:54+00:00\",\"breadcrumb\":{\"@id\":\"https:\\\/\\\/interreg-sudoe.eu\\\/en\\\/noticia-proyecto\\\/the-revital-project-was-presented-to-more-than-30-professionals-at-a-workshop-on-exoskeletons-and-neurorehabilitation-in-zamora\\\/#breadcrumb\"},\"inLanguage\":\"en-US\",\"potentialAction\":[{\"@type\":\"ReadAction\",\"target\":[\"https:\\\/\\\/interreg-sudoe.eu\\\/en\\\/noticia-proyecto\\\/the-revital-project-was-presented-to-more-than-30-professionals-at-a-workshop-on-exoskeletons-and-neurorehabilitation-in-zamora\\\/\"]}]},{\"@type\":\"ImageObject\",\"inLanguage\":\"en-US\",\"@id\":\"https:\\\/\\\/interreg-sudoe.eu\\\/en\\\/noticia-proyecto\\\/the-revital-project-was-presented-to-more-than-30-professionals-at-a-workshop-on-exoskeletons-and-neurorehabilitation-in-zamora\\\/#primaryimage\",\"url\":\"https:\\\/\\\/interreg-sudoe.eu\\\/wp-content\\\/uploads\\\/2026\\\/02\\\/primeros-resultados.jpg\",\"contentUrl\":\"https:\\\/\\\/interreg-sudoe.eu\\\/wp-content\\\/uploads\\\/2026\\\/02\\\/primeros-resultados.jpg\",\"width\":1500,\"height\":1200,\"caption\":\"El proyecto REVITAL presenta sus primeros resultados en Palencia ante autoridades institucionales y medios de comunicaci\u00f3n\"},{\"@type\":\"BreadcrumbList\",\"@id\":\"https:\\\/\\\/interreg-sudoe.eu\\\/en\\\/noticia-proyecto\\\/the-revital-project-was-presented-to-more-than-30-professionals-at-a-workshop-on-exoskeletons-and-neurorehabilitation-in-zamora\\\/#breadcrumb\",\"itemListElement\":[{\"@type\":\"ListItem\",\"position\":1,\"name\":\"Home\",\"item\":\"https:\\\/\\\/interreg-sudoe.eu\\\/en\\\/\"},{\"@type\":\"ListItem\",\"position\":2,\"name\":\"The REVITAL project was presented to more than 30 professionals at a workshop on Exoskeletons and Neurorehabilitation in Zamora\"}]},{\"@type\":\"WebSite\",\"@id\":\"https:\\\/\\\/interreg-sudoe.eu\\\/en\\\/#website\",\"url\":\"https:\\\/\\\/interreg-sudoe.eu\\\/en\\\/\",\"name\":\"Interreg Sudoe\",\"description\":\"Interreg Sudoe\",\"publisher\":{\"@id\":\"https:\\\/\\\/interreg-sudoe.eu\\\/en\\\/#organization\"},\"alternateName\":\"Interreg Sudoe\",\"potentialAction\":[{\"@type\":\"SearchAction\",\"target\":{\"@type\":\"EntryPoint\",\"urlTemplate\":\"https:\\\/\\\/interreg-sudoe.eu\\\/en\\\/?s={search_term_string}\"},\"query-input\":{\"@type\":\"PropertyValueSpecification\",\"valueRequired\":true,\"valueName\":\"search_term_string\"}}],\"inLanguage\":\"en-US\"},{\"@type\":\"Organization\",\"@id\":\"https:\\\/\\\/interreg-sudoe.eu\\\/en\\\/#organization\",\"name\":\"Interreg Sudoe\",\"alternateName\":\"Interreg Sudoe\",\"url\":\"https:\\\/\\\/interreg-sudoe.eu\\\/en\\\/\",\"logo\":{\"@type\":\"ImageObject\",\"inLanguage\":\"en-US\",\"@id\":\"https:\\\/\\\/interreg-sudoe.eu\\\/en\\\/#\\\/schema\\\/logo\\\/image\\\/\",\"url\":\"https:\\\/\\\/interreg-sudoe.eu\\\/wp-content\\\/uploads\\\/2024\\\/03\\\/logo-interreg.png\",\"contentUrl\":\"https:\\\/\\\/interreg-sudoe.eu\\\/wp-content\\\/uploads\\\/2024\\\/03\\\/logo-interreg.png\",\"width\":1200,\"height\":675,\"caption\":\"Interreg Sudoe\"},\"image\":{\"@id\":\"https:\\\/\\\/interreg-sudoe.eu\\\/en\\\/#\\\/schema\\\/logo\\\/image\\\/\"},\"sameAs\":[\"https:\\\/\\\/www.facebook.com\\\/interregsudoe\",\"https:\\\/\\\/x.com\\\/Sudoe5\",\"https:\\\/\\\/www.youtube.com\\\/channel\\\/UCeGx2edoB32beRc9dbKA2vw\",\"https:\\\/\\\/www.linkedin.com\\\/company\\\/interreg-sudoe-programme\\\/\",\"https:\\\/\\\/www.flickr.com\\\/photos\\\/148704685@N06\\\/\"]}]}<\/script>\n<!-- \/ Yoast SEO plugin. -->","yoast_head_json":{"title":"The REVITAL project was presented to more than 30 professionals at a workshop on Exoskeletons and Neurorehabilitation in Zamora - Interreg Sudoe","robots":{"index":"index","follow":"follow","max-snippet":"max-snippet:-1","max-image-preview":"max-image-preview:large","max-video-preview":"max-video-preview:-1"},"canonical":"https:\/\/interreg-sudoe.eu\/en\/noticia-proyecto\/the-revital-project-was-presented-to-more-than-30-professionals-at-a-workshop-on-exoskeletons-and-neurorehabilitation-in-zamora\/","og_locale":"en_US","og_type":"article","og_title":"The REVITAL project was presented to more than 30 professionals at a workshop on Exoskeletons and Neurorehabilitation in Zamora - Interreg Sudoe","og_description":"The REVITAL project was presented to over 30 professionals in the social and healthcare sector at the &#8220;Exoskeletons and Neurorehabilitation&#8221; workshop, held on Tuesday, April 14th, at the La Aldehuela Technological Innovation Hub in Zamora. The presentation generated considerable interest due to its innovative approach applied to rural areas. The session was led by Sergio [&hellip;]","og_url":"https:\/\/interreg-sudoe.eu\/en\/noticia-proyecto\/the-revital-project-was-presented-to-more-than-30-professionals-at-a-workshop-on-exoskeletons-and-neurorehabilitation-in-zamora\/","og_site_name":"Interreg Sudoe","article_publisher":"https:\/\/www.facebook.com\/interregsudoe","article_modified_time":"2026-04-22T14:44:54+00:00","og_image":[{"width":1500,"height":1200,"url":"https:\/\/interreg-sudoe.eu\/wp-content\/uploads\/2026\/02\/primeros-resultados.jpg","type":"image\/jpeg"}],"twitter_card":"summary_large_image","twitter_site":"@Sudoe5","twitter_misc":{"Est. reading time":"2 minutes"},"schema":{"@context":"https:\/\/schema.org","@graph":[{"@type":"WebPage","@id":"https:\/\/interreg-sudoe.eu\/en\/noticia-proyecto\/the-revital-project-was-presented-to-more-than-30-professionals-at-a-workshop-on-exoskeletons-and-neurorehabilitation-in-zamora\/","url":"https:\/\/interreg-sudoe.eu\/en\/noticia-proyecto\/the-revital-project-was-presented-to-more-than-30-professionals-at-a-workshop-on-exoskeletons-and-neurorehabilitation-in-zamora\/","name":"The REVITAL project was presented to more than 30 professionals at a workshop on Exoskeletons and Neurorehabilitation in Zamora - Interreg Sudoe","isPartOf":{"@id":"https:\/\/interreg-sudoe.eu\/en\/#website"},"primaryImageOfPage":{"@id":"https:\/\/interreg-sudoe.eu\/en\/noticia-proyecto\/the-revital-project-was-presented-to-more-than-30-professionals-at-a-workshop-on-exoskeletons-and-neurorehabilitation-in-zamora\/#primaryimage"},"image":{"@id":"https:\/\/interreg-sudoe.eu\/en\/noticia-proyecto\/the-revital-project-was-presented-to-more-than-30-professionals-at-a-workshop-on-exoskeletons-and-neurorehabilitation-in-zamora\/#primaryimage"},"thumbnailUrl":"https:\/\/interreg-sudoe.eu\/wp-content\/uploads\/2026\/02\/primeros-resultados.jpg","datePublished":"2026-04-16T08:36:39+00:00","dateModified":"2026-04-22T14:44:54+00:00","breadcrumb":{"@id":"https:\/\/interreg-sudoe.eu\/en\/noticia-proyecto\/the-revital-project-was-presented-to-more-than-30-professionals-at-a-workshop-on-exoskeletons-and-neurorehabilitation-in-zamora\/#breadcrumb"},"inLanguage":"en-US","potentialAction":[{"@type":"ReadAction","target":["https:\/\/interreg-sudoe.eu\/en\/noticia-proyecto\/the-revital-project-was-presented-to-more-than-30-professionals-at-a-workshop-on-exoskeletons-and-neurorehabilitation-in-zamora\/"]}]},{"@type":"ImageObject","inLanguage":"en-US","@id":"https:\/\/interreg-sudoe.eu\/en\/noticia-proyecto\/the-revital-project-was-presented-to-more-than-30-professionals-at-a-workshop-on-exoskeletons-and-neurorehabilitation-in-zamora\/#primaryimage","url":"https:\/\/interreg-sudoe.eu\/wp-content\/uploads\/2026\/02\/primeros-resultados.jpg","contentUrl":"https:\/\/interreg-sudoe.eu\/wp-content\/uploads\/2026\/02\/primeros-resultados.jpg","width":1500,"height":1200,"caption":"El proyecto REVITAL presenta sus primeros resultados en Palencia ante autoridades institucionales y medios de comunicaci\u00f3n"},{"@type":"BreadcrumbList","@id":"https:\/\/interreg-sudoe.eu\/en\/noticia-proyecto\/the-revital-project-was-presented-to-more-than-30-professionals-at-a-workshop-on-exoskeletons-and-neurorehabilitation-in-zamora\/#breadcrumb","itemListElement":[{"@type":"ListItem","position":1,"name":"Home","item":"https:\/\/interreg-sudoe.eu\/en\/"},{"@type":"ListItem","position":2,"name":"The REVITAL project was presented to more than 30 professionals at a workshop on Exoskeletons and Neurorehabilitation in Zamora"}]},{"@type":"WebSite","@id":"https:\/\/interreg-sudoe.eu\/en\/#website","url":"https:\/\/interreg-sudoe.eu\/en\/","name":"Interreg Sudoe","description":"Interreg Sudoe","publisher":{"@id":"https:\/\/interreg-sudoe.eu\/en\/#organization"},"alternateName":"Interreg Sudoe","potentialAction":[{"@type":"SearchAction","target":{"@type":"EntryPoint","urlTemplate":"https:\/\/interreg-sudoe.eu\/en\/?s={search_term_string}"},"query-input":{"@type":"PropertyValueSpecification","valueRequired":true,"valueName":"search_term_string"}}],"inLanguage":"en-US"},{"@type":"Organization","@id":"https:\/\/interreg-sudoe.eu\/en\/#organization","name":"Interreg Sudoe","alternateName":"Interreg Sudoe","url":"https:\/\/interreg-sudoe.eu\/en\/","logo":{"@type":"ImageObject","inLanguage":"en-US","@id":"https:\/\/interreg-sudoe.eu\/en\/#\/schema\/logo\/image\/","url":"https:\/\/interreg-sudoe.eu\/wp-content\/uploads\/2024\/03\/logo-interreg.png","contentUrl":"https:\/\/interreg-sudoe.eu\/wp-content\/uploads\/2024\/03\/logo-interreg.png","width":1200,"height":675,"caption":"Interreg Sudoe"},"image":{"@id":"https:\/\/interreg-sudoe.eu\/en\/#\/schema\/logo\/image\/"},"sameAs":["https:\/\/www.facebook.com\/interregsudoe","https:\/\/x.com\/Sudoe5","https:\/\/www.youtube.com\/channel\/UCeGx2edoB32beRc9dbKA2vw","https:\/\/www.linkedin.com\/company\/interreg-sudoe-programme\/","https:\/\/www.flickr.com\/photos\/148704685@N06\/"]}]}},"_links":{"self":[{"href":"https:\/\/interreg-sudoe.eu\/en\/wp-json\/wp\/v2\/noticia-proyecto\/64234","targetHints":{"allow":["GET"]}}],"collection":[{"href":"https:\/\/interreg-sudoe.eu\/en\/wp-json\/wp\/v2\/noticia-proyecto"}],"about":[{"href":"https:\/\/interreg-sudoe.eu\/en\/wp-json\/wp\/v2\/types\/noticia-proyecto"}],"author":[{"embeddable":true,"href":"https:\/\/interreg-sudoe.eu\/en\/wp-json\/wp\/v2\/users\/6552"}],"wp:featuredmedia":[{"embeddable":true,"href":"https:\/\/interreg-sudoe.eu\/en\/wp-json\/wp\/v2\/media\/60350"}],"wp:attachment":[{"href":"https:\/\/interreg-sudoe.eu\/en\/wp-json\/wp\/v2\/media?parent=64234"}],"curies":[{"name":"wp","href":"https:\/\/api.w.org\/{rel}","templated":true}]}}