{"id":64239,"date":"2026-04-17T09:50:49","date_gmt":"2026-04-17T07:50:49","guid":{"rendered":"https:\/\/interreg-sudoe.eu\/?post_type=noticia-proyecto&#038;p=64239"},"modified":"2026-04-22T16:58:56","modified_gmt":"2026-04-22T14:58:56","slug":"ipcb-takes-revital-to-the-4th-age-com-congress-on-the-challenges-of-aging","status":"publish","type":"noticia-proyecto","link":"https:\/\/interreg-sudoe.eu\/en\/noticia-proyecto\/ipcb-takes-revital-to-the-4th-age-com-congress-on-the-challenges-of-aging\/","title":{"rendered":"IPCB takes REVITAL to the 4th AGE.COM Congress on the Challenges of Aging"},"content":{"rendered":"<p><span data-sheets-root=\"1\">The REVITAL project was present at the 4th AGE.COM Congress, solidifying its position as one of the most relevant initiatives addressing aging in rural areas. Participation was made possible thanks to the Escola Superior de Sa\u00fade Dr. Lopes Dias (ESALD), part of the Polytechnic Institute of Castelo Branco, which promoted the project by including it in the congress poster session.<\/p>\n<p>The poster presented summarizes the work developed within the REVITAL framework, which aims to address the challenges of aging and depopulation in rural areas of the SUDOE region, such as Beira Baixa (Portugal), Castile and Le\u00f3n (Spain), and the French Basque Country. These regions are characterized by a marked demographic aging and limited availability of social and healthcare services, a situation exacerbated during the COVID-19 pandemic, especially for older and dependent individuals.<\/p>\n<p>In this context, REVITAL proposes an innovative solution based on the implementation of telecare and telerehabilitation services, combining technological innovation with social cohesion.<\/span><\/p>\n<h2 class=\"wp-block-heading\"><span data-sheets-root=\"1\">Content of the poster presented at the 4th AGE.COM Congress<br \/>\n<\/span><\/h2>\n<div class=\"wp-block-image\">\n<figure class=\"alignright size-large is-resized\"><img fetchpriority=\"high\" decoding=\"async\" class=\"wp-image-10203\" src=\"https:\/\/clustersivi.org\/wp-content\/uploads\/2026\/04\/Portada-4o-Congresso-AGE.COM_-829x1024.jpg\" sizes=\"(max-width: 829px) 100vw, 829px\" srcset=\"https:\/\/clustersivi.org\/wp-content\/uploads\/2026\/04\/Portada-4o-Congresso-AGE.COM_-829x1024.jpg 829w, https:\/\/clustersivi.org\/wp-content\/uploads\/2026\/04\/Portada-4o-Congresso-AGE.COM_-243x300.jpg 243w, https:\/\/clustersivi.org\/wp-content\/uploads\/2026\/04\/Portada-4o-Congresso-AGE.COM_-768x949.jpg 768w, https:\/\/clustersivi.org\/wp-content\/uploads\/2026\/04\/Portada-4o-Congresso-AGE.COM_-1244x1536.jpg 1244w, https:\/\/clustersivi.org\/wp-content\/uploads\/2026\/04\/Portada-4o-Congresso-AGE.COM_.jpg 1658w\" alt=\"\" width=\"545\" height=\"673\" \/><\/figure>\n<\/div>\n<p><span data-sheets-root=\"1\">The main objective of the project is to provide physiotherapy and neurological rehabilitation care to adults with chronic neurological conditions who reside in sparsely populated rural areas. To this end, a hybrid model combining in-person care with telerehabilitation is being used in Portugal, evaluating its viability as a strategy for both healthcare and socioeconomic development and population retention.<\/p>\n<p>The study methodology was based on an exploratory pilot with a mixed-methods approach (quantitative and qualitative), conducted at the ESALD (IPCB) teaching clinic and in the homes of participants in the Beira Baixa region. The sample includes 25 adults over 18 years of age, who are independent and have been diagnosed with chronic neurological conditions. The assessment tools used include the Mini-Mental State Examination, the SF-36v2 health questionnaire, the Health Assessment Questionnaire (short version), the USE scale (utility, satisfaction, and ease of use), and a sociodemographic questionnaire.<\/p>\n<p>Among the expected results, the project aims to demonstrate the effectiveness of telerehabilitation in improving the functionality and quality of life of participants, as well as to identify barriers and facilitating factors in the adoption of technologies in rural healthcare. Ultimately, the project seeks to demonstrate that integrating technological solutions into rehabilitation services can improve access to healthcare, generate skilled employment, and contribute to the socioeconomic revitalization of low-density areas.<\/p>\n<p>See the REVITAL Project poster information at <a href=\"https:\/\/eu-central-1.linodeobjects.com\/evt4-media\/documents\/4Age.comm_Livro_de_resumos_3Fev.pdf\" target=\"_blank\" rel=\"noopener\">https:\/\/eu-central-1.linodeobjects.com\/evt4-media\/documents\/4Age.comm_Livro_de_resumos_3Fev.pdf<\/a> (pages 16 and 17 \/ 17 and 18 of the PDF)<br \/>\n<\/span><\/p>\n<h2 class=\"wp-block-heading\"><span data-sheets-root=\"1\">IPCB, responsible for piloting REVITAL in Portugal<br \/>\n<\/span><\/h2>\n<p><span data-sheets-root=\"1\">In this regard, the Polytechnic Institute of Castelo Branco (IPCB) was responsible for piloting the REVITAL project in Portugal, ultimately achieving significant results: a total of 20 people served, 209 individual sessions conducted, and an average participant age of 69.<\/p>\n<p>The conference where this work was presented, organized by the Interdisciplinary Research Unit \u2013 Functional Aging Communities (Age.Comm) of the IPCB, aimed to further the debate on the challenges of aging in contemporary society. Under the theme \u201cChallenges of Aging: Creativity, Connectivity, and Inclusion,\u201d the event framed aging not as a problem, but as an opportunity for the development of sustainable and innovative communities.<\/p>\n<p>For three days, from November 13 to 15, 2025, this international and interdisciplinary gathering brought together researchers, professionals, and policymakers to analyze the multiple dimensions of aging and reflect on new strategies to address current demographic and social transformations.<br \/>\n<\/span><\/p>\n<h2 class=\"wp-block-heading\"><span data-sheets-root=\"1\">REVITAL Project Consortium<br \/>\n<\/span><\/h2>\n<p>The\u00a0<a href=\"https:\/\/clustersivi.org\/\" target=\"_blank\" rel=\"noreferrer noopener\">Cl\u00faster Soluciones Innovadoras para la Vida Independiente (SIVI)<\/a>\u00a0<span data-sheets-root=\"1\">coordinates this project, funded by Interreg-Sudoe, which includes the participation of<\/span>\u00a0<a href=\"https:\/\/www.jcyl.es\/web\/jcyl\/Portada\/es\/Plantilla100DirectorioPortada\/1248366924958\/0\/1284448289528\/DirectorioPadre\" target=\"_blank\" rel=\"noreferrer noopener\">Gerencia de Servicios Sociales de Castilla y Le\u00f3n<\/a>,\u00a0<a href=\"https:\/\/www.fundacionsancebrian.com\/portal\/\" target=\"_blank\" rel=\"noreferrer noopener\">Fundaci\u00f3n San Cebri\u00e1n<\/a>,\u00a0<a href=\"https:\/\/www.gogoa.eu\/\" target=\"_blank\" rel=\"noreferrer noopener\">GOGOA Mobility Robots<\/a>,\u00a0<a href=\"https:\/\/www.estia.fr\/\" target=\"_blank\" rel=\"noreferrer noopener\">\u00c9cole Sup\u00e9rieure des Technologies Industrielles Avanc\u00e9es (ESTIA)<\/a>,\u00a0<a href=\"https:\/\/www.deusto.es\/es\/inicio\" target=\"_blank\" rel=\"noreferrer noopener\">Universidad de DEUSTO<\/a>,\u00a0<a href=\"https:\/\/www.eps-garazi.fr\/\" target=\"_blank\" rel=\"noreferrer noopener\">Etablissement Public de Sant\u00e9 de GARAZI<\/a>,\u00a0<a href=\"https:\/\/www.aebb.pt\/\" target=\"_blank\" rel=\"noreferrer noopener\">Associa\u00e7\u00e3o Empresarial da Beira Baixa (AEBB)<\/a>\u00a0and the\u00a0<a href=\"https:\/\/www.ipcb.pt\/\" target=\"_blank\" rel=\"noreferrer noopener\">Instituto Polit\u00e9cnico de Castelo Branco (IPCB)<\/a><span data-sheets-root=\"1\">, which together form the complete consortium.<\/span><\/p>\n","protected":false},"excerpt":{"rendered":"<p>The REVITAL project was present at the 4th AGE.COM Congress, solidifying its position as one of the most relevant initiatives addressing aging in rural areas. Participation was made possible thanks to the Escola Superior de Sa\u00fade Dr. Lopes Dias (ESALD), part of the Polytechnic Institute of Castelo Branco, which promoted the project by including it [&hellip;]<\/p>\n","protected":false},"author":6552,"featured_media":63987,"parent":0,"template":"","meta":{"_acf_changed":false,"content-type":"","_monsterinsights_skip_tracking":false,"_monsterinsights_sitenote_active":false,"_monsterinsights_sitenote_note":"","_monsterinsights_sitenote_category":0},"class_list":["post-64239","noticia-proyecto","type-noticia-proyecto","status-publish","has-post-thumbnail","hentry"],"acf":[],"yoast_head":"<!-- This site is optimized with the Yoast SEO plugin v27.4 - https:\/\/yoast.com\/product\/yoast-seo-wordpress\/ -->\n<title>IPCB takes REVITAL to the 4th AGE.COM Congress on the Challenges of Aging - Interreg Sudoe<\/title>\n<meta name=\"robots\" content=\"index, follow, max-snippet:-1, max-image-preview:large, max-video-preview:-1\" \/>\n<link rel=\"canonical\" href=\"https:\/\/interreg-sudoe.eu\/en\/noticia-proyecto\/ipcb-takes-revital-to-the-4th-age-com-congress-on-the-challenges-of-aging\/\" \/>\n<meta property=\"og:locale\" content=\"en_US\" \/>\n<meta property=\"og:type\" content=\"article\" \/>\n<meta property=\"og:title\" content=\"IPCB takes REVITAL to the 4th AGE.COM Congress on the Challenges of Aging - Interreg Sudoe\" \/>\n<meta property=\"og:description\" content=\"The REVITAL project was present at the 4th AGE.COM Congress, solidifying its position as one of the most relevant initiatives addressing aging in rural areas. Participation was made possible thanks to the Escola Superior de Sa\u00fade Dr. Lopes Dias (ESALD), part of the Polytechnic Institute of Castelo Branco, which promoted the project by including it [&hellip;]\" \/>\n<meta property=\"og:url\" content=\"https:\/\/interreg-sudoe.eu\/en\/noticia-proyecto\/ipcb-takes-revital-to-the-4th-age-com-congress-on-the-challenges-of-aging\/\" \/>\n<meta property=\"og:site_name\" content=\"Interreg Sudoe\" \/>\n<meta property=\"article:publisher\" content=\"https:\/\/www.facebook.com\/interregsudoe\" \/>\n<meta property=\"article:modified_time\" content=\"2026-04-22T14:58:56+00:00\" \/>\n<meta property=\"og:image\" content=\"https:\/\/interreg-sudoe.eu\/wp-content\/uploads\/2026\/04\/4o-Congresso-AGE.COM_.jpg\" \/>\n\t<meta property=\"og:image:width\" content=\"1980\" \/>\n\t<meta property=\"og:image:height\" content=\"1485\" \/>\n\t<meta property=\"og:image:type\" content=\"image\/jpeg\" \/>\n<meta name=\"twitter:card\" content=\"summary_large_image\" \/>\n<meta name=\"twitter:site\" content=\"@Sudoe5\" \/>\n<meta name=\"twitter:label1\" content=\"Est. reading time\" \/>\n\t<meta name=\"twitter:data1\" content=\"3 minutes\" \/>\n<script type=\"application\/ld+json\" class=\"yoast-schema-graph\">{\"@context\":\"https:\\\/\\\/schema.org\",\"@graph\":[{\"@type\":\"WebPage\",\"@id\":\"https:\\\/\\\/interreg-sudoe.eu\\\/en\\\/noticia-proyecto\\\/ipcb-takes-revital-to-the-4th-age-com-congress-on-the-challenges-of-aging\\\/\",\"url\":\"https:\\\/\\\/interreg-sudoe.eu\\\/en\\\/noticia-proyecto\\\/ipcb-takes-revital-to-the-4th-age-com-congress-on-the-challenges-of-aging\\\/\",\"name\":\"IPCB takes REVITAL to the 4th AGE.COM Congress on the Challenges of Aging - Interreg Sudoe\",\"isPartOf\":{\"@id\":\"https:\\\/\\\/interreg-sudoe.eu\\\/en\\\/#website\"},\"primaryImageOfPage\":{\"@id\":\"https:\\\/\\\/interreg-sudoe.eu\\\/en\\\/noticia-proyecto\\\/ipcb-takes-revital-to-the-4th-age-com-congress-on-the-challenges-of-aging\\\/#primaryimage\"},\"image\":{\"@id\":\"https:\\\/\\\/interreg-sudoe.eu\\\/en\\\/noticia-proyecto\\\/ipcb-takes-revital-to-the-4th-age-com-congress-on-the-challenges-of-aging\\\/#primaryimage\"},\"thumbnailUrl\":\"https:\\\/\\\/interreg-sudoe.eu\\\/wp-content\\\/uploads\\\/2026\\\/04\\\/4o-Congresso-AGE.COM_.jpg\",\"datePublished\":\"2026-04-17T07:50:49+00:00\",\"dateModified\":\"2026-04-22T14:58:56+00:00\",\"breadcrumb\":{\"@id\":\"https:\\\/\\\/interreg-sudoe.eu\\\/en\\\/noticia-proyecto\\\/ipcb-takes-revital-to-the-4th-age-com-congress-on-the-challenges-of-aging\\\/#breadcrumb\"},\"inLanguage\":\"en-US\",\"potentialAction\":[{\"@type\":\"ReadAction\",\"target\":[\"https:\\\/\\\/interreg-sudoe.eu\\\/en\\\/noticia-proyecto\\\/ipcb-takes-revital-to-the-4th-age-com-congress-on-the-challenges-of-aging\\\/\"]}]},{\"@type\":\"ImageObject\",\"inLanguage\":\"en-US\",\"@id\":\"https:\\\/\\\/interreg-sudoe.eu\\\/en\\\/noticia-proyecto\\\/ipcb-takes-revital-to-the-4th-age-com-congress-on-the-challenges-of-aging\\\/#primaryimage\",\"url\":\"https:\\\/\\\/interreg-sudoe.eu\\\/wp-content\\\/uploads\\\/2026\\\/04\\\/4o-Congresso-AGE.COM_.jpg\",\"contentUrl\":\"https:\\\/\\\/interreg-sudoe.eu\\\/wp-content\\\/uploads\\\/2026\\\/04\\\/4o-Congresso-AGE.COM_.jpg\",\"width\":1980,\"height\":1485,\"caption\":\"IPCB lleva REVITAL al 4\u00ba Congresso AGE.COM sobre Desaf\u00edos del Envejecimiento\"},{\"@type\":\"BreadcrumbList\",\"@id\":\"https:\\\/\\\/interreg-sudoe.eu\\\/en\\\/noticia-proyecto\\\/ipcb-takes-revital-to-the-4th-age-com-congress-on-the-challenges-of-aging\\\/#breadcrumb\",\"itemListElement\":[{\"@type\":\"ListItem\",\"position\":1,\"name\":\"Home\",\"item\":\"https:\\\/\\\/interreg-sudoe.eu\\\/en\\\/\"},{\"@type\":\"ListItem\",\"position\":2,\"name\":\"IPCB takes REVITAL to the 4th AGE.COM Congress on the Challenges of Aging\"}]},{\"@type\":\"WebSite\",\"@id\":\"https:\\\/\\\/interreg-sudoe.eu\\\/en\\\/#website\",\"url\":\"https:\\\/\\\/interreg-sudoe.eu\\\/en\\\/\",\"name\":\"Interreg Sudoe\",\"description\":\"Interreg Sudoe\",\"publisher\":{\"@id\":\"https:\\\/\\\/interreg-sudoe.eu\\\/en\\\/#organization\"},\"alternateName\":\"Interreg Sudoe\",\"potentialAction\":[{\"@type\":\"SearchAction\",\"target\":{\"@type\":\"EntryPoint\",\"urlTemplate\":\"https:\\\/\\\/interreg-sudoe.eu\\\/en\\\/?s={search_term_string}\"},\"query-input\":{\"@type\":\"PropertyValueSpecification\",\"valueRequired\":true,\"valueName\":\"search_term_string\"}}],\"inLanguage\":\"en-US\"},{\"@type\":\"Organization\",\"@id\":\"https:\\\/\\\/interreg-sudoe.eu\\\/en\\\/#organization\",\"name\":\"Interreg Sudoe\",\"alternateName\":\"Interreg Sudoe\",\"url\":\"https:\\\/\\\/interreg-sudoe.eu\\\/en\\\/\",\"logo\":{\"@type\":\"ImageObject\",\"inLanguage\":\"en-US\",\"@id\":\"https:\\\/\\\/interreg-sudoe.eu\\\/en\\\/#\\\/schema\\\/logo\\\/image\\\/\",\"url\":\"https:\\\/\\\/interreg-sudoe.eu\\\/wp-content\\\/uploads\\\/2024\\\/03\\\/logo-interreg.png\",\"contentUrl\":\"https:\\\/\\\/interreg-sudoe.eu\\\/wp-content\\\/uploads\\\/2024\\\/03\\\/logo-interreg.png\",\"width\":1200,\"height\":675,\"caption\":\"Interreg Sudoe\"},\"image\":{\"@id\":\"https:\\\/\\\/interreg-sudoe.eu\\\/en\\\/#\\\/schema\\\/logo\\\/image\\\/\"},\"sameAs\":[\"https:\\\/\\\/www.facebook.com\\\/interregsudoe\",\"https:\\\/\\\/x.com\\\/Sudoe5\",\"https:\\\/\\\/www.youtube.com\\\/channel\\\/UCeGx2edoB32beRc9dbKA2vw\",\"https:\\\/\\\/www.linkedin.com\\\/company\\\/interreg-sudoe-programme\\\/\",\"https:\\\/\\\/www.flickr.com\\\/photos\\\/148704685@N06\\\/\"]}]}<\/script>\n<!-- \/ Yoast SEO plugin. -->","yoast_head_json":{"title":"IPCB takes REVITAL to the 4th AGE.COM Congress on the Challenges of Aging - Interreg Sudoe","robots":{"index":"index","follow":"follow","max-snippet":"max-snippet:-1","max-image-preview":"max-image-preview:large","max-video-preview":"max-video-preview:-1"},"canonical":"https:\/\/interreg-sudoe.eu\/en\/noticia-proyecto\/ipcb-takes-revital-to-the-4th-age-com-congress-on-the-challenges-of-aging\/","og_locale":"en_US","og_type":"article","og_title":"IPCB takes REVITAL to the 4th AGE.COM Congress on the Challenges of Aging - Interreg Sudoe","og_description":"The REVITAL project was present at the 4th AGE.COM Congress, solidifying its position as one of the most relevant initiatives addressing aging in rural areas. Participation was made possible thanks to the Escola Superior de Sa\u00fade Dr. Lopes Dias (ESALD), part of the Polytechnic Institute of Castelo Branco, which promoted the project by including it [&hellip;]","og_url":"https:\/\/interreg-sudoe.eu\/en\/noticia-proyecto\/ipcb-takes-revital-to-the-4th-age-com-congress-on-the-challenges-of-aging\/","og_site_name":"Interreg Sudoe","article_publisher":"https:\/\/www.facebook.com\/interregsudoe","article_modified_time":"2026-04-22T14:58:56+00:00","og_image":[{"width":1980,"height":1485,"url":"https:\/\/interreg-sudoe.eu\/wp-content\/uploads\/2026\/04\/4o-Congresso-AGE.COM_.jpg","type":"image\/jpeg"}],"twitter_card":"summary_large_image","twitter_site":"@Sudoe5","twitter_misc":{"Est. reading time":"3 minutes"},"schema":{"@context":"https:\/\/schema.org","@graph":[{"@type":"WebPage","@id":"https:\/\/interreg-sudoe.eu\/en\/noticia-proyecto\/ipcb-takes-revital-to-the-4th-age-com-congress-on-the-challenges-of-aging\/","url":"https:\/\/interreg-sudoe.eu\/en\/noticia-proyecto\/ipcb-takes-revital-to-the-4th-age-com-congress-on-the-challenges-of-aging\/","name":"IPCB takes REVITAL to the 4th AGE.COM Congress on the Challenges of Aging - Interreg Sudoe","isPartOf":{"@id":"https:\/\/interreg-sudoe.eu\/en\/#website"},"primaryImageOfPage":{"@id":"https:\/\/interreg-sudoe.eu\/en\/noticia-proyecto\/ipcb-takes-revital-to-the-4th-age-com-congress-on-the-challenges-of-aging\/#primaryimage"},"image":{"@id":"https:\/\/interreg-sudoe.eu\/en\/noticia-proyecto\/ipcb-takes-revital-to-the-4th-age-com-congress-on-the-challenges-of-aging\/#primaryimage"},"thumbnailUrl":"https:\/\/interreg-sudoe.eu\/wp-content\/uploads\/2026\/04\/4o-Congresso-AGE.COM_.jpg","datePublished":"2026-04-17T07:50:49+00:00","dateModified":"2026-04-22T14:58:56+00:00","breadcrumb":{"@id":"https:\/\/interreg-sudoe.eu\/en\/noticia-proyecto\/ipcb-takes-revital-to-the-4th-age-com-congress-on-the-challenges-of-aging\/#breadcrumb"},"inLanguage":"en-US","potentialAction":[{"@type":"ReadAction","target":["https:\/\/interreg-sudoe.eu\/en\/noticia-proyecto\/ipcb-takes-revital-to-the-4th-age-com-congress-on-the-challenges-of-aging\/"]}]},{"@type":"ImageObject","inLanguage":"en-US","@id":"https:\/\/interreg-sudoe.eu\/en\/noticia-proyecto\/ipcb-takes-revital-to-the-4th-age-com-congress-on-the-challenges-of-aging\/#primaryimage","url":"https:\/\/interreg-sudoe.eu\/wp-content\/uploads\/2026\/04\/4o-Congresso-AGE.COM_.jpg","contentUrl":"https:\/\/interreg-sudoe.eu\/wp-content\/uploads\/2026\/04\/4o-Congresso-AGE.COM_.jpg","width":1980,"height":1485,"caption":"IPCB lleva REVITAL al 4\u00ba Congresso AGE.COM sobre Desaf\u00edos del Envejecimiento"},{"@type":"BreadcrumbList","@id":"https:\/\/interreg-sudoe.eu\/en\/noticia-proyecto\/ipcb-takes-revital-to-the-4th-age-com-congress-on-the-challenges-of-aging\/#breadcrumb","itemListElement":[{"@type":"ListItem","position":1,"name":"Home","item":"https:\/\/interreg-sudoe.eu\/en\/"},{"@type":"ListItem","position":2,"name":"IPCB takes REVITAL to the 4th AGE.COM Congress on the Challenges of Aging"}]},{"@type":"WebSite","@id":"https:\/\/interreg-sudoe.eu\/en\/#website","url":"https:\/\/interreg-sudoe.eu\/en\/","name":"Interreg Sudoe","description":"Interreg Sudoe","publisher":{"@id":"https:\/\/interreg-sudoe.eu\/en\/#organization"},"alternateName":"Interreg Sudoe","potentialAction":[{"@type":"SearchAction","target":{"@type":"EntryPoint","urlTemplate":"https:\/\/interreg-sudoe.eu\/en\/?s={search_term_string}"},"query-input":{"@type":"PropertyValueSpecification","valueRequired":true,"valueName":"search_term_string"}}],"inLanguage":"en-US"},{"@type":"Organization","@id":"https:\/\/interreg-sudoe.eu\/en\/#organization","name":"Interreg Sudoe","alternateName":"Interreg Sudoe","url":"https:\/\/interreg-sudoe.eu\/en\/","logo":{"@type":"ImageObject","inLanguage":"en-US","@id":"https:\/\/interreg-sudoe.eu\/en\/#\/schema\/logo\/image\/","url":"https:\/\/interreg-sudoe.eu\/wp-content\/uploads\/2024\/03\/logo-interreg.png","contentUrl":"https:\/\/interreg-sudoe.eu\/wp-content\/uploads\/2024\/03\/logo-interreg.png","width":1200,"height":675,"caption":"Interreg Sudoe"},"image":{"@id":"https:\/\/interreg-sudoe.eu\/en\/#\/schema\/logo\/image\/"},"sameAs":["https:\/\/www.facebook.com\/interregsudoe","https:\/\/x.com\/Sudoe5","https:\/\/www.youtube.com\/channel\/UCeGx2edoB32beRc9dbKA2vw","https:\/\/www.linkedin.com\/company\/interreg-sudoe-programme\/","https:\/\/www.flickr.com\/photos\/148704685@N06\/"]}]}},"_links":{"self":[{"href":"https:\/\/interreg-sudoe.eu\/en\/wp-json\/wp\/v2\/noticia-proyecto\/64239","targetHints":{"allow":["GET"]}}],"collection":[{"href":"https:\/\/interreg-sudoe.eu\/en\/wp-json\/wp\/v2\/noticia-proyecto"}],"about":[{"href":"https:\/\/interreg-sudoe.eu\/en\/wp-json\/wp\/v2\/types\/noticia-proyecto"}],"author":[{"embeddable":true,"href":"https:\/\/interreg-sudoe.eu\/en\/wp-json\/wp\/v2\/users\/6552"}],"wp:featuredmedia":[{"embeddable":true,"href":"https:\/\/interreg-sudoe.eu\/en\/wp-json\/wp\/v2\/media\/63987"}],"wp:attachment":[{"href":"https:\/\/interreg-sudoe.eu\/en\/wp-json\/wp\/v2\/media?parent=64239"}],"curies":[{"name":"wp","href":"https:\/\/api.w.org\/{rel}","templated":true}]}}