{"id":64712,"date":"2026-04-27T18:30:21","date_gmt":"2026-04-27T16:30:21","guid":{"rendered":"https:\/\/interreg-sudoe.eu\/noticia-proyecto\/idc-pal-en-atencion-primaria-mini-piloto-del-sector-sanitario-de-barbastro-del-servicio-aragones-de-salud\/"},"modified":"2026-04-27T18:31:13","modified_gmt":"2026-04-27T16:31:13","slug":"idc-pal-en-atencion-primaria-mini-piloto-del-sector-sanitario-de-barbastro-del-servicio-aragones-de-salud","status":"publish","type":"noticia-proyecto","link":"https:\/\/interreg-sudoe.eu\/en\/noticia-proyecto\/idc-pal-en-atencion-primaria-mini-piloto-del-sector-sanitario-de-barbastro-del-servicio-aragones-de-salud\/","title":{"rendered":"IDC-PAL en atenci\u00f3n primaria, mini-piloto del Sector Sanitario de Barbastro del Servicio Aragon\u00e9s de Salud"},"content":{"rendered":"<p>El Sector Sanitario de Barbastro del Servicio Aragon\u00e9s de Salud (SALUD), como miembro del proyecto HENKO NET complet\u00f3 el pasado mes de marzo el mini piloto de IDCPAL (Instrumento diagn\u00f3stico de la complejidad en cuidados paliativos) en pacientes paliativos.<\/p>\n<p>El piloto ha transcurrido entre los meses de noviembre 2025 y febrero de 2026. En este piloto se han evaluado 10 pacientes de edades comprendidas entre 55 y 92 a\u00f1os. \u00a0Nueve de ellos ten\u00edan un diagn\u00f3stico de proceso oncol\u00f3gico metast\u00e1sico y uno enfermedad cardio-pulmonar en fase avanzada.<\/p>\n<p><strong>El prop\u00f3sito de este piloto ha sido valorar la aplicaci\u00f3n de IDC-PAL para el triaje en atenci\u00f3n primaria.<\/strong> Esta herramienta permite al m\u00e9dico determinar el grado de complejidad en cuidados paliativos y coordinar de forma eficaz la derivaci\u00f3n al Equipo de Soporte de Atenci\u00f3n Domiciliaria (ESAD) u otros recursos sociales necesarios.<\/p>\n<p>Para facilitar la evaluaci\u00f3n de los pacientes, se ha digitalizado la herramienta y vinculado a la historia cl\u00ednica del paciente. De esta forma, el profesional m\u00e9dico pod\u00eda rellenar los datos directamente, y crear informes que se adjuntaron posteriormente a la historia cl\u00ednica.<\/p>\n<p>Los resultados del piloto identificaron 5 pacientes no complejos, 4 complejos (2 de los pacientes complejos se derivaron al ESAD) y 1 altamente complejo (por situaci\u00f3n familiar).<\/p>\n<p>El personal facultativo que ha participado en el piloto considera que el IDCPAL <strong>destaca por ser un recurso sencillo y pr\u00e1ctico para la atenci\u00f3n primaria, ya que no requiere c\u00e1lculos complejos y se integra en la valoraci\u00f3n biopsicosocial habitual del m\u00e9dico de familia<\/strong>. Al estructurar el razonamiento cl\u00ednico y recoger informaci\u00f3n integral, <strong>facilita la coordinaci\u00f3n entre niveles, justifica la necesidad de apoyo especializado y ayuda a identificar momentos clave<\/strong> <strong>para la planificaci\u00f3n anticipada<\/strong> de cuidados con el paciente. Es fundamental establecer un protocolo que defina el momento \u00f3ptimo y periodicidad de su aplicaci\u00f3n. Esta herramienta pone de manifiesto que se deben articular procedimientos para recoger datos cr\u00edticos que no siempre figuran en el historial, como el estado y la competencia real de la red de cuidados del paciente.<\/p>\n<p>El mini piloto del IDCPAL ha destacado el papel decisivo de atenci\u00f3n primaria a la hora de detectar cambios en la trayectoria de la enfermedad, fragilidad familiar o los momentos clave para iniciar planificaciones anticipadas. Este piloto ha contribuido al proyecto HENKO NET en uno de sus objetivos, que es <em>la elaboraci\u00f3n de una Estrategia conjunta formalizada para lograr una atenci\u00f3n integral, continuada y escalable en cuidados paliativos, gracias a tecnolog\u00edas digitales innovadoras, para mejorar la calidad asistencial en el domicilio de los pacientes y su bienestar.<img decoding=\"async\" class=\"aligncenter size-full wp-image-64711\" src=\"https:\/\/interreg-sudoe.eu\/wp-content\/uploads\/2026\/04\/Captura.jpg\" alt=\"\" width=\"261\" height=\"178\" \/><\/em><\/p>\n","protected":false},"excerpt":{"rendered":"<p>El Sector Sanitario de Barbastro del Servicio Aragon\u00e9s de Salud (SALUD), como miembro del proyecto HENKO NET complet\u00f3 el pasado mes de marzo el mini piloto de IDCPAL (Instrumento diagn\u00f3stico de la complejidad en cuidados paliativos) en pacientes paliativos. El piloto ha transcurrido entre los meses de noviembre 2025 y febrero de 2026. En este [&hellip;]<\/p>\n","protected":false},"author":4922,"featured_media":0,"parent":0,"template":"","meta":{"_acf_changed":false,"content-type":"","_monsterinsights_skip_tracking":false,"_monsterinsights_sitenote_active":false,"_monsterinsights_sitenote_note":"","_monsterinsights_sitenote_category":0},"class_list":["post-64712","noticia-proyecto","type-noticia-proyecto","status-publish","hentry"],"acf":[],"yoast_head":"<!-- This site is optimized with the Yoast SEO plugin v27.4 - https:\/\/yoast.com\/product\/yoast-seo-wordpress\/ -->\n<title>IDC-PAL en atenci\u00f3n primaria, mini-piloto del Sector Sanitario de Barbastro del Servicio Aragon\u00e9s de Salud - Interreg Sudoe<\/title>\n<meta name=\"robots\" content=\"index, follow, max-snippet:-1, max-image-preview:large, max-video-preview:-1\" \/>\n<link rel=\"canonical\" href=\"https:\/\/interreg-sudoe.eu\/en\/noticia-proyecto\/idc-pal-en-atencion-primaria-mini-piloto-del-sector-sanitario-de-barbastro-del-servicio-aragones-de-salud\/\" \/>\n<meta property=\"og:locale\" content=\"en_US\" \/>\n<meta property=\"og:type\" content=\"article\" \/>\n<meta property=\"og:title\" content=\"IDC-PAL en atenci\u00f3n primaria, mini-piloto del Sector Sanitario de Barbastro del Servicio Aragon\u00e9s de Salud - Interreg Sudoe\" \/>\n<meta property=\"og:description\" content=\"El Sector Sanitario de Barbastro del Servicio Aragon\u00e9s de Salud (SALUD), como miembro del proyecto HENKO NET complet\u00f3 el pasado mes de marzo el mini piloto de IDCPAL (Instrumento diagn\u00f3stico de la complejidad en cuidados paliativos) en pacientes paliativos. El piloto ha transcurrido entre los meses de noviembre 2025 y febrero de 2026. En este [&hellip;]\" \/>\n<meta property=\"og:url\" content=\"https:\/\/interreg-sudoe.eu\/en\/noticia-proyecto\/idc-pal-en-atencion-primaria-mini-piloto-del-sector-sanitario-de-barbastro-del-servicio-aragones-de-salud\/\" \/>\n<meta property=\"og:site_name\" content=\"Interreg Sudoe\" \/>\n<meta property=\"article:publisher\" content=\"https:\/\/www.facebook.com\/interregsudoe\" \/>\n<meta property=\"article:modified_time\" content=\"2026-04-27T16:31:13+00:00\" \/>\n<meta property=\"og:image\" content=\"https:\/\/interreg-sudoe.eu\/wp-content\/uploads\/2026\/04\/Captura.jpg\" \/>\n\t<meta property=\"og:image:width\" content=\"261\" \/>\n\t<meta property=\"og:image:height\" content=\"178\" \/>\n\t<meta property=\"og:image:type\" content=\"image\/jpeg\" \/>\n<meta name=\"twitter:card\" content=\"summary_large_image\" \/>\n<meta name=\"twitter:site\" content=\"@Sudoe5\" \/>\n<meta name=\"twitter:label1\" content=\"Est. reading time\" \/>\n\t<meta name=\"twitter:data1\" content=\"2 minutes\" \/>\n<script type=\"application\/ld+json\" class=\"yoast-schema-graph\">{\"@context\":\"https:\\\/\\\/schema.org\",\"@graph\":[{\"@type\":\"WebPage\",\"@id\":\"https:\\\/\\\/interreg-sudoe.eu\\\/en\\\/noticia-proyecto\\\/idc-pal-en-atencion-primaria-mini-piloto-del-sector-sanitario-de-barbastro-del-servicio-aragones-de-salud\\\/\",\"url\":\"https:\\\/\\\/interreg-sudoe.eu\\\/en\\\/noticia-proyecto\\\/idc-pal-en-atencion-primaria-mini-piloto-del-sector-sanitario-de-barbastro-del-servicio-aragones-de-salud\\\/\",\"name\":\"IDC-PAL en atenci\u00f3n primaria, mini-piloto del Sector Sanitario de Barbastro del Servicio Aragon\u00e9s de Salud - Interreg Sudoe\",\"isPartOf\":{\"@id\":\"https:\\\/\\\/interreg-sudoe.eu\\\/en\\\/#website\"},\"primaryImageOfPage\":{\"@id\":\"https:\\\/\\\/interreg-sudoe.eu\\\/en\\\/noticia-proyecto\\\/idc-pal-en-atencion-primaria-mini-piloto-del-sector-sanitario-de-barbastro-del-servicio-aragones-de-salud\\\/#primaryimage\"},\"image\":{\"@id\":\"https:\\\/\\\/interreg-sudoe.eu\\\/en\\\/noticia-proyecto\\\/idc-pal-en-atencion-primaria-mini-piloto-del-sector-sanitario-de-barbastro-del-servicio-aragones-de-salud\\\/#primaryimage\"},\"thumbnailUrl\":\"https:\\\/\\\/interreg-sudoe.eu\\\/wp-content\\\/uploads\\\/2026\\\/04\\\/Captura.jpg\",\"datePublished\":\"2026-04-27T16:30:21+00:00\",\"dateModified\":\"2026-04-27T16:31:13+00:00\",\"breadcrumb\":{\"@id\":\"https:\\\/\\\/interreg-sudoe.eu\\\/en\\\/noticia-proyecto\\\/idc-pal-en-atencion-primaria-mini-piloto-del-sector-sanitario-de-barbastro-del-servicio-aragones-de-salud\\\/#breadcrumb\"},\"inLanguage\":\"en-US\",\"potentialAction\":[{\"@type\":\"ReadAction\",\"target\":[\"https:\\\/\\\/interreg-sudoe.eu\\\/en\\\/noticia-proyecto\\\/idc-pal-en-atencion-primaria-mini-piloto-del-sector-sanitario-de-barbastro-del-servicio-aragones-de-salud\\\/\"]}]},{\"@type\":\"ImageObject\",\"inLanguage\":\"en-US\",\"@id\":\"https:\\\/\\\/interreg-sudoe.eu\\\/en\\\/noticia-proyecto\\\/idc-pal-en-atencion-primaria-mini-piloto-del-sector-sanitario-de-barbastro-del-servicio-aragones-de-salud\\\/#primaryimage\",\"url\":\"https:\\\/\\\/interreg-sudoe.eu\\\/wp-content\\\/uploads\\\/2026\\\/04\\\/Captura.jpg\",\"contentUrl\":\"https:\\\/\\\/interreg-sudoe.eu\\\/wp-content\\\/uploads\\\/2026\\\/04\\\/Captura.jpg\"},{\"@type\":\"BreadcrumbList\",\"@id\":\"https:\\\/\\\/interreg-sudoe.eu\\\/en\\\/noticia-proyecto\\\/idc-pal-en-atencion-primaria-mini-piloto-del-sector-sanitario-de-barbastro-del-servicio-aragones-de-salud\\\/#breadcrumb\",\"itemListElement\":[{\"@type\":\"ListItem\",\"position\":1,\"name\":\"Home\",\"item\":\"https:\\\/\\\/interreg-sudoe.eu\\\/en\\\/\"},{\"@type\":\"ListItem\",\"position\":2,\"name\":\"IDC-PAL en atenci\u00f3n primaria, mini-piloto del Sector Sanitario de Barbastro del Servicio Aragon\u00e9s de Salud\"}]},{\"@type\":\"WebSite\",\"@id\":\"https:\\\/\\\/interreg-sudoe.eu\\\/en\\\/#website\",\"url\":\"https:\\\/\\\/interreg-sudoe.eu\\\/en\\\/\",\"name\":\"Interreg Sudoe\",\"description\":\"Interreg Sudoe\",\"publisher\":{\"@id\":\"https:\\\/\\\/interreg-sudoe.eu\\\/en\\\/#organization\"},\"alternateName\":\"Interreg Sudoe\",\"potentialAction\":[{\"@type\":\"SearchAction\",\"target\":{\"@type\":\"EntryPoint\",\"urlTemplate\":\"https:\\\/\\\/interreg-sudoe.eu\\\/en\\\/?s={search_term_string}\"},\"query-input\":{\"@type\":\"PropertyValueSpecification\",\"valueRequired\":true,\"valueName\":\"search_term_string\"}}],\"inLanguage\":\"en-US\"},{\"@type\":\"Organization\",\"@id\":\"https:\\\/\\\/interreg-sudoe.eu\\\/en\\\/#organization\",\"name\":\"Interreg Sudoe\",\"alternateName\":\"Interreg Sudoe\",\"url\":\"https:\\\/\\\/interreg-sudoe.eu\\\/en\\\/\",\"logo\":{\"@type\":\"ImageObject\",\"inLanguage\":\"en-US\",\"@id\":\"https:\\\/\\\/interreg-sudoe.eu\\\/en\\\/#\\\/schema\\\/logo\\\/image\\\/\",\"url\":\"https:\\\/\\\/interreg-sudoe.eu\\\/wp-content\\\/uploads\\\/2024\\\/03\\\/logo-interreg.png\",\"contentUrl\":\"https:\\\/\\\/interreg-sudoe.eu\\\/wp-content\\\/uploads\\\/2024\\\/03\\\/logo-interreg.png\",\"width\":1200,\"height\":675,\"caption\":\"Interreg Sudoe\"},\"image\":{\"@id\":\"https:\\\/\\\/interreg-sudoe.eu\\\/en\\\/#\\\/schema\\\/logo\\\/image\\\/\"},\"sameAs\":[\"https:\\\/\\\/www.facebook.com\\\/interregsudoe\",\"https:\\\/\\\/x.com\\\/Sudoe5\",\"https:\\\/\\\/www.youtube.com\\\/channel\\\/UCeGx2edoB32beRc9dbKA2vw\",\"https:\\\/\\\/www.linkedin.com\\\/company\\\/interreg-sudoe-programme\\\/\",\"https:\\\/\\\/www.flickr.com\\\/photos\\\/148704685@N06\\\/\"]}]}<\/script>\n<!-- \/ Yoast SEO plugin. -->","yoast_head_json":{"title":"IDC-PAL en atenci\u00f3n primaria, mini-piloto del Sector Sanitario de Barbastro del Servicio Aragon\u00e9s de Salud - Interreg Sudoe","robots":{"index":"index","follow":"follow","max-snippet":"max-snippet:-1","max-image-preview":"max-image-preview:large","max-video-preview":"max-video-preview:-1"},"canonical":"https:\/\/interreg-sudoe.eu\/en\/noticia-proyecto\/idc-pal-en-atencion-primaria-mini-piloto-del-sector-sanitario-de-barbastro-del-servicio-aragones-de-salud\/","og_locale":"en_US","og_type":"article","og_title":"IDC-PAL en atenci\u00f3n primaria, mini-piloto del Sector Sanitario de Barbastro del Servicio Aragon\u00e9s de Salud - Interreg Sudoe","og_description":"El Sector Sanitario de Barbastro del Servicio Aragon\u00e9s de Salud (SALUD), como miembro del proyecto HENKO NET complet\u00f3 el pasado mes de marzo el mini piloto de IDCPAL (Instrumento diagn\u00f3stico de la complejidad en cuidados paliativos) en pacientes paliativos. El piloto ha transcurrido entre los meses de noviembre 2025 y febrero de 2026. En este [&hellip;]","og_url":"https:\/\/interreg-sudoe.eu\/en\/noticia-proyecto\/idc-pal-en-atencion-primaria-mini-piloto-del-sector-sanitario-de-barbastro-del-servicio-aragones-de-salud\/","og_site_name":"Interreg Sudoe","article_publisher":"https:\/\/www.facebook.com\/interregsudoe","article_modified_time":"2026-04-27T16:31:13+00:00","og_image":[{"width":261,"height":178,"url":"https:\/\/interreg-sudoe.eu\/wp-content\/uploads\/2026\/04\/Captura.jpg","type":"image\/jpeg"}],"twitter_card":"summary_large_image","twitter_site":"@Sudoe5","twitter_misc":{"Est. reading time":"2 minutes"},"schema":{"@context":"https:\/\/schema.org","@graph":[{"@type":"WebPage","@id":"https:\/\/interreg-sudoe.eu\/en\/noticia-proyecto\/idc-pal-en-atencion-primaria-mini-piloto-del-sector-sanitario-de-barbastro-del-servicio-aragones-de-salud\/","url":"https:\/\/interreg-sudoe.eu\/en\/noticia-proyecto\/idc-pal-en-atencion-primaria-mini-piloto-del-sector-sanitario-de-barbastro-del-servicio-aragones-de-salud\/","name":"IDC-PAL en atenci\u00f3n primaria, mini-piloto del Sector Sanitario de Barbastro del Servicio Aragon\u00e9s de Salud - Interreg Sudoe","isPartOf":{"@id":"https:\/\/interreg-sudoe.eu\/en\/#website"},"primaryImageOfPage":{"@id":"https:\/\/interreg-sudoe.eu\/en\/noticia-proyecto\/idc-pal-en-atencion-primaria-mini-piloto-del-sector-sanitario-de-barbastro-del-servicio-aragones-de-salud\/#primaryimage"},"image":{"@id":"https:\/\/interreg-sudoe.eu\/en\/noticia-proyecto\/idc-pal-en-atencion-primaria-mini-piloto-del-sector-sanitario-de-barbastro-del-servicio-aragones-de-salud\/#primaryimage"},"thumbnailUrl":"https:\/\/interreg-sudoe.eu\/wp-content\/uploads\/2026\/04\/Captura.jpg","datePublished":"2026-04-27T16:30:21+00:00","dateModified":"2026-04-27T16:31:13+00:00","breadcrumb":{"@id":"https:\/\/interreg-sudoe.eu\/en\/noticia-proyecto\/idc-pal-en-atencion-primaria-mini-piloto-del-sector-sanitario-de-barbastro-del-servicio-aragones-de-salud\/#breadcrumb"},"inLanguage":"en-US","potentialAction":[{"@type":"ReadAction","target":["https:\/\/interreg-sudoe.eu\/en\/noticia-proyecto\/idc-pal-en-atencion-primaria-mini-piloto-del-sector-sanitario-de-barbastro-del-servicio-aragones-de-salud\/"]}]},{"@type":"ImageObject","inLanguage":"en-US","@id":"https:\/\/interreg-sudoe.eu\/en\/noticia-proyecto\/idc-pal-en-atencion-primaria-mini-piloto-del-sector-sanitario-de-barbastro-del-servicio-aragones-de-salud\/#primaryimage","url":"https:\/\/interreg-sudoe.eu\/wp-content\/uploads\/2026\/04\/Captura.jpg","contentUrl":"https:\/\/interreg-sudoe.eu\/wp-content\/uploads\/2026\/04\/Captura.jpg"},{"@type":"BreadcrumbList","@id":"https:\/\/interreg-sudoe.eu\/en\/noticia-proyecto\/idc-pal-en-atencion-primaria-mini-piloto-del-sector-sanitario-de-barbastro-del-servicio-aragones-de-salud\/#breadcrumb","itemListElement":[{"@type":"ListItem","position":1,"name":"Home","item":"https:\/\/interreg-sudoe.eu\/en\/"},{"@type":"ListItem","position":2,"name":"IDC-PAL en atenci\u00f3n primaria, mini-piloto del Sector Sanitario de Barbastro del Servicio Aragon\u00e9s de Salud"}]},{"@type":"WebSite","@id":"https:\/\/interreg-sudoe.eu\/en\/#website","url":"https:\/\/interreg-sudoe.eu\/en\/","name":"Interreg Sudoe","description":"Interreg Sudoe","publisher":{"@id":"https:\/\/interreg-sudoe.eu\/en\/#organization"},"alternateName":"Interreg Sudoe","potentialAction":[{"@type":"SearchAction","target":{"@type":"EntryPoint","urlTemplate":"https:\/\/interreg-sudoe.eu\/en\/?s={search_term_string}"},"query-input":{"@type":"PropertyValueSpecification","valueRequired":true,"valueName":"search_term_string"}}],"inLanguage":"en-US"},{"@type":"Organization","@id":"https:\/\/interreg-sudoe.eu\/en\/#organization","name":"Interreg Sudoe","alternateName":"Interreg Sudoe","url":"https:\/\/interreg-sudoe.eu\/en\/","logo":{"@type":"ImageObject","inLanguage":"en-US","@id":"https:\/\/interreg-sudoe.eu\/en\/#\/schema\/logo\/image\/","url":"https:\/\/interreg-sudoe.eu\/wp-content\/uploads\/2024\/03\/logo-interreg.png","contentUrl":"https:\/\/interreg-sudoe.eu\/wp-content\/uploads\/2024\/03\/logo-interreg.png","width":1200,"height":675,"caption":"Interreg Sudoe"},"image":{"@id":"https:\/\/interreg-sudoe.eu\/en\/#\/schema\/logo\/image\/"},"sameAs":["https:\/\/www.facebook.com\/interregsudoe","https:\/\/x.com\/Sudoe5","https:\/\/www.youtube.com\/channel\/UCeGx2edoB32beRc9dbKA2vw","https:\/\/www.linkedin.com\/company\/interreg-sudoe-programme\/","https:\/\/www.flickr.com\/photos\/148704685@N06\/"]}]}},"_links":{"self":[{"href":"https:\/\/interreg-sudoe.eu\/en\/wp-json\/wp\/v2\/noticia-proyecto\/64712","targetHints":{"allow":["GET"]}}],"collection":[{"href":"https:\/\/interreg-sudoe.eu\/en\/wp-json\/wp\/v2\/noticia-proyecto"}],"about":[{"href":"https:\/\/interreg-sudoe.eu\/en\/wp-json\/wp\/v2\/types\/noticia-proyecto"}],"author":[{"embeddable":true,"href":"https:\/\/interreg-sudoe.eu\/en\/wp-json\/wp\/v2\/users\/4922"}],"wp:attachment":[{"href":"https:\/\/interreg-sudoe.eu\/en\/wp-json\/wp\/v2\/media?parent=64712"}],"curies":[{"name":"wp","href":"https:\/\/api.w.org\/{rel}","templated":true}]}}