{"id":64854,"date":"2026-04-28T12:02:32","date_gmt":"2026-04-28T10:02:32","guid":{"rendered":"https:\/\/interreg-sudoe.eu\/noticia-proyecto\/el-proyecto-geneus-se-posiciona-en-el-debate-cientifico-europeo-sobre-atencion-geriatrica-y-neuroquirurgica\/"},"modified":"2026-04-28T12:10:20","modified_gmt":"2026-04-28T10:10:20","slug":"el-proyecto-geneus-se-posiciona-en-el-debate-cientifico-europeo-sobre-atencion-geriatrica-y-neuroquirurgica","status":"publish","type":"noticia-proyecto","link":"https:\/\/interreg-sudoe.eu\/en\/noticia-proyecto\/el-proyecto-geneus-se-posiciona-en-el-debate-cientifico-europeo-sobre-atencion-geriatrica-y-neuroquirurgica\/","title":{"rendered":"The GENEUS project positions itself in the European scientific debate on geriatric and neurosurgical care"},"content":{"rendered":"<p>The GENEUS project team has recently published a scientific contribution in the journal European Geriatric Medicine in the form of a <a href=\"https:\/\/link.springer.com\/epdf\/10.1007\/s41999-026-01475-1?sharing_token=ZDLHRj6_RKD9ORyaFR_B-Pe4RwlQNchNByi7wbcMAY7-pwbI7HmNgIP-SQDfYlwk-LheybFXbHEnRAsKS0i9Bsvo6f9rjLRqEaeom4_ZaBc1if1YCRaymMuB0_XdrPDMXno6OZFWuA3Gkb6o0L3kwEeOHUoGuaTXDDm7i8g37PU%3D\">Letter to the Editor<\/a>, a brief academic publication format that is indexed and citable, and particularly valued as an exercise in critical analysis and scientific positioning.<br \/>\nThe text was written as a direct response to the article \u201cCollaborative care pathways in geriatrics and neurosurgery: a scoping review of current practices\u201d by Jesuyajolu et\u202fal., which analyzes the current state of collaborative care pathways between geriatrics and neurosurgery.<\/p>\n<p><strong>GENEUS as a potential response to the identified gaps<\/strong><\/p>\n<p>In their letter, the GENEUS authors acknowledge the relevance of the published review and highlight its main conclusions, while also pointing out structural limitations in the existing evidence, such as the high heterogeneity of the models described and the lack of standardization of care processes.<br \/>\nIn response to these gaps, the letter presents the GENEUS project as an initiative aimed at promoting more structured, comparable, and person\u2011centred collaborative models, contributing to the generation of transferable evidence across different healthcare systems. In this regard, GENEUS is working on the harmonization of geriatric\u2013neurosurgical care pathways in Portugal, Spain, and France, avoiding the proliferation of isolated protocols and advocating for a transnational and collaborative approach.<br \/>\nGENEUS also proposes a clear shift in focus: moving from a model centred on disease and the surgical episode toward one centred on the older person, with special attention to the prevention of iatrogenic dependency, a frequent phenomenon in older neurosurgical patients and one associated with factors such as prolonged immobilization.<br \/>\nTo this end, the project is developing an operational and reproducible \u201ctoolbox\u201d that enables the systematic assessment of key geriatric syndromes and the implementation of targeted interventions aimed at preserving functional capacity.<\/p>\n<p><strong>Strategic value for the project<\/strong><\/p>\n<p>Although this contribution does not constitute original research, it remains an indexed and citable output that reinforces the consortium\u2019s intellectual leadership and positions GENEUS within the European scientific debate on geriatric and neurosurgical care. Against the backdrop of a growing and complex geriatric population, the project addresses the urgent need for structured collaboration between geriatrics and neurosurgery, where mutual integration represents both a clinical necessity and a strategic opportunity. GENEUS aims to harmonize care pathways across the SUDOE territories, deploying a practical toolbox applicable before, during, and after hospitalization, and promoting its adoption by healthcare institutions and authorities. Beyond neurosurgery, the project acts as a laboratory for integrated care in older adults, producing transferable and reproducible geriatric models to adapt healthcare systems to population aging across disciplines in Europe.<\/p>\n","protected":false},"excerpt":{"rendered":"<p>A equipa do projeto GENEUS publicou recentemente uma contribui\u00e7\u00e3o cient\u00edfica na revista European Geriatric Medicine sob a forma de uma Letter to the Editor, um formato de publica\u00e7\u00e3o acad\u00e9mica breve, indexada e cit\u00e1vel, particularmente valorizado como exerc\u00edcio de an\u00e1lise cr\u00edtica e posicionamento cient\u00edfico.<\/p>\n","protected":false},"author":4918,"featured_media":64825,"parent":0,"template":"","meta":{"_acf_changed":false,"content-type":"","_monsterinsights_skip_tracking":false,"_monsterinsights_sitenote_active":false,"_monsterinsights_sitenote_note":"","_monsterinsights_sitenote_category":0},"class_list":["post-64854","noticia-proyecto","type-noticia-proyecto","status-publish","has-post-thumbnail","hentry"],"acf":[],"yoast_head":"<!-- This site is optimized with the Yoast SEO plugin v27.4 - https:\/\/yoast.com\/product\/yoast-seo-wordpress\/ -->\n<title>The GENEUS project positions itself in the European scientific debate on geriatric and neurosurgical care - Interreg Sudoe<\/title>\n<meta name=\"robots\" content=\"index, follow, max-snippet:-1, max-image-preview:large, max-video-preview:-1\" \/>\n<link rel=\"canonical\" href=\"https:\/\/interreg-sudoe.eu\/en\/noticia-proyecto\/el-proyecto-geneus-se-posiciona-en-el-debate-cientifico-europeo-sobre-atencion-geriatrica-y-neuroquirurgica\/\" \/>\n<meta property=\"og:locale\" content=\"en_US\" \/>\n<meta property=\"og:type\" content=\"article\" \/>\n<meta property=\"og:title\" content=\"The GENEUS project positions itself in the European scientific debate on geriatric and neurosurgical care - Interreg Sudoe\" \/>\n<meta property=\"og:description\" content=\"A equipa do projeto GENEUS publicou recentemente uma contribui\u00e7\u00e3o cient\u00edfica na revista European Geriatric Medicine sob a forma de uma Letter to the Editor, um formato de publica\u00e7\u00e3o acad\u00e9mica breve, indexada e cit\u00e1vel, particularmente valorizado como exerc\u00edcio de an\u00e1lise cr\u00edtica e posicionamento cient\u00edfico.\" \/>\n<meta property=\"og:url\" content=\"https:\/\/interreg-sudoe.eu\/en\/noticia-proyecto\/el-proyecto-geneus-se-posiciona-en-el-debate-cientifico-europeo-sobre-atencion-geriatrica-y-neuroquirurgica\/\" \/>\n<meta property=\"og:site_name\" content=\"Interreg Sudoe\" \/>\n<meta property=\"article:publisher\" content=\"https:\/\/www.facebook.com\/interregsudoe\" \/>\n<meta property=\"article:modified_time\" content=\"2026-04-28T10:10:20+00:00\" \/>\n<meta property=\"og:image\" content=\"https:\/\/interreg-sudoe.eu\/wp-content\/uploads\/2026\/04\/geneus-paper.jpg\" \/>\n\t<meta property=\"og:image:width\" content=\"1326\" \/>\n\t<meta property=\"og:image:height\" content=\"832\" \/>\n\t<meta property=\"og:image:type\" content=\"image\/jpeg\" \/>\n<meta name=\"twitter:card\" content=\"summary_large_image\" \/>\n<meta name=\"twitter:site\" content=\"@Sudoe5\" \/>\n<meta name=\"twitter:label1\" content=\"Est. reading time\" \/>\n\t<meta name=\"twitter:data1\" content=\"2 minutes\" \/>\n<script type=\"application\/ld+json\" class=\"yoast-schema-graph\">{\"@context\":\"https:\\\/\\\/schema.org\",\"@graph\":[{\"@type\":\"WebPage\",\"@id\":\"https:\\\/\\\/interreg-sudoe.eu\\\/en\\\/noticia-proyecto\\\/el-proyecto-geneus-se-posiciona-en-el-debate-cientifico-europeo-sobre-atencion-geriatrica-y-neuroquirurgica\\\/\",\"url\":\"https:\\\/\\\/interreg-sudoe.eu\\\/en\\\/noticia-proyecto\\\/el-proyecto-geneus-se-posiciona-en-el-debate-cientifico-europeo-sobre-atencion-geriatrica-y-neuroquirurgica\\\/\",\"name\":\"The GENEUS project positions itself in the European scientific debate on geriatric and neurosurgical care - Interreg Sudoe\",\"isPartOf\":{\"@id\":\"https:\\\/\\\/interreg-sudoe.eu\\\/en\\\/#website\"},\"primaryImageOfPage\":{\"@id\":\"https:\\\/\\\/interreg-sudoe.eu\\\/en\\\/noticia-proyecto\\\/el-proyecto-geneus-se-posiciona-en-el-debate-cientifico-europeo-sobre-atencion-geriatrica-y-neuroquirurgica\\\/#primaryimage\"},\"image\":{\"@id\":\"https:\\\/\\\/interreg-sudoe.eu\\\/en\\\/noticia-proyecto\\\/el-proyecto-geneus-se-posiciona-en-el-debate-cientifico-europeo-sobre-atencion-geriatrica-y-neuroquirurgica\\\/#primaryimage\"},\"thumbnailUrl\":\"https:\\\/\\\/interreg-sudoe.eu\\\/wp-content\\\/uploads\\\/2026\\\/04\\\/geneus-paper.jpg\",\"datePublished\":\"2026-04-28T10:02:32+00:00\",\"dateModified\":\"2026-04-28T10:10:20+00:00\",\"breadcrumb\":{\"@id\":\"https:\\\/\\\/interreg-sudoe.eu\\\/en\\\/noticia-proyecto\\\/el-proyecto-geneus-se-posiciona-en-el-debate-cientifico-europeo-sobre-atencion-geriatrica-y-neuroquirurgica\\\/#breadcrumb\"},\"inLanguage\":\"en-US\",\"potentialAction\":[{\"@type\":\"ReadAction\",\"target\":[\"https:\\\/\\\/interreg-sudoe.eu\\\/en\\\/noticia-proyecto\\\/el-proyecto-geneus-se-posiciona-en-el-debate-cientifico-europeo-sobre-atencion-geriatrica-y-neuroquirurgica\\\/\"]}]},{\"@type\":\"ImageObject\",\"inLanguage\":\"en-US\",\"@id\":\"https:\\\/\\\/interreg-sudoe.eu\\\/en\\\/noticia-proyecto\\\/el-proyecto-geneus-se-posiciona-en-el-debate-cientifico-europeo-sobre-atencion-geriatrica-y-neuroquirurgica\\\/#primaryimage\",\"url\":\"https:\\\/\\\/interreg-sudoe.eu\\\/wp-content\\\/uploads\\\/2026\\\/04\\\/geneus-paper.jpg\",\"contentUrl\":\"https:\\\/\\\/interreg-sudoe.eu\\\/wp-content\\\/uploads\\\/2026\\\/04\\\/geneus-paper.jpg\",\"width\":1326,\"height\":832},{\"@type\":\"BreadcrumbList\",\"@id\":\"https:\\\/\\\/interreg-sudoe.eu\\\/en\\\/noticia-proyecto\\\/el-proyecto-geneus-se-posiciona-en-el-debate-cientifico-europeo-sobre-atencion-geriatrica-y-neuroquirurgica\\\/#breadcrumb\",\"itemListElement\":[{\"@type\":\"ListItem\",\"position\":1,\"name\":\"Home\",\"item\":\"https:\\\/\\\/interreg-sudoe.eu\\\/en\\\/\"},{\"@type\":\"ListItem\",\"position\":2,\"name\":\"The GENEUS project positions itself in the European scientific debate on geriatric and neurosurgical care\"}]},{\"@type\":\"WebSite\",\"@id\":\"https:\\\/\\\/interreg-sudoe.eu\\\/en\\\/#website\",\"url\":\"https:\\\/\\\/interreg-sudoe.eu\\\/en\\\/\",\"name\":\"Interreg Sudoe\",\"description\":\"Interreg Sudoe\",\"publisher\":{\"@id\":\"https:\\\/\\\/interreg-sudoe.eu\\\/en\\\/#organization\"},\"alternateName\":\"Interreg Sudoe\",\"potentialAction\":[{\"@type\":\"SearchAction\",\"target\":{\"@type\":\"EntryPoint\",\"urlTemplate\":\"https:\\\/\\\/interreg-sudoe.eu\\\/en\\\/?s={search_term_string}\"},\"query-input\":{\"@type\":\"PropertyValueSpecification\",\"valueRequired\":true,\"valueName\":\"search_term_string\"}}],\"inLanguage\":\"en-US\"},{\"@type\":\"Organization\",\"@id\":\"https:\\\/\\\/interreg-sudoe.eu\\\/en\\\/#organization\",\"name\":\"Interreg Sudoe\",\"alternateName\":\"Interreg Sudoe\",\"url\":\"https:\\\/\\\/interreg-sudoe.eu\\\/en\\\/\",\"logo\":{\"@type\":\"ImageObject\",\"inLanguage\":\"en-US\",\"@id\":\"https:\\\/\\\/interreg-sudoe.eu\\\/en\\\/#\\\/schema\\\/logo\\\/image\\\/\",\"url\":\"https:\\\/\\\/interreg-sudoe.eu\\\/wp-content\\\/uploads\\\/2024\\\/03\\\/logo-interreg.png\",\"contentUrl\":\"https:\\\/\\\/interreg-sudoe.eu\\\/wp-content\\\/uploads\\\/2024\\\/03\\\/logo-interreg.png\",\"width\":1200,\"height\":675,\"caption\":\"Interreg Sudoe\"},\"image\":{\"@id\":\"https:\\\/\\\/interreg-sudoe.eu\\\/en\\\/#\\\/schema\\\/logo\\\/image\\\/\"},\"sameAs\":[\"https:\\\/\\\/www.facebook.com\\\/interregsudoe\",\"https:\\\/\\\/x.com\\\/Sudoe5\",\"https:\\\/\\\/www.youtube.com\\\/channel\\\/UCeGx2edoB32beRc9dbKA2vw\",\"https:\\\/\\\/www.linkedin.com\\\/company\\\/interreg-sudoe-programme\\\/\",\"https:\\\/\\\/www.flickr.com\\\/photos\\\/148704685@N06\\\/\"]}]}<\/script>\n<!-- \/ Yoast SEO plugin. -->","yoast_head_json":{"title":"The GENEUS project positions itself in the European scientific debate on geriatric and neurosurgical care - Interreg Sudoe","robots":{"index":"index","follow":"follow","max-snippet":"max-snippet:-1","max-image-preview":"max-image-preview:large","max-video-preview":"max-video-preview:-1"},"canonical":"https:\/\/interreg-sudoe.eu\/en\/noticia-proyecto\/el-proyecto-geneus-se-posiciona-en-el-debate-cientifico-europeo-sobre-atencion-geriatrica-y-neuroquirurgica\/","og_locale":"en_US","og_type":"article","og_title":"The GENEUS project positions itself in the European scientific debate on geriatric and neurosurgical care - Interreg Sudoe","og_description":"A equipa do projeto GENEUS publicou recentemente uma contribui\u00e7\u00e3o cient\u00edfica na revista European Geriatric Medicine sob a forma de uma Letter to the Editor, um formato de publica\u00e7\u00e3o acad\u00e9mica breve, indexada e cit\u00e1vel, particularmente valorizado como exerc\u00edcio de an\u00e1lise cr\u00edtica e posicionamento cient\u00edfico.","og_url":"https:\/\/interreg-sudoe.eu\/en\/noticia-proyecto\/el-proyecto-geneus-se-posiciona-en-el-debate-cientifico-europeo-sobre-atencion-geriatrica-y-neuroquirurgica\/","og_site_name":"Interreg Sudoe","article_publisher":"https:\/\/www.facebook.com\/interregsudoe","article_modified_time":"2026-04-28T10:10:20+00:00","og_image":[{"width":1326,"height":832,"url":"https:\/\/interreg-sudoe.eu\/wp-content\/uploads\/2026\/04\/geneus-paper.jpg","type":"image\/jpeg"}],"twitter_card":"summary_large_image","twitter_site":"@Sudoe5","twitter_misc":{"Est. reading time":"2 minutes"},"schema":{"@context":"https:\/\/schema.org","@graph":[{"@type":"WebPage","@id":"https:\/\/interreg-sudoe.eu\/en\/noticia-proyecto\/el-proyecto-geneus-se-posiciona-en-el-debate-cientifico-europeo-sobre-atencion-geriatrica-y-neuroquirurgica\/","url":"https:\/\/interreg-sudoe.eu\/en\/noticia-proyecto\/el-proyecto-geneus-se-posiciona-en-el-debate-cientifico-europeo-sobre-atencion-geriatrica-y-neuroquirurgica\/","name":"The GENEUS project positions itself in the European scientific debate on geriatric and neurosurgical care - Interreg Sudoe","isPartOf":{"@id":"https:\/\/interreg-sudoe.eu\/en\/#website"},"primaryImageOfPage":{"@id":"https:\/\/interreg-sudoe.eu\/en\/noticia-proyecto\/el-proyecto-geneus-se-posiciona-en-el-debate-cientifico-europeo-sobre-atencion-geriatrica-y-neuroquirurgica\/#primaryimage"},"image":{"@id":"https:\/\/interreg-sudoe.eu\/en\/noticia-proyecto\/el-proyecto-geneus-se-posiciona-en-el-debate-cientifico-europeo-sobre-atencion-geriatrica-y-neuroquirurgica\/#primaryimage"},"thumbnailUrl":"https:\/\/interreg-sudoe.eu\/wp-content\/uploads\/2026\/04\/geneus-paper.jpg","datePublished":"2026-04-28T10:02:32+00:00","dateModified":"2026-04-28T10:10:20+00:00","breadcrumb":{"@id":"https:\/\/interreg-sudoe.eu\/en\/noticia-proyecto\/el-proyecto-geneus-se-posiciona-en-el-debate-cientifico-europeo-sobre-atencion-geriatrica-y-neuroquirurgica\/#breadcrumb"},"inLanguage":"en-US","potentialAction":[{"@type":"ReadAction","target":["https:\/\/interreg-sudoe.eu\/en\/noticia-proyecto\/el-proyecto-geneus-se-posiciona-en-el-debate-cientifico-europeo-sobre-atencion-geriatrica-y-neuroquirurgica\/"]}]},{"@type":"ImageObject","inLanguage":"en-US","@id":"https:\/\/interreg-sudoe.eu\/en\/noticia-proyecto\/el-proyecto-geneus-se-posiciona-en-el-debate-cientifico-europeo-sobre-atencion-geriatrica-y-neuroquirurgica\/#primaryimage","url":"https:\/\/interreg-sudoe.eu\/wp-content\/uploads\/2026\/04\/geneus-paper.jpg","contentUrl":"https:\/\/interreg-sudoe.eu\/wp-content\/uploads\/2026\/04\/geneus-paper.jpg","width":1326,"height":832},{"@type":"BreadcrumbList","@id":"https:\/\/interreg-sudoe.eu\/en\/noticia-proyecto\/el-proyecto-geneus-se-posiciona-en-el-debate-cientifico-europeo-sobre-atencion-geriatrica-y-neuroquirurgica\/#breadcrumb","itemListElement":[{"@type":"ListItem","position":1,"name":"Home","item":"https:\/\/interreg-sudoe.eu\/en\/"},{"@type":"ListItem","position":2,"name":"The GENEUS project positions itself in the European scientific debate on geriatric and neurosurgical care"}]},{"@type":"WebSite","@id":"https:\/\/interreg-sudoe.eu\/en\/#website","url":"https:\/\/interreg-sudoe.eu\/en\/","name":"Interreg Sudoe","description":"Interreg Sudoe","publisher":{"@id":"https:\/\/interreg-sudoe.eu\/en\/#organization"},"alternateName":"Interreg Sudoe","potentialAction":[{"@type":"SearchAction","target":{"@type":"EntryPoint","urlTemplate":"https:\/\/interreg-sudoe.eu\/en\/?s={search_term_string}"},"query-input":{"@type":"PropertyValueSpecification","valueRequired":true,"valueName":"search_term_string"}}],"inLanguage":"en-US"},{"@type":"Organization","@id":"https:\/\/interreg-sudoe.eu\/en\/#organization","name":"Interreg Sudoe","alternateName":"Interreg Sudoe","url":"https:\/\/interreg-sudoe.eu\/en\/","logo":{"@type":"ImageObject","inLanguage":"en-US","@id":"https:\/\/interreg-sudoe.eu\/en\/#\/schema\/logo\/image\/","url":"https:\/\/interreg-sudoe.eu\/wp-content\/uploads\/2024\/03\/logo-interreg.png","contentUrl":"https:\/\/interreg-sudoe.eu\/wp-content\/uploads\/2024\/03\/logo-interreg.png","width":1200,"height":675,"caption":"Interreg Sudoe"},"image":{"@id":"https:\/\/interreg-sudoe.eu\/en\/#\/schema\/logo\/image\/"},"sameAs":["https:\/\/www.facebook.com\/interregsudoe","https:\/\/x.com\/Sudoe5","https:\/\/www.youtube.com\/channel\/UCeGx2edoB32beRc9dbKA2vw","https:\/\/www.linkedin.com\/company\/interreg-sudoe-programme\/","https:\/\/www.flickr.com\/photos\/148704685@N06\/"]}]}},"_links":{"self":[{"href":"https:\/\/interreg-sudoe.eu\/en\/wp-json\/wp\/v2\/noticia-proyecto\/64854","targetHints":{"allow":["GET"]}}],"collection":[{"href":"https:\/\/interreg-sudoe.eu\/en\/wp-json\/wp\/v2\/noticia-proyecto"}],"about":[{"href":"https:\/\/interreg-sudoe.eu\/en\/wp-json\/wp\/v2\/types\/noticia-proyecto"}],"author":[{"embeddable":true,"href":"https:\/\/interreg-sudoe.eu\/en\/wp-json\/wp\/v2\/users\/4918"}],"wp:featuredmedia":[{"embeddable":true,"href":"https:\/\/interreg-sudoe.eu\/en\/wp-json\/wp\/v2\/media\/64825"}],"wp:attachment":[{"href":"https:\/\/interreg-sudoe.eu\/en\/wp-json\/wp\/v2\/media?parent=64854"}],"curies":[{"name":"wp","href":"https:\/\/api.w.org\/{rel}","templated":true}]}}