{"id":50986,"date":"2025-09-01T18:44:12","date_gmt":"2025-09-01T16:44:12","guid":{"rendered":"https:\/\/interreg-sudoe.eu\/digitvc-seleccionado-entre-los-finalistas-de-los-premios-regiostars-2025\/sin-categorizar\/"},"modified":"2026-02-12T12:25:17","modified_gmt":"2026-02-12T11:25:17","slug":"digitvc-seleccionado-entre-los-finalistas-de-los-premios-regiostars-2025","status":"publish","type":"post","link":"https:\/\/interreg-sudoe.eu\/en\/digitvc-seleccionado-entre-los-finalistas-de-los-premios-regiostars-2025\/general-en\/","title":{"rendered":"DigiTVC selected among the finalists of the REGIOSTARS Awards 2025 competition"},"content":{"rendered":"\t\t<div data-elementor-type=\"wp-post\" data-elementor-id=\"50986\" class=\"elementor elementor-50986 elementor-50965\" data-elementor-post-type=\"post\">\n\t\t\t\t<div class=\"elementor-element elementor-element-2b1a6f32 e-flex e-con-boxed e-con e-parent\" data-id=\"2b1a6f32\" data-element_type=\"container\" data-e-type=\"container\" data-settings=\"{&quot;jet_parallax_layout_list&quot;:[]}\">\n\t\t\t\t\t<div class=\"e-con-inner\">\n\t\t\t\t<div class=\"elementor-element elementor-element-2252c247 elementor-widget elementor-widget-text-editor\" data-id=\"2252c247\" data-element_type=\"widget\" data-e-type=\"widget\" data-widget_type=\"text-editor.default\">\n\t\t\t\t\t\t\t\t\t<p>El proyecto Interreg Sudoe 2014-2020 DigiTVC \u00abDigitalizaci\u00f3n de la cadena de valor Textil\u00bb acaba de conseguir una plaza de finalista en el prestigioso concurso REGIOSTARS 2025.<\/p><p>Un reconocimiento notable para el consorcio del proyecto, liderado por la Confederaci\u00f3n de la Industria Textil, TEXFOR, que ha logrado convencer al jurado europeo para ser seleccionado entre los 25 finalistas de 266 candidaturas &#8211; una tasa de selecci\u00f3n inferior al 10% que subraya la excelencia del proyecto.<\/p><p>REGIOSTARS es el concurso anual de la Comisi\u00f3n Europea que distingue los proyectos financiados por la Uni\u00f3n Europea m\u00e1s innovadores y eficaces en las regiones europeas.<\/p><p>DigiTVC compite en la categor\u00eda &#8220;Una Europa competitiva e inteligente&#8221;, reflejando perfectamente su misi\u00f3n de transformar la industria textil europea mediante la digitalizaci\u00f3n para reforzar su competitividad ante los desaf\u00edos del mercado mundial.<\/p><p>Esta nominaci\u00f3n premia los esfuerzos del consorcio para desarrollar soluciones digitales concretas que revolucionan los procesos de producci\u00f3n textil y fortalecen el ecosistema industrial del suroeste de Europa.<\/p><p><strong>Desde el 2 de septiembre hasta el 15 de octubre al mediod\u00eda, la votaci\u00f3n en l\u00ednea est\u00e1 abierta para que el p\u00fablico pueda votar por su finalista favorito y otorgarle el Premio del P\u00fablico.<\/strong><\/p><p>\ud83d\udd17 M\u00e1s informaci\u00f3n sobre <a href=\"https:\/\/ec.europa.eu\/regional_policy\/projects\/regio-stars-awards_en\" target=\"_blank\" rel=\"noopener\">REGIOSTARS 2025<\/a><\/p><p>\ud83d\udd17Descubre las innovaciones que han conquistado a Europa en la p\u00e1gina Web del proyecto <a href=\"https:\/\/digitvc.eu\/\" target=\"_blank\" rel=\"noopener\">DigiTVC<\/a>.<\/p>\t\t\t\t\t\t\t\t<\/div>\n\t\t\t\t\t<\/div>\n\t\t\t\t<\/div>\n\t\t<div class=\"elementor-element elementor-element-b473b3f e-flex e-con-boxed e-con e-parent\" data-id=\"b473b3f\" data-element_type=\"container\" data-e-type=\"container\" data-settings=\"{&quot;jet_parallax_layout_list&quot;:[]}\">\n\t\t\t\t\t<div class=\"e-con-inner\">\n\t\t\t\t<div class=\"elementor-element elementor-element-6cd158a elementor-cta--skin-classic elementor-animated-content elementor-bg-transform elementor-bg-transform-zoom-in elementor-widget elementor-widget-call-to-action\" data-id=\"6cd158a\" data-element_type=\"widget\" data-e-type=\"widget\" data-widget_type=\"call-to-action.default\">\n\t\t\t\t\t\t\t<div class=\"elementor-cta\">\n\t\t\t\t\t<div class=\"elementor-cta__bg-wrapper\">\n\t\t\t\t<div class=\"elementor-cta__bg elementor-bg\" style=\"background-image: url(https:\/\/interreg-sudoe.eu\/wp-content\/uploads\/2025\/09\/Vote_DigiTVC-1024x538.jpg);\" role=\"img\" aria-label=\"Vote_DigiTVC\"><\/div>\n\t\t\t\t<div class=\"elementor-cta__bg-overlay\"><\/div>\n\t\t\t<\/div>\n\t\t\t\t\t\t\t<div class=\"elementor-cta__content\">\n\t\t\t\t\n\t\t\t\t\t\t\t\t\t<h2 class=\"elementor-cta__title elementor-cta__content-item elementor-content-item\">\n\t\t\t\t\t\tPublic voting opens on 2 September! \t\t\t\t\t<\/h2>\n\t\t\t\t\n\t\t\t\t\t\t\t\t\t<div class=\"elementor-cta__description elementor-cta__content-item elementor-content-item\">\n\t\t\t\t\t\tWe are counting on your support to win the public prize!\t\t\t\t\t<\/div>\n\t\t\t\t\n\t\t\t\t\t\t\t\t\t<div class=\"elementor-cta__button-wrapper elementor-cta__content-item elementor-content-item \">\n\t\t\t\t\t<a class=\"elementor-cta__button elementor-button elementor-size-\" href=\"https:\/\/ec.europa.eu\/regional_policy\/projects\/regio-stars-awards_en\" target=\"_blank\">\n\t\t\t\t\t\tVote for DigiTVC!\t\t\t\t\t<\/a>\n\t\t\t\t\t<\/div>\n\t\t\t\t\t\t\t<\/div>\n\t\t\t\t\t\t<\/div>\n\t\t\t\t\t\t<\/div>\n\t\t\t\t\t<\/div>\n\t\t\t\t<\/div>\n\t\t\t\t<\/div>\n\t\t","protected":false},"excerpt":{"rendered":"<p>El proyecto Interreg Sudoe 2014-2020 DigiTVC \u00abDigitalizaci\u00f3n de la cadena de valor Textil\u00bb acaba de conseguir una plaza de finalista en el prestigioso concurso REGIOSTARS 2025. Un reconocimiento notable para el consorcio del proyecto, liderado por la Confederaci\u00f3n de la Industria Textil, TEXFOR, que ha logrado convencer al jurado europeo para ser seleccionado entre los [&hellip;]<\/p>\n","protected":false},"author":4334,"featured_media":50969,"comment_status":"closed","ping_status":"closed","sticky":false,"template":"","format":"standard","meta":{"_acf_changed":false,"content-type":"","_monsterinsights_skip_tracking":false,"_monsterinsights_sitenote_active":false,"_monsterinsights_sitenote_note":"","_monsterinsights_sitenote_category":0,"footnotes":""},"categories":[1923],"tags":[],"publicacion--inicio":[3164],"class_list":["post-50986","post","type-post","status-publish","format-standard","has-post-thumbnail","hentry","category-general-en","publicacion--inicio-publicacion-inicio-en"],"acf":[],"yoast_head":"<!-- This site is optimized with the Yoast SEO plugin v27.4 - https:\/\/yoast.com\/product\/yoast-seo-wordpress\/ -->\n<title>DigiTVC selected among the finalists of the REGIOSTARS Awards 2025 competition - Interreg Sudoe<\/title>\n<meta name=\"robots\" content=\"index, follow, max-snippet:-1, max-image-preview:large, max-video-preview:-1\" \/>\n<link rel=\"canonical\" href=\"https:\/\/interreg-sudoe.eu\/en\/digitvc-seleccionado-entre-los-finalistas-de-los-premios-regiostars-2025\/general-en\/\" \/>\n<meta property=\"og:locale\" content=\"en_US\" \/>\n<meta property=\"og:type\" content=\"article\" \/>\n<meta property=\"og:title\" content=\"DigiTVC selected among the finalists of the REGIOSTARS Awards 2025 competition - Interreg Sudoe\" \/>\n<meta property=\"og:description\" content=\"El proyecto Interreg Sudoe 2014-2020 DigiTVC \u00abDigitalizaci\u00f3n de la cadena de valor Textil\u00bb acaba de conseguir una plaza de finalista en el prestigioso concurso REGIOSTARS 2025. Un reconocimiento notable para el consorcio del proyecto, liderado por la Confederaci\u00f3n de la Industria Textil, TEXFOR, que ha logrado convencer al jurado europeo para ser seleccionado entre los [&hellip;]\" \/>\n<meta property=\"og:url\" content=\"https:\/\/interreg-sudoe.eu\/en\/digitvc-seleccionado-entre-los-finalistas-de-los-premios-regiostars-2025\/general-en\/\" \/>\n<meta property=\"og:site_name\" content=\"Interreg Sudoe\" \/>\n<meta property=\"article:publisher\" content=\"https:\/\/www.facebook.com\/interregsudoe\" \/>\n<meta property=\"article:published_time\" content=\"2025-09-01T16:44:12+00:00\" \/>\n<meta property=\"article:modified_time\" content=\"2026-02-12T11:25:17+00:00\" \/>\n<meta property=\"og:image\" content=\"https:\/\/interreg-sudoe.eu\/wp-content\/uploads\/2025\/09\/DIGITVC-REGIOSTARS.jpg\" \/>\n\t<meta property=\"og:image:width\" content=\"1120\" \/>\n\t<meta property=\"og:image:height\" content=\"660\" \/>\n\t<meta property=\"og:image:type\" content=\"image\/jpeg\" \/>\n<meta name=\"author\" content=\"isabelle roger\" \/>\n<meta name=\"twitter:card\" content=\"summary_large_image\" \/>\n<meta name=\"twitter:creator\" content=\"@Sudoe5\" \/>\n<meta name=\"twitter:site\" content=\"@Sudoe5\" \/>\n<meta name=\"twitter:label1\" content=\"Written by\" \/>\n\t<meta name=\"twitter:data1\" content=\"isabelle roger\" \/>\n\t<meta name=\"twitter:label2\" content=\"Est. reading time\" \/>\n\t<meta name=\"twitter:data2\" content=\"2 minutes\" \/>\n<script type=\"application\/ld+json\" class=\"yoast-schema-graph\">{\"@context\":\"https:\\\/\\\/schema.org\",\"@graph\":[{\"@type\":\"Article\",\"@id\":\"https:\\\/\\\/interreg-sudoe.eu\\\/en\\\/digitvc-seleccionado-entre-los-finalistas-de-los-premios-regiostars-2025\\\/general-en\\\/#article\",\"isPartOf\":{\"@id\":\"https:\\\/\\\/interreg-sudoe.eu\\\/en\\\/digitvc-seleccionado-entre-los-finalistas-de-los-premios-regiostars-2025\\\/general-en\\\/\"},\"author\":{\"name\":\"isabelle roger\",\"@id\":\"https:\\\/\\\/interreg-sudoe.eu\\\/en\\\/#\\\/schema\\\/person\\\/5debb79d953bf7990cff10c01f710acb\"},\"headline\":\"DigiTVC selected among the finalists of the REGIOSTARS Awards 2025 competition\",\"datePublished\":\"2025-09-01T16:44:12+00:00\",\"dateModified\":\"2026-02-12T11:25:17+00:00\",\"mainEntityOfPage\":{\"@id\":\"https:\\\/\\\/interreg-sudoe.eu\\\/en\\\/digitvc-seleccionado-entre-los-finalistas-de-los-premios-regiostars-2025\\\/general-en\\\/\"},\"wordCount\":257,\"publisher\":{\"@id\":\"https:\\\/\\\/interreg-sudoe.eu\\\/en\\\/#organization\"},\"image\":{\"@id\":\"https:\\\/\\\/interreg-sudoe.eu\\\/en\\\/digitvc-seleccionado-entre-los-finalistas-de-los-premios-regiostars-2025\\\/general-en\\\/#primaryimage\"},\"thumbnailUrl\":\"https:\\\/\\\/interreg-sudoe.eu\\\/wp-content\\\/uploads\\\/2025\\\/09\\\/DIGITVC-REGIOSTARS.jpg\",\"articleSection\":[\"General\"],\"inLanguage\":\"en-US\"},{\"@type\":\"WebPage\",\"@id\":\"https:\\\/\\\/interreg-sudoe.eu\\\/en\\\/digitvc-seleccionado-entre-los-finalistas-de-los-premios-regiostars-2025\\\/general-en\\\/\",\"url\":\"https:\\\/\\\/interreg-sudoe.eu\\\/en\\\/digitvc-seleccionado-entre-los-finalistas-de-los-premios-regiostars-2025\\\/general-en\\\/\",\"name\":\"DigiTVC selected among the finalists of the REGIOSTARS Awards 2025 competition - Interreg Sudoe\",\"isPartOf\":{\"@id\":\"https:\\\/\\\/interreg-sudoe.eu\\\/en\\\/#website\"},\"primaryImageOfPage\":{\"@id\":\"https:\\\/\\\/interreg-sudoe.eu\\\/en\\\/digitvc-seleccionado-entre-los-finalistas-de-los-premios-regiostars-2025\\\/general-en\\\/#primaryimage\"},\"image\":{\"@id\":\"https:\\\/\\\/interreg-sudoe.eu\\\/en\\\/digitvc-seleccionado-entre-los-finalistas-de-los-premios-regiostars-2025\\\/general-en\\\/#primaryimage\"},\"thumbnailUrl\":\"https:\\\/\\\/interreg-sudoe.eu\\\/wp-content\\\/uploads\\\/2025\\\/09\\\/DIGITVC-REGIOSTARS.jpg\",\"datePublished\":\"2025-09-01T16:44:12+00:00\",\"dateModified\":\"2026-02-12T11:25:17+00:00\",\"breadcrumb\":{\"@id\":\"https:\\\/\\\/interreg-sudoe.eu\\\/en\\\/digitvc-seleccionado-entre-los-finalistas-de-los-premios-regiostars-2025\\\/general-en\\\/#breadcrumb\"},\"inLanguage\":\"en-US\",\"potentialAction\":[{\"@type\":\"ReadAction\",\"target\":[\"https:\\\/\\\/interreg-sudoe.eu\\\/en\\\/digitvc-seleccionado-entre-los-finalistas-de-los-premios-regiostars-2025\\\/general-en\\\/\"]}]},{\"@type\":\"ImageObject\",\"inLanguage\":\"en-US\",\"@id\":\"https:\\\/\\\/interreg-sudoe.eu\\\/en\\\/digitvc-seleccionado-entre-los-finalistas-de-los-premios-regiostars-2025\\\/general-en\\\/#primaryimage\",\"url\":\"https:\\\/\\\/interreg-sudoe.eu\\\/wp-content\\\/uploads\\\/2025\\\/09\\\/DIGITVC-REGIOSTARS.jpg\",\"contentUrl\":\"https:\\\/\\\/interreg-sudoe.eu\\\/wp-content\\\/uploads\\\/2025\\\/09\\\/DIGITVC-REGIOSTARS.jpg\",\"width\":1120,\"height\":660},{\"@type\":\"BreadcrumbList\",\"@id\":\"https:\\\/\\\/interreg-sudoe.eu\\\/en\\\/digitvc-seleccionado-entre-los-finalistas-de-los-premios-regiostars-2025\\\/general-en\\\/#breadcrumb\",\"itemListElement\":[{\"@type\":\"ListItem\",\"position\":1,\"name\":\"Home\",\"item\":\"https:\\\/\\\/interreg-sudoe.eu\\\/en\\\/\"},{\"@type\":\"ListItem\",\"position\":2,\"name\":\"DigiTVC selected among the finalists of the REGIOSTARS Awards 2025 competition\"}]},{\"@type\":\"WebSite\",\"@id\":\"https:\\\/\\\/interreg-sudoe.eu\\\/en\\\/#website\",\"url\":\"https:\\\/\\\/interreg-sudoe.eu\\\/en\\\/\",\"name\":\"Interreg Sudoe\",\"description\":\"Interreg Sudoe\",\"publisher\":{\"@id\":\"https:\\\/\\\/interreg-sudoe.eu\\\/en\\\/#organization\"},\"alternateName\":\"Interreg Sudoe\",\"potentialAction\":[{\"@type\":\"SearchAction\",\"target\":{\"@type\":\"EntryPoint\",\"urlTemplate\":\"https:\\\/\\\/interreg-sudoe.eu\\\/en\\\/?s={search_term_string}\"},\"query-input\":{\"@type\":\"PropertyValueSpecification\",\"valueRequired\":true,\"valueName\":\"search_term_string\"}}],\"inLanguage\":\"en-US\"},{\"@type\":\"Organization\",\"@id\":\"https:\\\/\\\/interreg-sudoe.eu\\\/en\\\/#organization\",\"name\":\"Interreg Sudoe\",\"alternateName\":\"Interreg Sudoe\",\"url\":\"https:\\\/\\\/interreg-sudoe.eu\\\/en\\\/\",\"logo\":{\"@type\":\"ImageObject\",\"inLanguage\":\"en-US\",\"@id\":\"https:\\\/\\\/interreg-sudoe.eu\\\/en\\\/#\\\/schema\\\/logo\\\/image\\\/\",\"url\":\"https:\\\/\\\/interreg-sudoe.eu\\\/wp-content\\\/uploads\\\/2024\\\/03\\\/logo-interreg.png\",\"contentUrl\":\"https:\\\/\\\/interreg-sudoe.eu\\\/wp-content\\\/uploads\\\/2024\\\/03\\\/logo-interreg.png\",\"width\":1200,\"height\":675,\"caption\":\"Interreg Sudoe\"},\"image\":{\"@id\":\"https:\\\/\\\/interreg-sudoe.eu\\\/en\\\/#\\\/schema\\\/logo\\\/image\\\/\"},\"sameAs\":[\"https:\\\/\\\/www.facebook.com\\\/interregsudoe\",\"https:\\\/\\\/x.com\\\/Sudoe5\",\"https:\\\/\\\/www.youtube.com\\\/channel\\\/UCeGx2edoB32beRc9dbKA2vw\",\"https:\\\/\\\/www.linkedin.com\\\/company\\\/interreg-sudoe-programme\\\/\",\"https:\\\/\\\/www.flickr.com\\\/photos\\\/148704685@N06\\\/\"]},{\"@type\":\"Person\",\"@id\":\"https:\\\/\\\/interreg-sudoe.eu\\\/en\\\/#\\\/schema\\\/person\\\/5debb79d953bf7990cff10c01f710acb\",\"name\":\"isabelle roger\",\"url\":\"https:\\\/\\\/interreg-sudoe.eu\\\/en\\\/author\\\/isabelle_roger-2\\\/\"}]}<\/script>\n<!-- \/ Yoast SEO plugin. -->","yoast_head_json":{"title":"DigiTVC selected among the finalists of the REGIOSTARS Awards 2025 competition - Interreg Sudoe","robots":{"index":"index","follow":"follow","max-snippet":"max-snippet:-1","max-image-preview":"max-image-preview:large","max-video-preview":"max-video-preview:-1"},"canonical":"https:\/\/interreg-sudoe.eu\/en\/digitvc-seleccionado-entre-los-finalistas-de-los-premios-regiostars-2025\/general-en\/","og_locale":"en_US","og_type":"article","og_title":"DigiTVC selected among the finalists of the REGIOSTARS Awards 2025 competition - Interreg Sudoe","og_description":"El proyecto Interreg Sudoe 2014-2020 DigiTVC \u00abDigitalizaci\u00f3n de la cadena de valor Textil\u00bb acaba de conseguir una plaza de finalista en el prestigioso concurso REGIOSTARS 2025. Un reconocimiento notable para el consorcio del proyecto, liderado por la Confederaci\u00f3n de la Industria Textil, TEXFOR, que ha logrado convencer al jurado europeo para ser seleccionado entre los [&hellip;]","og_url":"https:\/\/interreg-sudoe.eu\/en\/digitvc-seleccionado-entre-los-finalistas-de-los-premios-regiostars-2025\/general-en\/","og_site_name":"Interreg Sudoe","article_publisher":"https:\/\/www.facebook.com\/interregsudoe","article_published_time":"2025-09-01T16:44:12+00:00","article_modified_time":"2026-02-12T11:25:17+00:00","og_image":[{"width":1120,"height":660,"url":"https:\/\/interreg-sudoe.eu\/wp-content\/uploads\/2025\/09\/DIGITVC-REGIOSTARS.jpg","type":"image\/jpeg"}],"author":"isabelle roger","twitter_card":"summary_large_image","twitter_creator":"@Sudoe5","twitter_site":"@Sudoe5","twitter_misc":{"Written by":"isabelle roger","Est. reading time":"2 minutes"},"schema":{"@context":"https:\/\/schema.org","@graph":[{"@type":"Article","@id":"https:\/\/interreg-sudoe.eu\/en\/digitvc-seleccionado-entre-los-finalistas-de-los-premios-regiostars-2025\/general-en\/#article","isPartOf":{"@id":"https:\/\/interreg-sudoe.eu\/en\/digitvc-seleccionado-entre-los-finalistas-de-los-premios-regiostars-2025\/general-en\/"},"author":{"name":"isabelle roger","@id":"https:\/\/interreg-sudoe.eu\/en\/#\/schema\/person\/5debb79d953bf7990cff10c01f710acb"},"headline":"DigiTVC selected among the finalists of the REGIOSTARS Awards 2025 competition","datePublished":"2025-09-01T16:44:12+00:00","dateModified":"2026-02-12T11:25:17+00:00","mainEntityOfPage":{"@id":"https:\/\/interreg-sudoe.eu\/en\/digitvc-seleccionado-entre-los-finalistas-de-los-premios-regiostars-2025\/general-en\/"},"wordCount":257,"publisher":{"@id":"https:\/\/interreg-sudoe.eu\/en\/#organization"},"image":{"@id":"https:\/\/interreg-sudoe.eu\/en\/digitvc-seleccionado-entre-los-finalistas-de-los-premios-regiostars-2025\/general-en\/#primaryimage"},"thumbnailUrl":"https:\/\/interreg-sudoe.eu\/wp-content\/uploads\/2025\/09\/DIGITVC-REGIOSTARS.jpg","articleSection":["General"],"inLanguage":"en-US"},{"@type":"WebPage","@id":"https:\/\/interreg-sudoe.eu\/en\/digitvc-seleccionado-entre-los-finalistas-de-los-premios-regiostars-2025\/general-en\/","url":"https:\/\/interreg-sudoe.eu\/en\/digitvc-seleccionado-entre-los-finalistas-de-los-premios-regiostars-2025\/general-en\/","name":"DigiTVC selected among the finalists of the REGIOSTARS Awards 2025 competition - Interreg Sudoe","isPartOf":{"@id":"https:\/\/interreg-sudoe.eu\/en\/#website"},"primaryImageOfPage":{"@id":"https:\/\/interreg-sudoe.eu\/en\/digitvc-seleccionado-entre-los-finalistas-de-los-premios-regiostars-2025\/general-en\/#primaryimage"},"image":{"@id":"https:\/\/interreg-sudoe.eu\/en\/digitvc-seleccionado-entre-los-finalistas-de-los-premios-regiostars-2025\/general-en\/#primaryimage"},"thumbnailUrl":"https:\/\/interreg-sudoe.eu\/wp-content\/uploads\/2025\/09\/DIGITVC-REGIOSTARS.jpg","datePublished":"2025-09-01T16:44:12+00:00","dateModified":"2026-02-12T11:25:17+00:00","breadcrumb":{"@id":"https:\/\/interreg-sudoe.eu\/en\/digitvc-seleccionado-entre-los-finalistas-de-los-premios-regiostars-2025\/general-en\/#breadcrumb"},"inLanguage":"en-US","potentialAction":[{"@type":"ReadAction","target":["https:\/\/interreg-sudoe.eu\/en\/digitvc-seleccionado-entre-los-finalistas-de-los-premios-regiostars-2025\/general-en\/"]}]},{"@type":"ImageObject","inLanguage":"en-US","@id":"https:\/\/interreg-sudoe.eu\/en\/digitvc-seleccionado-entre-los-finalistas-de-los-premios-regiostars-2025\/general-en\/#primaryimage","url":"https:\/\/interreg-sudoe.eu\/wp-content\/uploads\/2025\/09\/DIGITVC-REGIOSTARS.jpg","contentUrl":"https:\/\/interreg-sudoe.eu\/wp-content\/uploads\/2025\/09\/DIGITVC-REGIOSTARS.jpg","width":1120,"height":660},{"@type":"BreadcrumbList","@id":"https:\/\/interreg-sudoe.eu\/en\/digitvc-seleccionado-entre-los-finalistas-de-los-premios-regiostars-2025\/general-en\/#breadcrumb","itemListElement":[{"@type":"ListItem","position":1,"name":"Home","item":"https:\/\/interreg-sudoe.eu\/en\/"},{"@type":"ListItem","position":2,"name":"DigiTVC selected among the finalists of the REGIOSTARS Awards 2025 competition"}]},{"@type":"WebSite","@id":"https:\/\/interreg-sudoe.eu\/en\/#website","url":"https:\/\/interreg-sudoe.eu\/en\/","name":"Interreg Sudoe","description":"Interreg Sudoe","publisher":{"@id":"https:\/\/interreg-sudoe.eu\/en\/#organization"},"alternateName":"Interreg Sudoe","potentialAction":[{"@type":"SearchAction","target":{"@type":"EntryPoint","urlTemplate":"https:\/\/interreg-sudoe.eu\/en\/?s={search_term_string}"},"query-input":{"@type":"PropertyValueSpecification","valueRequired":true,"valueName":"search_term_string"}}],"inLanguage":"en-US"},{"@type":"Organization","@id":"https:\/\/interreg-sudoe.eu\/en\/#organization","name":"Interreg Sudoe","alternateName":"Interreg Sudoe","url":"https:\/\/interreg-sudoe.eu\/en\/","logo":{"@type":"ImageObject","inLanguage":"en-US","@id":"https:\/\/interreg-sudoe.eu\/en\/#\/schema\/logo\/image\/","url":"https:\/\/interreg-sudoe.eu\/wp-content\/uploads\/2024\/03\/logo-interreg.png","contentUrl":"https:\/\/interreg-sudoe.eu\/wp-content\/uploads\/2024\/03\/logo-interreg.png","width":1200,"height":675,"caption":"Interreg Sudoe"},"image":{"@id":"https:\/\/interreg-sudoe.eu\/en\/#\/schema\/logo\/image\/"},"sameAs":["https:\/\/www.facebook.com\/interregsudoe","https:\/\/x.com\/Sudoe5","https:\/\/www.youtube.com\/channel\/UCeGx2edoB32beRc9dbKA2vw","https:\/\/www.linkedin.com\/company\/interreg-sudoe-programme\/","https:\/\/www.flickr.com\/photos\/148704685@N06\/"]},{"@type":"Person","@id":"https:\/\/interreg-sudoe.eu\/en\/#\/schema\/person\/5debb79d953bf7990cff10c01f710acb","name":"isabelle roger","url":"https:\/\/interreg-sudoe.eu\/en\/author\/isabelle_roger-2\/"}]}},"_links":{"self":[{"href":"https:\/\/interreg-sudoe.eu\/en\/wp-json\/wp\/v2\/posts\/50986","targetHints":{"allow":["GET"]}}],"collection":[{"href":"https:\/\/interreg-sudoe.eu\/en\/wp-json\/wp\/v2\/posts"}],"about":[{"href":"https:\/\/interreg-sudoe.eu\/en\/wp-json\/wp\/v2\/types\/post"}],"author":[{"embeddable":true,"href":"https:\/\/interreg-sudoe.eu\/en\/wp-json\/wp\/v2\/users\/4334"}],"replies":[{"embeddable":true,"href":"https:\/\/interreg-sudoe.eu\/en\/wp-json\/wp\/v2\/comments?post=50986"}],"version-history":[{"count":3,"href":"https:\/\/interreg-sudoe.eu\/en\/wp-json\/wp\/v2\/posts\/50986\/revisions"}],"predecessor-version":[{"id":52490,"href":"https:\/\/interreg-sudoe.eu\/en\/wp-json\/wp\/v2\/posts\/50986\/revisions\/52490"}],"wp:featuredmedia":[{"embeddable":true,"href":"https:\/\/interreg-sudoe.eu\/en\/wp-json\/wp\/v2\/media\/50969"}],"wp:attachment":[{"href":"https:\/\/interreg-sudoe.eu\/en\/wp-json\/wp\/v2\/media?parent=50986"}],"wp:term":[{"taxonomy":"category","embeddable":true,"href":"https:\/\/interreg-sudoe.eu\/en\/wp-json\/wp\/v2\/categories?post=50986"},{"taxonomy":"post_tag","embeddable":true,"href":"https:\/\/interreg-sudoe.eu\/en\/wp-json\/wp\/v2\/tags?post=50986"},{"taxonomy":"publicacion--inicio","embeddable":true,"href":"https:\/\/interreg-sudoe.eu\/en\/wp-json\/wp\/v2\/publicacion--inicio?post=50986"}],"curies":[{"name":"wp","href":"https:\/\/api.w.org\/{rel}","templated":true}]}}