{"id":39808,"date":"2024-08-21T11:14:27","date_gmt":"2024-08-21T09:14:27","guid":{"rendered":"https:\/\/interreg-sudoe.eu\/noticia-proyecto\/arranca-el-proyecto-ecospherewines-para-mejorar-el-capital-natural-del-vinedo-para-su-conservacion-y-gestion-sostenible\/"},"modified":"2026-02-16T13:45:52","modified_gmt":"2026-02-16T12:45:52","slug":"lancement-du-projet-international-ecospherewines-pour-ameliorer-le-capital-naturel-des-vignobles","status":"publish","type":"noticia-proyecto","link":"https:\/\/interreg-sudoe.eu\/fr\/noticia-proyecto\/lancement-du-projet-international-ecospherewines-pour-ameliorer-le-capital-naturel-des-vignobles\/","title":{"rendered":"Lancement du projet international ECOSPHEREWINES pour am\u00e9liorer le capital naturel des vignobles."},"content":{"rendered":"<p style=\"text-align: justify;\">Les partenaires du projet <a href=\"https:\/\/interreg-sudoe.eu\/fr\/proyecto-interreg\/ecospherewines\/\" target=\"_blank\" rel=\"noopener\">ECOSPHEREWINES<\/a> se sont r\u00e9unis pendant deux journ\u00e9es de travail cons\u00e9cutives pour c\u00e9l\u00e9brer le lancement de ce projet international dont l&rsquo;objectif est <strong>d&rsquo;am\u00e9liorer l&rsquo;\u00e9cosyst\u00e8me des vignobles situ\u00e9s dans des zones \u00e0 haute valeur \u00e9cologique \u00e0 travers la mise en place d&rsquo;un r\u00e9seau d&rsquo;infrastructure verte pour leur conservation et gestion durable.<\/strong><\/p>\n<p style=\"text-align: justify;\">Il s&rsquo;agit donc de mettre en place un syst\u00e8me planifi\u00e9 et interconnect\u00e9 d&rsquo;\u00e9l\u00e9ments naturels dans les zones viticoles afin d&rsquo;am\u00e9liorer le capital naturel et la biodiversit\u00e9 des vignobles, augmentant ainsi leur r\u00e9silience face au changement climatique.<\/p>\n<p style=\"text-align: justify;\">Pour relever ce d\u00e9fi, le projet s&rsquo;appuiera sur <strong>deux sites pilotes situ\u00e9s dans la zone Gaillac-Tarn au sud de la France et un autre en Espagne-Portugal avec trois zones exp\u00e9rimentales<\/strong>. Dans ces vignobles, une m\u00e9thodologie sera mise en \u0153uvre pour s\u00e9lectionner, calculer et cartographier les services \u00e9cosyst\u00e9miques les plus pertinents, afin d&rsquo;\u00e9tablir des sc\u00e9narios futurs qui faciliteront la prise de d\u00e9cision et permettront le transfert et la reproductibilit\u00e9 des solutions test\u00e9es \u00e0 l&rsquo;\u00e9chelle internationale.<\/p>\n<p style=\"text-align: justify;\">Un total de <strong>13 entit\u00e9s provenant d&rsquo;Espagne, de France et du Portugal<\/strong> travailleront sous la coordination de la <a href=\"https:\/\/juanadevega.org\/es\/\" target=\"_blank\" rel=\"noopener\">Fondation Juana de Vega<\/a> au cours des trois prochaines ann\u00e9es dans cette initiative qui dispose d&rsquo;un budget de 1.622.891,04 \u20ac, cofinanc\u00e9 \u00e0 75% par le <a href=\"https:\/\/interreg-sudoe.eu\/fr\/\" target=\"_blank\" rel=\"noopener\">programme Interreg Sudoe<\/a> avec des <strong>fonds FEDER<\/strong>.<\/p>\n<p style=\"text-align: justify;\">Lors de la premi\u00e8re journ\u00e9e de travail, la <a href=\"https:\/\/interreg-sudoe.eu\/fr\/proyecto-interreg\/ecospherewines\/\" target=\"_blank\" rel=\"noopener\">Fondation Juana de Vega<\/a>, h\u00f4te de l&rsquo;\u00e9v\u00e9nement, a accueilli les participants avec un discours de son directeur de l&rsquo;Innovation, Alfonso Ribas, qui a exprim\u00e9 sa gratitude aux autres partenaires du projet. Ribas a soulign\u00e9 que \u00ab ce projet repr\u00e9sente une opportunit\u00e9 pour le d\u00e9veloppement du secteur viticole du sud de l&rsquo;Europe d&rsquo;incorporer des aspects li\u00e9s \u00e0 la pr\u00e9servation des paysages, de la biodiversit\u00e9, de l&rsquo;eau, du sol et du patrimoine culturel, mat\u00e9riel et immat\u00e9riel. \u00bb<\/p>\n<p style=\"text-align: justify;\">La r\u00e9union a \u00e9galement vu la participation de Gloria L\u00e1zaro, responsable des projets du Secr\u00e9tariat Conjoint <a href=\"https:\/\/interreg-sudoe.eu\/fr\/\" target=\"_blank\" rel=\"noopener\">Interreg Sudoe<\/a>, qui a soulign\u00e9 que \u00ab des initiatives comme <a href=\"https:\/\/interreg-sudoe.eu\/fr\/proyecto-interreg\/ecospherewines\/\" target=\"_blank\" rel=\"noopener\">ECOSPHEREWINES<\/a> contribuent \u00e0 relever les d\u00e9fis transnationaux et \u00e0 chercher des r\u00e9ponses communes, o\u00f9 la collaboration devient essentielle. \u00bb<\/p>\n<h6 style=\"text-align: justify;\"><strong>Pr\u00e9sentation institutionnelle et visites de terrain<\/strong><\/h6>\n<p style=\"text-align: justify;\">La deuxi\u00e8me journ\u00e9e de travail a d\u00e9but\u00e9 par une pr\u00e9sentation institutionnelle du projet lors d&rsquo;un \u00e9v\u00e9nement hybride destin\u00e9 aux diff\u00e9rentes parties prenantes et aux experts du secteur viticole.<\/p>\n<p style=\"text-align: justify;\">L&rsquo;inauguration de cette session a \u00e9t\u00e9 men\u00e9e par Jos\u00e9 Manuel Andrade Calvo, directeur de la <a href=\"https:\/\/juanadevega.org\/es\/\" target=\"_blank\" rel=\"noopener\">Fondation Juana de Vega<\/a>; Isabel Gonz\u00e1lez Siso, sous-directrice du <a href=\"https:\/\/cica.udc.gal\/en\/\" target=\"_blank\" rel=\"noopener\">CICA \u00e0 l&rsquo;Universit\u00e9 de La Corogne<\/a>; et Sergio Platas, vice-pr\u00e9sident de la <a href=\"https:\/\/www.marinasbetanzos.gal\/\" target=\"_blank\" rel=\"noopener\">R\u00e9serve de Biosph\u00e8re Mari\u00f1as Coru\u00f1esas<\/a>. Tous ont convenu du r\u00f4le important que jouent les projets europ\u00e9ens de R&amp;D&amp;I comme <a href=\"https:\/\/interreg-sudoe.eu\/fr\/proyecto-interreg\/ecospherewines\/\" target=\"_blank\" rel=\"noopener\">ECOSPHEREWINES<\/a> dans la promotion de la durabilit\u00e9 et le positionnement international de l&rsquo;agriculture galicienne gr\u00e2ce au secteur viticole.<\/p>\n<p style=\"text-align: justify;\">Apr\u00e8s la pr\u00e9sentation d&rsquo;<a href=\"https:\/\/interreg-sudoe.eu\/fr\/proyecto-interreg\/ecospherewines\/\" target=\"_blank\" rel=\"noopener\">ECOSPHEREWINES<\/a> par Tania Gesto, technicienne de projet de la <a href=\"https:\/\/juanadevega.org\/es\/\" target=\"_blank\" rel=\"noopener\">Fondation Juana de Vega<\/a>, les participants ont visit\u00e9 la <a href=\"https:\/\/www.marinasbetanzos.gal\/\" target=\"_blank\" rel=\"noopener\">R\u00e9serve de Biosph\u00e8re Mari\u00f1as Coru\u00f1esas<\/a>, ainsi que les vignobles et la cave de <a href=\"https:\/\/www.pagosdebrigante.es\/\" target=\"_blank\" rel=\"noopener\">Pagos de Brigante<\/a> impliqu\u00e9e dans les essais du projet.<\/p>\n<h6 style=\"text-align: justify;\">\u00c0 propos du consortium\u00a0<a href=\"https:\/\/interreg-sudoe.eu\/fr\/proyecto-interreg\/ecospherewines\/\" target=\"_blank\" rel=\"noopener\">ECOSPHEREWINES<\/a><\/h6>\n<p style=\"text-align: justify;\">Les partenaires responsables de la mise en \u0153uvre des activit\u00e9s d\u2019<a href=\"https:\/\/interreg-sudoe.eu\/fr\/proyecto-interreg\/ecospherewines\/\" target=\"_blank\" rel=\"noopener\">ECOSPHEREWINES<\/a>\u00a0sont au nombre de 13, issus de 3 pays : Espagne, France et Portugal. Ils sont tous coordonn\u00e9s par la\u00a0<a href=\"https:\/\/juanadevega.org\/es\/\" target=\"_blank\" rel=\"noopener\">Fondation Juana de Vega<\/a>.<\/p>\n<p style=\"text-align: justify;\">La partie espagnole est constitu\u00e9e par l\u2019<a href=\"https:\/\/www.udc.es\/en\/\" target=\"_blank\" rel=\"noopener\">Universit\u00e9 de La Corogne<\/a>,\u00a0<a href=\"https:\/\/iterinvestigacion.com\/\" target=\"_blank\" rel=\"noopener\">ITER Investigaci\u00f3n<\/a>, le\u00a0<a href=\"https:\/\/duero-douro.com\/\" target=\"_blank\" rel=\"noopener\">Groupement Europ\u00e9en de Coop\u00e9ration Territoriale Duero-Douro<\/a>, la\u00a0<a href=\"https:\/\/www.marinasbetanzos.gal\/\" target=\"_blank\" rel=\"noopener\">R\u00e9serve de Biosph\u00e8re Mari\u00f1as Coru\u00f1esas<\/a>, la\u00a0<a href=\"https:\/\/www.marinasbetanzos.gal\/\" target=\"_blank\" rel=\"noopener\">Plateforme Technologique du Vin<\/a>, l\u2019<a href=\"https:\/\/www.itacyl.es\/\" target=\"_blank\" rel=\"noopener\">Institut Technologique Agricole de Castille-et-Le\u00f3n (ITACyL)<\/a>\u00a0et la cave\u00a0<a href=\"https:\/\/www.pagosdebrigante.es\/\" target=\"_blank\" rel=\"noopener\">Pagos de Brigante<\/a>.<\/p>\n<p style=\"text-align: justify;\">Le Portugal est repr\u00e9sent\u00e9 par l\u2019<a href=\"https:\/\/www.advid.pt\/en\" target=\"_blank\" rel=\"noopener\">Associa\u00e7\u00e3o para o Desenvolvimento da Viticultura Duriense (ADVID)<\/a>, l\u2019<a href=\"https:\/\/www.utad.pt\/en\/\" target=\"_blank\" rel=\"noopener\">Universit\u00e9 de Tr\u00e1s-os-Montes et Alto Douro<\/a>\u00a0et la cave\u00a0<a href=\"https:\/\/www.jportugalramos.com\/en\/douro\/\" target=\"_blank\" rel=\"noopener\">Duorum Vinhos<\/a>.<\/p>\n<p style=\"text-align: justify;\">Enfin, l\u2019<a href=\"https:\/\/www.vignevin.com\/\" target=\"_blank\" rel=\"noopener\">Institut Fran\u00e7ais de la Vigne et du Vin (IFV)<\/a>\u00a0et l\u2019<a href=\"https:\/\/www.vignobles-sudouest.fr\/\" target=\"_blank\" rel=\"noopener\">Interprofession des vins du Sud-ouest France<\/a>\u00a0sont les entit\u00e9s fran\u00e7aises impliqu\u00e9es dans le projet\u00a0<a href=\"https:\/\/interreg-sudoe.eu\/fr\/proyecto-interreg\/ecospherewines\/\" target=\"_blank\" rel=\"noopener\">ECOSPHEREWINES<\/a>.<\/p>\n<p><img decoding=\"async\" class=\"size-medium wp-image-39773 aligncenter\" src=\"https:\/\/interreg-sudoe.eu\/wp-content\/uploads\/2024\/08\/ECOSPHEREWINES_OFICIAL-300x86.jpg\" alt=\"\" width=\"300\" height=\"86\" srcset=\"https:\/\/interreg-sudoe.eu\/wp-content\/uploads\/2024\/08\/ECOSPHEREWINES_OFICIAL-300x86.jpg 300w, https:\/\/interreg-sudoe.eu\/wp-content\/uploads\/2024\/08\/ECOSPHEREWINES_OFICIAL-1024x294.jpg 1024w, https:\/\/interreg-sudoe.eu\/wp-content\/uploads\/2024\/08\/ECOSPHEREWINES_OFICIAL-768x221.jpg 768w, https:\/\/interreg-sudoe.eu\/wp-content\/uploads\/2024\/08\/ECOSPHEREWINES_OFICIAL.jpg 1111w\" sizes=\"(max-width: 300px) 100vw, 300px\" \/><\/p>\n","protected":false},"excerpt":{"rendered":"<p>Les partenaires du projet ECOSPHEREWINES se sont r\u00e9unis pendant deux journ\u00e9es de travail cons\u00e9cutives pour c\u00e9l\u00e9brer le lancement de ce projet international dont l&rsquo;objectif est d&rsquo;am\u00e9liorer l&rsquo;\u00e9cosyst\u00e8me des vignobles situ\u00e9s dans des zones \u00e0 haute valeur \u00e9cologique \u00e0 travers la mise en place d&rsquo;un r\u00e9seau d&rsquo;infrastructure verte pour leur conservation et gestion durable. Il s&rsquo;agit [&hellip;]<\/p>\n","protected":false},"author":4965,"featured_media":39346,"parent":0,"template":"","meta":{"_acf_changed":false,"content-type":"","_monsterinsights_skip_tracking":false,"_monsterinsights_sitenote_active":false,"_monsterinsights_sitenote_note":"","_monsterinsights_sitenote_category":0},"class_list":["post-39808","noticia-proyecto","type-noticia-proyecto","status-publish","has-post-thumbnail","hentry"],"acf":[],"yoast_head":"<!-- This site is optimized with the Yoast SEO plugin v27.2 - https:\/\/yoast.com\/product\/yoast-seo-wordpress\/ -->\n<title>Lancement du projet international ECOSPHEREWINES pour am\u00e9liorer le capital naturel des vignobles. - Interreg Sudoe<\/title>\n<meta name=\"robots\" content=\"index, follow, max-snippet:-1, max-image-preview:large, max-video-preview:-1\" \/>\n<link rel=\"canonical\" href=\"https:\/\/interreg-sudoe.eu\/fr\/noticia-proyecto\/lancement-du-projet-international-ecospherewines-pour-ameliorer-le-capital-naturel-des-vignobles\/\" \/>\n<meta property=\"og:locale\" content=\"fr_FR\" \/>\n<meta property=\"og:type\" content=\"article\" \/>\n<meta property=\"og:title\" content=\"Lancement du projet international ECOSPHEREWINES pour am\u00e9liorer le capital naturel des vignobles. - Interreg Sudoe\" \/>\n<meta property=\"og:description\" content=\"Les partenaires du projet ECOSPHEREWINES se sont r\u00e9unis pendant deux journ\u00e9es de travail cons\u00e9cutives pour c\u00e9l\u00e9brer le lancement de ce projet international dont l&rsquo;objectif est d&rsquo;am\u00e9liorer l&rsquo;\u00e9cosyst\u00e8me des vignobles situ\u00e9s dans des zones \u00e0 haute valeur \u00e9cologique \u00e0 travers la mise en place d&rsquo;un r\u00e9seau d&rsquo;infrastructure verte pour leur conservation et gestion durable. Il s&rsquo;agit [&hellip;]\" \/>\n<meta property=\"og:url\" content=\"https:\/\/interreg-sudoe.eu\/fr\/noticia-proyecto\/lancement-du-projet-international-ecospherewines-pour-ameliorer-le-capital-naturel-des-vignobles\/\" \/>\n<meta property=\"og:site_name\" content=\"Interreg Sudoe\" \/>\n<meta property=\"article:publisher\" content=\"https:\/\/www.facebook.com\/interregsudoe\" \/>\n<meta property=\"article:modified_time\" content=\"2026-02-16T12:45:52+00:00\" \/>\n<meta property=\"og:image\" content=\"https:\/\/interreg-sudoe.eu\/wp-content\/uploads\/2024\/08\/eco-e1724325503848.jpg\" \/>\n\t<meta property=\"og:image:width\" content=\"1914\" \/>\n\t<meta property=\"og:image:height\" content=\"1277\" \/>\n\t<meta property=\"og:image:type\" content=\"image\/jpeg\" \/>\n<meta name=\"twitter:card\" content=\"summary_large_image\" \/>\n<meta name=\"twitter:site\" content=\"@Sudoe5\" \/>\n<meta name=\"twitter:label1\" content=\"Dur\u00e9e de lecture estim\u00e9e\" \/>\n\t<meta name=\"twitter:data1\" content=\"4 minutes\" \/>\n<script type=\"application\/ld+json\" class=\"yoast-schema-graph\">{\"@context\":\"https:\/\/schema.org\",\"@graph\":[{\"@type\":\"WebPage\",\"@id\":\"https:\/\/interreg-sudoe.eu\/fr\/noticia-proyecto\/lancement-du-projet-international-ecospherewines-pour-ameliorer-le-capital-naturel-des-vignobles\/\",\"url\":\"https:\/\/interreg-sudoe.eu\/fr\/noticia-proyecto\/lancement-du-projet-international-ecospherewines-pour-ameliorer-le-capital-naturel-des-vignobles\/\",\"name\":\"Lancement du projet international ECOSPHEREWINES pour am\u00e9liorer le capital naturel des vignobles. - Interreg Sudoe\",\"isPartOf\":{\"@id\":\"https:\/\/interreg-sudoe.eu\/fr\/#website\"},\"primaryImageOfPage\":{\"@id\":\"https:\/\/interreg-sudoe.eu\/fr\/noticia-proyecto\/lancement-du-projet-international-ecospherewines-pour-ameliorer-le-capital-naturel-des-vignobles\/#primaryimage\"},\"image\":{\"@id\":\"https:\/\/interreg-sudoe.eu\/fr\/noticia-proyecto\/lancement-du-projet-international-ecospherewines-pour-ameliorer-le-capital-naturel-des-vignobles\/#primaryimage\"},\"thumbnailUrl\":\"https:\/\/interreg-sudoe.eu\/wp-content\/uploads\/2024\/08\/eco-e1724325503848.jpg\",\"datePublished\":\"2024-08-21T09:14:27+00:00\",\"dateModified\":\"2026-02-16T12:45:52+00:00\",\"breadcrumb\":{\"@id\":\"https:\/\/interreg-sudoe.eu\/fr\/noticia-proyecto\/lancement-du-projet-international-ecospherewines-pour-ameliorer-le-capital-naturel-des-vignobles\/#breadcrumb\"},\"inLanguage\":\"fr-FR\",\"potentialAction\":[{\"@type\":\"ReadAction\",\"target\":[\"https:\/\/interreg-sudoe.eu\/fr\/noticia-proyecto\/lancement-du-projet-international-ecospherewines-pour-ameliorer-le-capital-naturel-des-vignobles\/\"]}]},{\"@type\":\"ImageObject\",\"inLanguage\":\"fr-FR\",\"@id\":\"https:\/\/interreg-sudoe.eu\/fr\/noticia-proyecto\/lancement-du-projet-international-ecospherewines-pour-ameliorer-le-capital-naturel-des-vignobles\/#primaryimage\",\"url\":\"https:\/\/interreg-sudoe.eu\/wp-content\/uploads\/2024\/08\/eco-e1724325503848.jpg\",\"contentUrl\":\"https:\/\/interreg-sudoe.eu\/wp-content\/uploads\/2024\/08\/eco-e1724325503848.jpg\",\"width\":1914,\"height\":1277},{\"@type\":\"BreadcrumbList\",\"@id\":\"https:\/\/interreg-sudoe.eu\/fr\/noticia-proyecto\/lancement-du-projet-international-ecospherewines-pour-ameliorer-le-capital-naturel-des-vignobles\/#breadcrumb\",\"itemListElement\":[{\"@type\":\"ListItem\",\"position\":1,\"name\":\"Home\",\"item\":\"https:\/\/interreg-sudoe.eu\/fr\/\"},{\"@type\":\"ListItem\",\"position\":2,\"name\":\"Lancement du projet international ECOSPHEREWINES pour am\u00e9liorer le capital naturel des vignobles.\"}]},{\"@type\":\"WebSite\",\"@id\":\"https:\/\/interreg-sudoe.eu\/fr\/#website\",\"url\":\"https:\/\/interreg-sudoe.eu\/fr\/\",\"name\":\"Interreg Sudoe\",\"description\":\"Interreg Sudoe\",\"publisher\":{\"@id\":\"https:\/\/interreg-sudoe.eu\/fr\/#organization\"},\"alternateName\":\"Interreg Sudoe\",\"potentialAction\":[{\"@type\":\"SearchAction\",\"target\":{\"@type\":\"EntryPoint\",\"urlTemplate\":\"https:\/\/interreg-sudoe.eu\/fr\/?s={search_term_string}\"},\"query-input\":{\"@type\":\"PropertyValueSpecification\",\"valueRequired\":true,\"valueName\":\"search_term_string\"}}],\"inLanguage\":\"fr-FR\"},{\"@type\":\"Organization\",\"@id\":\"https:\/\/interreg-sudoe.eu\/fr\/#organization\",\"name\":\"Interreg Sudoe\",\"alternateName\":\"Interreg Sudoe\",\"url\":\"https:\/\/interreg-sudoe.eu\/fr\/\",\"logo\":{\"@type\":\"ImageObject\",\"inLanguage\":\"fr-FR\",\"@id\":\"https:\/\/interreg-sudoe.eu\/fr\/#\/schema\/logo\/image\/\",\"url\":\"https:\/\/interreg-sudoe.eu\/wp-content\/uploads\/2024\/03\/logo-interreg.png\",\"contentUrl\":\"https:\/\/interreg-sudoe.eu\/wp-content\/uploads\/2024\/03\/logo-interreg.png\",\"width\":1200,\"height\":675,\"caption\":\"Interreg Sudoe\"},\"image\":{\"@id\":\"https:\/\/interreg-sudoe.eu\/fr\/#\/schema\/logo\/image\/\"},\"sameAs\":[\"https:\/\/www.facebook.com\/interregsudoe\",\"https:\/\/x.com\/Sudoe5\",\"https:\/\/www.youtube.com\/channel\/UCeGx2edoB32beRc9dbKA2vw\",\"https:\/\/www.linkedin.com\/company\/interreg-sudoe-programme\/\",\"https:\/\/www.flickr.com\/photos\/148704685@N06\/\"]}]}<\/script>\n<!-- \/ Yoast SEO plugin. -->","yoast_head_json":{"title":"Lancement du projet international ECOSPHEREWINES pour am\u00e9liorer le capital naturel des vignobles. - Interreg Sudoe","robots":{"index":"index","follow":"follow","max-snippet":"max-snippet:-1","max-image-preview":"max-image-preview:large","max-video-preview":"max-video-preview:-1"},"canonical":"https:\/\/interreg-sudoe.eu\/fr\/noticia-proyecto\/lancement-du-projet-international-ecospherewines-pour-ameliorer-le-capital-naturel-des-vignobles\/","og_locale":"fr_FR","og_type":"article","og_title":"Lancement du projet international ECOSPHEREWINES pour am\u00e9liorer le capital naturel des vignobles. - Interreg Sudoe","og_description":"Les partenaires du projet ECOSPHEREWINES se sont r\u00e9unis pendant deux journ\u00e9es de travail cons\u00e9cutives pour c\u00e9l\u00e9brer le lancement de ce projet international dont l&rsquo;objectif est d&rsquo;am\u00e9liorer l&rsquo;\u00e9cosyst\u00e8me des vignobles situ\u00e9s dans des zones \u00e0 haute valeur \u00e9cologique \u00e0 travers la mise en place d&rsquo;un r\u00e9seau d&rsquo;infrastructure verte pour leur conservation et gestion durable. Il s&rsquo;agit [&hellip;]","og_url":"https:\/\/interreg-sudoe.eu\/fr\/noticia-proyecto\/lancement-du-projet-international-ecospherewines-pour-ameliorer-le-capital-naturel-des-vignobles\/","og_site_name":"Interreg Sudoe","article_publisher":"https:\/\/www.facebook.com\/interregsudoe","article_modified_time":"2026-02-16T12:45:52+00:00","og_image":[{"width":1914,"height":1277,"url":"https:\/\/interreg-sudoe.eu\/wp-content\/uploads\/2024\/08\/eco-e1724325503848.jpg","type":"image\/jpeg"}],"twitter_card":"summary_large_image","twitter_site":"@Sudoe5","twitter_misc":{"Dur\u00e9e de lecture estim\u00e9e":"4 minutes"},"schema":{"@context":"https:\/\/schema.org","@graph":[{"@type":"WebPage","@id":"https:\/\/interreg-sudoe.eu\/fr\/noticia-proyecto\/lancement-du-projet-international-ecospherewines-pour-ameliorer-le-capital-naturel-des-vignobles\/","url":"https:\/\/interreg-sudoe.eu\/fr\/noticia-proyecto\/lancement-du-projet-international-ecospherewines-pour-ameliorer-le-capital-naturel-des-vignobles\/","name":"Lancement du projet international ECOSPHEREWINES pour am\u00e9liorer le capital naturel des vignobles. - Interreg Sudoe","isPartOf":{"@id":"https:\/\/interreg-sudoe.eu\/fr\/#website"},"primaryImageOfPage":{"@id":"https:\/\/interreg-sudoe.eu\/fr\/noticia-proyecto\/lancement-du-projet-international-ecospherewines-pour-ameliorer-le-capital-naturel-des-vignobles\/#primaryimage"},"image":{"@id":"https:\/\/interreg-sudoe.eu\/fr\/noticia-proyecto\/lancement-du-projet-international-ecospherewines-pour-ameliorer-le-capital-naturel-des-vignobles\/#primaryimage"},"thumbnailUrl":"https:\/\/interreg-sudoe.eu\/wp-content\/uploads\/2024\/08\/eco-e1724325503848.jpg","datePublished":"2024-08-21T09:14:27+00:00","dateModified":"2026-02-16T12:45:52+00:00","breadcrumb":{"@id":"https:\/\/interreg-sudoe.eu\/fr\/noticia-proyecto\/lancement-du-projet-international-ecospherewines-pour-ameliorer-le-capital-naturel-des-vignobles\/#breadcrumb"},"inLanguage":"fr-FR","potentialAction":[{"@type":"ReadAction","target":["https:\/\/interreg-sudoe.eu\/fr\/noticia-proyecto\/lancement-du-projet-international-ecospherewines-pour-ameliorer-le-capital-naturel-des-vignobles\/"]}]},{"@type":"ImageObject","inLanguage":"fr-FR","@id":"https:\/\/interreg-sudoe.eu\/fr\/noticia-proyecto\/lancement-du-projet-international-ecospherewines-pour-ameliorer-le-capital-naturel-des-vignobles\/#primaryimage","url":"https:\/\/interreg-sudoe.eu\/wp-content\/uploads\/2024\/08\/eco-e1724325503848.jpg","contentUrl":"https:\/\/interreg-sudoe.eu\/wp-content\/uploads\/2024\/08\/eco-e1724325503848.jpg","width":1914,"height":1277},{"@type":"BreadcrumbList","@id":"https:\/\/interreg-sudoe.eu\/fr\/noticia-proyecto\/lancement-du-projet-international-ecospherewines-pour-ameliorer-le-capital-naturel-des-vignobles\/#breadcrumb","itemListElement":[{"@type":"ListItem","position":1,"name":"Home","item":"https:\/\/interreg-sudoe.eu\/fr\/"},{"@type":"ListItem","position":2,"name":"Lancement du projet international ECOSPHEREWINES pour am\u00e9liorer le capital naturel des vignobles."}]},{"@type":"WebSite","@id":"https:\/\/interreg-sudoe.eu\/fr\/#website","url":"https:\/\/interreg-sudoe.eu\/fr\/","name":"Interreg Sudoe","description":"Interreg Sudoe","publisher":{"@id":"https:\/\/interreg-sudoe.eu\/fr\/#organization"},"alternateName":"Interreg Sudoe","potentialAction":[{"@type":"SearchAction","target":{"@type":"EntryPoint","urlTemplate":"https:\/\/interreg-sudoe.eu\/fr\/?s={search_term_string}"},"query-input":{"@type":"PropertyValueSpecification","valueRequired":true,"valueName":"search_term_string"}}],"inLanguage":"fr-FR"},{"@type":"Organization","@id":"https:\/\/interreg-sudoe.eu\/fr\/#organization","name":"Interreg Sudoe","alternateName":"Interreg Sudoe","url":"https:\/\/interreg-sudoe.eu\/fr\/","logo":{"@type":"ImageObject","inLanguage":"fr-FR","@id":"https:\/\/interreg-sudoe.eu\/fr\/#\/schema\/logo\/image\/","url":"https:\/\/interreg-sudoe.eu\/wp-content\/uploads\/2024\/03\/logo-interreg.png","contentUrl":"https:\/\/interreg-sudoe.eu\/wp-content\/uploads\/2024\/03\/logo-interreg.png","width":1200,"height":675,"caption":"Interreg Sudoe"},"image":{"@id":"https:\/\/interreg-sudoe.eu\/fr\/#\/schema\/logo\/image\/"},"sameAs":["https:\/\/www.facebook.com\/interregsudoe","https:\/\/x.com\/Sudoe5","https:\/\/www.youtube.com\/channel\/UCeGx2edoB32beRc9dbKA2vw","https:\/\/www.linkedin.com\/company\/interreg-sudoe-programme\/","https:\/\/www.flickr.com\/photos\/148704685@N06\/"]}]}},"_links":{"self":[{"href":"https:\/\/interreg-sudoe.eu\/fr\/wp-json\/wp\/v2\/noticia-proyecto\/39808","targetHints":{"allow":["GET"]}}],"collection":[{"href":"https:\/\/interreg-sudoe.eu\/fr\/wp-json\/wp\/v2\/noticia-proyecto"}],"about":[{"href":"https:\/\/interreg-sudoe.eu\/fr\/wp-json\/wp\/v2\/types\/noticia-proyecto"}],"author":[{"embeddable":true,"href":"https:\/\/interreg-sudoe.eu\/fr\/wp-json\/wp\/v2\/users\/4965"}],"wp:featuredmedia":[{"embeddable":true,"href":"https:\/\/interreg-sudoe.eu\/fr\/wp-json\/wp\/v2\/media\/39346"}],"wp:attachment":[{"href":"https:\/\/interreg-sudoe.eu\/fr\/wp-json\/wp\/v2\/media?parent=39808"}],"curies":[{"name":"wp","href":"https:\/\/api.w.org\/{rel}","templated":true}]}}