{"id":40416,"date":"2024-07-21T12:06:38","date_gmt":"2024-07-21T10:06:38","guid":{"rendered":"https:\/\/interreg-sudoe.eu\/noticia-proyecto\/sollagua-celebra-su-segunda-reunion-de-consorcio-en-lisboa\/"},"modified":"2024-12-23T12:01:15","modified_gmt":"2024-12-23T11:01:15","slug":"sollagua-celebra-su-segunda-reunion-de-consorcio-en-lisboa","status":"publish","type":"noticia-proyecto","link":"https:\/\/interreg-sudoe.eu\/fr\/noticia-proyecto\/sollagua-celebra-su-segunda-reunion-de-consorcio-en-lisboa\/","title":{"rendered":"SOLLAGUA est n\u00e9 pour promouvoir des solutions durables de r\u00e9utilisation de l&rsquo;eau dans les zones rurales"},"content":{"rendered":"<h3>Cofinanc\u00e9 par le programme de d\u00e9veloppement r\u00e9gional Interreg SUDOE 21-27 \u00e0 hauteur de 1 389 232,10\u20ac, SOLLAGUA sera d\u00e9velopp\u00e9 dans plusieurs r\u00e9gions d&rsquo;Espagne, du Portugal et de France.<\/h3>\n<h3>L&rsquo;initiative triennale est men\u00e9e par un consortium transnational compos\u00e9 de dix organisations chefs de file et de 26 organisations partenaires.<\/h3>\n<p>Si des mesures urgentes et transversales ne sont pas prises, les chaleurs extr\u00eames, les s\u00e9cheresses, les incendies de for\u00eat et les inondations que l&rsquo;on a connus ces derni\u00e8res ann\u00e9es s&rsquo;aggraveront en Europe, en particulier dans les r\u00e9gions m\u00e9ridionales du continent qui sont au c\u0153ur de multiples risques climatiques en raison de leur situation g\u00e9ographique et climatologique. \u00c0 cet \u00e9gard, comme l&rsquo;indique l&rsquo;Agence Europ\u00e9enne pour l&rsquo;Environnement (AEE) dans son nouveau rapport intitul\u00e9 \u00ab\u00a0\u00c9valuation des risques climatiques en Europe\u00a0\u00bb, qui contribuera \u00e0 d\u00e9finir les priorit\u00e9s politiques en mati\u00e8re d&rsquo;adaptation au changement climatique \u00e0 tous les niveaux, une coop\u00e9ration plus \u00e9troite entre les \u00c9tats membres est essentielle, car la plupart des principaux risques climatiques recens\u00e9s dans le rapport sont consid\u00e9r\u00e9s comme \u00e9tant \u00ab\u00a0partag\u00e9s\u00a0\u00bb par l&rsquo;Union europ\u00e9enne (UE).<\/p>\n<p>L&rsquo;\u00e9valuation de l&rsquo;AEE souligne que l&rsquo;UE et ses \u00c9tats membres doivent travailler ensemble pour lutter contre les risques climatiques et garantir la participation des administrations r\u00e9gionales et locales lorsqu&rsquo;une action rapide et coordonn\u00e9e est n\u00e9cessaire. Le projet SOLLAGUA est un bon exemple de ce type d&rsquo;action.<\/p>\n<blockquote>\n<h3><strong>SOLLAGUA impliquera activement toutes les parties prenantes dans le projet par le biais de living labs ax\u00e9s sur l&rsquo;eau<br \/>\n<\/strong><\/h3>\n<\/blockquote>\n<p>Cofinanc\u00e9 par le programme de d\u00e9veloppement r\u00e9gional Interreg SUDOE \u00e0 hauteur de 1 389 232,10 euros, SOLLAGUA vise \u00e0 promouvoir des solutions bas\u00e9es sur la nature (SBN) pour la r\u00e9utilisation de l&rsquo;eau dans les zones rurales o\u00f9 l&rsquo;acc\u00e8s \u00e0 l&rsquo;eau est limit\u00e9 et les flux naturels faibles, comme c&rsquo;est le cas dans de nombreuses r\u00e9gions d&rsquo;Espagne, du Portugal et de France.<\/p>\n<p><img fetchpriority=\"high\" decoding=\"async\" class=\"wp-image-38300 alignright\" src=\"https:\/\/interreg-sudoe.eu\/wp-content\/uploads\/2024\/05\/Foto-3-300x225.jpg\" alt=\"SOLLAGUA: reuni\u00f3n de lanzamiento\" width=\"388\" height=\"291\" srcset=\"https:\/\/interreg-sudoe.eu\/wp-content\/uploads\/2024\/05\/Foto-3-300x225.jpg 300w, https:\/\/interreg-sudoe.eu\/wp-content\/uploads\/2024\/05\/Foto-3-1024x768.jpg 1024w, https:\/\/interreg-sudoe.eu\/wp-content\/uploads\/2024\/05\/Foto-3-768x576.jpg 768w, https:\/\/interreg-sudoe.eu\/wp-content\/uploads\/2024\/05\/Foto-3-1536x1152.jpg 1536w, https:\/\/interreg-sudoe.eu\/wp-content\/uploads\/2024\/05\/Foto-3.jpg 1718w\" sizes=\"(max-width: 388px) 100vw, 388px\" \/><\/p>\n<p>&nbsp;<\/p>\n<p>Le plan d&rsquo;action de SOLLAGUA pr\u00e9voit, entre autres, l&rsquo;installation de trois d\u00e9monstrateurs dans des zones s\u00e9lectionn\u00e9es des pays participants afin de mettre en \u00e9vidence les avantages du syst\u00e8me SBN. En outre, la strat\u00e9gie de ciblage du projet permettra de d\u00e9terminer le niveau appropri\u00e9 de traitement de l&rsquo;eau en fonction des besoins r\u00e9els. L&rsquo;initiative impliquera activement les administrations, les universit\u00e9s, les entreprises et les utilisateurs gr\u00e2ce aux <em>Water-Oriented Living Labs<\/em> (WoLL), qui sont des \u00e9cosyst\u00e8mes d&rsquo;innovation ouverts \u00e0 toutes les parties prenantes du projet.<\/p>\n<p>Au sein des <a href=\"https:\/\/interreg-sudoe.eu\/fr\/acerca-de-interreg-sudoe\/quels-sont-les-themes-de-cooperation\/#:~:text=%E2%80%93%20Prioridad%201%3A%20Preservar%20el%20capital,la%20transformaci%C3%B3n%20de%20sectores%20productivos\">th\u00e9matiques de coop\u00e9ration du programme<\/a> de coh\u00e9sion, l&rsquo;initiative, qui se d\u00e9roule officiellement jusqu&rsquo;au 31 d\u00e9cembre 2026, est d\u00e9velopp\u00e9e dans le cadre de la <a href=\"https:\/\/interreg-sudoe.eu\/fr\/acerca-de-interreg-sudoe\/quels-sont-les-themes-de-cooperation\/priorite-1\/\">priorit\u00e9 n\u00b01<\/a> \u00ab\u00a0pr\u00e9server le capital naturel et renforcer l&rsquo;adaptation au changement climatique dans le SUDOE\u00a0\u00bb et <a href=\"https:\/\/interreg-sudoe.eu\/wp-content\/uploads\/2024\/03\/P1_OS25_FR.pdf\">poursuit l&rsquo;objectif sp\u00e9cifique n\u00b02.5<\/a> \u00ab\u00a0promouvoir l&rsquo;acc\u00e8s \u00e0 l&rsquo;eau et la gestion durable de l&rsquo;eau\u00a0\u00bb.<\/p>\n<h3>De Toulouse \u00e0&#8230; un avenir plus vert !<\/h3>\n<figure id=\"attachment_38329\" aria-describedby=\"caption-attachment-38329\" style=\"width: 148px\" class=\"wp-caption alignleft\"><img decoding=\"async\" class=\" wp-image-38329\" src=\"https:\/\/interreg-sudoe.eu\/wp-content\/uploads\/2024\/07\/InterregSudoe_Icons-01-300x300.png\" alt=\"Prioridad 1 SOLLAGUA\" width=\"148\" height=\"148\" srcset=\"https:\/\/interreg-sudoe.eu\/wp-content\/uploads\/2024\/07\/InterregSudoe_Icons-01-300x300.png 300w, https:\/\/interreg-sudoe.eu\/wp-content\/uploads\/2024\/07\/InterregSudoe_Icons-01-1024x1024.png 1024w, https:\/\/interreg-sudoe.eu\/wp-content\/uploads\/2024\/07\/InterregSudoe_Icons-01-150x150.png 150w, https:\/\/interreg-sudoe.eu\/wp-content\/uploads\/2024\/07\/InterregSudoe_Icons-01-768x768.png 768w, https:\/\/interreg-sudoe.eu\/wp-content\/uploads\/2024\/07\/InterregSudoe_Icons-01-1536x1536.png 1536w, https:\/\/interreg-sudoe.eu\/wp-content\/uploads\/2024\/07\/InterregSudoe_Icons-01-2048x2048.png 2048w\" sizes=\"(max-width: 148px) 100vw, 148px\" \/><figcaption id=\"caption-attachment-38329\" class=\"wp-caption-text\">Symbole Priorit\u00e9 n.\u00ba 1<\/figcaption><\/figure>\n<p>SOLLAGUA, port\u00e9 par un consortium transnational de dix entit\u00e9s principales et vingt-six entit\u00e9s associ\u00e9es, est coordonn\u00e9 par l&rsquo;Universit\u00e9 de Toulouse III &#8211; Paul Sabatier qui, comme le veut la tradition, a \u00e9t\u00e9 l&rsquo;institution charg\u00e9e d&rsquo;organiser la r\u00e9union de lancement qui s&rsquo;est d\u00e9roul\u00e9e les 14 et 15 janvier 2024 au si\u00e8ge de l&rsquo;universit\u00e9 \u00e0 Toulouse (France). Des repr\u00e9sentants des entit\u00e9s b\u00e9n\u00e9ficiaires s&rsquo;y sont rendus pour \u00e9tablir les bases de la planification, de l&rsquo;ex\u00e9cution et du suivi du projet.<\/p>\n<p>&nbsp;<\/p>\n<p>&nbsp;<\/p>\n<p>&nbsp;<\/p>\n<p>Le consortium SOLLAGUA est compos\u00e9 des institutions suivantes :<\/p>\n<ul>\n<li style=\"list-style-type: none;\">\n<ul>\n<li>Universit\u00e9 Toulouse III &#8211; Paul Sabatier (France) : coordinatrice du projet.<\/li>\n<li>Ecofilae (France).<\/li>\n<li>Communaut\u00e9 de communes Couserans-Pyr\u00e9n\u00e9es (France).<\/li>\n<li>Agencia de Medio Ambiente y Agua de Andaluc\u00eda (Espagne).<\/li>\n<li>Fundaci\u00f3 Solidaritat UB (Espagne).<\/li>\n<li>PROMEDIO (Espagne).<\/li>\n<li>\u00c1guas do Tejo Atl\u00e2ntico (Portugal).<\/li>\n<li>FUNSEAM (Espagne).<\/li>\n<li>T\u00e9cnico Lisboa (Portugal).<\/li>\n<li>Corporaci\u00f3n Tecnol\u00f3gica de Andaluc\u00eda (Espagne).<\/li>\n<\/ul>\n<\/li>\n<\/ul>\n<h3>Suivez SOLLAGUA sur les r\u00e9seaux !<\/h3>\n<p><span style=\"font-weight: 400;\">Si vous souhaitez vous tenir au courant de l&rsquo;avancement du projet et des derni\u00e8res nouvelles concernant la r\u00e9utilisation de l&rsquo;eau et les mesures de lutte contre le changement climatique, suivez le projet sur:<br \/>\n<\/span>\ud83d\udc49\u00a0 <a href=\"http:\/\/@SOLLAGUAproject\">X\u00a0<\/a><br \/>\n\ud83d\udc49<a href=\"https:\/\/www.linkedin.com\/company\/sollagua\/\">\u00a0LinkedIn<\/a><br \/>\n\ud83d\udc49<a href=\"https:\/\/www.youtube.com\/@sollagua-interregsudoe\">\u00a0YouTube<\/a><\/p>\n","protected":false},"excerpt":{"rendered":"<p>Cofinanc\u00e9 par le programme de d\u00e9veloppement r\u00e9gional Interreg SUDOE 21-27 \u00e0 hauteur de 1 389 232,10\u20ac, SOLLAGUA sera d\u00e9velopp\u00e9 dans plusieurs r\u00e9gions d&rsquo;Espagne, du Portugal et de France. L&rsquo;initiative triennale est men\u00e9e par un consortium transnational compos\u00e9 de dix organisations chefs de file et de 26 organisations partenaires. Si des mesures urgentes et transversales ne [&hellip;]<\/p>\n","protected":false},"author":5002,"featured_media":43916,"parent":0,"template":"","meta":{"_acf_changed":false,"content-type":"","_monsterinsights_skip_tracking":false,"_monsterinsights_sitenote_active":false,"_monsterinsights_sitenote_note":"","_monsterinsights_sitenote_category":0},"class_list":["post-40416","noticia-proyecto","type-noticia-proyecto","status-publish","has-post-thumbnail","hentry"],"acf":[],"yoast_head":"<!-- This site is optimized with the Yoast SEO plugin v27.2 - https:\/\/yoast.com\/product\/yoast-seo-wordpress\/ -->\n<title>SOLLAGUA est n\u00e9 pour promouvoir des solutions durables de r\u00e9utilisation de l&#039;eau dans les zones rurales - Interreg Sudoe<\/title>\n<meta name=\"robots\" content=\"index, follow, max-snippet:-1, max-image-preview:large, max-video-preview:-1\" \/>\n<link rel=\"canonical\" href=\"https:\/\/interreg-sudoe.eu\/fr\/noticia-proyecto\/sollagua-celebra-su-segunda-reunion-de-consorcio-en-lisboa\/\" \/>\n<meta property=\"og:locale\" content=\"fr_FR\" \/>\n<meta property=\"og:type\" content=\"article\" \/>\n<meta property=\"og:title\" content=\"SOLLAGUA est n\u00e9 pour promouvoir des solutions durables de r\u00e9utilisation de l&#039;eau dans les zones rurales - Interreg Sudoe\" \/>\n<meta property=\"og:description\" content=\"Cofinanc\u00e9 par le programme de d\u00e9veloppement r\u00e9gional Interreg SUDOE 21-27 \u00e0 hauteur de 1 389 232,10\u20ac, SOLLAGUA sera d\u00e9velopp\u00e9 dans plusieurs r\u00e9gions d&rsquo;Espagne, du Portugal et de France. L&rsquo;initiative triennale est men\u00e9e par un consortium transnational compos\u00e9 de dix organisations chefs de file et de 26 organisations partenaires. Si des mesures urgentes et transversales ne [&hellip;]\" \/>\n<meta property=\"og:url\" content=\"https:\/\/interreg-sudoe.eu\/fr\/noticia-proyecto\/sollagua-celebra-su-segunda-reunion-de-consorcio-en-lisboa\/\" \/>\n<meta property=\"og:site_name\" content=\"Interreg Sudoe\" \/>\n<meta property=\"article:publisher\" content=\"https:\/\/www.facebook.com\/interregsudoe\" \/>\n<meta property=\"article:modified_time\" content=\"2024-12-23T11:01:15+00:00\" \/>\n<meta property=\"og:image\" content=\"https:\/\/interreg-sudoe.eu\/wp-content\/uploads\/2024\/07\/Foto-2-1.jpg\" \/>\n\t<meta property=\"og:image:width\" content=\"1600\" \/>\n\t<meta property=\"og:image:height\" content=\"720\" \/>\n\t<meta property=\"og:image:type\" content=\"image\/jpeg\" \/>\n<meta name=\"twitter:card\" content=\"summary_large_image\" \/>\n<meta name=\"twitter:site\" content=\"@Sudoe5\" \/>\n<meta name=\"twitter:label1\" content=\"Dur\u00e9e de lecture estim\u00e9e\" \/>\n\t<meta name=\"twitter:data1\" content=\"3 minutes\" \/>\n<script type=\"application\/ld+json\" class=\"yoast-schema-graph\">{\"@context\":\"https:\/\/schema.org\",\"@graph\":[{\"@type\":\"WebPage\",\"@id\":\"https:\/\/interreg-sudoe.eu\/fr\/noticia-proyecto\/sollagua-celebra-su-segunda-reunion-de-consorcio-en-lisboa\/\",\"url\":\"https:\/\/interreg-sudoe.eu\/fr\/noticia-proyecto\/sollagua-celebra-su-segunda-reunion-de-consorcio-en-lisboa\/\",\"name\":\"SOLLAGUA est n\u00e9 pour promouvoir des solutions durables de r\u00e9utilisation de l'eau dans les zones rurales - Interreg Sudoe\",\"isPartOf\":{\"@id\":\"https:\/\/interreg-sudoe.eu\/fr\/#website\"},\"primaryImageOfPage\":{\"@id\":\"https:\/\/interreg-sudoe.eu\/fr\/noticia-proyecto\/sollagua-celebra-su-segunda-reunion-de-consorcio-en-lisboa\/#primaryimage\"},\"image\":{\"@id\":\"https:\/\/interreg-sudoe.eu\/fr\/noticia-proyecto\/sollagua-celebra-su-segunda-reunion-de-consorcio-en-lisboa\/#primaryimage\"},\"thumbnailUrl\":\"https:\/\/interreg-sudoe.eu\/wp-content\/uploads\/2024\/07\/Foto-2-1.jpg\",\"datePublished\":\"2024-07-21T10:06:38+00:00\",\"dateModified\":\"2024-12-23T11:01:15+00:00\",\"breadcrumb\":{\"@id\":\"https:\/\/interreg-sudoe.eu\/fr\/noticia-proyecto\/sollagua-celebra-su-segunda-reunion-de-consorcio-en-lisboa\/#breadcrumb\"},\"inLanguage\":\"fr-FR\",\"potentialAction\":[{\"@type\":\"ReadAction\",\"target\":[\"https:\/\/interreg-sudoe.eu\/fr\/noticia-proyecto\/sollagua-celebra-su-segunda-reunion-de-consorcio-en-lisboa\/\"]}]},{\"@type\":\"ImageObject\",\"inLanguage\":\"fr-FR\",\"@id\":\"https:\/\/interreg-sudoe.eu\/fr\/noticia-proyecto\/sollagua-celebra-su-segunda-reunion-de-consorcio-en-lisboa\/#primaryimage\",\"url\":\"https:\/\/interreg-sudoe.eu\/wp-content\/uploads\/2024\/07\/Foto-2-1.jpg\",\"contentUrl\":\"https:\/\/interreg-sudoe.eu\/wp-content\/uploads\/2024\/07\/Foto-2-1.jpg\",\"width\":1600,\"height\":720,\"caption\":\"SOLLAGUA KOM\"},{\"@type\":\"BreadcrumbList\",\"@id\":\"https:\/\/interreg-sudoe.eu\/fr\/noticia-proyecto\/sollagua-celebra-su-segunda-reunion-de-consorcio-en-lisboa\/#breadcrumb\",\"itemListElement\":[{\"@type\":\"ListItem\",\"position\":1,\"name\":\"Home\",\"item\":\"https:\/\/interreg-sudoe.eu\/fr\/\"},{\"@type\":\"ListItem\",\"position\":2,\"name\":\"SOLLAGUA est n\u00e9 pour promouvoir des solutions durables de r\u00e9utilisation de l&#8217;eau dans les zones rurales\"}]},{\"@type\":\"WebSite\",\"@id\":\"https:\/\/interreg-sudoe.eu\/fr\/#website\",\"url\":\"https:\/\/interreg-sudoe.eu\/fr\/\",\"name\":\"Interreg Sudoe\",\"description\":\"Interreg Sudoe\",\"publisher\":{\"@id\":\"https:\/\/interreg-sudoe.eu\/fr\/#organization\"},\"alternateName\":\"Interreg Sudoe\",\"potentialAction\":[{\"@type\":\"SearchAction\",\"target\":{\"@type\":\"EntryPoint\",\"urlTemplate\":\"https:\/\/interreg-sudoe.eu\/fr\/?s={search_term_string}\"},\"query-input\":{\"@type\":\"PropertyValueSpecification\",\"valueRequired\":true,\"valueName\":\"search_term_string\"}}],\"inLanguage\":\"fr-FR\"},{\"@type\":\"Organization\",\"@id\":\"https:\/\/interreg-sudoe.eu\/fr\/#organization\",\"name\":\"Interreg Sudoe\",\"alternateName\":\"Interreg Sudoe\",\"url\":\"https:\/\/interreg-sudoe.eu\/fr\/\",\"logo\":{\"@type\":\"ImageObject\",\"inLanguage\":\"fr-FR\",\"@id\":\"https:\/\/interreg-sudoe.eu\/fr\/#\/schema\/logo\/image\/\",\"url\":\"https:\/\/interreg-sudoe.eu\/wp-content\/uploads\/2024\/03\/logo-interreg.png\",\"contentUrl\":\"https:\/\/interreg-sudoe.eu\/wp-content\/uploads\/2024\/03\/logo-interreg.png\",\"width\":1200,\"height\":675,\"caption\":\"Interreg Sudoe\"},\"image\":{\"@id\":\"https:\/\/interreg-sudoe.eu\/fr\/#\/schema\/logo\/image\/\"},\"sameAs\":[\"https:\/\/www.facebook.com\/interregsudoe\",\"https:\/\/x.com\/Sudoe5\",\"https:\/\/www.youtube.com\/channel\/UCeGx2edoB32beRc9dbKA2vw\",\"https:\/\/www.linkedin.com\/company\/interreg-sudoe-programme\/\",\"https:\/\/www.flickr.com\/photos\/148704685@N06\/\"]}]}<\/script>\n<!-- \/ Yoast SEO plugin. -->","yoast_head_json":{"title":"SOLLAGUA est n\u00e9 pour promouvoir des solutions durables de r\u00e9utilisation de l'eau dans les zones rurales - Interreg Sudoe","robots":{"index":"index","follow":"follow","max-snippet":"max-snippet:-1","max-image-preview":"max-image-preview:large","max-video-preview":"max-video-preview:-1"},"canonical":"https:\/\/interreg-sudoe.eu\/fr\/noticia-proyecto\/sollagua-celebra-su-segunda-reunion-de-consorcio-en-lisboa\/","og_locale":"fr_FR","og_type":"article","og_title":"SOLLAGUA est n\u00e9 pour promouvoir des solutions durables de r\u00e9utilisation de l'eau dans les zones rurales - Interreg Sudoe","og_description":"Cofinanc\u00e9 par le programme de d\u00e9veloppement r\u00e9gional Interreg SUDOE 21-27 \u00e0 hauteur de 1 389 232,10\u20ac, SOLLAGUA sera d\u00e9velopp\u00e9 dans plusieurs r\u00e9gions d&rsquo;Espagne, du Portugal et de France. L&rsquo;initiative triennale est men\u00e9e par un consortium transnational compos\u00e9 de dix organisations chefs de file et de 26 organisations partenaires. Si des mesures urgentes et transversales ne [&hellip;]","og_url":"https:\/\/interreg-sudoe.eu\/fr\/noticia-proyecto\/sollagua-celebra-su-segunda-reunion-de-consorcio-en-lisboa\/","og_site_name":"Interreg Sudoe","article_publisher":"https:\/\/www.facebook.com\/interregsudoe","article_modified_time":"2024-12-23T11:01:15+00:00","og_image":[{"width":1600,"height":720,"url":"https:\/\/interreg-sudoe.eu\/wp-content\/uploads\/2024\/07\/Foto-2-1.jpg","type":"image\/jpeg"}],"twitter_card":"summary_large_image","twitter_site":"@Sudoe5","twitter_misc":{"Dur\u00e9e de lecture estim\u00e9e":"3 minutes"},"schema":{"@context":"https:\/\/schema.org","@graph":[{"@type":"WebPage","@id":"https:\/\/interreg-sudoe.eu\/fr\/noticia-proyecto\/sollagua-celebra-su-segunda-reunion-de-consorcio-en-lisboa\/","url":"https:\/\/interreg-sudoe.eu\/fr\/noticia-proyecto\/sollagua-celebra-su-segunda-reunion-de-consorcio-en-lisboa\/","name":"SOLLAGUA est n\u00e9 pour promouvoir des solutions durables de r\u00e9utilisation de l'eau dans les zones rurales - Interreg Sudoe","isPartOf":{"@id":"https:\/\/interreg-sudoe.eu\/fr\/#website"},"primaryImageOfPage":{"@id":"https:\/\/interreg-sudoe.eu\/fr\/noticia-proyecto\/sollagua-celebra-su-segunda-reunion-de-consorcio-en-lisboa\/#primaryimage"},"image":{"@id":"https:\/\/interreg-sudoe.eu\/fr\/noticia-proyecto\/sollagua-celebra-su-segunda-reunion-de-consorcio-en-lisboa\/#primaryimage"},"thumbnailUrl":"https:\/\/interreg-sudoe.eu\/wp-content\/uploads\/2024\/07\/Foto-2-1.jpg","datePublished":"2024-07-21T10:06:38+00:00","dateModified":"2024-12-23T11:01:15+00:00","breadcrumb":{"@id":"https:\/\/interreg-sudoe.eu\/fr\/noticia-proyecto\/sollagua-celebra-su-segunda-reunion-de-consorcio-en-lisboa\/#breadcrumb"},"inLanguage":"fr-FR","potentialAction":[{"@type":"ReadAction","target":["https:\/\/interreg-sudoe.eu\/fr\/noticia-proyecto\/sollagua-celebra-su-segunda-reunion-de-consorcio-en-lisboa\/"]}]},{"@type":"ImageObject","inLanguage":"fr-FR","@id":"https:\/\/interreg-sudoe.eu\/fr\/noticia-proyecto\/sollagua-celebra-su-segunda-reunion-de-consorcio-en-lisboa\/#primaryimage","url":"https:\/\/interreg-sudoe.eu\/wp-content\/uploads\/2024\/07\/Foto-2-1.jpg","contentUrl":"https:\/\/interreg-sudoe.eu\/wp-content\/uploads\/2024\/07\/Foto-2-1.jpg","width":1600,"height":720,"caption":"SOLLAGUA KOM"},{"@type":"BreadcrumbList","@id":"https:\/\/interreg-sudoe.eu\/fr\/noticia-proyecto\/sollagua-celebra-su-segunda-reunion-de-consorcio-en-lisboa\/#breadcrumb","itemListElement":[{"@type":"ListItem","position":1,"name":"Home","item":"https:\/\/interreg-sudoe.eu\/fr\/"},{"@type":"ListItem","position":2,"name":"SOLLAGUA est n\u00e9 pour promouvoir des solutions durables de r\u00e9utilisation de l&#8217;eau dans les zones rurales"}]},{"@type":"WebSite","@id":"https:\/\/interreg-sudoe.eu\/fr\/#website","url":"https:\/\/interreg-sudoe.eu\/fr\/","name":"Interreg Sudoe","description":"Interreg Sudoe","publisher":{"@id":"https:\/\/interreg-sudoe.eu\/fr\/#organization"},"alternateName":"Interreg Sudoe","potentialAction":[{"@type":"SearchAction","target":{"@type":"EntryPoint","urlTemplate":"https:\/\/interreg-sudoe.eu\/fr\/?s={search_term_string}"},"query-input":{"@type":"PropertyValueSpecification","valueRequired":true,"valueName":"search_term_string"}}],"inLanguage":"fr-FR"},{"@type":"Organization","@id":"https:\/\/interreg-sudoe.eu\/fr\/#organization","name":"Interreg Sudoe","alternateName":"Interreg Sudoe","url":"https:\/\/interreg-sudoe.eu\/fr\/","logo":{"@type":"ImageObject","inLanguage":"fr-FR","@id":"https:\/\/interreg-sudoe.eu\/fr\/#\/schema\/logo\/image\/","url":"https:\/\/interreg-sudoe.eu\/wp-content\/uploads\/2024\/03\/logo-interreg.png","contentUrl":"https:\/\/interreg-sudoe.eu\/wp-content\/uploads\/2024\/03\/logo-interreg.png","width":1200,"height":675,"caption":"Interreg Sudoe"},"image":{"@id":"https:\/\/interreg-sudoe.eu\/fr\/#\/schema\/logo\/image\/"},"sameAs":["https:\/\/www.facebook.com\/interregsudoe","https:\/\/x.com\/Sudoe5","https:\/\/www.youtube.com\/channel\/UCeGx2edoB32beRc9dbKA2vw","https:\/\/www.linkedin.com\/company\/interreg-sudoe-programme\/","https:\/\/www.flickr.com\/photos\/148704685@N06\/"]}]}},"_links":{"self":[{"href":"https:\/\/interreg-sudoe.eu\/fr\/wp-json\/wp\/v2\/noticia-proyecto\/40416","targetHints":{"allow":["GET"]}}],"collection":[{"href":"https:\/\/interreg-sudoe.eu\/fr\/wp-json\/wp\/v2\/noticia-proyecto"}],"about":[{"href":"https:\/\/interreg-sudoe.eu\/fr\/wp-json\/wp\/v2\/types\/noticia-proyecto"}],"author":[{"embeddable":true,"href":"https:\/\/interreg-sudoe.eu\/fr\/wp-json\/wp\/v2\/users\/5002"}],"wp:featuredmedia":[{"embeddable":true,"href":"https:\/\/interreg-sudoe.eu\/fr\/wp-json\/wp\/v2\/media\/43916"}],"wp:attachment":[{"href":"https:\/\/interreg-sudoe.eu\/fr\/wp-json\/wp\/v2\/media?parent=40416"}],"curies":[{"name":"wp","href":"https:\/\/api.w.org\/{rel}","templated":true}]}}