{"id":40418,"date":"2024-08-13T11:15:19","date_gmt":"2024-08-13T09:15:19","guid":{"rendered":"https:\/\/interreg-sudoe.eu\/noticia-proyecto\/el-proyecto-sollagua-celebra-su-segunda-reunion-de-consorcio-en-lisboa\/"},"modified":"2026-02-17T12:20:19","modified_gmt":"2026-02-17T11:20:19","slug":"el-proyecto-sollagua-celebra-su-segunda-reunion-de-consorcio-en-lisboa","status":"publish","type":"noticia-proyecto","link":"https:\/\/interreg-sudoe.eu\/fr\/noticia-proyecto\/el-proyecto-sollagua-celebra-su-segunda-reunion-de-consorcio-en-lisboa\/","title":{"rendered":"Le projet SOLLAGUA tient sa deuxi\u00e8me r\u00e9union de consortium \u00e0 Lisbonne"},"content":{"rendered":"<h3>La r\u00e9union a \u00e9t\u00e9 organis\u00e9e par les partenaires portugais T\u00e9cnico Lisboa et \u00c1guas do Tejo Atl\u00e2ntico les 20 et 21 juin 2024 \u00e0 la <a href=\"https:\/\/www.aguasdotejoatlantico.adp.pt\/content\/alcantara\">F\u00e1brica de \u00c1gua de Alc\u00e2ntara (Lisbonne)<\/a>.<\/h3>\n<p><span style=\"font-weight: 400;\"><a href=\"https:\/\/interreg-sudoe.eu\/fr\/proyecto-interreg\/sollagua\/\">SOLLAGUA<\/a>, une initiative triennale cofinanc\u00e9e par le programme de d\u00e9veloppement r\u00e9gional Interreg SUDOE 2021-2027 qui explore des solutions bas\u00e9es sur la nature pour la r\u00e9utilisation de l&rsquo;eau dans les zones rurales, a tenu sa deuxi\u00e8me r\u00e9union de consortium \u00e0 Lisbonne les 20 et 21 juin 2024. La r\u00e9union a \u00e9t\u00e9 organis\u00e9e par les partenaires portugais <a href=\"https:\/\/tecnico.ulisboa.pt\/pt\/\">T\u00e9cnico Lisboa<\/a> et <a href=\"https:\/\/www.aguasdotejoatlantico.adp.pt\/\">\u00c1guas do Tejo Atl\u00e2ntico<\/a> \u00e0 la F\u00e1brica de \u00c1gua de Alc\u00e2ntara (Lisbonne) et a rassembl\u00e9 des repr\u00e9sentants des dix b\u00e9n\u00e9ficiaires de l&rsquo;initiative ainsi que certains partenaires associ\u00e9s.<\/span><\/p>\n<p>La premi\u00e8re journ\u00e9e a \u00e9t\u00e9 principalement consacr\u00e9e \u00e0 l&rsquo;\u00e9valuation de l&rsquo;\u00e9tat d&rsquo;avancement du projet, qui est obligatoire pour toutes les r\u00e9unions d&rsquo;initiatives de collaboration. Chacun des partenaires a pr\u00e9sent\u00e9 une mise \u00e0 jour de son groupe de travail respectif, en soulignant les r\u00e9alisations les plus notables et les d\u00e9fis rencontr\u00e9s depuis la <a href=\"https:\/\/interreg-sudoe.eu\/fr\/noticia-proyecto\/sollagua-celebra-su-segunda-reunion-de-consorcio-en-lisboa\/\"><strong>r\u00e9union de lancement en janvier \u00e0 Toulouse (France).<\/strong><\/a> Ce partage a permis d&rsquo;\u00e9tablir une premi\u00e8re base sur laquelle le reste de la r\u00e9union s&rsquo;est appuy\u00e9. Un autre sujet important \u00e0 l&rsquo;ordre du jour de cette journ\u00e9e \u00e9tait la n\u00e9cessit\u00e9 d&rsquo;impliquer davantage et mieux les 26 organisations partenaires fran\u00e7aises, portugaises et espagnoles. Magali Gerino, professeure \u00e0 l<a href=\"https:\/\/www.univ-tlse3.fr\/\">&lsquo;Universit\u00e9 Toulouse III &#8211; Paul Sabatier<\/a>, l&rsquo;entit\u00e9 coordinatrice de SOLLAGUA, a soulign\u00e9 que leur participation est essentielle pour \u00ab\u00a0\u00e9largir la port\u00e9e du projet \u00e0 tous les niveaux\u00a0\u00bb.<\/p>\n<div align=\"center\">\n<p>&nbsp;<\/p>\n<blockquote class=\"twitter-tweet\">\n<p dir=\"ltr\" lang=\"en\">\ud83d\udcd1Demo-sites, communication, digital twins, nature-based water reuse approaches&#8230; Hard to sum it up all!<\/p>\n<p>The last 2-day seminar in <a href=\"https:\/\/twitter.com\/hashtag\/Lisbon?src=hash&amp;ref_src=twsrc%5Etfw\">#Lisbon<\/a> of the <a href=\"https:\/\/twitter.com\/hashtag\/SOLLAGUA?src=hash&amp;ref_src=twsrc%5Etfw\">#SOLLAGUA<\/a> consortium was very fruitful. The wrap? A guided tour (underground) at the purification plant <a href=\"https:\/\/twitter.com\/hashtag\/F%C3%A1bricade%C3%81gua?src=hash&amp;ref_src=twsrc%5Etfw\">#F\u00e1bricade\u00c1gua<\/a> \ud83d\ude1c . <a href=\"https:\/\/t.co\/SYE3UXr9tY\">pic.twitter.com\/SYE3UXr9tY<\/a><\/p>\n<p>\u2014 SOLLAGUA &#8211; Interreg SUDOE (@SOLLAGUAproject) <a href=\"https:\/\/twitter.com\/SOLLAGUAproject\/status\/1804568968134361395?ref_src=twsrc%5Etfw\">June 22, 2024<\/a><\/p><\/blockquote>\n<p><script async src=\"https:\/\/platform.twitter.com\/widgets.js\" charset=\"utf-8\"><\/script><\/p>\n<\/div>\n<p>Le deuxi\u00e8me jour, le consortium a concentr\u00e9 ses discussions sur les obligations des b\u00e9n\u00e9ficiaires en termes de gestion administrative et financi\u00e8re et sur la strat\u00e9gie de communication et de diffusion, qui doit \u00eatre livr\u00e9e \u00e0 la mi-septembre. Interreg SUDOE, par le biais du secr\u00e9tariat conjoint, a clairement indiqu\u00e9 d\u00e8s la signature officielle du projet que cet aspect devait \u00eatre au c\u0153ur de chaque groupe de travail afin de sensibiliser aux priorit\u00e9s de SOLLAGUA et \u00e0 l&rsquo;importance de ce type de programme europ\u00e9en pour <strong>la construction d&rsquo;un avenir plus vert et plus coh\u00e9sif.<\/strong> Pour cl\u00f4turer la r\u00e9union, les partenaires ont eu l&rsquo;occasion de vivre une exp\u00e9rience \u00e9tonnante : une visite guid\u00e9e (souterraine !) de la station d&rsquo;\u00e9puration F\u00e1brica de \u00c1gua de Alc\u00e2ntara (Lisbonne). Quel point culminant rafra\u00eechissant !<\/p>\n<h3>Suivez SOLLAGUA sur les r\u00e9seaux !<\/h3>\n<p><span style=\"font-weight: 400;\">Si vous souhaitez vous tenir au courant de l&rsquo;avancement du projet et des derni\u00e8res nouvelles concernant la r\u00e9utilisation de l&rsquo;eau et les mesures de lutte contre le changement climatique, suivez le projet sur:<br \/>\n<\/span>\ud83d\udc49\u00a0 <a href=\"http:\/\/@SOLLAGUAproject\">X\u00a0<\/a><br \/>\n\ud83d\udc49<a href=\"https:\/\/www.linkedin.com\/company\/sollagua\/\">\u00a0LinkedIn<\/a><br \/>\n\ud83d\udc49<a href=\"https:\/\/www.youtube.com\/@sollagua-interregsudoe\">\u00a0YouTube<\/a><\/p>\n","protected":false},"excerpt":{"rendered":"<p>La r\u00e9union a \u00e9t\u00e9 organis\u00e9e par les partenaires portugais T\u00e9cnico Lisboa et \u00c1guas do Tejo Atl\u00e2ntico les 20 et 21 juin 2024 \u00e0 la F\u00e1brica de \u00c1gua de Alc\u00e2ntara (Lisbonne). SOLLAGUA, une initiative triennale cofinanc\u00e9e par le programme de d\u00e9veloppement r\u00e9gional Interreg SUDOE 2021-2027 qui explore des solutions bas\u00e9es sur la nature pour la r\u00e9utilisation [&hellip;]<\/p>\n","protected":false},"author":5002,"featured_media":43917,"parent":0,"template":"","meta":{"_acf_changed":false,"content-type":"","_monsterinsights_skip_tracking":false,"_monsterinsights_sitenote_active":false,"_monsterinsights_sitenote_note":"","_monsterinsights_sitenote_category":0},"class_list":["post-40418","noticia-proyecto","type-noticia-proyecto","status-publish","has-post-thumbnail","hentry"],"acf":[],"yoast_head":"<!-- This site is optimized with the Yoast SEO plugin v27.2 - https:\/\/yoast.com\/product\/yoast-seo-wordpress\/ -->\n<title>Le projet SOLLAGUA tient sa deuxi\u00e8me r\u00e9union de consortium \u00e0 Lisbonne - Interreg Sudoe<\/title>\n<meta name=\"robots\" content=\"index, follow, max-snippet:-1, max-image-preview:large, max-video-preview:-1\" \/>\n<link rel=\"canonical\" href=\"https:\/\/interreg-sudoe.eu\/fr\/noticia-proyecto\/el-proyecto-sollagua-celebra-su-segunda-reunion-de-consorcio-en-lisboa\/\" \/>\n<meta property=\"og:locale\" content=\"fr_FR\" \/>\n<meta property=\"og:type\" content=\"article\" \/>\n<meta property=\"og:title\" content=\"Le projet SOLLAGUA tient sa deuxi\u00e8me r\u00e9union de consortium \u00e0 Lisbonne - Interreg Sudoe\" \/>\n<meta property=\"og:description\" content=\"La r\u00e9union a \u00e9t\u00e9 organis\u00e9e par les partenaires portugais T\u00e9cnico Lisboa et \u00c1guas do Tejo Atl\u00e2ntico les 20 et 21 juin 2024 \u00e0 la F\u00e1brica de \u00c1gua de Alc\u00e2ntara (Lisbonne). SOLLAGUA, une initiative triennale cofinanc\u00e9e par le programme de d\u00e9veloppement r\u00e9gional Interreg SUDOE 2021-2027 qui explore des solutions bas\u00e9es sur la nature pour la r\u00e9utilisation [&hellip;]\" \/>\n<meta property=\"og:url\" content=\"https:\/\/interreg-sudoe.eu\/fr\/noticia-proyecto\/el-proyecto-sollagua-celebra-su-segunda-reunion-de-consorcio-en-lisboa\/\" \/>\n<meta property=\"og:site_name\" content=\"Interreg Sudoe\" \/>\n<meta property=\"article:publisher\" content=\"https:\/\/www.facebook.com\/interregsudoe\" \/>\n<meta property=\"article:modified_time\" content=\"2026-02-17T11:20:19+00:00\" \/>\n<meta property=\"og:image\" content=\"https:\/\/interreg-sudoe.eu\/wp-content\/uploads\/2024\/08\/IMG_20240621_151644-scaled.jpg\" \/>\n\t<meta property=\"og:image:width\" content=\"2560\" \/>\n\t<meta property=\"og:image:height\" content=\"1920\" \/>\n\t<meta property=\"og:image:type\" content=\"image\/jpeg\" \/>\n<meta name=\"twitter:card\" content=\"summary_large_image\" \/>\n<meta name=\"twitter:site\" content=\"@Sudoe5\" \/>\n<meta name=\"twitter:label1\" content=\"Dur\u00e9e de lecture estim\u00e9e\" \/>\n\t<meta name=\"twitter:data1\" content=\"3 minutes\" \/>\n<script type=\"application\/ld+json\" class=\"yoast-schema-graph\">{\"@context\":\"https:\/\/schema.org\",\"@graph\":[{\"@type\":\"WebPage\",\"@id\":\"https:\/\/interreg-sudoe.eu\/fr\/noticia-proyecto\/el-proyecto-sollagua-celebra-su-segunda-reunion-de-consorcio-en-lisboa\/\",\"url\":\"https:\/\/interreg-sudoe.eu\/fr\/noticia-proyecto\/el-proyecto-sollagua-celebra-su-segunda-reunion-de-consorcio-en-lisboa\/\",\"name\":\"Le projet SOLLAGUA tient sa deuxi\u00e8me r\u00e9union de consortium \u00e0 Lisbonne - Interreg Sudoe\",\"isPartOf\":{\"@id\":\"https:\/\/interreg-sudoe.eu\/fr\/#website\"},\"primaryImageOfPage\":{\"@id\":\"https:\/\/interreg-sudoe.eu\/fr\/noticia-proyecto\/el-proyecto-sollagua-celebra-su-segunda-reunion-de-consorcio-en-lisboa\/#primaryimage\"},\"image\":{\"@id\":\"https:\/\/interreg-sudoe.eu\/fr\/noticia-proyecto\/el-proyecto-sollagua-celebra-su-segunda-reunion-de-consorcio-en-lisboa\/#primaryimage\"},\"thumbnailUrl\":\"https:\/\/interreg-sudoe.eu\/wp-content\/uploads\/2024\/08\/IMG_20240621_151644-scaled.jpg\",\"datePublished\":\"2024-08-13T09:15:19+00:00\",\"dateModified\":\"2026-02-17T11:20:19+00:00\",\"breadcrumb\":{\"@id\":\"https:\/\/interreg-sudoe.eu\/fr\/noticia-proyecto\/el-proyecto-sollagua-celebra-su-segunda-reunion-de-consorcio-en-lisboa\/#breadcrumb\"},\"inLanguage\":\"fr-FR\",\"potentialAction\":[{\"@type\":\"ReadAction\",\"target\":[\"https:\/\/interreg-sudoe.eu\/fr\/noticia-proyecto\/el-proyecto-sollagua-celebra-su-segunda-reunion-de-consorcio-en-lisboa\/\"]}]},{\"@type\":\"ImageObject\",\"inLanguage\":\"fr-FR\",\"@id\":\"https:\/\/interreg-sudoe.eu\/fr\/noticia-proyecto\/el-proyecto-sollagua-celebra-su-segunda-reunion-de-consorcio-en-lisboa\/#primaryimage\",\"url\":\"https:\/\/interreg-sudoe.eu\/wp-content\/uploads\/2024\/08\/IMG_20240621_151644-scaled.jpg\",\"contentUrl\":\"https:\/\/interreg-sudoe.eu\/wp-content\/uploads\/2024\/08\/IMG_20240621_151644-scaled.jpg\",\"width\":2560,\"height\":1920,\"caption\":\"SOLLAGUA LISBOA\"},{\"@type\":\"BreadcrumbList\",\"@id\":\"https:\/\/interreg-sudoe.eu\/fr\/noticia-proyecto\/el-proyecto-sollagua-celebra-su-segunda-reunion-de-consorcio-en-lisboa\/#breadcrumb\",\"itemListElement\":[{\"@type\":\"ListItem\",\"position\":1,\"name\":\"Home\",\"item\":\"https:\/\/interreg-sudoe.eu\/fr\/\"},{\"@type\":\"ListItem\",\"position\":2,\"name\":\"Le projet SOLLAGUA tient sa deuxi\u00e8me r\u00e9union de consortium \u00e0 Lisbonne\"}]},{\"@type\":\"WebSite\",\"@id\":\"https:\/\/interreg-sudoe.eu\/fr\/#website\",\"url\":\"https:\/\/interreg-sudoe.eu\/fr\/\",\"name\":\"Interreg Sudoe\",\"description\":\"Interreg Sudoe\",\"publisher\":{\"@id\":\"https:\/\/interreg-sudoe.eu\/fr\/#organization\"},\"alternateName\":\"Interreg Sudoe\",\"potentialAction\":[{\"@type\":\"SearchAction\",\"target\":{\"@type\":\"EntryPoint\",\"urlTemplate\":\"https:\/\/interreg-sudoe.eu\/fr\/?s={search_term_string}\"},\"query-input\":{\"@type\":\"PropertyValueSpecification\",\"valueRequired\":true,\"valueName\":\"search_term_string\"}}],\"inLanguage\":\"fr-FR\"},{\"@type\":\"Organization\",\"@id\":\"https:\/\/interreg-sudoe.eu\/fr\/#organization\",\"name\":\"Interreg Sudoe\",\"alternateName\":\"Interreg Sudoe\",\"url\":\"https:\/\/interreg-sudoe.eu\/fr\/\",\"logo\":{\"@type\":\"ImageObject\",\"inLanguage\":\"fr-FR\",\"@id\":\"https:\/\/interreg-sudoe.eu\/fr\/#\/schema\/logo\/image\/\",\"url\":\"https:\/\/interreg-sudoe.eu\/wp-content\/uploads\/2024\/03\/logo-interreg.png\",\"contentUrl\":\"https:\/\/interreg-sudoe.eu\/wp-content\/uploads\/2024\/03\/logo-interreg.png\",\"width\":1200,\"height\":675,\"caption\":\"Interreg Sudoe\"},\"image\":{\"@id\":\"https:\/\/interreg-sudoe.eu\/fr\/#\/schema\/logo\/image\/\"},\"sameAs\":[\"https:\/\/www.facebook.com\/interregsudoe\",\"https:\/\/x.com\/Sudoe5\",\"https:\/\/www.youtube.com\/channel\/UCeGx2edoB32beRc9dbKA2vw\",\"https:\/\/www.linkedin.com\/company\/interreg-sudoe-programme\/\",\"https:\/\/www.flickr.com\/photos\/148704685@N06\/\"]}]}<\/script>\n<!-- \/ Yoast SEO plugin. -->","yoast_head_json":{"title":"Le projet SOLLAGUA tient sa deuxi\u00e8me r\u00e9union de consortium \u00e0 Lisbonne - Interreg Sudoe","robots":{"index":"index","follow":"follow","max-snippet":"max-snippet:-1","max-image-preview":"max-image-preview:large","max-video-preview":"max-video-preview:-1"},"canonical":"https:\/\/interreg-sudoe.eu\/fr\/noticia-proyecto\/el-proyecto-sollagua-celebra-su-segunda-reunion-de-consorcio-en-lisboa\/","og_locale":"fr_FR","og_type":"article","og_title":"Le projet SOLLAGUA tient sa deuxi\u00e8me r\u00e9union de consortium \u00e0 Lisbonne - Interreg Sudoe","og_description":"La r\u00e9union a \u00e9t\u00e9 organis\u00e9e par les partenaires portugais T\u00e9cnico Lisboa et \u00c1guas do Tejo Atl\u00e2ntico les 20 et 21 juin 2024 \u00e0 la F\u00e1brica de \u00c1gua de Alc\u00e2ntara (Lisbonne). SOLLAGUA, une initiative triennale cofinanc\u00e9e par le programme de d\u00e9veloppement r\u00e9gional Interreg SUDOE 2021-2027 qui explore des solutions bas\u00e9es sur la nature pour la r\u00e9utilisation [&hellip;]","og_url":"https:\/\/interreg-sudoe.eu\/fr\/noticia-proyecto\/el-proyecto-sollagua-celebra-su-segunda-reunion-de-consorcio-en-lisboa\/","og_site_name":"Interreg Sudoe","article_publisher":"https:\/\/www.facebook.com\/interregsudoe","article_modified_time":"2026-02-17T11:20:19+00:00","og_image":[{"width":2560,"height":1920,"url":"https:\/\/interreg-sudoe.eu\/wp-content\/uploads\/2024\/08\/IMG_20240621_151644-scaled.jpg","type":"image\/jpeg"}],"twitter_card":"summary_large_image","twitter_site":"@Sudoe5","twitter_misc":{"Dur\u00e9e de lecture estim\u00e9e":"3 minutes"},"schema":{"@context":"https:\/\/schema.org","@graph":[{"@type":"WebPage","@id":"https:\/\/interreg-sudoe.eu\/fr\/noticia-proyecto\/el-proyecto-sollagua-celebra-su-segunda-reunion-de-consorcio-en-lisboa\/","url":"https:\/\/interreg-sudoe.eu\/fr\/noticia-proyecto\/el-proyecto-sollagua-celebra-su-segunda-reunion-de-consorcio-en-lisboa\/","name":"Le projet SOLLAGUA tient sa deuxi\u00e8me r\u00e9union de consortium \u00e0 Lisbonne - Interreg Sudoe","isPartOf":{"@id":"https:\/\/interreg-sudoe.eu\/fr\/#website"},"primaryImageOfPage":{"@id":"https:\/\/interreg-sudoe.eu\/fr\/noticia-proyecto\/el-proyecto-sollagua-celebra-su-segunda-reunion-de-consorcio-en-lisboa\/#primaryimage"},"image":{"@id":"https:\/\/interreg-sudoe.eu\/fr\/noticia-proyecto\/el-proyecto-sollagua-celebra-su-segunda-reunion-de-consorcio-en-lisboa\/#primaryimage"},"thumbnailUrl":"https:\/\/interreg-sudoe.eu\/wp-content\/uploads\/2024\/08\/IMG_20240621_151644-scaled.jpg","datePublished":"2024-08-13T09:15:19+00:00","dateModified":"2026-02-17T11:20:19+00:00","breadcrumb":{"@id":"https:\/\/interreg-sudoe.eu\/fr\/noticia-proyecto\/el-proyecto-sollagua-celebra-su-segunda-reunion-de-consorcio-en-lisboa\/#breadcrumb"},"inLanguage":"fr-FR","potentialAction":[{"@type":"ReadAction","target":["https:\/\/interreg-sudoe.eu\/fr\/noticia-proyecto\/el-proyecto-sollagua-celebra-su-segunda-reunion-de-consorcio-en-lisboa\/"]}]},{"@type":"ImageObject","inLanguage":"fr-FR","@id":"https:\/\/interreg-sudoe.eu\/fr\/noticia-proyecto\/el-proyecto-sollagua-celebra-su-segunda-reunion-de-consorcio-en-lisboa\/#primaryimage","url":"https:\/\/interreg-sudoe.eu\/wp-content\/uploads\/2024\/08\/IMG_20240621_151644-scaled.jpg","contentUrl":"https:\/\/interreg-sudoe.eu\/wp-content\/uploads\/2024\/08\/IMG_20240621_151644-scaled.jpg","width":2560,"height":1920,"caption":"SOLLAGUA LISBOA"},{"@type":"BreadcrumbList","@id":"https:\/\/interreg-sudoe.eu\/fr\/noticia-proyecto\/el-proyecto-sollagua-celebra-su-segunda-reunion-de-consorcio-en-lisboa\/#breadcrumb","itemListElement":[{"@type":"ListItem","position":1,"name":"Home","item":"https:\/\/interreg-sudoe.eu\/fr\/"},{"@type":"ListItem","position":2,"name":"Le projet SOLLAGUA tient sa deuxi\u00e8me r\u00e9union de consortium \u00e0 Lisbonne"}]},{"@type":"WebSite","@id":"https:\/\/interreg-sudoe.eu\/fr\/#website","url":"https:\/\/interreg-sudoe.eu\/fr\/","name":"Interreg Sudoe","description":"Interreg Sudoe","publisher":{"@id":"https:\/\/interreg-sudoe.eu\/fr\/#organization"},"alternateName":"Interreg Sudoe","potentialAction":[{"@type":"SearchAction","target":{"@type":"EntryPoint","urlTemplate":"https:\/\/interreg-sudoe.eu\/fr\/?s={search_term_string}"},"query-input":{"@type":"PropertyValueSpecification","valueRequired":true,"valueName":"search_term_string"}}],"inLanguage":"fr-FR"},{"@type":"Organization","@id":"https:\/\/interreg-sudoe.eu\/fr\/#organization","name":"Interreg Sudoe","alternateName":"Interreg Sudoe","url":"https:\/\/interreg-sudoe.eu\/fr\/","logo":{"@type":"ImageObject","inLanguage":"fr-FR","@id":"https:\/\/interreg-sudoe.eu\/fr\/#\/schema\/logo\/image\/","url":"https:\/\/interreg-sudoe.eu\/wp-content\/uploads\/2024\/03\/logo-interreg.png","contentUrl":"https:\/\/interreg-sudoe.eu\/wp-content\/uploads\/2024\/03\/logo-interreg.png","width":1200,"height":675,"caption":"Interreg Sudoe"},"image":{"@id":"https:\/\/interreg-sudoe.eu\/fr\/#\/schema\/logo\/image\/"},"sameAs":["https:\/\/www.facebook.com\/interregsudoe","https:\/\/x.com\/Sudoe5","https:\/\/www.youtube.com\/channel\/UCeGx2edoB32beRc9dbKA2vw","https:\/\/www.linkedin.com\/company\/interreg-sudoe-programme\/","https:\/\/www.flickr.com\/photos\/148704685@N06\/"]}]}},"_links":{"self":[{"href":"https:\/\/interreg-sudoe.eu\/fr\/wp-json\/wp\/v2\/noticia-proyecto\/40418","targetHints":{"allow":["GET"]}}],"collection":[{"href":"https:\/\/interreg-sudoe.eu\/fr\/wp-json\/wp\/v2\/noticia-proyecto"}],"about":[{"href":"https:\/\/interreg-sudoe.eu\/fr\/wp-json\/wp\/v2\/types\/noticia-proyecto"}],"author":[{"embeddable":true,"href":"https:\/\/interreg-sudoe.eu\/fr\/wp-json\/wp\/v2\/users\/5002"}],"wp:featuredmedia":[{"embeddable":true,"href":"https:\/\/interreg-sudoe.eu\/fr\/wp-json\/wp\/v2\/media\/43917"}],"wp:attachment":[{"href":"https:\/\/interreg-sudoe.eu\/fr\/wp-json\/wp\/v2\/media?parent=40418"}],"curies":[{"name":"wp","href":"https:\/\/api.w.org\/{rel}","templated":true}]}}