{"id":40420,"date":"2024-08-13T12:17:04","date_gmt":"2024-08-13T10:17:04","guid":{"rendered":"https:\/\/interreg-sudoe.eu\/noticia-proyecto\/sigue-a-sollagua-en-las-redes\/"},"modified":"2026-02-16T17:19:43","modified_gmt":"2026-02-16T16:19:43","slug":"sigue-a-sollagua-en-las-redes","status":"publish","type":"noticia-proyecto","link":"https:\/\/interreg-sudoe.eu\/fr\/noticia-proyecto\/sigue-a-sollagua-en-las-redes\/","title":{"rendered":"SOLLAGUA rejoint la campagne #WaterWiseEU"},"content":{"rendered":"<h3>Le projet devient ambassadeur de la campagne lanc\u00e9e par la Commission europ\u00e9enne pour sensibiliser \u00e0 l&rsquo;importance de l&rsquo;eau dans nos vies et dont le slogan est \u00ab\u00a0R<strong>egardons l&rsquo;eau autrement\u00a0\u00bb.<\/strong><\/h3>\n<p><strong>\u00ab\u00a0Regardons l&rsquo;eau autrement\u00a0\u00bb<\/strong> : c\u2019est le message de l&rsquo;Union europ\u00e9enne, qui regroupe pr\u00e8s de 450 millions d&rsquo;habitants. Le 29 mai, lors de la <a href=\"https:\/\/green-week.event.europa.eu\/brussels-conference-29-30-may-2024_en?prefLang=es\">Semaine verte de l&rsquo;UE 2024<\/a> \u00e0 Bruxelles, la Commission europ\u00e9enne a lanc\u00e9 la<strong> campagne #WaterWiseEU<\/strong> pour sensibiliser \u00e0 l&rsquo;importance de l&rsquo;eau dans nos vies. L&rsquo;Europe se r\u00e9chauffe deux fois plus vite que le reste du monde, et 70 % des citoyens europ\u00e9ens ont exprim\u00e9 leurs pr\u00e9occupations concernant la pollution et la raret\u00e9 de l&rsquo;eau. Pourtant, pr\u00e8s de la moiti\u00e9 d&rsquo;entre eux s&rsquo;estiment mal inform\u00e9s des probl\u00e8mes li\u00e9s \u00e0 l&rsquo;eau dans leur pays. Les objectifs de la campagne #WaterWiseEU sont les suivants : comprenez pourquoi les syst\u00e8mes hydriques europ\u00e9ens sont soumis \u00e0 <strong>une pression croissante<\/strong>, d\u00e9couvrez comment nous pouvons travailler ensemble pour transformer la fa\u00e7on dont l&rsquo;eau est g\u00e9r\u00e9e, utilis\u00e9e et valoris\u00e9e, apprenez pourquoi nous devons prot\u00e9ger la nature et les \u00e9cosyst\u00e8mes qui sont au c\u0153ur du cycle de l&rsquo;eau, et s&rsquo;informer sur les nombreuses solutions durables qui existent pour lutter contre la s\u00e9cheresse. La campagne de sensibilisation dont le slogan est \u00ab\u00a0see water differently\u00a0\u00bb, nous invite \u00e0 \u00ab\u00a0regarder l&rsquo;eau autrement\u00a0\u00bb et se d\u00e9roule jusqu&rsquo;\u00e0 la fin de l&rsquo;automne.<\/p>\n<h3>SOLLAGUA apporte sa pierre<\/h3>\n<p>L&rsquo;eau n&rsquo;est pas seulement une ressource, c&rsquo;est l&rsquo;\u00e9l\u00e9ment vital de notre alimentation, de nos \u00e9conomies et de nos \u00e9cosyst\u00e8mes. Sans eau, les cultures se fl\u00e9trissent, les industries s&rsquo;arr\u00eatent et les communaut\u00e9s souffrent. La demande mondiale d&rsquo;eau douce devrait d\u00e9passer l&rsquo;offre de 40 % d&rsquo;ici \u00e0 2030, ce qui est inqui\u00e9tant. Comment faire en sorte que tout le monde y ait acc\u00e8s ? Nous devons <strong>penser localement et agir globalement<\/strong> pour trouver des solutions innovantes qui profitent \u00e0 toutes et tous. Le renouvellement des syst\u00e8mes d&rsquo;irrigation, la transformation des infrastructures urbaines et l&rsquo;utilisation d&rsquo;\u00e9co-innovations accessibles et globales peuvent r\u00e9duire le risque d&rsquo;inondation et revitaliser les communaut\u00e9s, en particulier celles qui sont les plus <strong>expos\u00e9es aux effets du changement climatique, comme la r\u00e9gion SUDOE<\/strong>. La gestion int\u00e9gr\u00e9e de l&rsquo;eau n&rsquo;est pas un simple mot \u00e0 la mode : il s&rsquo;agit de trouver des solutions gagnant-gagnant. Et SOLLAGUA veut apporter sa pierre \u00e0 l&rsquo;\u00e9difice.<\/p>\n<p>&nbsp;<\/p>\n<div style=\"width: 800px;\" class=\"wp-video\"><video class=\"wp-video-shortcode\" id=\"video-40420-1\" width=\"800\" height=\"800\" preload=\"metadata\" controls=\"controls\"><source type=\"video\/mp4\" src=\"https:\/\/interreg-sudoe.eu\/wp-content\/uploads\/2024\/08\/SOLLAGUA-Francais.mp4?_=1\" \/><a href=\"https:\/\/interreg-sudoe.eu\/wp-content\/uploads\/2024\/08\/SOLLAGUA-Francais.mp4\">https:\/\/interreg-sudoe.eu\/wp-content\/uploads\/2024\/08\/SOLLAGUA-Francais.mp4<\/a><\/video><\/div>\n<h3>Suivez SOLLAGUA sur les r\u00e9seaux !<\/h3>\n<p><span style=\"font-weight: 400;\">Si vous souhaitez vous tenir au courant de l&rsquo;avancement du projet et des derni\u00e8res nouvelles concernant la r\u00e9utilisation de l&rsquo;eau et les mesures de lutte contre le changement climatique, suivez le projet sur:<br \/>\n<\/span>\ud83d\udc49\u00a0 <a href=\"http:\/\/@SOLLAGUAproject\">X\u00a0<\/a><br \/>\n\ud83d\udc49<a href=\"https:\/\/www.linkedin.com\/company\/sollagua\/\">\u00a0LinkedIn<\/a><br \/>\n\ud83d\udc49<a href=\"https:\/\/www.youtube.com\/@sollagua-interregsudoe\">\u00a0YouTube<\/a><\/p>\n","protected":false},"excerpt":{"rendered":"<p>Le projet devient ambassadeur de la campagne lanc\u00e9e par la Commission europ\u00e9enne pour sensibiliser \u00e0 l&rsquo;importance de l&rsquo;eau dans nos vies et dont le slogan est \u00ab\u00a0Regardons l&rsquo;eau autrement\u00a0\u00bb. \u00ab\u00a0Regardons l&rsquo;eau autrement\u00a0\u00bb : c\u2019est le message de l&rsquo;Union europ\u00e9enne, qui regroupe pr\u00e8s de 450 millions d&rsquo;habitants. Le 29 mai, lors de la Semaine verte de [&hellip;]<\/p>\n","protected":false},"author":5002,"featured_media":43924,"parent":0,"template":"","meta":{"_acf_changed":false,"content-type":"","_monsterinsights_skip_tracking":false,"_monsterinsights_sitenote_active":false,"_monsterinsights_sitenote_note":"","_monsterinsights_sitenote_category":0},"class_list":["post-40420","noticia-proyecto","type-noticia-proyecto","status-publish","has-post-thumbnail","hentry"],"acf":[],"yoast_head":"<!-- This site is optimized with the Yoast SEO plugin v27.4 - https:\/\/yoast.com\/product\/yoast-seo-wordpress\/ -->\n<title>SOLLAGUA rejoint la campagne #WaterWiseEU - Interreg Sudoe<\/title>\n<meta name=\"robots\" content=\"index, follow, max-snippet:-1, max-image-preview:large, max-video-preview:-1\" \/>\n<link rel=\"canonical\" href=\"https:\/\/interreg-sudoe.eu\/fr\/noticia-proyecto\/sigue-a-sollagua-en-las-redes\/\" \/>\n<meta property=\"og:locale\" content=\"fr_FR\" \/>\n<meta property=\"og:type\" content=\"article\" \/>\n<meta property=\"og:title\" content=\"SOLLAGUA rejoint la campagne #WaterWiseEU - Interreg Sudoe\" \/>\n<meta property=\"og:description\" content=\"Le projet devient ambassadeur de la campagne lanc\u00e9e par la Commission europ\u00e9enne pour sensibiliser \u00e0 l&rsquo;importance de l&rsquo;eau dans nos vies et dont le slogan est \u00ab\u00a0Regardons l&rsquo;eau autrement\u00a0\u00bb. \u00ab\u00a0Regardons l&rsquo;eau autrement\u00a0\u00bb : c\u2019est le message de l&rsquo;Union europ\u00e9enne, qui regroupe pr\u00e8s de 450 millions d&rsquo;habitants. Le 29 mai, lors de la Semaine verte de [&hellip;]\" \/>\n<meta property=\"og:url\" content=\"https:\/\/interreg-sudoe.eu\/fr\/noticia-proyecto\/sigue-a-sollagua-en-las-redes\/\" \/>\n<meta property=\"og:site_name\" content=\"Interreg Sudoe\" \/>\n<meta property=\"article:publisher\" content=\"https:\/\/www.facebook.com\/interregsudoe\" \/>\n<meta property=\"article:modified_time\" content=\"2026-02-16T16:19:43+00:00\" \/>\n<meta property=\"og:image\" content=\"https:\/\/interreg-sudoe.eu\/wp-content\/uploads\/2024\/08\/waterwise-visual-1-1-FR_01-1.jpg\" \/>\n\t<meta property=\"og:image:width\" content=\"1080\" \/>\n\t<meta property=\"og:image:height\" content=\"1080\" \/>\n\t<meta property=\"og:image:type\" content=\"image\/jpeg\" \/>\n<meta name=\"twitter:card\" content=\"summary_large_image\" \/>\n<meta name=\"twitter:site\" content=\"@Sudoe5\" \/>\n<meta name=\"twitter:label1\" content=\"Dur\u00e9e de lecture estim\u00e9e\" \/>\n\t<meta name=\"twitter:data1\" content=\"2 minutes\" \/>\n<script type=\"application\/ld+json\" class=\"yoast-schema-graph\">{\"@context\":\"https:\\\/\\\/schema.org\",\"@graph\":[{\"@type\":\"WebPage\",\"@id\":\"https:\\\/\\\/interreg-sudoe.eu\\\/fr\\\/noticia-proyecto\\\/sigue-a-sollagua-en-las-redes\\\/\",\"url\":\"https:\\\/\\\/interreg-sudoe.eu\\\/fr\\\/noticia-proyecto\\\/sigue-a-sollagua-en-las-redes\\\/\",\"name\":\"SOLLAGUA rejoint la campagne #WaterWiseEU - Interreg Sudoe\",\"isPartOf\":{\"@id\":\"https:\\\/\\\/interreg-sudoe.eu\\\/fr\\\/#website\"},\"primaryImageOfPage\":{\"@id\":\"https:\\\/\\\/interreg-sudoe.eu\\\/fr\\\/noticia-proyecto\\\/sigue-a-sollagua-en-las-redes\\\/#primaryimage\"},\"image\":{\"@id\":\"https:\\\/\\\/interreg-sudoe.eu\\\/fr\\\/noticia-proyecto\\\/sigue-a-sollagua-en-las-redes\\\/#primaryimage\"},\"thumbnailUrl\":\"https:\\\/\\\/interreg-sudoe.eu\\\/wp-content\\\/uploads\\\/2024\\\/08\\\/waterwise-visual-1-1-FR_01-1.jpg\",\"datePublished\":\"2024-08-13T10:17:04+00:00\",\"dateModified\":\"2026-02-16T16:19:43+00:00\",\"breadcrumb\":{\"@id\":\"https:\\\/\\\/interreg-sudoe.eu\\\/fr\\\/noticia-proyecto\\\/sigue-a-sollagua-en-las-redes\\\/#breadcrumb\"},\"inLanguage\":\"fr-FR\",\"potentialAction\":[{\"@type\":\"ReadAction\",\"target\":[\"https:\\\/\\\/interreg-sudoe.eu\\\/fr\\\/noticia-proyecto\\\/sigue-a-sollagua-en-las-redes\\\/\"]}]},{\"@type\":\"ImageObject\",\"inLanguage\":\"fr-FR\",\"@id\":\"https:\\\/\\\/interreg-sudoe.eu\\\/fr\\\/noticia-proyecto\\\/sigue-a-sollagua-en-las-redes\\\/#primaryimage\",\"url\":\"https:\\\/\\\/interreg-sudoe.eu\\\/wp-content\\\/uploads\\\/2024\\\/08\\\/waterwise-visual-1-1-FR_01-1.jpg\",\"contentUrl\":\"https:\\\/\\\/interreg-sudoe.eu\\\/wp-content\\\/uploads\\\/2024\\\/08\\\/waterwise-visual-1-1-FR_01-1.jpg\",\"width\":1080,\"height\":1080,\"caption\":\"#WaterWiseEU c\"},{\"@type\":\"BreadcrumbList\",\"@id\":\"https:\\\/\\\/interreg-sudoe.eu\\\/fr\\\/noticia-proyecto\\\/sigue-a-sollagua-en-las-redes\\\/#breadcrumb\",\"itemListElement\":[{\"@type\":\"ListItem\",\"position\":1,\"name\":\"Home\",\"item\":\"https:\\\/\\\/interreg-sudoe.eu\\\/fr\\\/\"},{\"@type\":\"ListItem\",\"position\":2,\"name\":\"SOLLAGUA rejoint la campagne #WaterWiseEU\"}]},{\"@type\":\"WebSite\",\"@id\":\"https:\\\/\\\/interreg-sudoe.eu\\\/fr\\\/#website\",\"url\":\"https:\\\/\\\/interreg-sudoe.eu\\\/fr\\\/\",\"name\":\"Interreg Sudoe\",\"description\":\"Interreg Sudoe\",\"publisher\":{\"@id\":\"https:\\\/\\\/interreg-sudoe.eu\\\/fr\\\/#organization\"},\"alternateName\":\"Interreg Sudoe\",\"potentialAction\":[{\"@type\":\"SearchAction\",\"target\":{\"@type\":\"EntryPoint\",\"urlTemplate\":\"https:\\\/\\\/interreg-sudoe.eu\\\/fr\\\/?s={search_term_string}\"},\"query-input\":{\"@type\":\"PropertyValueSpecification\",\"valueRequired\":true,\"valueName\":\"search_term_string\"}}],\"inLanguage\":\"fr-FR\"},{\"@type\":\"Organization\",\"@id\":\"https:\\\/\\\/interreg-sudoe.eu\\\/fr\\\/#organization\",\"name\":\"Interreg Sudoe\",\"alternateName\":\"Interreg Sudoe\",\"url\":\"https:\\\/\\\/interreg-sudoe.eu\\\/fr\\\/\",\"logo\":{\"@type\":\"ImageObject\",\"inLanguage\":\"fr-FR\",\"@id\":\"https:\\\/\\\/interreg-sudoe.eu\\\/fr\\\/#\\\/schema\\\/logo\\\/image\\\/\",\"url\":\"https:\\\/\\\/interreg-sudoe.eu\\\/wp-content\\\/uploads\\\/2024\\\/03\\\/logo-interreg.png\",\"contentUrl\":\"https:\\\/\\\/interreg-sudoe.eu\\\/wp-content\\\/uploads\\\/2024\\\/03\\\/logo-interreg.png\",\"width\":1200,\"height\":675,\"caption\":\"Interreg Sudoe\"},\"image\":{\"@id\":\"https:\\\/\\\/interreg-sudoe.eu\\\/fr\\\/#\\\/schema\\\/logo\\\/image\\\/\"},\"sameAs\":[\"https:\\\/\\\/www.facebook.com\\\/interregsudoe\",\"https:\\\/\\\/x.com\\\/Sudoe5\",\"https:\\\/\\\/www.youtube.com\\\/channel\\\/UCeGx2edoB32beRc9dbKA2vw\",\"https:\\\/\\\/www.linkedin.com\\\/company\\\/interreg-sudoe-programme\\\/\",\"https:\\\/\\\/www.flickr.com\\\/photos\\\/148704685@N06\\\/\"]}]}<\/script>\n<!-- \/ Yoast SEO plugin. -->","yoast_head_json":{"title":"SOLLAGUA rejoint la campagne #WaterWiseEU - Interreg Sudoe","robots":{"index":"index","follow":"follow","max-snippet":"max-snippet:-1","max-image-preview":"max-image-preview:large","max-video-preview":"max-video-preview:-1"},"canonical":"https:\/\/interreg-sudoe.eu\/fr\/noticia-proyecto\/sigue-a-sollagua-en-las-redes\/","og_locale":"fr_FR","og_type":"article","og_title":"SOLLAGUA rejoint la campagne #WaterWiseEU - Interreg Sudoe","og_description":"Le projet devient ambassadeur de la campagne lanc\u00e9e par la Commission europ\u00e9enne pour sensibiliser \u00e0 l&rsquo;importance de l&rsquo;eau dans nos vies et dont le slogan est \u00ab\u00a0Regardons l&rsquo;eau autrement\u00a0\u00bb. \u00ab\u00a0Regardons l&rsquo;eau autrement\u00a0\u00bb : c\u2019est le message de l&rsquo;Union europ\u00e9enne, qui regroupe pr\u00e8s de 450 millions d&rsquo;habitants. Le 29 mai, lors de la Semaine verte de [&hellip;]","og_url":"https:\/\/interreg-sudoe.eu\/fr\/noticia-proyecto\/sigue-a-sollagua-en-las-redes\/","og_site_name":"Interreg Sudoe","article_publisher":"https:\/\/www.facebook.com\/interregsudoe","article_modified_time":"2026-02-16T16:19:43+00:00","og_image":[{"width":1080,"height":1080,"url":"https:\/\/interreg-sudoe.eu\/wp-content\/uploads\/2024\/08\/waterwise-visual-1-1-FR_01-1.jpg","type":"image\/jpeg"}],"twitter_card":"summary_large_image","twitter_site":"@Sudoe5","twitter_misc":{"Dur\u00e9e de lecture estim\u00e9e":"2 minutes"},"schema":{"@context":"https:\/\/schema.org","@graph":[{"@type":"WebPage","@id":"https:\/\/interreg-sudoe.eu\/fr\/noticia-proyecto\/sigue-a-sollagua-en-las-redes\/","url":"https:\/\/interreg-sudoe.eu\/fr\/noticia-proyecto\/sigue-a-sollagua-en-las-redes\/","name":"SOLLAGUA rejoint la campagne #WaterWiseEU - Interreg Sudoe","isPartOf":{"@id":"https:\/\/interreg-sudoe.eu\/fr\/#website"},"primaryImageOfPage":{"@id":"https:\/\/interreg-sudoe.eu\/fr\/noticia-proyecto\/sigue-a-sollagua-en-las-redes\/#primaryimage"},"image":{"@id":"https:\/\/interreg-sudoe.eu\/fr\/noticia-proyecto\/sigue-a-sollagua-en-las-redes\/#primaryimage"},"thumbnailUrl":"https:\/\/interreg-sudoe.eu\/wp-content\/uploads\/2024\/08\/waterwise-visual-1-1-FR_01-1.jpg","datePublished":"2024-08-13T10:17:04+00:00","dateModified":"2026-02-16T16:19:43+00:00","breadcrumb":{"@id":"https:\/\/interreg-sudoe.eu\/fr\/noticia-proyecto\/sigue-a-sollagua-en-las-redes\/#breadcrumb"},"inLanguage":"fr-FR","potentialAction":[{"@type":"ReadAction","target":["https:\/\/interreg-sudoe.eu\/fr\/noticia-proyecto\/sigue-a-sollagua-en-las-redes\/"]}]},{"@type":"ImageObject","inLanguage":"fr-FR","@id":"https:\/\/interreg-sudoe.eu\/fr\/noticia-proyecto\/sigue-a-sollagua-en-las-redes\/#primaryimage","url":"https:\/\/interreg-sudoe.eu\/wp-content\/uploads\/2024\/08\/waterwise-visual-1-1-FR_01-1.jpg","contentUrl":"https:\/\/interreg-sudoe.eu\/wp-content\/uploads\/2024\/08\/waterwise-visual-1-1-FR_01-1.jpg","width":1080,"height":1080,"caption":"#WaterWiseEU c"},{"@type":"BreadcrumbList","@id":"https:\/\/interreg-sudoe.eu\/fr\/noticia-proyecto\/sigue-a-sollagua-en-las-redes\/#breadcrumb","itemListElement":[{"@type":"ListItem","position":1,"name":"Home","item":"https:\/\/interreg-sudoe.eu\/fr\/"},{"@type":"ListItem","position":2,"name":"SOLLAGUA rejoint la campagne #WaterWiseEU"}]},{"@type":"WebSite","@id":"https:\/\/interreg-sudoe.eu\/fr\/#website","url":"https:\/\/interreg-sudoe.eu\/fr\/","name":"Interreg Sudoe","description":"Interreg Sudoe","publisher":{"@id":"https:\/\/interreg-sudoe.eu\/fr\/#organization"},"alternateName":"Interreg Sudoe","potentialAction":[{"@type":"SearchAction","target":{"@type":"EntryPoint","urlTemplate":"https:\/\/interreg-sudoe.eu\/fr\/?s={search_term_string}"},"query-input":{"@type":"PropertyValueSpecification","valueRequired":true,"valueName":"search_term_string"}}],"inLanguage":"fr-FR"},{"@type":"Organization","@id":"https:\/\/interreg-sudoe.eu\/fr\/#organization","name":"Interreg Sudoe","alternateName":"Interreg Sudoe","url":"https:\/\/interreg-sudoe.eu\/fr\/","logo":{"@type":"ImageObject","inLanguage":"fr-FR","@id":"https:\/\/interreg-sudoe.eu\/fr\/#\/schema\/logo\/image\/","url":"https:\/\/interreg-sudoe.eu\/wp-content\/uploads\/2024\/03\/logo-interreg.png","contentUrl":"https:\/\/interreg-sudoe.eu\/wp-content\/uploads\/2024\/03\/logo-interreg.png","width":1200,"height":675,"caption":"Interreg Sudoe"},"image":{"@id":"https:\/\/interreg-sudoe.eu\/fr\/#\/schema\/logo\/image\/"},"sameAs":["https:\/\/www.facebook.com\/interregsudoe","https:\/\/x.com\/Sudoe5","https:\/\/www.youtube.com\/channel\/UCeGx2edoB32beRc9dbKA2vw","https:\/\/www.linkedin.com\/company\/interreg-sudoe-programme\/","https:\/\/www.flickr.com\/photos\/148704685@N06\/"]}]}},"_links":{"self":[{"href":"https:\/\/interreg-sudoe.eu\/fr\/wp-json\/wp\/v2\/noticia-proyecto\/40420","targetHints":{"allow":["GET"]}}],"collection":[{"href":"https:\/\/interreg-sudoe.eu\/fr\/wp-json\/wp\/v2\/noticia-proyecto"}],"about":[{"href":"https:\/\/interreg-sudoe.eu\/fr\/wp-json\/wp\/v2\/types\/noticia-proyecto"}],"author":[{"embeddable":true,"href":"https:\/\/interreg-sudoe.eu\/fr\/wp-json\/wp\/v2\/users\/5002"}],"wp:featuredmedia":[{"embeddable":true,"href":"https:\/\/interreg-sudoe.eu\/fr\/wp-json\/wp\/v2\/media\/43924"}],"wp:attachment":[{"href":"https:\/\/interreg-sudoe.eu\/fr\/wp-json\/wp\/v2\/media?parent=40420"}],"curies":[{"name":"wp","href":"https:\/\/api.w.org\/{rel}","templated":true}]}}