{"id":40490,"date":"2024-08-14T12:36:53","date_gmt":"2024-08-14T10:36:53","guid":{"rendered":"https:\/\/interreg-sudoe.eu\/noticia-proyecto\/lanzamiento-de-predisc-hacia-la-generalizacion-de-la-prescripcion-de-un-programa-de-entrenamiento-personalizado-para-personas-mayores-durante-y-tras-la-hospitalizacion\/"},"modified":"2026-02-16T13:37:52","modified_gmt":"2026-02-16T12:37:52","slug":"lanzamiento-de-predisc-hacia-la-generalizacion-de-la-prescripcion-de-un-programa-de-entrenamiento-personalizado-para-personas-mayores-durante-y-tras-la-hospitalizacion","status":"publish","type":"noticia-proyecto","link":"https:\/\/interreg-sudoe.eu\/fr\/noticia-proyecto\/lanzamiento-de-predisc-hacia-la-generalizacion-de-la-prescripcion-de-un-programa-de-entrenamiento-personalizado-para-personas-mayores-durante-y-tras-la-hospitalizacion\/","title":{"rendered":"Lancement de PreDisc : vers la g\u00e9n\u00e9ralisation de la prescription d\u2019un programme d&rsquo;entra\u00eenement personnalis\u00e9 pour les personnes \u00e2g\u00e9es pendant et apr\u00e8s l\u2019hospitalisation"},"content":{"rendered":"<ul>\n<li><strong>Navarrabiomed, leader de ce projet de coop\u00e9ration transnationale, pr\u00e9sente \u00e0 ses partenaires le mod\u00e8le navarrais de soins aux personnes \u00e2g\u00e9es hospitalis\u00e9es lors de la r\u00e9union de lancement de PreDisc.<\/strong><\/li>\n<\/ul>\n<p>Les partenaires du projet PreDisc se sont r\u00e9unis le vendredi 15 mars dernier \u00e0 Navarrabiomed pour lancer cette initiative de collaboration transnationale, cofinanc\u00e9e par des fonds FEDER \u00e0 travers le programme Sudoe. Il vise \u00e0 pr\u00e9venir le handicap chez les personnes \u00e2g\u00e9es en encourageant une activit\u00e9 physique r\u00e9guli\u00e8re pendant et apr\u00e8s les p\u00e9riodes d\u2019hospitalisation. Pour cela, il est n\u00e9cessaire de prescrire un programme de formation personnalis\u00e9 pendant l\u2019hospitalisation et sa poursuite apr\u00e8s la sortie, avec suivi par les soins primaires et gr\u00e2ce au d\u00e9veloppement d\u2019un outil innovant eHealth. Le projet comprend \u00e9galement un essai clinique multicentrique visant \u00e0 produire des preuves scientifiques et \u00e0 promouvoir l\u2019int\u00e9gration de ces programmes dans la pratique clinique courante. La pr\u00e9sence du partenariat \u00e0 Pampelune a \u00e9t\u00e9 utilis\u00e9e pour organiser une visite au service de g\u00e9riatrie du HUN et pr\u00e9senter le mod\u00e8le navarraise de soins aux personnes \u00e2g\u00e9es hospitalis\u00e9es.<br \/>\nPreDisc a un budget total de 1.288.550 euros, cofinanc\u00e9 \u00e0 75% par le Programme Interreg Sudoe, qui soutient le d\u00e9veloppement r\u00e9gional dans le sud-ouest de l\u2019Europe en collaborant \u00e0 la promotion de projets transnationaux par le biais du Fonds europ\u00e9en de d\u00e9veloppement r\u00e9gional (FEDER). Ce programme encourage la coop\u00e9ration pour r\u00e9soudre les probl\u00e8mes communs aux r\u00e9gions du sud-ouest de l\u2019Europe.<\/p>\n<p>Le consortium du projet est dirig\u00e9 par le centre de recherche biom\u00e9dicale Navarrabiomed &#8211; Fundaci\u00f3n Miguel Servet et compte avec la participation de l\u2019Institut de Recherche Sanitaire de Navarra (IdiSNA), Soins Primaires du Service Navarro de Sant\u00e9 &#8211; Osasunbidea (SNS-O), Universit\u00e9 de Deusto (Biscaye, Pays-Bas), Centre Hospitalier Universitaire de Toulouse P\u00f4le G\u00e9riatrie (Occitanie), Hospital Distrital da Figueira da Foz, EPE (Coimbra, R\u00e9gion Centre) et Servei Andorr\u00e0 d\u2019Atenci\u00f3 Sanit\u00e0ria (Andorre), soutenu \u00e0 son tour par 9 organismes publics et priv\u00e9s du sud-ouest de l\u2019Europe participant en tant qu\u2019entit\u00e9s partenaires.<\/p>\n<p><strong>Mod\u00e8le de soins aux personnes \u00e2g\u00e9es hospitalis\u00e9es en Navarre<\/strong><\/p>\n<p>Apr\u00e8s l\u2019acte institutionnel qui a eu la participation du Conseiller de Sant\u00e9 du Gouvernement de Navarre, Fernando Dom\u00ednguez, les membres ont visit\u00e9 le gymnase du service de g\u00e9riatrie du HUN, pour conna\u00eetre le mod\u00e8le de soins aux personnes \u00e2g\u00e9es hospitalis\u00e9es en Navarre et l\u2019impact que l\u2019activit\u00e9 physique a sur les personnes \u00e2g\u00e9es hospitalis\u00e9es.<\/p>\n<p>La prescription d\u2019activit\u00e9 physique personnalis\u00e9e pendant la p\u00e9riode d\u2019hospitalisation est progressivement int\u00e9gr\u00e9e dans le syst\u00e8me hospitalier pour pr\u00e9venir les troubles fonctionnels li\u00e9s \u00e0 l\u2019hospitalisation, Il n\u2019est pas encore compl\u00e8tement int\u00e9gr\u00e9 dans la pratique clinique habituelle. \u00ab\u00a0Il s\u2019agit de donner la priorit\u00e9 \u00e0 la r\u00e9cup\u00e9ration fonctionnelle, gr\u00e2ce \u00e0 un programme de formation individualis\u00e9 qui permet de raccourcir le s\u00e9jour hospitalier et d\u2019\u00e9viter l\u2019invalidit\u00e9 qui peut survenir lors des hospitalisations. Ce nouveau mod\u00e8le de soins permet une approche plus int\u00e9grale des personnes \u00e2g\u00e9es et nous \u00e9loigne d\u2019un mod\u00e8le davantage ax\u00e9 sur la maladie que sur le patient\u00a0\u00bb, explique Nicol\u00e1s Martinez Velilla, responsable de l\u2019Unit\u00e9 de g\u00e9riatrie et vieillissement actif (INGEA) de Navarrabiomed, chef du service de g\u00e9riatrie du HUN et chercheur principal du projet PreDisc.<\/p>\n<p>Il faut rappeler que la situation d\u00e9mographique des pays du territoire SUDOE, comme de toute l\u2019Europe, se caract\u00e9rise par un vieillissement progressif de la population, avec une esp\u00e9rance de vie autour de 83-84 ans. Ce ph\u00e9nom\u00e8ne pose des d\u00e9fis en termes de soins de sant\u00e9 et de soins \u00e0 long terme. Pour relever ces d\u00e9fis, il faut des strat\u00e9gies globales qui favorisent le vieillissement actif, pr\u00e9viennent les handicaps, garantissent l\u2019accessibilit\u00e9 universelle et adaptent les services aux besoins des personnes \u00e2g\u00e9es. En ce sens, les soins g\u00e9riatriques pendant la p\u00e9riode d\u2019hospitalisation sont cruciaux dans le parcours de vie de ces\/ces patients. En 2012, une \u00e9tude prospective observationnelle a \u00e9t\u00e9 r\u00e9alis\u00e9e chez des patients de plus de 75 ans hospitalis\u00e9s au Service de g\u00e9riatrie de Navarre afin d\u2019\u00e9valuer l\u2019impact du port de la couchette sur leur fonctionnalit\u00e9. On a constat\u00e9 que 48,4 % des patients pr\u00e9sentaient une d\u00e9t\u00e9rioration fonctionnelle \u00e0 l\u2019admission, et que 38,7 % de ces patients en souffraient encore apr\u00e8s leur sortie. Le temps d\u2019h\u00e9bergement moyen \u00e9tait de 19,7 heures par jour et 58,1 % des personnes \u00e9taient couch\u00e9es 20 heures par jour. Le degr\u00e9 de couchage a \u00e9t\u00e9 associ\u00e9 \u00e0 la d\u00e9t\u00e9rioration fonctionnelle et \u00e0 la mortalit\u00e9, sugg\u00e9rant la n\u00e9cessit\u00e9 d\u2019interventions pour am\u00e9liorer les soins aux patients.<\/p>\n<p>Une \u00e9tude clinique randomis\u00e9e r\u00e9alis\u00e9e en 2019, \u00e9galement au HUN, a \u00e9tudi\u00e9 l\u2019impact d\u2019une intervention individuelle d\u2019exercice sur des personnes tr\u00e8s \u00e2g\u00e9es pendant leur hospitalisation aigu\u00eb. Trois cent soixante-dix patients ont \u00e9t\u00e9 r\u00e9partis au hasard dans un groupe d\u2019exercice ou un groupe de contr\u00f4le. Les principaux r\u00e9sultats ont montr\u00e9 que le groupe d\u2019exercice a connu des am\u00e9liorations significatives de la capacit\u00e9 fonctionnelle, l\u2019\u00e9tat cognitif, l\u2019humeur et la qualit\u00e9 de vie par rapport au groupe t\u00e9moin. En outre, aucun effet ind\u00e9sirable associ\u00e9 \u00e0 l\u2019exercice n\u2019a \u00e9t\u00e9 observ\u00e9, ce qui sugg\u00e8re qu\u2019il est s\u00fbr et efficace pour inverser la d\u00e9t\u00e9rioration fonctionnelle li\u00e9e \u00e0 une hospitalisation aigu\u00eb chez les patients tr\u00e8s \u00e2g\u00e9s.<br \/>\nPour int\u00e9grer l\u2019exercice physique dans la pratique clinique courante, il est n\u00e9cessaire de g\u00e9n\u00e9rer davantage de preuves scientifiques par le biais d\u2019un essai clinique multicentrique qui sera r\u00e9alis\u00e9 dans le cadre du projet PreDisc. Dans ce cas, l\u2019essai multicentrique al\u00e9atoire sera international et comprendra la participation du HUN, du CHU de Toulouse, de l\u2019h\u00f4pital Distrital da Figueira da Foz et de l\u2019h\u00f4pital Nuestra Se\u00f1ora de Meritxell d\u2019Andorre. Il vise \u00e0 produire davantage de preuves scientifiques et \u00e0 pouvoir int\u00e9grer \u00e0 l\u2019avenir des programmes d\u2019activit\u00e9 physique personnalis\u00e9e dans la pratique clinique habituelle au niveau hospitalier.<\/p>\n<p><strong>De l\u2019h\u00f4pital aux zones rurales<\/strong><\/p>\n<p>En outre, pour pr\u00e9venir le handicap \u00e0 plus long terme et am\u00e9liorer la qualit\u00e9 de vie des personnes \u00e2g\u00e9es dans leur quotidien, le projet PreDisc propose de poursuivre ce programme d\u2019exercice physique initi\u00e9 \u00e0 l\u2019h\u00f4pital apr\u00e8s la sortie de l\u2019h\u00f4pital, gr\u00e2ce \u00e0 un suivi par les soins de sant\u00e9 primaires et le d\u00e9veloppement d\u2019un outil innovant eHealth. Et au-del\u00e0 des soins aux patients dans le domaine de la sant\u00e9, PreDisc concentre son champ d\u2019action \u00e9galement sur la promotion du vieillissement actif, notamment en milieu rural, par le d\u00e9veloppement d\u2019outils technologiques, la formation du personnel de sant\u00e9, La r\u00e9alisation de visites \u00e0 domicile et d\u2019\u00e9v\u00e9nements dans les communaut\u00e9s rurales, ce qui devrait permettre de r\u00e9duire les admissions inutiles \u00e0 l\u2019h\u00f4pital.<\/p>\n","protected":false},"excerpt":{"rendered":"<p>Les partenaires du projet PreDisc se sont r\u00e9unis ce vendredi 15 mars \u00e0 Navarrabiomed pour lancer cette initiative de collaboration transnationale, cofinanc\u00e9e par des fonds FEDER \u00e0 travers le programme Sudoe. Il vise \u00e0 pr\u00e9venir le handicap chez les personnes \u00e2g\u00e9es en encourageant une activit\u00e9 physique r\u00e9guli\u00e8re pendant et apr\u00e8s les p\u00e9riodes d\u2019hospitalisation. Pour cela, il est n\u00e9cessaire de prescrire un programme de formation personnalis\u00e9 pendant l\u2019hospitalisation et sa poursuite apr\u00e8s la sortie, avec suivi par les soins primaires et gr\u00e2ce au d\u00e9veloppement d\u2019un outil innovant eHealth. Le projet comprend \u00e9galement un essai clinique multicentrique visant \u00e0 produire des preuves scientifiques et \u00e0 promouvoir l\u2019int\u00e9gration de ces programmes dans la pratique clinique courante. La pr\u00e9sence du partenariat \u00e0 Pampelune a \u00e9t\u00e9 utilis\u00e9e pour organiser une visite au service de g\u00e9riatrie du HUN et pr\u00e9senter le mod\u00e8le navarraise de soins aux personnes \u00e2g\u00e9es hospitalis\u00e9es.<\/p>\n","protected":false},"author":4918,"featured_media":39293,"parent":0,"template":"","meta":{"_acf_changed":false,"content-type":"","_monsterinsights_skip_tracking":false,"_monsterinsights_sitenote_active":false,"_monsterinsights_sitenote_note":"","_monsterinsights_sitenote_category":0},"class_list":["post-40490","noticia-proyecto","type-noticia-proyecto","status-publish","has-post-thumbnail","hentry"],"acf":[],"yoast_head":"<!-- This site is optimized with the Yoast SEO plugin v27.2 - https:\/\/yoast.com\/product\/yoast-seo-wordpress\/ -->\n<title>Lancement de PreDisc : vers la g\u00e9n\u00e9ralisation de la prescription d\u2019un programme d&#039;entra\u00eenement personnalis\u00e9 pour les personnes \u00e2g\u00e9es pendant et apr\u00e8s l\u2019hospitalisation - Interreg Sudoe<\/title>\n<meta name=\"robots\" content=\"index, follow, max-snippet:-1, max-image-preview:large, max-video-preview:-1\" \/>\n<link rel=\"canonical\" href=\"https:\/\/interreg-sudoe.eu\/fr\/noticia-proyecto\/lanzamiento-de-predisc-hacia-la-generalizacion-de-la-prescripcion-de-un-programa-de-entrenamiento-personalizado-para-personas-mayores-durante-y-tras-la-hospitalizacion\/\" \/>\n<meta property=\"og:locale\" content=\"fr_FR\" \/>\n<meta property=\"og:type\" content=\"article\" \/>\n<meta property=\"og:title\" content=\"Lancement de PreDisc : vers la g\u00e9n\u00e9ralisation de la prescription d\u2019un programme d&#039;entra\u00eenement personnalis\u00e9 pour les personnes \u00e2g\u00e9es pendant et apr\u00e8s l\u2019hospitalisation - Interreg Sudoe\" \/>\n<meta property=\"og:description\" content=\"Les partenaires du projet PreDisc se sont r\u00e9unis ce vendredi 15 mars \u00e0 Navarrabiomed pour lancer cette initiative de collaboration transnationale, cofinanc\u00e9e par des fonds FEDER \u00e0 travers le programme Sudoe. Il vise \u00e0 pr\u00e9venir le handicap chez les personnes \u00e2g\u00e9es en encourageant une activit\u00e9 physique r\u00e9guli\u00e8re pendant et apr\u00e8s les p\u00e9riodes d\u2019hospitalisation. Pour cela, il est n\u00e9cessaire de prescrire un programme de formation personnalis\u00e9 pendant l\u2019hospitalisation et sa poursuite apr\u00e8s la sortie, avec suivi par les soins primaires et gr\u00e2ce au d\u00e9veloppement d\u2019un outil innovant eHealth. Le projet comprend \u00e9galement un essai clinique multicentrique visant \u00e0 produire des preuves scientifiques et \u00e0 promouvoir l\u2019int\u00e9gration de ces programmes dans la pratique clinique courante. La pr\u00e9sence du partenariat \u00e0 Pampelune a \u00e9t\u00e9 utilis\u00e9e pour organiser une visite au service de g\u00e9riatrie du HUN et pr\u00e9senter le mod\u00e8le navarraise de soins aux personnes \u00e2g\u00e9es hospitalis\u00e9es.\" \/>\n<meta property=\"og:url\" content=\"https:\/\/interreg-sudoe.eu\/fr\/noticia-proyecto\/lanzamiento-de-predisc-hacia-la-generalizacion-de-la-prescripcion-de-un-programa-de-entrenamiento-personalizado-para-personas-mayores-durante-y-tras-la-hospitalizacion\/\" \/>\n<meta property=\"og:site_name\" content=\"Interreg Sudoe\" \/>\n<meta property=\"article:publisher\" content=\"https:\/\/www.facebook.com\/interregsudoe\" \/>\n<meta property=\"article:modified_time\" content=\"2026-02-16T12:37:52+00:00\" \/>\n<meta property=\"og:image\" content=\"https:\/\/interreg-sudoe.eu\/wp-content\/uploads\/2024\/05\/Geriatria_HUN_01w.jpg\" \/>\n\t<meta property=\"og:image:width\" content=\"1200\" \/>\n\t<meta property=\"og:image:height\" content=\"628\" \/>\n\t<meta property=\"og:image:type\" content=\"image\/jpeg\" \/>\n<meta name=\"twitter:card\" content=\"summary_large_image\" \/>\n<meta name=\"twitter:site\" content=\"@Sudoe5\" \/>\n<meta name=\"twitter:label1\" content=\"Dur\u00e9e de lecture estim\u00e9e\" \/>\n\t<meta name=\"twitter:data1\" content=\"6 minutes\" \/>\n<script type=\"application\/ld+json\" class=\"yoast-schema-graph\">{\"@context\":\"https:\/\/schema.org\",\"@graph\":[{\"@type\":\"WebPage\",\"@id\":\"https:\/\/interreg-sudoe.eu\/fr\/noticia-proyecto\/lanzamiento-de-predisc-hacia-la-generalizacion-de-la-prescripcion-de-un-programa-de-entrenamiento-personalizado-para-personas-mayores-durante-y-tras-la-hospitalizacion\/\",\"url\":\"https:\/\/interreg-sudoe.eu\/fr\/noticia-proyecto\/lanzamiento-de-predisc-hacia-la-generalizacion-de-la-prescripcion-de-un-programa-de-entrenamiento-personalizado-para-personas-mayores-durante-y-tras-la-hospitalizacion\/\",\"name\":\"Lancement de PreDisc : vers la g\u00e9n\u00e9ralisation de la prescription d\u2019un programme d'entra\u00eenement personnalis\u00e9 pour les personnes \u00e2g\u00e9es pendant et apr\u00e8s l\u2019hospitalisation - Interreg Sudoe\",\"isPartOf\":{\"@id\":\"https:\/\/interreg-sudoe.eu\/fr\/#website\"},\"primaryImageOfPage\":{\"@id\":\"https:\/\/interreg-sudoe.eu\/fr\/noticia-proyecto\/lanzamiento-de-predisc-hacia-la-generalizacion-de-la-prescripcion-de-un-programa-de-entrenamiento-personalizado-para-personas-mayores-durante-y-tras-la-hospitalizacion\/#primaryimage\"},\"image\":{\"@id\":\"https:\/\/interreg-sudoe.eu\/fr\/noticia-proyecto\/lanzamiento-de-predisc-hacia-la-generalizacion-de-la-prescripcion-de-un-programa-de-entrenamiento-personalizado-para-personas-mayores-durante-y-tras-la-hospitalizacion\/#primaryimage\"},\"thumbnailUrl\":\"https:\/\/interreg-sudoe.eu\/wp-content\/uploads\/2024\/05\/Geriatria_HUN_01w.jpg\",\"datePublished\":\"2024-08-14T10:36:53+00:00\",\"dateModified\":\"2026-02-16T12:37:52+00:00\",\"breadcrumb\":{\"@id\":\"https:\/\/interreg-sudoe.eu\/fr\/noticia-proyecto\/lanzamiento-de-predisc-hacia-la-generalizacion-de-la-prescripcion-de-un-programa-de-entrenamiento-personalizado-para-personas-mayores-durante-y-tras-la-hospitalizacion\/#breadcrumb\"},\"inLanguage\":\"fr-FR\",\"potentialAction\":[{\"@type\":\"ReadAction\",\"target\":[\"https:\/\/interreg-sudoe.eu\/fr\/noticia-proyecto\/lanzamiento-de-predisc-hacia-la-generalizacion-de-la-prescripcion-de-un-programa-de-entrenamiento-personalizado-para-personas-mayores-durante-y-tras-la-hospitalizacion\/\"]}]},{\"@type\":\"ImageObject\",\"inLanguage\":\"fr-FR\",\"@id\":\"https:\/\/interreg-sudoe.eu\/fr\/noticia-proyecto\/lanzamiento-de-predisc-hacia-la-generalizacion-de-la-prescripcion-de-un-programa-de-entrenamiento-personalizado-para-personas-mayores-durante-y-tras-la-hospitalizacion\/#primaryimage\",\"url\":\"https:\/\/interreg-sudoe.eu\/wp-content\/uploads\/2024\/05\/Geriatria_HUN_01w.jpg\",\"contentUrl\":\"https:\/\/interreg-sudoe.eu\/wp-content\/uploads\/2024\/05\/Geriatria_HUN_01w.jpg\",\"width\":1200,\"height\":628},{\"@type\":\"BreadcrumbList\",\"@id\":\"https:\/\/interreg-sudoe.eu\/fr\/noticia-proyecto\/lanzamiento-de-predisc-hacia-la-generalizacion-de-la-prescripcion-de-un-programa-de-entrenamiento-personalizado-para-personas-mayores-durante-y-tras-la-hospitalizacion\/#breadcrumb\",\"itemListElement\":[{\"@type\":\"ListItem\",\"position\":1,\"name\":\"Home\",\"item\":\"https:\/\/interreg-sudoe.eu\/fr\/\"},{\"@type\":\"ListItem\",\"position\":2,\"name\":\"Lancement de PreDisc : vers la g\u00e9n\u00e9ralisation de la prescription d\u2019un programme d&#8217;entra\u00eenement personnalis\u00e9 pour les personnes \u00e2g\u00e9es pendant et apr\u00e8s l\u2019hospitalisation\"}]},{\"@type\":\"WebSite\",\"@id\":\"https:\/\/interreg-sudoe.eu\/fr\/#website\",\"url\":\"https:\/\/interreg-sudoe.eu\/fr\/\",\"name\":\"Interreg Sudoe\",\"description\":\"Interreg Sudoe\",\"publisher\":{\"@id\":\"https:\/\/interreg-sudoe.eu\/fr\/#organization\"},\"alternateName\":\"Interreg Sudoe\",\"potentialAction\":[{\"@type\":\"SearchAction\",\"target\":{\"@type\":\"EntryPoint\",\"urlTemplate\":\"https:\/\/interreg-sudoe.eu\/fr\/?s={search_term_string}\"},\"query-input\":{\"@type\":\"PropertyValueSpecification\",\"valueRequired\":true,\"valueName\":\"search_term_string\"}}],\"inLanguage\":\"fr-FR\"},{\"@type\":\"Organization\",\"@id\":\"https:\/\/interreg-sudoe.eu\/fr\/#organization\",\"name\":\"Interreg Sudoe\",\"alternateName\":\"Interreg Sudoe\",\"url\":\"https:\/\/interreg-sudoe.eu\/fr\/\",\"logo\":{\"@type\":\"ImageObject\",\"inLanguage\":\"fr-FR\",\"@id\":\"https:\/\/interreg-sudoe.eu\/fr\/#\/schema\/logo\/image\/\",\"url\":\"https:\/\/interreg-sudoe.eu\/wp-content\/uploads\/2024\/03\/logo-interreg.png\",\"contentUrl\":\"https:\/\/interreg-sudoe.eu\/wp-content\/uploads\/2024\/03\/logo-interreg.png\",\"width\":1200,\"height\":675,\"caption\":\"Interreg Sudoe\"},\"image\":{\"@id\":\"https:\/\/interreg-sudoe.eu\/fr\/#\/schema\/logo\/image\/\"},\"sameAs\":[\"https:\/\/www.facebook.com\/interregsudoe\",\"https:\/\/x.com\/Sudoe5\",\"https:\/\/www.youtube.com\/channel\/UCeGx2edoB32beRc9dbKA2vw\",\"https:\/\/www.linkedin.com\/company\/interreg-sudoe-programme\/\",\"https:\/\/www.flickr.com\/photos\/148704685@N06\/\"]}]}<\/script>\n<!-- \/ Yoast SEO plugin. -->","yoast_head_json":{"title":"Lancement de PreDisc : vers la g\u00e9n\u00e9ralisation de la prescription d\u2019un programme d'entra\u00eenement personnalis\u00e9 pour les personnes \u00e2g\u00e9es pendant et apr\u00e8s l\u2019hospitalisation - Interreg Sudoe","robots":{"index":"index","follow":"follow","max-snippet":"max-snippet:-1","max-image-preview":"max-image-preview:large","max-video-preview":"max-video-preview:-1"},"canonical":"https:\/\/interreg-sudoe.eu\/fr\/noticia-proyecto\/lanzamiento-de-predisc-hacia-la-generalizacion-de-la-prescripcion-de-un-programa-de-entrenamiento-personalizado-para-personas-mayores-durante-y-tras-la-hospitalizacion\/","og_locale":"fr_FR","og_type":"article","og_title":"Lancement de PreDisc : vers la g\u00e9n\u00e9ralisation de la prescription d\u2019un programme d'entra\u00eenement personnalis\u00e9 pour les personnes \u00e2g\u00e9es pendant et apr\u00e8s l\u2019hospitalisation - Interreg Sudoe","og_description":"Les partenaires du projet PreDisc se sont r\u00e9unis ce vendredi 15 mars \u00e0 Navarrabiomed pour lancer cette initiative de collaboration transnationale, cofinanc\u00e9e par des fonds FEDER \u00e0 travers le programme Sudoe. Il vise \u00e0 pr\u00e9venir le handicap chez les personnes \u00e2g\u00e9es en encourageant une activit\u00e9 physique r\u00e9guli\u00e8re pendant et apr\u00e8s les p\u00e9riodes d\u2019hospitalisation. Pour cela, il est n\u00e9cessaire de prescrire un programme de formation personnalis\u00e9 pendant l\u2019hospitalisation et sa poursuite apr\u00e8s la sortie, avec suivi par les soins primaires et gr\u00e2ce au d\u00e9veloppement d\u2019un outil innovant eHealth. Le projet comprend \u00e9galement un essai clinique multicentrique visant \u00e0 produire des preuves scientifiques et \u00e0 promouvoir l\u2019int\u00e9gration de ces programmes dans la pratique clinique courante. La pr\u00e9sence du partenariat \u00e0 Pampelune a \u00e9t\u00e9 utilis\u00e9e pour organiser une visite au service de g\u00e9riatrie du HUN et pr\u00e9senter le mod\u00e8le navarraise de soins aux personnes \u00e2g\u00e9es hospitalis\u00e9es.","og_url":"https:\/\/interreg-sudoe.eu\/fr\/noticia-proyecto\/lanzamiento-de-predisc-hacia-la-generalizacion-de-la-prescripcion-de-un-programa-de-entrenamiento-personalizado-para-personas-mayores-durante-y-tras-la-hospitalizacion\/","og_site_name":"Interreg Sudoe","article_publisher":"https:\/\/www.facebook.com\/interregsudoe","article_modified_time":"2026-02-16T12:37:52+00:00","og_image":[{"width":1200,"height":628,"url":"https:\/\/interreg-sudoe.eu\/wp-content\/uploads\/2024\/05\/Geriatria_HUN_01w.jpg","type":"image\/jpeg"}],"twitter_card":"summary_large_image","twitter_site":"@Sudoe5","twitter_misc":{"Dur\u00e9e de lecture estim\u00e9e":"6 minutes"},"schema":{"@context":"https:\/\/schema.org","@graph":[{"@type":"WebPage","@id":"https:\/\/interreg-sudoe.eu\/fr\/noticia-proyecto\/lanzamiento-de-predisc-hacia-la-generalizacion-de-la-prescripcion-de-un-programa-de-entrenamiento-personalizado-para-personas-mayores-durante-y-tras-la-hospitalizacion\/","url":"https:\/\/interreg-sudoe.eu\/fr\/noticia-proyecto\/lanzamiento-de-predisc-hacia-la-generalizacion-de-la-prescripcion-de-un-programa-de-entrenamiento-personalizado-para-personas-mayores-durante-y-tras-la-hospitalizacion\/","name":"Lancement de PreDisc : vers la g\u00e9n\u00e9ralisation de la prescription d\u2019un programme d'entra\u00eenement personnalis\u00e9 pour les personnes \u00e2g\u00e9es pendant et apr\u00e8s l\u2019hospitalisation - Interreg Sudoe","isPartOf":{"@id":"https:\/\/interreg-sudoe.eu\/fr\/#website"},"primaryImageOfPage":{"@id":"https:\/\/interreg-sudoe.eu\/fr\/noticia-proyecto\/lanzamiento-de-predisc-hacia-la-generalizacion-de-la-prescripcion-de-un-programa-de-entrenamiento-personalizado-para-personas-mayores-durante-y-tras-la-hospitalizacion\/#primaryimage"},"image":{"@id":"https:\/\/interreg-sudoe.eu\/fr\/noticia-proyecto\/lanzamiento-de-predisc-hacia-la-generalizacion-de-la-prescripcion-de-un-programa-de-entrenamiento-personalizado-para-personas-mayores-durante-y-tras-la-hospitalizacion\/#primaryimage"},"thumbnailUrl":"https:\/\/interreg-sudoe.eu\/wp-content\/uploads\/2024\/05\/Geriatria_HUN_01w.jpg","datePublished":"2024-08-14T10:36:53+00:00","dateModified":"2026-02-16T12:37:52+00:00","breadcrumb":{"@id":"https:\/\/interreg-sudoe.eu\/fr\/noticia-proyecto\/lanzamiento-de-predisc-hacia-la-generalizacion-de-la-prescripcion-de-un-programa-de-entrenamiento-personalizado-para-personas-mayores-durante-y-tras-la-hospitalizacion\/#breadcrumb"},"inLanguage":"fr-FR","potentialAction":[{"@type":"ReadAction","target":["https:\/\/interreg-sudoe.eu\/fr\/noticia-proyecto\/lanzamiento-de-predisc-hacia-la-generalizacion-de-la-prescripcion-de-un-programa-de-entrenamiento-personalizado-para-personas-mayores-durante-y-tras-la-hospitalizacion\/"]}]},{"@type":"ImageObject","inLanguage":"fr-FR","@id":"https:\/\/interreg-sudoe.eu\/fr\/noticia-proyecto\/lanzamiento-de-predisc-hacia-la-generalizacion-de-la-prescripcion-de-un-programa-de-entrenamiento-personalizado-para-personas-mayores-durante-y-tras-la-hospitalizacion\/#primaryimage","url":"https:\/\/interreg-sudoe.eu\/wp-content\/uploads\/2024\/05\/Geriatria_HUN_01w.jpg","contentUrl":"https:\/\/interreg-sudoe.eu\/wp-content\/uploads\/2024\/05\/Geriatria_HUN_01w.jpg","width":1200,"height":628},{"@type":"BreadcrumbList","@id":"https:\/\/interreg-sudoe.eu\/fr\/noticia-proyecto\/lanzamiento-de-predisc-hacia-la-generalizacion-de-la-prescripcion-de-un-programa-de-entrenamiento-personalizado-para-personas-mayores-durante-y-tras-la-hospitalizacion\/#breadcrumb","itemListElement":[{"@type":"ListItem","position":1,"name":"Home","item":"https:\/\/interreg-sudoe.eu\/fr\/"},{"@type":"ListItem","position":2,"name":"Lancement de PreDisc : vers la g\u00e9n\u00e9ralisation de la prescription d\u2019un programme d&#8217;entra\u00eenement personnalis\u00e9 pour les personnes \u00e2g\u00e9es pendant et apr\u00e8s l\u2019hospitalisation"}]},{"@type":"WebSite","@id":"https:\/\/interreg-sudoe.eu\/fr\/#website","url":"https:\/\/interreg-sudoe.eu\/fr\/","name":"Interreg Sudoe","description":"Interreg Sudoe","publisher":{"@id":"https:\/\/interreg-sudoe.eu\/fr\/#organization"},"alternateName":"Interreg Sudoe","potentialAction":[{"@type":"SearchAction","target":{"@type":"EntryPoint","urlTemplate":"https:\/\/interreg-sudoe.eu\/fr\/?s={search_term_string}"},"query-input":{"@type":"PropertyValueSpecification","valueRequired":true,"valueName":"search_term_string"}}],"inLanguage":"fr-FR"},{"@type":"Organization","@id":"https:\/\/interreg-sudoe.eu\/fr\/#organization","name":"Interreg Sudoe","alternateName":"Interreg Sudoe","url":"https:\/\/interreg-sudoe.eu\/fr\/","logo":{"@type":"ImageObject","inLanguage":"fr-FR","@id":"https:\/\/interreg-sudoe.eu\/fr\/#\/schema\/logo\/image\/","url":"https:\/\/interreg-sudoe.eu\/wp-content\/uploads\/2024\/03\/logo-interreg.png","contentUrl":"https:\/\/interreg-sudoe.eu\/wp-content\/uploads\/2024\/03\/logo-interreg.png","width":1200,"height":675,"caption":"Interreg Sudoe"},"image":{"@id":"https:\/\/interreg-sudoe.eu\/fr\/#\/schema\/logo\/image\/"},"sameAs":["https:\/\/www.facebook.com\/interregsudoe","https:\/\/x.com\/Sudoe5","https:\/\/www.youtube.com\/channel\/UCeGx2edoB32beRc9dbKA2vw","https:\/\/www.linkedin.com\/company\/interreg-sudoe-programme\/","https:\/\/www.flickr.com\/photos\/148704685@N06\/"]}]}},"_links":{"self":[{"href":"https:\/\/interreg-sudoe.eu\/fr\/wp-json\/wp\/v2\/noticia-proyecto\/40490","targetHints":{"allow":["GET"]}}],"collection":[{"href":"https:\/\/interreg-sudoe.eu\/fr\/wp-json\/wp\/v2\/noticia-proyecto"}],"about":[{"href":"https:\/\/interreg-sudoe.eu\/fr\/wp-json\/wp\/v2\/types\/noticia-proyecto"}],"author":[{"embeddable":true,"href":"https:\/\/interreg-sudoe.eu\/fr\/wp-json\/wp\/v2\/users\/4918"}],"wp:featuredmedia":[{"embeddable":true,"href":"https:\/\/interreg-sudoe.eu\/fr\/wp-json\/wp\/v2\/media\/39293"}],"wp:attachment":[{"href":"https:\/\/interreg-sudoe.eu\/fr\/wp-json\/wp\/v2\/media?parent=40490"}],"curies":[{"name":"wp","href":"https:\/\/api.w.org\/{rel}","templated":true}]}}