{"id":40777,"date":"2024-08-23T08:48:14","date_gmt":"2024-08-23T06:48:14","guid":{"rendered":"https:\/\/interreg-sudoe.eu\/?post_type=noticia-proyecto&#038;p=40777"},"modified":"2026-02-17T12:34:39","modified_gmt":"2026-02-17T11:34:39","slug":"accord-de-subvention-feder-du-projet-ecospherewines-signe-a-santander","status":"publish","type":"noticia-proyecto","link":"https:\/\/interreg-sudoe.eu\/fr\/noticia-proyecto\/accord-de-subvention-feder-du-projet-ecospherewines-signe-a-santander\/","title":{"rendered":"Accord de subvention FEDER du projet ECOSPHEREWINES sign\u00e9 \u00e0 Santander."},"content":{"rendered":"<p>Le Secr\u00e9tariat Conjoint du <a href=\"https:\/\/interreg-sudoe.eu\/fr\/\" target=\"_blank\" rel=\"noopener\">Programme Interreg Sudoe<\/a> a organis\u00e9 une journ\u00e9e de remise des accords de subvention sign\u00e9s aux 34 projets approuv\u00e9s dans le cadre de son 6e appel \u00e0 projets, dont l&rsquo;initiative <a href=\"https:\/\/interreg-sudoe.eu\/fr\/proyecto-interreg\/ecospherewines\/\" target=\"_blank\" rel=\"noopener\">ECOSPHEREWINES<\/a>.<\/p>\n<p>L&rsquo;\u00e9v\u00e9nement, qui s&rsquo;est tenu \u00e0 Santander, a \u00e9t\u00e9 inaugur\u00e9 par le Conseiller \u00e0 l&rsquo;\u00c9conomie, aux Finances et aux Fonds Europ\u00e9ens du Gouvernement de Cantabrie, M. Luis \u00c1ngel Ag\u00fceros, institution d\u00e9sign\u00e9e par la Commission Europ\u00e9enne en tant qu&rsquo;Autorit\u00e9 de Gestion d&rsquo;Interreg Sudoe.<\/p>\n<p>Lors de son intervention, Ag\u00fceros a d\u00e9clar\u00e9 : \u00ab Mes f\u00e9licitations et ma reconnaissance \u00e0 tous les projets approuv\u00e9s, qui repr\u00e9sentent un pas en avant dans l&rsquo;innovation du territoire SUDOE. \u00bb Il a \u00e9galement soulign\u00e9 le succ\u00e8s de la participation, avec plus de 140 candidatures initiales re\u00e7ues, ce qui \u00ab prouve l&rsquo;int\u00e9r\u00eat de ce programme devenu une r\u00e9f\u00e9rence pour l&rsquo;Espagne, la France et le Portugal, face \u00e0 la n\u00e9cessit\u00e9 de relever des d\u00e9fis communs \u00bb.<\/p>\n<p>Plus pr\u00e9cis\u00e9ment, 144 candidatures initiales ont \u00e9t\u00e9 re\u00e7ues, dont 69 ont pass\u00e9 la premi\u00e8re phase, et 34 ont finalement \u00e9t\u00e9 approuv\u00e9es pour un financement, dont le projet <a href=\"https:\/\/interreg-sudoe.eu\/fr\/proyecto-interreg\/ecospherewines\/\" target=\"_blank\" rel=\"noopener\">ECOSPHEREWINES<\/a>.<\/p>\n<p>Dans ce contexte, Alfonso Ribas, directeur de l&rsquo;Innovation \u00e0 la Fondation Juana de Vega, a \u00e9t\u00e9 charg\u00e9 de recevoir l&rsquo;accord de subvention FEDER sign\u00e9, au nom de l&rsquo;ensemble du consortium de ce projet, dont l&rsquo;objectif est d&rsquo;am\u00e9liorer l&rsquo;\u00e9cosyst\u00e8me des vignobles situ\u00e9s dans des zones \u00e0 haute valeur \u00e9cologique \u00e0 travers la mise en place d&rsquo;un r\u00e9seau d&rsquo;infrastructures vertes pour leur conservation et leur gestion durable.<\/p>\n<p><a href=\"https:\/\/interreg-sudoe.eu\/fr\/proyecto-interreg\/ecospherewines\/\" target=\"_blank\" rel=\"noopener\">ECOSPHEREWINES<\/a> s&rsquo;inscrit ainsi dans la priorit\u00e9 1 du <a href=\"https:\/\/interreg-sudoe.eu\/fr\/\" target=\"_blank\" rel=\"noopener\">Programme Interreg Sudoe<\/a>, \u00ab Pr\u00e9server le capital naturel et renforcer l&rsquo;adaptation au changement climatique dans le SUDOE \u00bb, et plus pr\u00e9cis\u00e9ment dans l&rsquo;objectif sp\u00e9cifique 2.7 \u00ab Accro\u00eetre la protection et la conservation de la nature, de la biodiversit\u00e9 et des infrastructures vertes, y compris dans les zones urbaines, et r\u00e9duire toutes les formes de pollution \u00bb, dot\u00e9 d&rsquo;un budget de 15 millions d&rsquo;euros.<\/p>\n<p>Un total de 13 entit\u00e9s espagnoles, fran\u00e7aises et portugaises travaillent d\u00e9j\u00e0 sous la coordination de la Fondation Juana de Vega sur cette initiative, qui dispose d&rsquo;un budget de 1.622.891,04 \u20ac, cofinanc\u00e9 \u00e0 75 % par le <a href=\"https:\/\/interreg-sudoe.eu\/fr\/\" target=\"_blank\" rel=\"noopener\">Programme Interreg Sudoe<\/a> avec des fonds FEDER.<\/p>\n<h6 style=\"text-align: justify;\">\u00c0 propos du consortium\u00a0<a href=\"https:\/\/interreg-sudoe.eu\/fr\/proyecto-interreg\/ecospherewines\/\" target=\"_blank\" rel=\"noopener\">ECOSPHEREWINES<\/a><\/h6>\n<p style=\"text-align: justify;\">Les partenaires responsables de la mise en \u0153uvre des activit\u00e9s d\u2019<a href=\"https:\/\/interreg-sudoe.eu\/fr\/proyecto-interreg\/ecospherewines\/\" target=\"_blank\" rel=\"noopener\">ECOSPHEREWINES<\/a>\u00a0sont au nombre de 13, issus de 3 pays : Espagne, France et Portugal. Ils sont tous coordonn\u00e9s par la\u00a0<a href=\"https:\/\/juanadevega.org\/es\/\" target=\"_blank\" rel=\"noopener\">Fondation Juana de Vega<\/a>.<\/p>\n<p style=\"text-align: justify;\">La partie espagnole est constitu\u00e9e par l\u2019<a href=\"https:\/\/www.udc.es\/en\/\" target=\"_blank\" rel=\"noopener\">Universit\u00e9 de La Corogne<\/a>,\u00a0<a href=\"https:\/\/iterinvestigacion.com\/\" target=\"_blank\" rel=\"noopener\">ITER Investigaci\u00f3n<\/a>, le\u00a0<a href=\"https:\/\/duero-douro.com\/\" target=\"_blank\" rel=\"noopener\">Groupement Europ\u00e9en de Coop\u00e9ration Territoriale Duero-Douro<\/a>, la\u00a0<a href=\"https:\/\/www.marinasbetanzos.gal\/\" target=\"_blank\" rel=\"noopener\">R\u00e9serve de Biosph\u00e8re Mari\u00f1as Coru\u00f1esas<\/a>, la\u00a0<a href=\"https:\/\/www.marinasbetanzos.gal\/\" target=\"_blank\" rel=\"noopener\">Plateforme Technologique du Vin<\/a>, l\u2019<a href=\"https:\/\/www.itacyl.es\/\" target=\"_blank\" rel=\"noopener\">Institut Technologique Agricole de Castille-et-Le\u00f3n (ITACyL)<\/a>\u00a0et la cave\u00a0<a href=\"https:\/\/www.pagosdebrigante.es\/\" target=\"_blank\" rel=\"noopener\">Pagos de Brigante<\/a>.<\/p>\n<p style=\"text-align: justify;\">Le Portugal est repr\u00e9sent\u00e9 par l\u2019<a href=\"https:\/\/www.advid.pt\/en\" target=\"_blank\" rel=\"noopener\">Associa\u00e7\u00e3o para o Desenvolvimento da Viticultura Duriense (ADVID)<\/a>, l\u2019<a href=\"https:\/\/www.utad.pt\/en\/\" target=\"_blank\" rel=\"noopener\">Universit\u00e9 de Tr\u00e1s-os-Montes et Alto Douro<\/a>\u00a0et la cave\u00a0<a href=\"https:\/\/www.jportugalramos.com\/en\/douro\/\" target=\"_blank\" rel=\"noopener\">Duorum Vinhos<\/a>.<\/p>\n<p style=\"text-align: justify;\">Enfin, l\u2019<a href=\"https:\/\/www.vignevin.com\/\" target=\"_blank\" rel=\"noopener\">Institut Fran\u00e7ais de la Vigne et du Vin (IFV)<\/a>\u00a0et l\u2019<a href=\"https:\/\/www.vignobles-sudouest.fr\/\" target=\"_blank\" rel=\"noopener\">Interprofession des vins du Sud-ouest France<\/a>\u00a0sont les entit\u00e9s fran\u00e7aises impliqu\u00e9es dans le projet\u00a0<a href=\"https:\/\/interreg-sudoe.eu\/fr\/proyecto-interreg\/ecospherewines\/\" target=\"_blank\" rel=\"noopener\">ECOSPHEREWINES<\/a>.<\/p>\n<p>&nbsp;<\/p>\n<p><img decoding=\"async\" class=\"aligncenter wp-image-17030 \" src=\"https:\/\/www.ptvino.com\/wp-content\/uploads\/2024\/05\/ECOSPHEREWINES_OFICIAL.jpg\" sizes=\"(max-width: 310px) 100vw, 310px\" srcset=\"https:\/\/www.ptvino.com\/wp-content\/uploads\/2024\/05\/ECOSPHEREWINES_OFICIAL.jpg 1111w, https:\/\/www.ptvino.com\/wp-content\/uploads\/2024\/05\/ECOSPHEREWINES_OFICIAL-768x221.jpg 768w, https:\/\/www.ptvino.com\/wp-content\/uploads\/2024\/05\/ECOSPHEREWINES_OFICIAL-720x207.jpg 720w\" alt=\"\" width=\"310\" height=\"89\" \/><\/p>\n","protected":false},"excerpt":{"rendered":"<p>Le Secr\u00e9tariat Conjoint du Programme Interreg Sudoe a organis\u00e9 une journ\u00e9e de remise des accords de subvention sign\u00e9s aux 34 projets approuv\u00e9s dans le cadre de son 6e appel \u00e0 projets, dont l&rsquo;initiative ECOSPHEREWINES. L&rsquo;\u00e9v\u00e9nement, qui s&rsquo;est tenu \u00e0 Santander, a \u00e9t\u00e9 inaugur\u00e9 par le Conseiller \u00e0 l&rsquo;\u00c9conomie, aux Finances et aux Fonds Europ\u00e9ens du [&hellip;]<\/p>\n","protected":false},"author":4965,"featured_media":39744,"parent":0,"template":"","meta":{"_acf_changed":false,"content-type":"","_monsterinsights_skip_tracking":false,"_monsterinsights_sitenote_active":false,"_monsterinsights_sitenote_note":"","_monsterinsights_sitenote_category":0},"class_list":["post-40777","noticia-proyecto","type-noticia-proyecto","status-publish","has-post-thumbnail","hentry"],"acf":[],"yoast_head":"<!-- This site is optimized with the Yoast SEO plugin v27.2 - https:\/\/yoast.com\/product\/yoast-seo-wordpress\/ -->\n<title>Accord de subvention FEDER du projet ECOSPHEREWINES sign\u00e9 \u00e0 Santander. - Interreg Sudoe<\/title>\n<meta name=\"robots\" content=\"index, follow, max-snippet:-1, max-image-preview:large, max-video-preview:-1\" \/>\n<link rel=\"canonical\" href=\"https:\/\/interreg-sudoe.eu\/fr\/noticia-proyecto\/accord-de-subvention-feder-du-projet-ecospherewines-signe-a-santander\/\" \/>\n<meta property=\"og:locale\" content=\"fr_FR\" \/>\n<meta property=\"og:type\" content=\"article\" \/>\n<meta property=\"og:title\" content=\"Accord de subvention FEDER du projet ECOSPHEREWINES sign\u00e9 \u00e0 Santander. - Interreg Sudoe\" \/>\n<meta property=\"og:description\" content=\"Le Secr\u00e9tariat Conjoint du Programme Interreg Sudoe a organis\u00e9 une journ\u00e9e de remise des accords de subvention sign\u00e9s aux 34 projets approuv\u00e9s dans le cadre de son 6e appel \u00e0 projets, dont l&rsquo;initiative ECOSPHEREWINES. L&rsquo;\u00e9v\u00e9nement, qui s&rsquo;est tenu \u00e0 Santander, a \u00e9t\u00e9 inaugur\u00e9 par le Conseiller \u00e0 l&rsquo;\u00c9conomie, aux Finances et aux Fonds Europ\u00e9ens du [&hellip;]\" \/>\n<meta property=\"og:url\" content=\"https:\/\/interreg-sudoe.eu\/fr\/noticia-proyecto\/accord-de-subvention-feder-du-projet-ecospherewines-signe-a-santander\/\" \/>\n<meta property=\"og:site_name\" content=\"Interreg Sudoe\" \/>\n<meta property=\"article:publisher\" content=\"https:\/\/www.facebook.com\/interregsudoe\" \/>\n<meta property=\"article:modified_time\" content=\"2026-02-17T11:34:39+00:00\" \/>\n<meta property=\"og:image\" content=\"https:\/\/interreg-sudoe.eu\/wp-content\/uploads\/2024\/05\/1.-ECOSPHEREWINES-scaled-e1724325565540.jpg\" \/>\n\t<meta property=\"og:image:width\" content=\"1920\" \/>\n\t<meta property=\"og:image:height\" content=\"1322\" \/>\n\t<meta property=\"og:image:type\" content=\"image\/jpeg\" \/>\n<meta name=\"twitter:card\" content=\"summary_large_image\" \/>\n<meta name=\"twitter:site\" content=\"@Sudoe5\" \/>\n<meta name=\"twitter:label1\" content=\"Dur\u00e9e de lecture estim\u00e9e\" \/>\n\t<meta name=\"twitter:data1\" content=\"3 minutes\" \/>\n<script type=\"application\/ld+json\" class=\"yoast-schema-graph\">{\"@context\":\"https:\/\/schema.org\",\"@graph\":[{\"@type\":\"WebPage\",\"@id\":\"https:\/\/interreg-sudoe.eu\/fr\/noticia-proyecto\/accord-de-subvention-feder-du-projet-ecospherewines-signe-a-santander\/\",\"url\":\"https:\/\/interreg-sudoe.eu\/fr\/noticia-proyecto\/accord-de-subvention-feder-du-projet-ecospherewines-signe-a-santander\/\",\"name\":\"Accord de subvention FEDER du projet ECOSPHEREWINES sign\u00e9 \u00e0 Santander. - Interreg Sudoe\",\"isPartOf\":{\"@id\":\"https:\/\/interreg-sudoe.eu\/fr\/#website\"},\"primaryImageOfPage\":{\"@id\":\"https:\/\/interreg-sudoe.eu\/fr\/noticia-proyecto\/accord-de-subvention-feder-du-projet-ecospherewines-signe-a-santander\/#primaryimage\"},\"image\":{\"@id\":\"https:\/\/interreg-sudoe.eu\/fr\/noticia-proyecto\/accord-de-subvention-feder-du-projet-ecospherewines-signe-a-santander\/#primaryimage\"},\"thumbnailUrl\":\"https:\/\/interreg-sudoe.eu\/wp-content\/uploads\/2024\/05\/1.-ECOSPHEREWINES-scaled-e1724325565540.jpg\",\"datePublished\":\"2024-08-23T06:48:14+00:00\",\"dateModified\":\"2026-02-17T11:34:39+00:00\",\"breadcrumb\":{\"@id\":\"https:\/\/interreg-sudoe.eu\/fr\/noticia-proyecto\/accord-de-subvention-feder-du-projet-ecospherewines-signe-a-santander\/#breadcrumb\"},\"inLanguage\":\"fr-FR\",\"potentialAction\":[{\"@type\":\"ReadAction\",\"target\":[\"https:\/\/interreg-sudoe.eu\/fr\/noticia-proyecto\/accord-de-subvention-feder-du-projet-ecospherewines-signe-a-santander\/\"]}]},{\"@type\":\"ImageObject\",\"inLanguage\":\"fr-FR\",\"@id\":\"https:\/\/interreg-sudoe.eu\/fr\/noticia-proyecto\/accord-de-subvention-feder-du-projet-ecospherewines-signe-a-santander\/#primaryimage\",\"url\":\"https:\/\/interreg-sudoe.eu\/wp-content\/uploads\/2024\/05\/1.-ECOSPHEREWINES-scaled-e1724325565540.jpg\",\"contentUrl\":\"https:\/\/interreg-sudoe.eu\/wp-content\/uploads\/2024\/05\/1.-ECOSPHEREWINES-scaled-e1724325565540.jpg\",\"width\":1920,\"height\":1322},{\"@type\":\"BreadcrumbList\",\"@id\":\"https:\/\/interreg-sudoe.eu\/fr\/noticia-proyecto\/accord-de-subvention-feder-du-projet-ecospherewines-signe-a-santander\/#breadcrumb\",\"itemListElement\":[{\"@type\":\"ListItem\",\"position\":1,\"name\":\"Home\",\"item\":\"https:\/\/interreg-sudoe.eu\/fr\/\"},{\"@type\":\"ListItem\",\"position\":2,\"name\":\"Accord de subvention FEDER du projet ECOSPHEREWINES sign\u00e9 \u00e0 Santander.\"}]},{\"@type\":\"WebSite\",\"@id\":\"https:\/\/interreg-sudoe.eu\/fr\/#website\",\"url\":\"https:\/\/interreg-sudoe.eu\/fr\/\",\"name\":\"Interreg Sudoe\",\"description\":\"Interreg Sudoe\",\"publisher\":{\"@id\":\"https:\/\/interreg-sudoe.eu\/fr\/#organization\"},\"alternateName\":\"Interreg Sudoe\",\"potentialAction\":[{\"@type\":\"SearchAction\",\"target\":{\"@type\":\"EntryPoint\",\"urlTemplate\":\"https:\/\/interreg-sudoe.eu\/fr\/?s={search_term_string}\"},\"query-input\":{\"@type\":\"PropertyValueSpecification\",\"valueRequired\":true,\"valueName\":\"search_term_string\"}}],\"inLanguage\":\"fr-FR\"},{\"@type\":\"Organization\",\"@id\":\"https:\/\/interreg-sudoe.eu\/fr\/#organization\",\"name\":\"Interreg Sudoe\",\"alternateName\":\"Interreg Sudoe\",\"url\":\"https:\/\/interreg-sudoe.eu\/fr\/\",\"logo\":{\"@type\":\"ImageObject\",\"inLanguage\":\"fr-FR\",\"@id\":\"https:\/\/interreg-sudoe.eu\/fr\/#\/schema\/logo\/image\/\",\"url\":\"https:\/\/interreg-sudoe.eu\/wp-content\/uploads\/2024\/03\/logo-interreg.png\",\"contentUrl\":\"https:\/\/interreg-sudoe.eu\/wp-content\/uploads\/2024\/03\/logo-interreg.png\",\"width\":1200,\"height\":675,\"caption\":\"Interreg Sudoe\"},\"image\":{\"@id\":\"https:\/\/interreg-sudoe.eu\/fr\/#\/schema\/logo\/image\/\"},\"sameAs\":[\"https:\/\/www.facebook.com\/interregsudoe\",\"https:\/\/x.com\/Sudoe5\",\"https:\/\/www.youtube.com\/channel\/UCeGx2edoB32beRc9dbKA2vw\",\"https:\/\/www.linkedin.com\/company\/interreg-sudoe-programme\/\",\"https:\/\/www.flickr.com\/photos\/148704685@N06\/\"]}]}<\/script>\n<!-- \/ Yoast SEO plugin. -->","yoast_head_json":{"title":"Accord de subvention FEDER du projet ECOSPHEREWINES sign\u00e9 \u00e0 Santander. - Interreg Sudoe","robots":{"index":"index","follow":"follow","max-snippet":"max-snippet:-1","max-image-preview":"max-image-preview:large","max-video-preview":"max-video-preview:-1"},"canonical":"https:\/\/interreg-sudoe.eu\/fr\/noticia-proyecto\/accord-de-subvention-feder-du-projet-ecospherewines-signe-a-santander\/","og_locale":"fr_FR","og_type":"article","og_title":"Accord de subvention FEDER du projet ECOSPHEREWINES sign\u00e9 \u00e0 Santander. - Interreg Sudoe","og_description":"Le Secr\u00e9tariat Conjoint du Programme Interreg Sudoe a organis\u00e9 une journ\u00e9e de remise des accords de subvention sign\u00e9s aux 34 projets approuv\u00e9s dans le cadre de son 6e appel \u00e0 projets, dont l&rsquo;initiative ECOSPHEREWINES. L&rsquo;\u00e9v\u00e9nement, qui s&rsquo;est tenu \u00e0 Santander, a \u00e9t\u00e9 inaugur\u00e9 par le Conseiller \u00e0 l&rsquo;\u00c9conomie, aux Finances et aux Fonds Europ\u00e9ens du [&hellip;]","og_url":"https:\/\/interreg-sudoe.eu\/fr\/noticia-proyecto\/accord-de-subvention-feder-du-projet-ecospherewines-signe-a-santander\/","og_site_name":"Interreg Sudoe","article_publisher":"https:\/\/www.facebook.com\/interregsudoe","article_modified_time":"2026-02-17T11:34:39+00:00","og_image":[{"width":1920,"height":1322,"url":"https:\/\/interreg-sudoe.eu\/wp-content\/uploads\/2024\/05\/1.-ECOSPHEREWINES-scaled-e1724325565540.jpg","type":"image\/jpeg"}],"twitter_card":"summary_large_image","twitter_site":"@Sudoe5","twitter_misc":{"Dur\u00e9e de lecture estim\u00e9e":"3 minutes"},"schema":{"@context":"https:\/\/schema.org","@graph":[{"@type":"WebPage","@id":"https:\/\/interreg-sudoe.eu\/fr\/noticia-proyecto\/accord-de-subvention-feder-du-projet-ecospherewines-signe-a-santander\/","url":"https:\/\/interreg-sudoe.eu\/fr\/noticia-proyecto\/accord-de-subvention-feder-du-projet-ecospherewines-signe-a-santander\/","name":"Accord de subvention FEDER du projet ECOSPHEREWINES sign\u00e9 \u00e0 Santander. - Interreg Sudoe","isPartOf":{"@id":"https:\/\/interreg-sudoe.eu\/fr\/#website"},"primaryImageOfPage":{"@id":"https:\/\/interreg-sudoe.eu\/fr\/noticia-proyecto\/accord-de-subvention-feder-du-projet-ecospherewines-signe-a-santander\/#primaryimage"},"image":{"@id":"https:\/\/interreg-sudoe.eu\/fr\/noticia-proyecto\/accord-de-subvention-feder-du-projet-ecospherewines-signe-a-santander\/#primaryimage"},"thumbnailUrl":"https:\/\/interreg-sudoe.eu\/wp-content\/uploads\/2024\/05\/1.-ECOSPHEREWINES-scaled-e1724325565540.jpg","datePublished":"2024-08-23T06:48:14+00:00","dateModified":"2026-02-17T11:34:39+00:00","breadcrumb":{"@id":"https:\/\/interreg-sudoe.eu\/fr\/noticia-proyecto\/accord-de-subvention-feder-du-projet-ecospherewines-signe-a-santander\/#breadcrumb"},"inLanguage":"fr-FR","potentialAction":[{"@type":"ReadAction","target":["https:\/\/interreg-sudoe.eu\/fr\/noticia-proyecto\/accord-de-subvention-feder-du-projet-ecospherewines-signe-a-santander\/"]}]},{"@type":"ImageObject","inLanguage":"fr-FR","@id":"https:\/\/interreg-sudoe.eu\/fr\/noticia-proyecto\/accord-de-subvention-feder-du-projet-ecospherewines-signe-a-santander\/#primaryimage","url":"https:\/\/interreg-sudoe.eu\/wp-content\/uploads\/2024\/05\/1.-ECOSPHEREWINES-scaled-e1724325565540.jpg","contentUrl":"https:\/\/interreg-sudoe.eu\/wp-content\/uploads\/2024\/05\/1.-ECOSPHEREWINES-scaled-e1724325565540.jpg","width":1920,"height":1322},{"@type":"BreadcrumbList","@id":"https:\/\/interreg-sudoe.eu\/fr\/noticia-proyecto\/accord-de-subvention-feder-du-projet-ecospherewines-signe-a-santander\/#breadcrumb","itemListElement":[{"@type":"ListItem","position":1,"name":"Home","item":"https:\/\/interreg-sudoe.eu\/fr\/"},{"@type":"ListItem","position":2,"name":"Accord de subvention FEDER du projet ECOSPHEREWINES sign\u00e9 \u00e0 Santander."}]},{"@type":"WebSite","@id":"https:\/\/interreg-sudoe.eu\/fr\/#website","url":"https:\/\/interreg-sudoe.eu\/fr\/","name":"Interreg Sudoe","description":"Interreg Sudoe","publisher":{"@id":"https:\/\/interreg-sudoe.eu\/fr\/#organization"},"alternateName":"Interreg Sudoe","potentialAction":[{"@type":"SearchAction","target":{"@type":"EntryPoint","urlTemplate":"https:\/\/interreg-sudoe.eu\/fr\/?s={search_term_string}"},"query-input":{"@type":"PropertyValueSpecification","valueRequired":true,"valueName":"search_term_string"}}],"inLanguage":"fr-FR"},{"@type":"Organization","@id":"https:\/\/interreg-sudoe.eu\/fr\/#organization","name":"Interreg Sudoe","alternateName":"Interreg Sudoe","url":"https:\/\/interreg-sudoe.eu\/fr\/","logo":{"@type":"ImageObject","inLanguage":"fr-FR","@id":"https:\/\/interreg-sudoe.eu\/fr\/#\/schema\/logo\/image\/","url":"https:\/\/interreg-sudoe.eu\/wp-content\/uploads\/2024\/03\/logo-interreg.png","contentUrl":"https:\/\/interreg-sudoe.eu\/wp-content\/uploads\/2024\/03\/logo-interreg.png","width":1200,"height":675,"caption":"Interreg Sudoe"},"image":{"@id":"https:\/\/interreg-sudoe.eu\/fr\/#\/schema\/logo\/image\/"},"sameAs":["https:\/\/www.facebook.com\/interregsudoe","https:\/\/x.com\/Sudoe5","https:\/\/www.youtube.com\/channel\/UCeGx2edoB32beRc9dbKA2vw","https:\/\/www.linkedin.com\/company\/interreg-sudoe-programme\/","https:\/\/www.flickr.com\/photos\/148704685@N06\/"]}]}},"_links":{"self":[{"href":"https:\/\/interreg-sudoe.eu\/fr\/wp-json\/wp\/v2\/noticia-proyecto\/40777","targetHints":{"allow":["GET"]}}],"collection":[{"href":"https:\/\/interreg-sudoe.eu\/fr\/wp-json\/wp\/v2\/noticia-proyecto"}],"about":[{"href":"https:\/\/interreg-sudoe.eu\/fr\/wp-json\/wp\/v2\/types\/noticia-proyecto"}],"author":[{"embeddable":true,"href":"https:\/\/interreg-sudoe.eu\/fr\/wp-json\/wp\/v2\/users\/4965"}],"wp:featuredmedia":[{"embeddable":true,"href":"https:\/\/interreg-sudoe.eu\/fr\/wp-json\/wp\/v2\/media\/39744"}],"wp:attachment":[{"href":"https:\/\/interreg-sudoe.eu\/fr\/wp-json\/wp\/v2\/media?parent=40777"}],"curies":[{"name":"wp","href":"https:\/\/api.w.org\/{rel}","templated":true}]}}