{"id":40857,"date":"2024-07-01T14:27:42","date_gmt":"2024-07-01T12:27:42","guid":{"rendered":"https:\/\/interreg-sudoe.eu\/noticia-proyecto\/el-1er-taller-transnacional-del-proyecto-europeo-thermecowat\/"},"modified":"2026-02-16T16:20:34","modified_gmt":"2026-02-16T15:20:34","slug":"el-1er-taller-transnacional-del-proyecto-europeo-thermecowat","status":"publish","type":"noticia-proyecto","link":"https:\/\/interreg-sudoe.eu\/fr\/noticia-proyecto\/el-1er-taller-transnacional-del-proyecto-europeo-thermecowat\/","title":{"rendered":"1er Workshop transnational du projet europ\u00e9en ThermEcoWat \u00e0 Royat (FR)"},"content":{"rendered":"<p>Thermauvergne a accueilli <strong>la d\u00e9l\u00e9gation europ\u00e9enne <\/strong>du projet <strong>ThermEcoWat<\/strong> <strong>les 19 et 20 juin 2024<\/strong> pour un <strong>workshop <\/strong>d\u00e9di\u00e9 \u00e0 la <strong>gestion des donn\u00e9es et<\/strong> une visite d\u2019\u00e9tudes sur <strong>l\u2019utilisation des eaux thermales \u00e0 des fins \u00e9nerg\u00e9tiques<\/strong>.<\/p>\n<h3><span style=\"color: #99cc00;\">Les participants<\/span><\/h3>\n<p>Apr\u00e8s le <strong>lancement du projet <\/strong>au Conseil R\u00e9gional Auvergne-Rh\u00f4ne-Alpes<strong> \u00e0 Lyon<\/strong> en <strong>mars 2024<\/strong>, la d\u00e9l\u00e9gation, compos\u00e9e de <strong>15 \u00e9lus et techniciens territoriaux de France, d\u2019Espagne et du Portugal<\/strong>, a particip\u00e9 \u00e0 des sessions de travail \u00e0 Royat et \u00e0 une visite de terrain \u00e0 Evaux-les-Bains.<\/p>\n<h3><span style=\"color: #99cc00;\">Le programme<\/span><\/h3>\n<p>Le <strong>mercredi 19 juin 2024<\/strong>, les participants ont assist\u00e9 \u00e0 <strong>2 sessions de travail<\/strong> o\u00f9 ils ont d\u00e9couvert les <strong>m\u00e9thodologies de construction de la base de connaissance commune<\/strong> du projet et ont \u00e9t\u00e9 introduits \u00e0 l\u2019outil d&rsquo;aide \u00e0 la d\u00e9cision correspondant.<\/p>\n<p>La session du <strong>jeudi 20 juin 2024<\/strong> \u00e9tait centr\u00e9e sur la <strong>d\u00e9finition des crit\u00e8res de classification des informations <\/strong>dans la base de connaissance et sur la <strong>pr\u00e9sentation des projets de d\u00e9veloppement de la ville d\u2019Evaux-les-Bains<\/strong> par Jean-Claude Saintemartine, adjoint au Maire, et des <strong>Thermes d\u2019Evaux-les-Bains<\/strong> par Eug\u00e9nie Ogar, Directrice des Thermes.<\/p>\n<p>Le <strong>volet \u00e9nerg\u00e9tique<\/strong> a \u00e9t\u00e9 abord\u00e9 par Thomas Bourlon, consultant chez <strong>NB Energie<\/strong>, avant que le groupe ne termine la journ\u00e9e par une <strong>visite des Thermes d\u2019Evaux-les-Bains<\/strong>, incluant ses installations et sa <strong>plateforme \u00e9nerg\u00e9tique unique en France<\/strong>.<\/p>\n<p><img fetchpriority=\"high\" decoding=\"async\" class=\"alignnone size-medium wp-image-43298\" src=\"https:\/\/interreg-sudoe.eu\/wp-content\/uploads\/2024\/07\/WhatsApp-Image-2024-06-25-at-08.52.25-1-300x225.jpeg\" alt=\"\" width=\"300\" height=\"225\" srcset=\"https:\/\/interreg-sudoe.eu\/wp-content\/uploads\/2024\/07\/WhatsApp-Image-2024-06-25-at-08.52.25-1-300x225.jpeg 300w, https:\/\/interreg-sudoe.eu\/wp-content\/uploads\/2024\/07\/WhatsApp-Image-2024-06-25-at-08.52.25-1-1024x768.jpeg 1024w, https:\/\/interreg-sudoe.eu\/wp-content\/uploads\/2024\/07\/WhatsApp-Image-2024-06-25-at-08.52.25-1-768x576.jpeg 768w, https:\/\/interreg-sudoe.eu\/wp-content\/uploads\/2024\/07\/WhatsApp-Image-2024-06-25-at-08.52.25-1-1536x1152.jpeg 1536w, https:\/\/interreg-sudoe.eu\/wp-content\/uploads\/2024\/07\/WhatsApp-Image-2024-06-25-at-08.52.25-1.jpeg 2040w\" sizes=\"(max-width: 300px) 100vw, 300px\" \/>\u00a0 \u00a0 <img decoding=\"async\" class=\"alignnone size-medium wp-image-43296\" src=\"https:\/\/interreg-sudoe.eu\/wp-content\/uploads\/2024\/07\/WhatsApp-Image-2024-06-25-at-08.52.31-1-300x225.jpeg\" alt=\"\" width=\"300\" height=\"225\" srcset=\"https:\/\/interreg-sudoe.eu\/wp-content\/uploads\/2024\/07\/WhatsApp-Image-2024-06-25-at-08.52.31-1-300x225.jpeg 300w, https:\/\/interreg-sudoe.eu\/wp-content\/uploads\/2024\/07\/WhatsApp-Image-2024-06-25-at-08.52.31-1-1024x768.jpeg 1024w, https:\/\/interreg-sudoe.eu\/wp-content\/uploads\/2024\/07\/WhatsApp-Image-2024-06-25-at-08.52.31-1-768x576.jpeg 768w, https:\/\/interreg-sudoe.eu\/wp-content\/uploads\/2024\/07\/WhatsApp-Image-2024-06-25-at-08.52.31-1-1536x1152.jpeg 1536w, https:\/\/interreg-sudoe.eu\/wp-content\/uploads\/2024\/07\/WhatsApp-Image-2024-06-25-at-08.52.31-1.jpeg 2040w\" sizes=\"(max-width: 300px) 100vw, 300px\" \/><\/p>\n<p>Le <strong>2<sup>e<\/sup> workshop transnational<\/strong> du projet ThermEcoWat se tiendra \u00e0 <strong>Cald\u00e8s de Montbui en Espagne<\/strong> du <strong>22 au 24 octobre 2024<\/strong>.<\/p>\n<p>&nbsp;<\/p>\n","protected":false},"excerpt":{"rendered":"<p>Thermauvergne a accueilli la d\u00e9l\u00e9gation europ\u00e9enne du projet ThermEcoWat les 19 et 20 juin 2024 pour un workshop d\u00e9di\u00e9 \u00e0 la gestion des donn\u00e9es et une visite d\u2019\u00e9tudes sur l\u2019utilisation des eaux thermales \u00e0 des fins \u00e9nerg\u00e9tiques.<\/p>\n","protected":false},"author":6514,"featured_media":44124,"parent":0,"template":"","meta":{"_acf_changed":false,"content-type":"","_monsterinsights_skip_tracking":false,"_monsterinsights_sitenote_active":false,"_monsterinsights_sitenote_note":"","_monsterinsights_sitenote_category":0},"class_list":["post-40857","noticia-proyecto","type-noticia-proyecto","status-publish","has-post-thumbnail","hentry"],"acf":[],"yoast_head":"<!-- This site is optimized with the Yoast SEO plugin v27.2 - https:\/\/yoast.com\/product\/yoast-seo-wordpress\/ -->\n<title>1er Workshop transnational du projet europ\u00e9en ThermEcoWat \u00e0 Royat (FR) - Interreg Sudoe<\/title>\n<meta name=\"robots\" content=\"index, follow, max-snippet:-1, max-image-preview:large, max-video-preview:-1\" \/>\n<link rel=\"canonical\" href=\"https:\/\/interreg-sudoe.eu\/fr\/noticia-proyecto\/el-1er-taller-transnacional-del-proyecto-europeo-thermecowat\/\" \/>\n<meta property=\"og:locale\" content=\"fr_FR\" \/>\n<meta property=\"og:type\" content=\"article\" \/>\n<meta property=\"og:title\" content=\"1er Workshop transnational du projet europ\u00e9en ThermEcoWat \u00e0 Royat (FR) - Interreg Sudoe\" \/>\n<meta property=\"og:description\" content=\"Thermauvergne a accueilli la d\u00e9l\u00e9gation europ\u00e9enne du projet ThermEcoWat les 19 et 20 juin 2024 pour un workshop d\u00e9di\u00e9 \u00e0 la gestion des donn\u00e9es et une visite d\u2019\u00e9tudes sur l\u2019utilisation des eaux thermales \u00e0 des fins \u00e9nerg\u00e9tiques.\" \/>\n<meta property=\"og:url\" content=\"https:\/\/interreg-sudoe.eu\/fr\/noticia-proyecto\/el-1er-taller-transnacional-del-proyecto-europeo-thermecowat\/\" \/>\n<meta property=\"og:site_name\" content=\"Interreg Sudoe\" \/>\n<meta property=\"article:publisher\" content=\"https:\/\/www.facebook.com\/interregsudoe\" \/>\n<meta property=\"article:modified_time\" content=\"2026-02-16T15:20:34+00:00\" \/>\n<meta property=\"og:image\" content=\"https:\/\/interreg-sudoe.eu\/wp-content\/uploads\/2024\/07\/WhatsApp-Image-2024-06-21-at-08.04.54-mod-3-1.jpg\" \/>\n\t<meta property=\"og:image:width\" content=\"1106\" \/>\n\t<meta property=\"og:image:height\" content=\"552\" \/>\n\t<meta property=\"og:image:type\" content=\"image\/jpeg\" \/>\n<meta name=\"twitter:card\" content=\"summary_large_image\" \/>\n<meta name=\"twitter:site\" content=\"@Sudoe5\" \/>\n<meta name=\"twitter:label1\" content=\"Dur\u00e9e de lecture estim\u00e9e\" \/>\n\t<meta name=\"twitter:data1\" content=\"1 minute\" \/>\n<script type=\"application\/ld+json\" class=\"yoast-schema-graph\">{\"@context\":\"https:\/\/schema.org\",\"@graph\":[{\"@type\":\"WebPage\",\"@id\":\"https:\/\/interreg-sudoe.eu\/fr\/noticia-proyecto\/el-1er-taller-transnacional-del-proyecto-europeo-thermecowat\/\",\"url\":\"https:\/\/interreg-sudoe.eu\/fr\/noticia-proyecto\/el-1er-taller-transnacional-del-proyecto-europeo-thermecowat\/\",\"name\":\"1er Workshop transnational du projet europ\u00e9en ThermEcoWat \u00e0 Royat (FR) - Interreg Sudoe\",\"isPartOf\":{\"@id\":\"https:\/\/interreg-sudoe.eu\/fr\/#website\"},\"primaryImageOfPage\":{\"@id\":\"https:\/\/interreg-sudoe.eu\/fr\/noticia-proyecto\/el-1er-taller-transnacional-del-proyecto-europeo-thermecowat\/#primaryimage\"},\"image\":{\"@id\":\"https:\/\/interreg-sudoe.eu\/fr\/noticia-proyecto\/el-1er-taller-transnacional-del-proyecto-europeo-thermecowat\/#primaryimage\"},\"thumbnailUrl\":\"https:\/\/interreg-sudoe.eu\/wp-content\/uploads\/2024\/07\/WhatsApp-Image-2024-06-21-at-08.04.54-mod-3-1.jpg\",\"datePublished\":\"2024-07-01T12:27:42+00:00\",\"dateModified\":\"2026-02-16T15:20:34+00:00\",\"breadcrumb\":{\"@id\":\"https:\/\/interreg-sudoe.eu\/fr\/noticia-proyecto\/el-1er-taller-transnacional-del-proyecto-europeo-thermecowat\/#breadcrumb\"},\"inLanguage\":\"fr-FR\",\"potentialAction\":[{\"@type\":\"ReadAction\",\"target\":[\"https:\/\/interreg-sudoe.eu\/fr\/noticia-proyecto\/el-1er-taller-transnacional-del-proyecto-europeo-thermecowat\/\"]}]},{\"@type\":\"ImageObject\",\"inLanguage\":\"fr-FR\",\"@id\":\"https:\/\/interreg-sudoe.eu\/fr\/noticia-proyecto\/el-1er-taller-transnacional-del-proyecto-europeo-thermecowat\/#primaryimage\",\"url\":\"https:\/\/interreg-sudoe.eu\/wp-content\/uploads\/2024\/07\/WhatsApp-Image-2024-06-21-at-08.04.54-mod-3-1.jpg\",\"contentUrl\":\"https:\/\/interreg-sudoe.eu\/wp-content\/uploads\/2024\/07\/WhatsApp-Image-2024-06-21-at-08.04.54-mod-3-1.jpg\",\"width\":1106,\"height\":552},{\"@type\":\"BreadcrumbList\",\"@id\":\"https:\/\/interreg-sudoe.eu\/fr\/noticia-proyecto\/el-1er-taller-transnacional-del-proyecto-europeo-thermecowat\/#breadcrumb\",\"itemListElement\":[{\"@type\":\"ListItem\",\"position\":1,\"name\":\"Home\",\"item\":\"https:\/\/interreg-sudoe.eu\/fr\/\"},{\"@type\":\"ListItem\",\"position\":2,\"name\":\"1er Workshop transnational du projet europ\u00e9en ThermEcoWat \u00e0 Royat (FR)\"}]},{\"@type\":\"WebSite\",\"@id\":\"https:\/\/interreg-sudoe.eu\/fr\/#website\",\"url\":\"https:\/\/interreg-sudoe.eu\/fr\/\",\"name\":\"Interreg Sudoe\",\"description\":\"Interreg Sudoe\",\"publisher\":{\"@id\":\"https:\/\/interreg-sudoe.eu\/fr\/#organization\"},\"alternateName\":\"Interreg Sudoe\",\"potentialAction\":[{\"@type\":\"SearchAction\",\"target\":{\"@type\":\"EntryPoint\",\"urlTemplate\":\"https:\/\/interreg-sudoe.eu\/fr\/?s={search_term_string}\"},\"query-input\":{\"@type\":\"PropertyValueSpecification\",\"valueRequired\":true,\"valueName\":\"search_term_string\"}}],\"inLanguage\":\"fr-FR\"},{\"@type\":\"Organization\",\"@id\":\"https:\/\/interreg-sudoe.eu\/fr\/#organization\",\"name\":\"Interreg Sudoe\",\"alternateName\":\"Interreg Sudoe\",\"url\":\"https:\/\/interreg-sudoe.eu\/fr\/\",\"logo\":{\"@type\":\"ImageObject\",\"inLanguage\":\"fr-FR\",\"@id\":\"https:\/\/interreg-sudoe.eu\/fr\/#\/schema\/logo\/image\/\",\"url\":\"https:\/\/interreg-sudoe.eu\/wp-content\/uploads\/2024\/03\/logo-interreg.png\",\"contentUrl\":\"https:\/\/interreg-sudoe.eu\/wp-content\/uploads\/2024\/03\/logo-interreg.png\",\"width\":1200,\"height\":675,\"caption\":\"Interreg Sudoe\"},\"image\":{\"@id\":\"https:\/\/interreg-sudoe.eu\/fr\/#\/schema\/logo\/image\/\"},\"sameAs\":[\"https:\/\/www.facebook.com\/interregsudoe\",\"https:\/\/x.com\/Sudoe5\",\"https:\/\/www.youtube.com\/channel\/UCeGx2edoB32beRc9dbKA2vw\",\"https:\/\/www.linkedin.com\/company\/interreg-sudoe-programme\/\",\"https:\/\/www.flickr.com\/photos\/148704685@N06\/\"]}]}<\/script>\n<!-- \/ Yoast SEO plugin. -->","yoast_head_json":{"title":"1er Workshop transnational du projet europ\u00e9en ThermEcoWat \u00e0 Royat (FR) - Interreg Sudoe","robots":{"index":"index","follow":"follow","max-snippet":"max-snippet:-1","max-image-preview":"max-image-preview:large","max-video-preview":"max-video-preview:-1"},"canonical":"https:\/\/interreg-sudoe.eu\/fr\/noticia-proyecto\/el-1er-taller-transnacional-del-proyecto-europeo-thermecowat\/","og_locale":"fr_FR","og_type":"article","og_title":"1er Workshop transnational du projet europ\u00e9en ThermEcoWat \u00e0 Royat (FR) - Interreg Sudoe","og_description":"Thermauvergne a accueilli la d\u00e9l\u00e9gation europ\u00e9enne du projet ThermEcoWat les 19 et 20 juin 2024 pour un workshop d\u00e9di\u00e9 \u00e0 la gestion des donn\u00e9es et une visite d\u2019\u00e9tudes sur l\u2019utilisation des eaux thermales \u00e0 des fins \u00e9nerg\u00e9tiques.","og_url":"https:\/\/interreg-sudoe.eu\/fr\/noticia-proyecto\/el-1er-taller-transnacional-del-proyecto-europeo-thermecowat\/","og_site_name":"Interreg Sudoe","article_publisher":"https:\/\/www.facebook.com\/interregsudoe","article_modified_time":"2026-02-16T15:20:34+00:00","og_image":[{"width":1106,"height":552,"url":"https:\/\/interreg-sudoe.eu\/wp-content\/uploads\/2024\/07\/WhatsApp-Image-2024-06-21-at-08.04.54-mod-3-1.jpg","type":"image\/jpeg"}],"twitter_card":"summary_large_image","twitter_site":"@Sudoe5","twitter_misc":{"Dur\u00e9e de lecture estim\u00e9e":"1 minute"},"schema":{"@context":"https:\/\/schema.org","@graph":[{"@type":"WebPage","@id":"https:\/\/interreg-sudoe.eu\/fr\/noticia-proyecto\/el-1er-taller-transnacional-del-proyecto-europeo-thermecowat\/","url":"https:\/\/interreg-sudoe.eu\/fr\/noticia-proyecto\/el-1er-taller-transnacional-del-proyecto-europeo-thermecowat\/","name":"1er Workshop transnational du projet europ\u00e9en ThermEcoWat \u00e0 Royat (FR) - Interreg Sudoe","isPartOf":{"@id":"https:\/\/interreg-sudoe.eu\/fr\/#website"},"primaryImageOfPage":{"@id":"https:\/\/interreg-sudoe.eu\/fr\/noticia-proyecto\/el-1er-taller-transnacional-del-proyecto-europeo-thermecowat\/#primaryimage"},"image":{"@id":"https:\/\/interreg-sudoe.eu\/fr\/noticia-proyecto\/el-1er-taller-transnacional-del-proyecto-europeo-thermecowat\/#primaryimage"},"thumbnailUrl":"https:\/\/interreg-sudoe.eu\/wp-content\/uploads\/2024\/07\/WhatsApp-Image-2024-06-21-at-08.04.54-mod-3-1.jpg","datePublished":"2024-07-01T12:27:42+00:00","dateModified":"2026-02-16T15:20:34+00:00","breadcrumb":{"@id":"https:\/\/interreg-sudoe.eu\/fr\/noticia-proyecto\/el-1er-taller-transnacional-del-proyecto-europeo-thermecowat\/#breadcrumb"},"inLanguage":"fr-FR","potentialAction":[{"@type":"ReadAction","target":["https:\/\/interreg-sudoe.eu\/fr\/noticia-proyecto\/el-1er-taller-transnacional-del-proyecto-europeo-thermecowat\/"]}]},{"@type":"ImageObject","inLanguage":"fr-FR","@id":"https:\/\/interreg-sudoe.eu\/fr\/noticia-proyecto\/el-1er-taller-transnacional-del-proyecto-europeo-thermecowat\/#primaryimage","url":"https:\/\/interreg-sudoe.eu\/wp-content\/uploads\/2024\/07\/WhatsApp-Image-2024-06-21-at-08.04.54-mod-3-1.jpg","contentUrl":"https:\/\/interreg-sudoe.eu\/wp-content\/uploads\/2024\/07\/WhatsApp-Image-2024-06-21-at-08.04.54-mod-3-1.jpg","width":1106,"height":552},{"@type":"BreadcrumbList","@id":"https:\/\/interreg-sudoe.eu\/fr\/noticia-proyecto\/el-1er-taller-transnacional-del-proyecto-europeo-thermecowat\/#breadcrumb","itemListElement":[{"@type":"ListItem","position":1,"name":"Home","item":"https:\/\/interreg-sudoe.eu\/fr\/"},{"@type":"ListItem","position":2,"name":"1er Workshop transnational du projet europ\u00e9en ThermEcoWat \u00e0 Royat (FR)"}]},{"@type":"WebSite","@id":"https:\/\/interreg-sudoe.eu\/fr\/#website","url":"https:\/\/interreg-sudoe.eu\/fr\/","name":"Interreg Sudoe","description":"Interreg Sudoe","publisher":{"@id":"https:\/\/interreg-sudoe.eu\/fr\/#organization"},"alternateName":"Interreg Sudoe","potentialAction":[{"@type":"SearchAction","target":{"@type":"EntryPoint","urlTemplate":"https:\/\/interreg-sudoe.eu\/fr\/?s={search_term_string}"},"query-input":{"@type":"PropertyValueSpecification","valueRequired":true,"valueName":"search_term_string"}}],"inLanguage":"fr-FR"},{"@type":"Organization","@id":"https:\/\/interreg-sudoe.eu\/fr\/#organization","name":"Interreg Sudoe","alternateName":"Interreg Sudoe","url":"https:\/\/interreg-sudoe.eu\/fr\/","logo":{"@type":"ImageObject","inLanguage":"fr-FR","@id":"https:\/\/interreg-sudoe.eu\/fr\/#\/schema\/logo\/image\/","url":"https:\/\/interreg-sudoe.eu\/wp-content\/uploads\/2024\/03\/logo-interreg.png","contentUrl":"https:\/\/interreg-sudoe.eu\/wp-content\/uploads\/2024\/03\/logo-interreg.png","width":1200,"height":675,"caption":"Interreg Sudoe"},"image":{"@id":"https:\/\/interreg-sudoe.eu\/fr\/#\/schema\/logo\/image\/"},"sameAs":["https:\/\/www.facebook.com\/interregsudoe","https:\/\/x.com\/Sudoe5","https:\/\/www.youtube.com\/channel\/UCeGx2edoB32beRc9dbKA2vw","https:\/\/www.linkedin.com\/company\/interreg-sudoe-programme\/","https:\/\/www.flickr.com\/photos\/148704685@N06\/"]}]}},"_links":{"self":[{"href":"https:\/\/interreg-sudoe.eu\/fr\/wp-json\/wp\/v2\/noticia-proyecto\/40857","targetHints":{"allow":["GET"]}}],"collection":[{"href":"https:\/\/interreg-sudoe.eu\/fr\/wp-json\/wp\/v2\/noticia-proyecto"}],"about":[{"href":"https:\/\/interreg-sudoe.eu\/fr\/wp-json\/wp\/v2\/types\/noticia-proyecto"}],"author":[{"embeddable":true,"href":"https:\/\/interreg-sudoe.eu\/fr\/wp-json\/wp\/v2\/users\/6514"}],"wp:featuredmedia":[{"embeddable":true,"href":"https:\/\/interreg-sudoe.eu\/fr\/wp-json\/wp\/v2\/media\/44124"}],"wp:attachment":[{"href":"https:\/\/interreg-sudoe.eu\/fr\/wp-json\/wp\/v2\/media?parent=40857"}],"curies":[{"name":"wp","href":"https:\/\/api.w.org\/{rel}","templated":true}]}}