{"id":40980,"date":"2024-10-03T12:29:43","date_gmt":"2024-10-03T10:29:43","guid":{"rendered":"https:\/\/interreg-sudoe.eu\/?post_type=noticia-proyecto&#038;p=40980"},"modified":"2026-02-16T15:50:00","modified_gmt":"2026-02-16T14:50:00","slug":"ya-esta-abierta-la-primera-open-call-del-programa-de-aceleracion-de-start-ups-scaira","status":"publish","type":"noticia-proyecto","link":"https:\/\/interreg-sudoe.eu\/fr\/noticia-proyecto\/ya-esta-abierta-la-primera-open-call-del-programa-de-aceleracion-de-start-ups-scaira\/","title":{"rendered":"Le projet SCAIRA lance son premier appel \u00e0 candidature !"},"content":{"rendered":"\r\n<h2 class=\"wp-block-heading\">Rejoignez d\u00e8s maintenant notre programme d&rsquo;acc\u00e9l\u00e9ration europ\u00e9en et d\u00e9bloquez de nouvelles opportunit\u00e9s pour booster le parcours de votre start-up.<\/h2>\r\n\r\n\r\n\r\n<h2 class=\"wp-block-heading\">Vous avez jusqu&rsquo;au 27 janvier 2025 \u00e0 17 h (CET) pour vous inscrire sur notre plateforme.<\/h2>\r\n\r\n\r\n\r\n<p>Vous \u00eates entrepreneur et vous avez une id\u00e9e r\u00e9volutionnaire pr\u00eate \u00e0 \u00eatre transpos\u00e9e \u00e0 plus grande \u00e9chelle, ou vous voulez faire de votre entreprise ce dont vous avez toujours r\u00eav\u00e9 ? Le moment est venu de vous lancer. Le <strong>programme d&rsquo;acc\u00e9l\u00e9ration SCAIRA<\/strong> lance son premier appel \u00e0 candidature dans le but de vous fournir les outils, le mentorat et les connexions dont vous avez besoin pour acc\u00e9l\u00e9rer votre croissance et faire passer votre entreprise \u00e0 la vitesse sup\u00e9rieure. Vous avez jusqu&rsquo;au <strong>27 janvier 2025 \u00e0 17 h CET<\/strong> pour vous<a href=\"https:\/\/scaira.grantplatform.com\/\"> inscrire sur notre plateforme<\/a>.<\/p>\r\n\r\n\r\n\r\n<p>SCAIRA propose un <strong>programme d&rsquo;acc\u00e9l\u00e9ration transnational<\/strong> de six mois compos\u00e9 d&rsquo;au moins cinq services sur un portefeuille de quatorze sujets, r\u00e9partis en trois blocs : Juridique et administratif, Conseil technique et Acc\u00e8s aux march\u00e9s, internationalisation. En parall\u00e8le, une assistance individualis\u00e9e est pr\u00e9vue pour assurer l&rsquo;alignement avec vos besoins.<\/p>\r\n\r\n\r\n\r\n<div data-wp-interactive=\"core\/file\" class=\"wp-block-file\"><object data-wp-bind--hidden=\"!state.hasPdfPreview\" hidden class=\"wp-block-file__embed\" style=\"width: 100%; height: 600px;\" data=\"https:\/\/interreg-sudoe.eu\/wp-content\/uploads\/2024\/10\/SCAIRA_Concept_Note_1st_Open_Call.pdf\" type=\"application\/pdf\" width=\"300\" height=\"150\" aria-label=\"Contenu embarqu\u00e9 SCAIRA_Concept_Note_1st_Open_Call.\"><\/object><a id=\"wp-block-file--media-b1e0279d-70cf-4ea5-97f5-56bbec6a5878\" href=\"https:\/\/interreg-sudoe.eu\/wp-content\/uploads\/2024\/10\/SCAIRA_Concept_Note_1st_Open_Call.pdf\">SCAIRA_Concept_Note_1st_Open_Call \u2014 Download<\/a><\/div>\r\n\r\n\r\n\r\n<p>En bref, le projet propose :<\/p>\r\n\r\n\r\n\r\n<ul class=\"wp-block-list\">\r\n<li>Le mentorat de <strong>leaders de l&rsquo;industrie<\/strong> pour vous guider \u00e0 chaque \u00e9tape de la croissance.<\/li>\r\n\r\n\r\n\r\n<li>Un acc\u00e8s aux investisseurs et aux <strong>opportunit\u00e9s de financement<\/strong> (publiques et priv\u00e9es) pour stimuler l&rsquo;expansion de votre entreprise.\u00a0<\/li>\r\n\r\n\r\n\r\n<li>Des ateliers sur mesure ax\u00e9s sur le d\u00e9veloppement de produits, le marketing et les <strong>strat\u00e9gies d&rsquo;expansion<\/strong>.<\/li>\r\n\r\n\r\n\r\n<li>Des <strong>\u00e9v\u00e9nements de r\u00e9seautage<\/strong> avec des acteurs cl\u00e9s de l&rsquo;\u00e9cosyst\u00e8me entrepreneurial.<\/li>\r\n<\/ul>\r\n\r\n\r\n\r\n<h3 class=\"wp-block-heading\">A qui s&rsquo;adresse-t-il ?<\/h3>\r\n\r\n\r\n\r\n<p>Le programme s&rsquo;adresse aux start-ups ou aux entrepreneurs bas\u00e9s et enregistr\u00e9s <strong>dans l&rsquo;espace Interreg SUDOE<\/strong> (France, Portugal et Espagne) qui proposent des produits et\/ou des services de pointe susceptibles d&rsquo;\u00eatre appliqu\u00e9s au secteur automobile et\/ou a\u00e9rospatial. Mais aussi pour les c\u0153urs courageux avec un esprit visionnaire qui ne craignent pas le changement, l&rsquo;\u00e9change et qui sont passionn\u00e9s par l&rsquo;apprentissage. En outre, jusqu&rsquo;\u00e0 la cl\u00f4ture du premier appel, <a href=\"https:\/\/youtu.be\/MjvO--JomFk?si=HsbSGPthREMQ9f-I\"><strong>des webinaires seront organis\u00e9s <\/strong><\/a>dans les trois pays o\u00f9 le projet est d\u00e9velopp\u00e9 afin de lever les doutes \u00e9ventuels.\u00a0<\/p>\r\n<h3>Les d\u00e9fis<\/h3>\r\n<p>Cependant, SCAIRA n\u00e9cessite \u00e9galement un peu d\u2019huile de coude. Les partenaires industriels du programme d\u2019acc\u00e9l\u00e9ration ont pr\u00e9par\u00e9 <strong>une s\u00e9rie de d\u00e9fis pour stimuler la cr\u00e9ativit\u00e9<\/strong> et identifier et r\u00e9soudre certains des probl\u00e8mes les plus urgents dans le secteur automobile et a\u00e9rospatial, permettant aux entrepreneurs non seulement de renforcer leurs propositions de valeur, mais aussi de cr\u00e9er des solutions disruptives ayant un fort impact sur le march\u00e9. Chacun de ces challenges, <strong>\u00e0 partir desquels un classement des solutions sera \u00e9tabli<\/strong>, a \u00e9t\u00e9 soigneusement s\u00e9lectionn\u00e9 pour r\u00e9pondre aux demandes actuelles de l\u2019industrie, tout en stimulant la comp\u00e9titivit\u00e9 des start-ups participantes et en leur offrant un mentorat et des ressources pour surmonter les obstacles technologiques auxquels elles sont confront\u00e9es. Chaque candidat peut postuler \u00e0 un maximum de trois d\u00e9fis.<\/p>\r\n<p><strong>Airbus Atlantic<\/strong><\/p>\r\n<p>\ud83c\udfaf<a href=\"https:\/\/drive.google.com\/file\/d\/1E2uh8J3PGIM619u8TyxwnjzW_RvZDdQc\/view\">D\u00e9fi n\u00ba1 <\/a><a href=\"https:\/\/drive.google.com\/file\/d\/11OZ9HFukQklobkm7pp6rGFfP7Qo3ziPz\/view\">\u2013<\/a><a href=\"https:\/\/drive.google.com\/file\/d\/1E2uh8J3PGIM619u8TyxwnjzW_RvZDdQc\/view\"> Circularit\u00e9 des alliages.\u00a0<\/a><br \/>\ud83c\udfaf<a href=\"https:\/\/drive.google.com\/file\/d\/1NjhNLJ3IOFSJF9q1xV5t-i9Qxq9gSXa3\/view\">D\u00e9fi n\u00ba2 \u2013 Une cha\u00eene logistique durable et transparente.\u00a0<\/a><\/p>\r\n<p><strong>Renault Group<\/strong><\/p>\r\n<p>\ud83c\udfaf<a href=\"https:\/\/drive.google.com\/file\/d\/11OZ9HFukQklobkm7pp6rGFfP7Qo3ziPz\/view\">D\u00e9fi n\u00ba3 \u2014 Solutions de moussage l\u00e9ger pour v\u00e9hicules.<\/a><\/p>\r\n<p><strong>HORSE Aveiro<\/strong><\/p>\r\n<p>\ud83c\udfaf<a href=\"https:\/\/drive.google.com\/file\/d\/1OeyGd2F9c9v0lvM3zmAxAb38UCGy6BCo\/view\">D\u00e9fi n\u00ba4 \u2013 Du gaz naturel \u00e0 l\u2019\u00e9mission z\u00e9ro carbone : Red\u00e9finition de notre avenir \u00e9nerg\u00e9tique.\u00a0<\/a><\/p>\r\n\r\n\r\n\r\n<p>\u27a1\ufe0f <a href=\"https:\/\/drive.google.com\/file\/d\/14ulub1uYe64f8YxZ9NMAPxOwZHm-oMOp\/view?usp=sharing\"><strong>Cliquez ici<\/strong><\/a> pour en savoir plus sur le <em>Cahier des charges pour l\u2019appel \u00e0 candidatures.<\/em><\/p>\r\n<p>L&rsquo;innovation est entre vos mains, et nous sommes l\u00e0 pour vous aider \u00e0 aller plus loin : <a href=\"https:\/\/scaira.grantplatform.com\/\">postulez maintenant et rejoignez une communaut\u00e9 florissante d&rsquo;entrepreneurs<\/a> comme vous !<\/p>\r\n\r\n\r\n\r\n<h3 class=\"wp-block-heading\">\u00c0 propos de SCAIRA<\/h3>\r\n\r\n\r\n\r\n<p>Le projet SCAIRA, cofinanc\u00e9 par le programme de d\u00e9veloppement r\u00e9gional Interreg SUDOE 2021-2027 \u00e0 hauteur de 1 865 807,42 euros, a pour principal objectif de conseiller les entrepreneurs du sud de l&rsquo;Europe dans la cr\u00e9ation et l&rsquo;acc\u00e9l\u00e9ration de start-ups dans les secteurs de l&rsquo;a\u00e9ronautique et de l&rsquo;automobile. L&rsquo;initiative se d\u00e9roulera jusqu&rsquo;\u00e0 la fin de l&rsquo;ann\u00e9e 2026 et est men\u00e9e par un consortium collaboratif de douze entit\u00e9s de France, du Portugal et d&rsquo;Espagne ayant une exp\u00e9rience av\u00e9r\u00e9e dans la gestion de projets europ\u00e9ens et dans le domaine de la transition industrielle et de la sp\u00e9cialisation intelligente.\u00a0<\/p>\r\n\r\n\r\n\r\n<h3 class=\"wp-block-heading\">Partenaires<\/h3>\r\n\r\n\r\n\r\n<ul class=\"wp-block-list\">\r\n<li>Aerospace Valley (France).<\/li>\r\n\r\n\r\n\r\n<li>Corporaci\u00f3n Tecnol\u00f3gica de Andaluc\u00eda (Espagne).<\/li>\r\n\r\n\r\n\r\n<li>Cl\u00faster de la ind\u00fastria de l&rsquo;automoci\u00f3 de Catalunya (Espagne).<\/li>\r\n\r\n\r\n\r\n<li>FUNDECYT-PCTEX (Espagne).<\/li>\r\n\r\n\r\n\r\n<li>HIESE (Portugal).<\/li>\r\n\r\n\r\n\r\n<li>IMT Mines Al\u00e8s (France).<\/li>\r\n\r\n\r\n\r\n<li>Soltena (France).<\/li>\r\n\r\n\r\n\r\n<li>MOBINOV (Portugal).<\/li>\r\n\r\n\r\n\r\n<li>CEEIM (Espagne).<\/li>\r\n\r\n\r\n\r\n<li>Communaut\u00e9 d&rsquo;agglom\u00e9ration Rochefort Oc\u00e9an (France).<\/li>\r\n\r\n\r\n\r\n<li>Renault Spain (Espagne).<\/li>\r\n\r\n\r\n\r\n<li>Airbus Atlantic (France).<\/li>\r\n<\/ul>\r\n\r\n\r\n\r\n<h3 class=\"wp-block-heading\">Suivez-nous !<\/h3>\r\n\r\n\r\n\r\n<p>\ud83d\udc49 <a href=\"https:\/\/twitter.com\/Interreg_SCAIRA\">@Interreg_SCAIRA<\/a><br \/>\ud83d\udc49 <a href=\"https:\/\/www.linkedin.com\/company\/scaira-interreg-sudoe\/\">SCAIRA &#8211; Interreg SUDOE<\/a><br \/>\ud83d\udc49 <a href=\"https:\/\/youtube.com\/@interreg_scaira?feature=shared\">SCAIRA-Interreg-SUDOE<\/a><\/p>\r\n\r\n\r\n\r\n\r\n\r\n<p>&nbsp;<\/p>\r\n","protected":false},"excerpt":{"rendered":"<p>Rejoignez d\u00e8s maintenant notre programme d&rsquo;acc\u00e9l\u00e9ration europ\u00e9en et d\u00e9bloquez de nouvelles opportunit\u00e9s pour booster le parcours de votre start-up. Vous avez jusqu&rsquo;au 27 janvier 2025 \u00e0 17 h (CET) pour vous inscrire sur notre plateforme. Vous \u00eates entrepreneur et vous avez une id\u00e9e r\u00e9volutionnaire pr\u00eate \u00e0 \u00eatre transpos\u00e9e \u00e0 plus grande \u00e9chelle, ou vous voulez [&hellip;]<\/p>\n","protected":false},"author":5002,"featured_media":43942,"parent":0,"template":"","meta":{"_acf_changed":false,"content-type":"","_monsterinsights_skip_tracking":false,"_monsterinsights_sitenote_active":false,"_monsterinsights_sitenote_note":"","_monsterinsights_sitenote_category":0},"class_list":["post-40980","noticia-proyecto","type-noticia-proyecto","status-publish","has-post-thumbnail","hentry"],"acf":[],"yoast_head":"<!-- This site is optimized with the Yoast SEO plugin v27.4 - https:\/\/yoast.com\/product\/yoast-seo-wordpress\/ -->\n<title>Le projet SCAIRA lance son premier appel \u00e0 candidature ! - Interreg Sudoe<\/title>\n<meta name=\"robots\" content=\"index, follow, max-snippet:-1, max-image-preview:large, max-video-preview:-1\" \/>\n<link rel=\"canonical\" href=\"https:\/\/interreg-sudoe.eu\/fr\/noticia-proyecto\/ya-esta-abierta-la-primera-open-call-del-programa-de-aceleracion-de-start-ups-scaira\/\" \/>\n<meta property=\"og:locale\" content=\"fr_FR\" \/>\n<meta property=\"og:type\" content=\"article\" \/>\n<meta property=\"og:title\" content=\"Le projet SCAIRA lance son premier appel \u00e0 candidature ! - Interreg Sudoe\" \/>\n<meta property=\"og:description\" content=\"Rejoignez d\u00e8s maintenant notre programme d&rsquo;acc\u00e9l\u00e9ration europ\u00e9en et d\u00e9bloquez de nouvelles opportunit\u00e9s pour booster le parcours de votre start-up. Vous avez jusqu&rsquo;au 27 janvier 2025 \u00e0 17 h (CET) pour vous inscrire sur notre plateforme. Vous \u00eates entrepreneur et vous avez une id\u00e9e r\u00e9volutionnaire pr\u00eate \u00e0 \u00eatre transpos\u00e9e \u00e0 plus grande \u00e9chelle, ou vous voulez [&hellip;]\" \/>\n<meta property=\"og:url\" content=\"https:\/\/interreg-sudoe.eu\/fr\/noticia-proyecto\/ya-esta-abierta-la-primera-open-call-del-programa-de-aceleracion-de-start-ups-scaira\/\" \/>\n<meta property=\"og:site_name\" content=\"Interreg Sudoe\" \/>\n<meta property=\"article:publisher\" content=\"https:\/\/www.facebook.com\/interregsudoe\" \/>\n<meta property=\"article:modified_time\" content=\"2026-02-16T14:50:00+00:00\" \/>\n<meta property=\"og:image\" content=\"https:\/\/interreg-sudoe.eu\/wp-content\/uploads\/2024\/10\/scaira-piccc.png\" \/>\n\t<meta property=\"og:image:width\" content=\"1912\" \/>\n\t<meta property=\"og:image:height\" content=\"1066\" \/>\n\t<meta property=\"og:image:type\" content=\"image\/png\" \/>\n<meta name=\"twitter:card\" content=\"summary_large_image\" \/>\n<meta name=\"twitter:site\" content=\"@Sudoe5\" \/>\n<meta name=\"twitter:label1\" content=\"Dur\u00e9e de lecture estim\u00e9e\" \/>\n\t<meta name=\"twitter:data1\" content=\"4 minutes\" \/>\n<script type=\"application\/ld+json\" class=\"yoast-schema-graph\">{\"@context\":\"https:\\\/\\\/schema.org\",\"@graph\":[{\"@type\":\"WebPage\",\"@id\":\"https:\\\/\\\/interreg-sudoe.eu\\\/fr\\\/noticia-proyecto\\\/ya-esta-abierta-la-primera-open-call-del-programa-de-aceleracion-de-start-ups-scaira\\\/\",\"url\":\"https:\\\/\\\/interreg-sudoe.eu\\\/fr\\\/noticia-proyecto\\\/ya-esta-abierta-la-primera-open-call-del-programa-de-aceleracion-de-start-ups-scaira\\\/\",\"name\":\"Le projet SCAIRA lance son premier appel \u00e0 candidature ! - Interreg Sudoe\",\"isPartOf\":{\"@id\":\"https:\\\/\\\/interreg-sudoe.eu\\\/fr\\\/#website\"},\"primaryImageOfPage\":{\"@id\":\"https:\\\/\\\/interreg-sudoe.eu\\\/fr\\\/noticia-proyecto\\\/ya-esta-abierta-la-primera-open-call-del-programa-de-aceleracion-de-start-ups-scaira\\\/#primaryimage\"},\"image\":{\"@id\":\"https:\\\/\\\/interreg-sudoe.eu\\\/fr\\\/noticia-proyecto\\\/ya-esta-abierta-la-primera-open-call-del-programa-de-aceleracion-de-start-ups-scaira\\\/#primaryimage\"},\"thumbnailUrl\":\"https:\\\/\\\/interreg-sudoe.eu\\\/wp-content\\\/uploads\\\/2024\\\/10\\\/scaira-piccc.png\",\"datePublished\":\"2024-10-03T10:29:43+00:00\",\"dateModified\":\"2026-02-16T14:50:00+00:00\",\"breadcrumb\":{\"@id\":\"https:\\\/\\\/interreg-sudoe.eu\\\/fr\\\/noticia-proyecto\\\/ya-esta-abierta-la-primera-open-call-del-programa-de-aceleracion-de-start-ups-scaira\\\/#breadcrumb\"},\"inLanguage\":\"fr-FR\",\"potentialAction\":[{\"@type\":\"ReadAction\",\"target\":[\"https:\\\/\\\/interreg-sudoe.eu\\\/fr\\\/noticia-proyecto\\\/ya-esta-abierta-la-primera-open-call-del-programa-de-aceleracion-de-start-ups-scaira\\\/\"]}]},{\"@type\":\"ImageObject\",\"inLanguage\":\"fr-FR\",\"@id\":\"https:\\\/\\\/interreg-sudoe.eu\\\/fr\\\/noticia-proyecto\\\/ya-esta-abierta-la-primera-open-call-del-programa-de-aceleracion-de-start-ups-scaira\\\/#primaryimage\",\"url\":\"https:\\\/\\\/interreg-sudoe.eu\\\/wp-content\\\/uploads\\\/2024\\\/10\\\/scaira-piccc.png\",\"contentUrl\":\"https:\\\/\\\/interreg-sudoe.eu\\\/wp-content\\\/uploads\\\/2024\\\/10\\\/scaira-piccc.png\",\"width\":1912,\"height\":1066,\"caption\":\"SCAIRA cover\"},{\"@type\":\"BreadcrumbList\",\"@id\":\"https:\\\/\\\/interreg-sudoe.eu\\\/fr\\\/noticia-proyecto\\\/ya-esta-abierta-la-primera-open-call-del-programa-de-aceleracion-de-start-ups-scaira\\\/#breadcrumb\",\"itemListElement\":[{\"@type\":\"ListItem\",\"position\":1,\"name\":\"Home\",\"item\":\"https:\\\/\\\/interreg-sudoe.eu\\\/fr\\\/\"},{\"@type\":\"ListItem\",\"position\":2,\"name\":\"Le projet SCAIRA lance son premier appel \u00e0 candidature !\"}]},{\"@type\":\"WebSite\",\"@id\":\"https:\\\/\\\/interreg-sudoe.eu\\\/fr\\\/#website\",\"url\":\"https:\\\/\\\/interreg-sudoe.eu\\\/fr\\\/\",\"name\":\"Interreg Sudoe\",\"description\":\"Interreg Sudoe\",\"publisher\":{\"@id\":\"https:\\\/\\\/interreg-sudoe.eu\\\/fr\\\/#organization\"},\"alternateName\":\"Interreg Sudoe\",\"potentialAction\":[{\"@type\":\"SearchAction\",\"target\":{\"@type\":\"EntryPoint\",\"urlTemplate\":\"https:\\\/\\\/interreg-sudoe.eu\\\/fr\\\/?s={search_term_string}\"},\"query-input\":{\"@type\":\"PropertyValueSpecification\",\"valueRequired\":true,\"valueName\":\"search_term_string\"}}],\"inLanguage\":\"fr-FR\"},{\"@type\":\"Organization\",\"@id\":\"https:\\\/\\\/interreg-sudoe.eu\\\/fr\\\/#organization\",\"name\":\"Interreg Sudoe\",\"alternateName\":\"Interreg Sudoe\",\"url\":\"https:\\\/\\\/interreg-sudoe.eu\\\/fr\\\/\",\"logo\":{\"@type\":\"ImageObject\",\"inLanguage\":\"fr-FR\",\"@id\":\"https:\\\/\\\/interreg-sudoe.eu\\\/fr\\\/#\\\/schema\\\/logo\\\/image\\\/\",\"url\":\"https:\\\/\\\/interreg-sudoe.eu\\\/wp-content\\\/uploads\\\/2024\\\/03\\\/logo-interreg.png\",\"contentUrl\":\"https:\\\/\\\/interreg-sudoe.eu\\\/wp-content\\\/uploads\\\/2024\\\/03\\\/logo-interreg.png\",\"width\":1200,\"height\":675,\"caption\":\"Interreg Sudoe\"},\"image\":{\"@id\":\"https:\\\/\\\/interreg-sudoe.eu\\\/fr\\\/#\\\/schema\\\/logo\\\/image\\\/\"},\"sameAs\":[\"https:\\\/\\\/www.facebook.com\\\/interregsudoe\",\"https:\\\/\\\/x.com\\\/Sudoe5\",\"https:\\\/\\\/www.youtube.com\\\/channel\\\/UCeGx2edoB32beRc9dbKA2vw\",\"https:\\\/\\\/www.linkedin.com\\\/company\\\/interreg-sudoe-programme\\\/\",\"https:\\\/\\\/www.flickr.com\\\/photos\\\/148704685@N06\\\/\"]}]}<\/script>\n<!-- \/ Yoast SEO plugin. -->","yoast_head_json":{"title":"Le projet SCAIRA lance son premier appel \u00e0 candidature ! - Interreg Sudoe","robots":{"index":"index","follow":"follow","max-snippet":"max-snippet:-1","max-image-preview":"max-image-preview:large","max-video-preview":"max-video-preview:-1"},"canonical":"https:\/\/interreg-sudoe.eu\/fr\/noticia-proyecto\/ya-esta-abierta-la-primera-open-call-del-programa-de-aceleracion-de-start-ups-scaira\/","og_locale":"fr_FR","og_type":"article","og_title":"Le projet SCAIRA lance son premier appel \u00e0 candidature ! - Interreg Sudoe","og_description":"Rejoignez d\u00e8s maintenant notre programme d&rsquo;acc\u00e9l\u00e9ration europ\u00e9en et d\u00e9bloquez de nouvelles opportunit\u00e9s pour booster le parcours de votre start-up. Vous avez jusqu&rsquo;au 27 janvier 2025 \u00e0 17 h (CET) pour vous inscrire sur notre plateforme. Vous \u00eates entrepreneur et vous avez une id\u00e9e r\u00e9volutionnaire pr\u00eate \u00e0 \u00eatre transpos\u00e9e \u00e0 plus grande \u00e9chelle, ou vous voulez [&hellip;]","og_url":"https:\/\/interreg-sudoe.eu\/fr\/noticia-proyecto\/ya-esta-abierta-la-primera-open-call-del-programa-de-aceleracion-de-start-ups-scaira\/","og_site_name":"Interreg Sudoe","article_publisher":"https:\/\/www.facebook.com\/interregsudoe","article_modified_time":"2026-02-16T14:50:00+00:00","og_image":[{"width":1912,"height":1066,"url":"https:\/\/interreg-sudoe.eu\/wp-content\/uploads\/2024\/10\/scaira-piccc.png","type":"image\/png"}],"twitter_card":"summary_large_image","twitter_site":"@Sudoe5","twitter_misc":{"Dur\u00e9e de lecture estim\u00e9e":"4 minutes"},"schema":{"@context":"https:\/\/schema.org","@graph":[{"@type":"WebPage","@id":"https:\/\/interreg-sudoe.eu\/fr\/noticia-proyecto\/ya-esta-abierta-la-primera-open-call-del-programa-de-aceleracion-de-start-ups-scaira\/","url":"https:\/\/interreg-sudoe.eu\/fr\/noticia-proyecto\/ya-esta-abierta-la-primera-open-call-del-programa-de-aceleracion-de-start-ups-scaira\/","name":"Le projet SCAIRA lance son premier appel \u00e0 candidature ! - Interreg Sudoe","isPartOf":{"@id":"https:\/\/interreg-sudoe.eu\/fr\/#website"},"primaryImageOfPage":{"@id":"https:\/\/interreg-sudoe.eu\/fr\/noticia-proyecto\/ya-esta-abierta-la-primera-open-call-del-programa-de-aceleracion-de-start-ups-scaira\/#primaryimage"},"image":{"@id":"https:\/\/interreg-sudoe.eu\/fr\/noticia-proyecto\/ya-esta-abierta-la-primera-open-call-del-programa-de-aceleracion-de-start-ups-scaira\/#primaryimage"},"thumbnailUrl":"https:\/\/interreg-sudoe.eu\/wp-content\/uploads\/2024\/10\/scaira-piccc.png","datePublished":"2024-10-03T10:29:43+00:00","dateModified":"2026-02-16T14:50:00+00:00","breadcrumb":{"@id":"https:\/\/interreg-sudoe.eu\/fr\/noticia-proyecto\/ya-esta-abierta-la-primera-open-call-del-programa-de-aceleracion-de-start-ups-scaira\/#breadcrumb"},"inLanguage":"fr-FR","potentialAction":[{"@type":"ReadAction","target":["https:\/\/interreg-sudoe.eu\/fr\/noticia-proyecto\/ya-esta-abierta-la-primera-open-call-del-programa-de-aceleracion-de-start-ups-scaira\/"]}]},{"@type":"ImageObject","inLanguage":"fr-FR","@id":"https:\/\/interreg-sudoe.eu\/fr\/noticia-proyecto\/ya-esta-abierta-la-primera-open-call-del-programa-de-aceleracion-de-start-ups-scaira\/#primaryimage","url":"https:\/\/interreg-sudoe.eu\/wp-content\/uploads\/2024\/10\/scaira-piccc.png","contentUrl":"https:\/\/interreg-sudoe.eu\/wp-content\/uploads\/2024\/10\/scaira-piccc.png","width":1912,"height":1066,"caption":"SCAIRA cover"},{"@type":"BreadcrumbList","@id":"https:\/\/interreg-sudoe.eu\/fr\/noticia-proyecto\/ya-esta-abierta-la-primera-open-call-del-programa-de-aceleracion-de-start-ups-scaira\/#breadcrumb","itemListElement":[{"@type":"ListItem","position":1,"name":"Home","item":"https:\/\/interreg-sudoe.eu\/fr\/"},{"@type":"ListItem","position":2,"name":"Le projet SCAIRA lance son premier appel \u00e0 candidature !"}]},{"@type":"WebSite","@id":"https:\/\/interreg-sudoe.eu\/fr\/#website","url":"https:\/\/interreg-sudoe.eu\/fr\/","name":"Interreg Sudoe","description":"Interreg Sudoe","publisher":{"@id":"https:\/\/interreg-sudoe.eu\/fr\/#organization"},"alternateName":"Interreg Sudoe","potentialAction":[{"@type":"SearchAction","target":{"@type":"EntryPoint","urlTemplate":"https:\/\/interreg-sudoe.eu\/fr\/?s={search_term_string}"},"query-input":{"@type":"PropertyValueSpecification","valueRequired":true,"valueName":"search_term_string"}}],"inLanguage":"fr-FR"},{"@type":"Organization","@id":"https:\/\/interreg-sudoe.eu\/fr\/#organization","name":"Interreg Sudoe","alternateName":"Interreg Sudoe","url":"https:\/\/interreg-sudoe.eu\/fr\/","logo":{"@type":"ImageObject","inLanguage":"fr-FR","@id":"https:\/\/interreg-sudoe.eu\/fr\/#\/schema\/logo\/image\/","url":"https:\/\/interreg-sudoe.eu\/wp-content\/uploads\/2024\/03\/logo-interreg.png","contentUrl":"https:\/\/interreg-sudoe.eu\/wp-content\/uploads\/2024\/03\/logo-interreg.png","width":1200,"height":675,"caption":"Interreg Sudoe"},"image":{"@id":"https:\/\/interreg-sudoe.eu\/fr\/#\/schema\/logo\/image\/"},"sameAs":["https:\/\/www.facebook.com\/interregsudoe","https:\/\/x.com\/Sudoe5","https:\/\/www.youtube.com\/channel\/UCeGx2edoB32beRc9dbKA2vw","https:\/\/www.linkedin.com\/company\/interreg-sudoe-programme\/","https:\/\/www.flickr.com\/photos\/148704685@N06\/"]}]}},"_links":{"self":[{"href":"https:\/\/interreg-sudoe.eu\/fr\/wp-json\/wp\/v2\/noticia-proyecto\/40980","targetHints":{"allow":["GET"]}}],"collection":[{"href":"https:\/\/interreg-sudoe.eu\/fr\/wp-json\/wp\/v2\/noticia-proyecto"}],"about":[{"href":"https:\/\/interreg-sudoe.eu\/fr\/wp-json\/wp\/v2\/types\/noticia-proyecto"}],"author":[{"embeddable":true,"href":"https:\/\/interreg-sudoe.eu\/fr\/wp-json\/wp\/v2\/users\/5002"}],"wp:featuredmedia":[{"embeddable":true,"href":"https:\/\/interreg-sudoe.eu\/fr\/wp-json\/wp\/v2\/media\/43942"}],"wp:attachment":[{"href":"https:\/\/interreg-sudoe.eu\/fr\/wp-json\/wp\/v2\/media?parent=40980"}],"curies":[{"name":"wp","href":"https:\/\/api.w.org\/{rel}","templated":true}]}}