{"id":40996,"date":"2024-10-14T14:22:28","date_gmt":"2024-10-14T12:22:28","guid":{"rendered":"https:\/\/interreg-sudoe.eu\/?post_type=noticia-proyecto&#038;p=40996"},"modified":"2024-11-08T13:01:23","modified_gmt":"2024-11-08T12:01:23","slug":"premiere-reunion-target-presentielle-a-seville","status":"publish","type":"noticia-proyecto","link":"https:\/\/interreg-sudoe.eu\/fr\/noticia-proyecto\/premiere-reunion-target-presentielle-a-seville\/","title":{"rendered":"Premi\u00e8re r\u00e9union TARGET pr\u00e9sentielle \u00e0 S\u00e9ville"},"content":{"rendered":"<p>Le projet TARGET &#8211; TerritoriAl stRateGy for watEr scarciTy, cofinanc\u00e9 par le programme Interreg Sudoe via le Fonds europ\u00e9en de d\u00e9veloppement r\u00e9gional (FEDER), a tenu sa premi\u00e8re r\u00e9union pr\u00e9sentielle les 25 et 26 juin au si\u00e8ge du minist\u00e8re de l&rsquo;Agriculture, de la P\u00eache, de l&rsquo;Eau et du D\u00e9veloppement rural du gouvernement r\u00e9gional d&rsquo;Andalousie et au Centre exp\u00e9rimental des nouvelles technologies de l&rsquo;eau (CENTA), avec l&rsquo;Agence de l&rsquo;environnement et de l&rsquo;eau (AMAyA) en tant qu&rsquo;h\u00f4te (partenaire du projet). Au cours de cette r\u00e9union, outre les r\u00e9unions techniques et de coordination du projet, un atelier a \u00e9t\u00e9 organis\u00e9 dans le but d&rsquo;\u00e9valuer, gr\u00e2ce \u00e0 la participation active des acteurs concern\u00e9s, divers aspects du cadre l\u00e9gislatif et institutionnel, de la planification, de la r\u00e9glementation et du financement de la gestion de l&rsquo;eau, en se concentrant particuli\u00e8rement sur les situations de p\u00e9nurie.<\/p>\n<p>Les ressources en eau douce de la r\u00e9gion du sud-ouest de l&rsquo;Europe sont soumises \u00e0 une pression anthropique croissante, ce qui engendre des probl\u00e8mes de p\u00e9nurie et de qualit\u00e9 de l&rsquo;eau, des conflits d&rsquo;utilisation et des risques environnementaux. Pour faire face \u00e0 ces probl\u00e8mes, un changement de paradigme dans la gestion de l&rsquo;eau est essentiel. TARGET est un projet de coop\u00e9ration Interreg Sudoe impliquant des partenaires d&rsquo;Espagne, de France et du Portugal, qui vise \u00e0 d\u00e9finir des strat\u00e9gies consensuelles de gestion de l&rsquo;eau en adaptant les pratiques et les structures pour garantir l&rsquo;acc\u00e8s \u00e0 l&rsquo;eau. Le projet accordera une importance particuli\u00e8re \u00e0 l&rsquo;utilisation des ressources en eau non conventionnelles et \u00e0 la r\u00e9utilisation de l&rsquo;eau en tant que mesures proactives pour faire face \u00e0 la crise de la raret\u00e9 de l&rsquo;eau. Des travaux sont en cours depuis mars de cette ann\u00e9e pour la mise en \u0153uvre du projet, qui se d\u00e9roulera jusqu&rsquo;en d\u00e9cembre 2026.<\/p>\n<div style=\"width: 720px;\" class=\"wp-video\"><video class=\"wp-video-shortcode\" id=\"video-40996-1\" width=\"720\" height=\"1280\" preload=\"metadata\" controls=\"controls\"><source type=\"video\/mp4\" src=\"https:\/\/interreg-sudoe.eu\/wp-content\/uploads\/2024\/10\/Video_Resumen.mp4?_=1\" \/><a href=\"https:\/\/interreg-sudoe.eu\/wp-content\/uploads\/2024\/10\/Video_Resumen.mp4\">https:\/\/interreg-sudoe.eu\/wp-content\/uploads\/2024\/10\/Video_Resumen.mp4<\/a><\/video><\/div>\n","protected":false},"excerpt":{"rendered":"<p>Le projet TARGET a tenu sa premi\u00e8re r\u00e9union en face \u00e0 face les 25 et 26 juin \u00e0 S\u00e9ville, comprenant des r\u00e9unions techniques et un atelier pour \u00e9valuer la gestion de l&rsquo;eau dans les situations de p\u00e9nurie d&rsquo;eau.<\/p>\n","protected":false},"author":5125,"featured_media":41855,"parent":0,"template":"","meta":{"_acf_changed":false,"content-type":"","_monsterinsights_skip_tracking":false,"_monsterinsights_sitenote_active":false,"_monsterinsights_sitenote_note":"","_monsterinsights_sitenote_category":0},"class_list":["post-40996","noticia-proyecto","type-noticia-proyecto","status-publish","has-post-thumbnail","hentry"],"acf":[],"yoast_head":"<!-- This site is optimized with the Yoast SEO plugin v27.4 - https:\/\/yoast.com\/product\/yoast-seo-wordpress\/ -->\n<title>Premi\u00e8re r\u00e9union TARGET pr\u00e9sentielle \u00e0 S\u00e9ville - Interreg Sudoe<\/title>\n<meta name=\"robots\" content=\"index, follow, max-snippet:-1, max-image-preview:large, max-video-preview:-1\" \/>\n<link rel=\"canonical\" href=\"https:\/\/interreg-sudoe.eu\/fr\/noticia-proyecto\/premiere-reunion-target-presentielle-a-seville\/\" \/>\n<meta property=\"og:locale\" content=\"fr_FR\" \/>\n<meta property=\"og:type\" content=\"article\" \/>\n<meta property=\"og:title\" content=\"Premi\u00e8re r\u00e9union TARGET pr\u00e9sentielle \u00e0 S\u00e9ville - Interreg Sudoe\" \/>\n<meta property=\"og:description\" content=\"Le projet TARGET a tenu sa premi\u00e8re r\u00e9union en face \u00e0 face les 25 et 26 juin \u00e0 S\u00e9ville, comprenant des r\u00e9unions techniques et un atelier pour \u00e9valuer la gestion de l&#039;eau dans les situations de p\u00e9nurie d&#039;eau.\" \/>\n<meta property=\"og:url\" content=\"https:\/\/interreg-sudoe.eu\/fr\/noticia-proyecto\/premiere-reunion-target-presentielle-a-seville\/\" \/>\n<meta property=\"og:site_name\" content=\"Interreg Sudoe\" \/>\n<meta property=\"article:publisher\" content=\"https:\/\/www.facebook.com\/interregsudoe\" \/>\n<meta property=\"article:modified_time\" content=\"2024-11-08T12:01:23+00:00\" \/>\n<meta property=\"og:image\" content=\"https:\/\/interreg-sudoe.eu\/wp-content\/uploads\/2024\/05\/GRUPO-scaled.jpg\" \/>\n\t<meta property=\"og:image:width\" content=\"2560\" \/>\n\t<meta property=\"og:image:height\" content=\"1041\" \/>\n\t<meta property=\"og:image:type\" content=\"image\/jpeg\" \/>\n<meta name=\"twitter:card\" content=\"summary_large_image\" \/>\n<meta name=\"twitter:site\" content=\"@Sudoe5\" \/>\n<meta name=\"twitter:label1\" content=\"Dur\u00e9e de lecture estim\u00e9e\" \/>\n\t<meta name=\"twitter:data1\" content=\"2 minutes\" \/>\n<script type=\"application\/ld+json\" class=\"yoast-schema-graph\">{\"@context\":\"https:\\\/\\\/schema.org\",\"@graph\":[{\"@type\":\"WebPage\",\"@id\":\"https:\\\/\\\/interreg-sudoe.eu\\\/fr\\\/noticia-proyecto\\\/premiere-reunion-target-presentielle-a-seville\\\/\",\"url\":\"https:\\\/\\\/interreg-sudoe.eu\\\/fr\\\/noticia-proyecto\\\/premiere-reunion-target-presentielle-a-seville\\\/\",\"name\":\"Premi\u00e8re r\u00e9union TARGET pr\u00e9sentielle \u00e0 S\u00e9ville - Interreg Sudoe\",\"isPartOf\":{\"@id\":\"https:\\\/\\\/interreg-sudoe.eu\\\/fr\\\/#website\"},\"primaryImageOfPage\":{\"@id\":\"https:\\\/\\\/interreg-sudoe.eu\\\/fr\\\/noticia-proyecto\\\/premiere-reunion-target-presentielle-a-seville\\\/#primaryimage\"},\"image\":{\"@id\":\"https:\\\/\\\/interreg-sudoe.eu\\\/fr\\\/noticia-proyecto\\\/premiere-reunion-target-presentielle-a-seville\\\/#primaryimage\"},\"thumbnailUrl\":\"https:\\\/\\\/interreg-sudoe.eu\\\/wp-content\\\/uploads\\\/2024\\\/05\\\/GRUPO-scaled.jpg\",\"datePublished\":\"2024-10-14T12:22:28+00:00\",\"dateModified\":\"2024-11-08T12:01:23+00:00\",\"breadcrumb\":{\"@id\":\"https:\\\/\\\/interreg-sudoe.eu\\\/fr\\\/noticia-proyecto\\\/premiere-reunion-target-presentielle-a-seville\\\/#breadcrumb\"},\"inLanguage\":\"fr-FR\",\"potentialAction\":[{\"@type\":\"ReadAction\",\"target\":[\"https:\\\/\\\/interreg-sudoe.eu\\\/fr\\\/noticia-proyecto\\\/premiere-reunion-target-presentielle-a-seville\\\/\"]}]},{\"@type\":\"ImageObject\",\"inLanguage\":\"fr-FR\",\"@id\":\"https:\\\/\\\/interreg-sudoe.eu\\\/fr\\\/noticia-proyecto\\\/premiere-reunion-target-presentielle-a-seville\\\/#primaryimage\",\"url\":\"https:\\\/\\\/interreg-sudoe.eu\\\/wp-content\\\/uploads\\\/2024\\\/05\\\/GRUPO-scaled.jpg\",\"contentUrl\":\"https:\\\/\\\/interreg-sudoe.eu\\\/wp-content\\\/uploads\\\/2024\\\/05\\\/GRUPO-scaled.jpg\",\"width\":2560,\"height\":1041},{\"@type\":\"BreadcrumbList\",\"@id\":\"https:\\\/\\\/interreg-sudoe.eu\\\/fr\\\/noticia-proyecto\\\/premiere-reunion-target-presentielle-a-seville\\\/#breadcrumb\",\"itemListElement\":[{\"@type\":\"ListItem\",\"position\":1,\"name\":\"Home\",\"item\":\"https:\\\/\\\/interreg-sudoe.eu\\\/fr\\\/\"},{\"@type\":\"ListItem\",\"position\":2,\"name\":\"Premi\u00e8re r\u00e9union TARGET pr\u00e9sentielle \u00e0 S\u00e9ville\"}]},{\"@type\":\"WebSite\",\"@id\":\"https:\\\/\\\/interreg-sudoe.eu\\\/fr\\\/#website\",\"url\":\"https:\\\/\\\/interreg-sudoe.eu\\\/fr\\\/\",\"name\":\"Interreg Sudoe\",\"description\":\"Interreg Sudoe\",\"publisher\":{\"@id\":\"https:\\\/\\\/interreg-sudoe.eu\\\/fr\\\/#organization\"},\"alternateName\":\"Interreg Sudoe\",\"potentialAction\":[{\"@type\":\"SearchAction\",\"target\":{\"@type\":\"EntryPoint\",\"urlTemplate\":\"https:\\\/\\\/interreg-sudoe.eu\\\/fr\\\/?s={search_term_string}\"},\"query-input\":{\"@type\":\"PropertyValueSpecification\",\"valueRequired\":true,\"valueName\":\"search_term_string\"}}],\"inLanguage\":\"fr-FR\"},{\"@type\":\"Organization\",\"@id\":\"https:\\\/\\\/interreg-sudoe.eu\\\/fr\\\/#organization\",\"name\":\"Interreg Sudoe\",\"alternateName\":\"Interreg Sudoe\",\"url\":\"https:\\\/\\\/interreg-sudoe.eu\\\/fr\\\/\",\"logo\":{\"@type\":\"ImageObject\",\"inLanguage\":\"fr-FR\",\"@id\":\"https:\\\/\\\/interreg-sudoe.eu\\\/fr\\\/#\\\/schema\\\/logo\\\/image\\\/\",\"url\":\"https:\\\/\\\/interreg-sudoe.eu\\\/wp-content\\\/uploads\\\/2024\\\/03\\\/logo-interreg.png\",\"contentUrl\":\"https:\\\/\\\/interreg-sudoe.eu\\\/wp-content\\\/uploads\\\/2024\\\/03\\\/logo-interreg.png\",\"width\":1200,\"height\":675,\"caption\":\"Interreg Sudoe\"},\"image\":{\"@id\":\"https:\\\/\\\/interreg-sudoe.eu\\\/fr\\\/#\\\/schema\\\/logo\\\/image\\\/\"},\"sameAs\":[\"https:\\\/\\\/www.facebook.com\\\/interregsudoe\",\"https:\\\/\\\/x.com\\\/Sudoe5\",\"https:\\\/\\\/www.youtube.com\\\/channel\\\/UCeGx2edoB32beRc9dbKA2vw\",\"https:\\\/\\\/www.linkedin.com\\\/company\\\/interreg-sudoe-programme\\\/\",\"https:\\\/\\\/www.flickr.com\\\/photos\\\/148704685@N06\\\/\"]}]}<\/script>\n<!-- \/ Yoast SEO plugin. -->","yoast_head_json":{"title":"Premi\u00e8re r\u00e9union TARGET pr\u00e9sentielle \u00e0 S\u00e9ville - Interreg Sudoe","robots":{"index":"index","follow":"follow","max-snippet":"max-snippet:-1","max-image-preview":"max-image-preview:large","max-video-preview":"max-video-preview:-1"},"canonical":"https:\/\/interreg-sudoe.eu\/fr\/noticia-proyecto\/premiere-reunion-target-presentielle-a-seville\/","og_locale":"fr_FR","og_type":"article","og_title":"Premi\u00e8re r\u00e9union TARGET pr\u00e9sentielle \u00e0 S\u00e9ville - Interreg Sudoe","og_description":"Le projet TARGET a tenu sa premi\u00e8re r\u00e9union en face \u00e0 face les 25 et 26 juin \u00e0 S\u00e9ville, comprenant des r\u00e9unions techniques et un atelier pour \u00e9valuer la gestion de l'eau dans les situations de p\u00e9nurie d'eau.","og_url":"https:\/\/interreg-sudoe.eu\/fr\/noticia-proyecto\/premiere-reunion-target-presentielle-a-seville\/","og_site_name":"Interreg Sudoe","article_publisher":"https:\/\/www.facebook.com\/interregsudoe","article_modified_time":"2024-11-08T12:01:23+00:00","og_image":[{"width":2560,"height":1041,"url":"https:\/\/interreg-sudoe.eu\/wp-content\/uploads\/2024\/05\/GRUPO-scaled.jpg","type":"image\/jpeg"}],"twitter_card":"summary_large_image","twitter_site":"@Sudoe5","twitter_misc":{"Dur\u00e9e de lecture estim\u00e9e":"2 minutes"},"schema":{"@context":"https:\/\/schema.org","@graph":[{"@type":"WebPage","@id":"https:\/\/interreg-sudoe.eu\/fr\/noticia-proyecto\/premiere-reunion-target-presentielle-a-seville\/","url":"https:\/\/interreg-sudoe.eu\/fr\/noticia-proyecto\/premiere-reunion-target-presentielle-a-seville\/","name":"Premi\u00e8re r\u00e9union TARGET pr\u00e9sentielle \u00e0 S\u00e9ville - Interreg Sudoe","isPartOf":{"@id":"https:\/\/interreg-sudoe.eu\/fr\/#website"},"primaryImageOfPage":{"@id":"https:\/\/interreg-sudoe.eu\/fr\/noticia-proyecto\/premiere-reunion-target-presentielle-a-seville\/#primaryimage"},"image":{"@id":"https:\/\/interreg-sudoe.eu\/fr\/noticia-proyecto\/premiere-reunion-target-presentielle-a-seville\/#primaryimage"},"thumbnailUrl":"https:\/\/interreg-sudoe.eu\/wp-content\/uploads\/2024\/05\/GRUPO-scaled.jpg","datePublished":"2024-10-14T12:22:28+00:00","dateModified":"2024-11-08T12:01:23+00:00","breadcrumb":{"@id":"https:\/\/interreg-sudoe.eu\/fr\/noticia-proyecto\/premiere-reunion-target-presentielle-a-seville\/#breadcrumb"},"inLanguage":"fr-FR","potentialAction":[{"@type":"ReadAction","target":["https:\/\/interreg-sudoe.eu\/fr\/noticia-proyecto\/premiere-reunion-target-presentielle-a-seville\/"]}]},{"@type":"ImageObject","inLanguage":"fr-FR","@id":"https:\/\/interreg-sudoe.eu\/fr\/noticia-proyecto\/premiere-reunion-target-presentielle-a-seville\/#primaryimage","url":"https:\/\/interreg-sudoe.eu\/wp-content\/uploads\/2024\/05\/GRUPO-scaled.jpg","contentUrl":"https:\/\/interreg-sudoe.eu\/wp-content\/uploads\/2024\/05\/GRUPO-scaled.jpg","width":2560,"height":1041},{"@type":"BreadcrumbList","@id":"https:\/\/interreg-sudoe.eu\/fr\/noticia-proyecto\/premiere-reunion-target-presentielle-a-seville\/#breadcrumb","itemListElement":[{"@type":"ListItem","position":1,"name":"Home","item":"https:\/\/interreg-sudoe.eu\/fr\/"},{"@type":"ListItem","position":2,"name":"Premi\u00e8re r\u00e9union TARGET pr\u00e9sentielle \u00e0 S\u00e9ville"}]},{"@type":"WebSite","@id":"https:\/\/interreg-sudoe.eu\/fr\/#website","url":"https:\/\/interreg-sudoe.eu\/fr\/","name":"Interreg Sudoe","description":"Interreg Sudoe","publisher":{"@id":"https:\/\/interreg-sudoe.eu\/fr\/#organization"},"alternateName":"Interreg Sudoe","potentialAction":[{"@type":"SearchAction","target":{"@type":"EntryPoint","urlTemplate":"https:\/\/interreg-sudoe.eu\/fr\/?s={search_term_string}"},"query-input":{"@type":"PropertyValueSpecification","valueRequired":true,"valueName":"search_term_string"}}],"inLanguage":"fr-FR"},{"@type":"Organization","@id":"https:\/\/interreg-sudoe.eu\/fr\/#organization","name":"Interreg Sudoe","alternateName":"Interreg Sudoe","url":"https:\/\/interreg-sudoe.eu\/fr\/","logo":{"@type":"ImageObject","inLanguage":"fr-FR","@id":"https:\/\/interreg-sudoe.eu\/fr\/#\/schema\/logo\/image\/","url":"https:\/\/interreg-sudoe.eu\/wp-content\/uploads\/2024\/03\/logo-interreg.png","contentUrl":"https:\/\/interreg-sudoe.eu\/wp-content\/uploads\/2024\/03\/logo-interreg.png","width":1200,"height":675,"caption":"Interreg Sudoe"},"image":{"@id":"https:\/\/interreg-sudoe.eu\/fr\/#\/schema\/logo\/image\/"},"sameAs":["https:\/\/www.facebook.com\/interregsudoe","https:\/\/x.com\/Sudoe5","https:\/\/www.youtube.com\/channel\/UCeGx2edoB32beRc9dbKA2vw","https:\/\/www.linkedin.com\/company\/interreg-sudoe-programme\/","https:\/\/www.flickr.com\/photos\/148704685@N06\/"]}]}},"_links":{"self":[{"href":"https:\/\/interreg-sudoe.eu\/fr\/wp-json\/wp\/v2\/noticia-proyecto\/40996","targetHints":{"allow":["GET"]}}],"collection":[{"href":"https:\/\/interreg-sudoe.eu\/fr\/wp-json\/wp\/v2\/noticia-proyecto"}],"about":[{"href":"https:\/\/interreg-sudoe.eu\/fr\/wp-json\/wp\/v2\/types\/noticia-proyecto"}],"author":[{"embeddable":true,"href":"https:\/\/interreg-sudoe.eu\/fr\/wp-json\/wp\/v2\/users\/5125"}],"wp:featuredmedia":[{"embeddable":true,"href":"https:\/\/interreg-sudoe.eu\/fr\/wp-json\/wp\/v2\/media\/41855"}],"wp:attachment":[{"href":"https:\/\/interreg-sudoe.eu\/fr\/wp-json\/wp\/v2\/media?parent=40996"}],"curies":[{"name":"wp","href":"https:\/\/api.w.org\/{rel}","templated":true}]}}