{"id":41361,"date":"2024-10-25T12:45:35","date_gmt":"2024-10-25T10:45:35","guid":{"rendered":"https:\/\/interreg-sudoe.eu\/noticia-proyecto\/scaira-info-day-te-contamos-todo-sobre-la-primera-convocatoria\/"},"modified":"2026-02-17T12:34:50","modified_gmt":"2026-02-17T11:34:50","slug":"scaira-info-day-te-contamos-todo-sobre-la-primera-convocatoria","status":"publish","type":"noticia-proyecto","link":"https:\/\/interreg-sudoe.eu\/fr\/noticia-proyecto\/scaira-info-day-te-contamos-todo-sobre-la-primera-convocatoria\/","title":{"rendered":"1er appel \u00e0 candidatures : participez \u00e0 notre Info Day"},"content":{"rendered":"<h2>Inscrivez-vous d\u00e8s maintenant \u00e0 notre session d&rsquo;information en ligne pour tout savoir sur le parcours du premier appel \u00e0 candidatures aupr\u00e8s de ses organisateurs nationaux.<\/h2>\r\n<h2>L&rsquo;\u00e9v\u00e9nement aura lieu le 13 novembre 2024 de 11 h \u00e0 12 h 30 CET !\u00a0<\/h2>\r\n<p>Il s&rsquo;agit d&rsquo;un communiqu\u00e9 de presse sp\u00e9cialement destin\u00e9 aux entrepreneurs, innovateurs et porteurs de projet de <strong>start-ups europ\u00e9ens<\/strong> qui ont besoin d&rsquo;un soutien pour faire murir leur projet. Les<em> startuppers<\/em> \u00e0 la recherche de conseils d&rsquo;experts, d&rsquo;un soutien financier et d&rsquo;un mentorat pour d\u00e9velopper leur entreprise sont encourag\u00e9s \u00e0 s&rsquo;inscrire \u00e0 notre<a href=\"https:\/\/aerospace-valley.webex.com\/weblink\/register\/r6041653b05a253b383c7d877bf470953\"><strong> session d&rsquo;information en ligne<\/strong><\/a>, au cours de laquelle <strong>les partenaires fran\u00e7ais de SCAIRA<\/strong> expliqueront en d\u00e9tail le parcours du <strong><a href=\"https:\/\/interreg-sudoe.eu\/fr\/noticia-proyecto\/ya-esta-abierta-la-primera-open-call-del-programa-de-aceleracion-de-start-ups-scaira\/\">premier appel \u00e0 candidatures<\/a><\/strong>, qui est <strong><a href=\"https:\/\/scaira.grantplatform.com\/\">d\u00e9j\u00e0 ouvert<\/a><\/strong>.<\/p>\r\n<p>L&rsquo;\u00e9v\u00e9nement aura lieu le <strong>13 novembre 2024 de 11 h \u00e0 12 h 30 CET<\/strong>. Les participants pourront :\u00a0<\/p>\r\n<ul>\r\n<li>D\u00e9couvrir aupr\u00e8s de ses partenaires nationaux ce que <a href=\"https:\/\/interreg-sudoe.eu\/fr\/noticia-proyecto\/ya-esta-abierta-la-primera-open-call-del-programa-de-aceleracion-de-start-ups-scaira\/\"><strong>le projet SCAIRA offre<\/strong> <\/a>et qui sont les membres du consortium qui porte celui-ci.<\/li>\r\n<li>S&rsquo;informer sur la structure du programme d&rsquo;acc\u00e9l\u00e9ration, sa strat\u00e9gie et ses services: juridique et administratif, conseils techniques et<strong> acc\u00e8s au march\u00e9<\/strong>.<\/li>\r\n<li>En apprendre plus sur les<strong> d\u00e9fis que les industriels<\/strong> proposent aux candidats:\u00a0<strong><a href=\"https:\/\/drive.google.com\/file\/d\/1XiEq4TXkZOXaJTJoe7F7tX08bMROKQBF\/view\">challenge 1<\/a><\/strong>, <strong><a href=\"https:\/\/drive.google.com\/file\/d\/1RVX4wwFq29QtBTnrtWV4Bfb_kskzkeRs\/view\">challenge 2<\/a><\/strong>, <a href=\"https:\/\/drive.google.com\/file\/d\/1yC80vGEnR1HNMl62L_vnUB8c5m37mppi\/view\"><strong>challenge 3<\/strong><\/a> et <a href=\"https:\/\/drive.google.com\/file\/d\/1Qk1IfhaTzi17XR_aYLoSLrBkAvTk00-a\/view\"><strong>challenge 4<\/strong><\/a>.\u00a0<\/li>\r\n<li>Se renseigner sur le<a href=\"https:\/\/scaira.grantplatform.com\/\"><strong> parcours de candidature<\/strong><\/a> et les crit\u00e8res de s\u00e9lection.<\/li>\r\n<li>R\u00e9seauter avec des <strong>entrepreneurs<\/strong> et des collaborateurs potentiels partageant les m\u00eames id\u00e9es.<\/li>\r\n<li><strong>Lever les doutes<\/strong> et partager des id\u00e9es.<\/li>\r\n<\/ul>\r\n<p>Et bien d&rsquo;autres choses encore. Pour vous inscrire,<strong><a href=\"https:\/\/aerospace-valley.webex.com\/weblink\/register\/r6041653b05a253b383c7d877bf470953\"> cliquez ici<\/a><\/strong>. L&rsquo;innovation est entre vos mains, et nous sommes l\u00e0 pour vous aider \u00e0 aller plus loin !<\/p>\r\n\r\n\r\n\r\n<h3 class=\"wp-block-heading\">\u00c0 propos de SCAIRA<\/h3>\r\n\r\n\r\n\r\n<p>Le projet SCAIRA, cofinanc\u00e9 par le programme de d\u00e9veloppement r\u00e9gional Interreg SUDOE 2021-2027 \u00e0 hauteur de 1 865 807,42 euros, a pour principal objectif de conseiller les entrepreneurs du sud de l&rsquo;Europe dans la cr\u00e9ation et l&rsquo;acc\u00e9l\u00e9ration de start-ups dans les secteurs de l&rsquo;a\u00e9ronautique et de l&rsquo;automobile. L&rsquo;initiative se d\u00e9roulera jusqu&rsquo;\u00e0 la fin de l&rsquo;ann\u00e9e 2026 et est men\u00e9e par un consortium collaboratif de douze entit\u00e9s de <strong>France, du Portugal et d&rsquo;Espagne<\/strong> ayant une exp\u00e9rience av\u00e9r\u00e9e dans la gestion de projets europ\u00e9ens et dans le domaine de la transition industrielle et de la sp\u00e9cialisation intelligente.\u00a0<\/p>\r\n\r\n\r\n\r\n<h3 class=\"wp-block-heading\">Partenaires<\/h3>\r\n\r\n\r\n\r\n<ul class=\"wp-block-list\">\r\n<li>Aerospace Valley (France).<\/li>\r\n\r\n\r\n\r\n<li>Corporaci\u00f3n Tecnol\u00f3gica de Andaluc\u00eda (Espagne).<\/li>\r\n\r\n\r\n\r\n<li>Cl\u00faster de la ind\u00fastria de l&rsquo;automoci\u00f3 de Catalunya (Espagne).<\/li>\r\n\r\n\r\n\r\n<li>FUNDECYT-PCTEX (Espagne).<\/li>\r\n\r\n\r\n\r\n<li>HIESE (Portugal).<\/li>\r\n\r\n\r\n\r\n<li>IMT Mines Al\u00e8s (France).<\/li>\r\n\r\n\r\n\r\n<li>Soltena (Portugal).<\/li>\r\n\r\n\r\n\r\n<li>MOBINOV (Portugal).<\/li>\r\n\r\n\r\n\r\n<li>CEEIM (Espagne).<\/li>\r\n\r\n\r\n\r\n<li>Communaut\u00e9 d&rsquo;agglom\u00e9ration Rochefort Oc\u00e9an (France).<\/li>\r\n\r\n\r\n\r\n<li>Renault Spain (Espagne).<\/li>\r\n\r\n\r\n\r\n<li>Airbus Atlantic (France).<\/li>\r\n<\/ul>\r\n\r\n\r\n\r\n<h3 class=\"wp-block-heading\">Suivez-nous !<\/h3>\r\n\r\n\r\n\r\n<p>\ud83d\udc49 <a href=\"https:\/\/twitter.com\/Interreg_SCAIRA\">@Interreg_SCAIRA<\/a><br \/>\ud83d\udc49 <a href=\"https:\/\/www.linkedin.com\/company\/scaira-interreg-sudoe\/\">SCAIRA &#8211; Interreg SUDOE<\/a><br \/>\ud83d\udc49 <a href=\"https:\/\/youtube.com\/@interreg_scaira?feature=shared\">SCAIRA-Interreg-SUDOE<\/a><\/p>\r\n","protected":false},"excerpt":{"rendered":"<p>Inscrivez-vous d\u00e8s maintenant \u00e0 notre session d&rsquo;information en ligne pour tout savoir sur le parcours du premier appel \u00e0 candidatures aupr\u00e8s de ses organisateurs nationaux. L&rsquo;\u00e9v\u00e9nement aura lieu le 13 novembre 2024 de 11 h \u00e0 12 h 30 CET !\u00a0 Il s&rsquo;agit d&rsquo;un communiqu\u00e9 de presse sp\u00e9cialement destin\u00e9 aux entrepreneurs, innovateurs et porteurs de [&hellip;]<\/p>\n","protected":false},"author":5002,"featured_media":41337,"parent":0,"template":"","meta":{"_acf_changed":false,"content-type":"","_monsterinsights_skip_tracking":false,"_monsterinsights_sitenote_active":false,"_monsterinsights_sitenote_note":"","_monsterinsights_sitenote_category":0},"class_list":["post-41361","noticia-proyecto","type-noticia-proyecto","status-publish","has-post-thumbnail","hentry"],"acf":[],"yoast_head":"<!-- This site is optimized with the Yoast SEO plugin v27.4 - https:\/\/yoast.com\/product\/yoast-seo-wordpress\/ -->\n<title>1er appel \u00e0 candidatures : participez \u00e0 notre Info Day - Interreg Sudoe<\/title>\n<meta name=\"robots\" content=\"index, follow, max-snippet:-1, max-image-preview:large, max-video-preview:-1\" \/>\n<link rel=\"canonical\" href=\"https:\/\/interreg-sudoe.eu\/fr\/noticia-proyecto\/scaira-info-day-te-contamos-todo-sobre-la-primera-convocatoria\/\" \/>\n<meta property=\"og:locale\" content=\"fr_FR\" \/>\n<meta property=\"og:type\" content=\"article\" \/>\n<meta property=\"og:title\" content=\"1er appel \u00e0 candidatures : participez \u00e0 notre Info Day - Interreg Sudoe\" \/>\n<meta property=\"og:description\" content=\"Inscrivez-vous d\u00e8s maintenant \u00e0 notre session d&rsquo;information en ligne pour tout savoir sur le parcours du premier appel \u00e0 candidatures aupr\u00e8s de ses organisateurs nationaux. L&rsquo;\u00e9v\u00e9nement aura lieu le 13 novembre 2024 de 11 h \u00e0 12 h 30 CET !\u00a0 Il s&rsquo;agit d&rsquo;un communiqu\u00e9 de presse sp\u00e9cialement destin\u00e9 aux entrepreneurs, innovateurs et porteurs de [&hellip;]\" \/>\n<meta property=\"og:url\" content=\"https:\/\/interreg-sudoe.eu\/fr\/noticia-proyecto\/scaira-info-day-te-contamos-todo-sobre-la-primera-convocatoria\/\" \/>\n<meta property=\"og:site_name\" content=\"Interreg Sudoe\" \/>\n<meta property=\"article:publisher\" content=\"https:\/\/www.facebook.com\/interregsudoe\" \/>\n<meta property=\"article:modified_time\" content=\"2026-02-17T11:34:50+00:00\" \/>\n<meta property=\"og:image\" content=\"https:\/\/interreg-sudoe.eu\/wp-content\/uploads\/2024\/10\/Join_Our_Online_Info_Day_imagen-e1729856349302.png\" \/>\n\t<meta property=\"og:image:width\" content=\"900\" \/>\n\t<meta property=\"og:image:height\" content=\"445\" \/>\n\t<meta property=\"og:image:type\" content=\"image\/png\" \/>\n<meta name=\"twitter:card\" content=\"summary_large_image\" \/>\n<meta name=\"twitter:site\" content=\"@Sudoe5\" \/>\n<meta name=\"twitter:label1\" content=\"Dur\u00e9e de lecture estim\u00e9e\" \/>\n\t<meta name=\"twitter:data1\" content=\"2 minutes\" \/>\n<script type=\"application\/ld+json\" class=\"yoast-schema-graph\">{\"@context\":\"https:\\\/\\\/schema.org\",\"@graph\":[{\"@type\":\"WebPage\",\"@id\":\"https:\\\/\\\/interreg-sudoe.eu\\\/fr\\\/noticia-proyecto\\\/scaira-info-day-te-contamos-todo-sobre-la-primera-convocatoria\\\/\",\"url\":\"https:\\\/\\\/interreg-sudoe.eu\\\/fr\\\/noticia-proyecto\\\/scaira-info-day-te-contamos-todo-sobre-la-primera-convocatoria\\\/\",\"name\":\"1er appel \u00e0 candidatures : participez \u00e0 notre Info Day - Interreg Sudoe\",\"isPartOf\":{\"@id\":\"https:\\\/\\\/interreg-sudoe.eu\\\/fr\\\/#website\"},\"primaryImageOfPage\":{\"@id\":\"https:\\\/\\\/interreg-sudoe.eu\\\/fr\\\/noticia-proyecto\\\/scaira-info-day-te-contamos-todo-sobre-la-primera-convocatoria\\\/#primaryimage\"},\"image\":{\"@id\":\"https:\\\/\\\/interreg-sudoe.eu\\\/fr\\\/noticia-proyecto\\\/scaira-info-day-te-contamos-todo-sobre-la-primera-convocatoria\\\/#primaryimage\"},\"thumbnailUrl\":\"https:\\\/\\\/interreg-sudoe.eu\\\/wp-content\\\/uploads\\\/2024\\\/10\\\/Join_Our_Online_Info_Day_imagen-e1729856349302.png\",\"datePublished\":\"2024-10-25T10:45:35+00:00\",\"dateModified\":\"2026-02-17T11:34:50+00:00\",\"breadcrumb\":{\"@id\":\"https:\\\/\\\/interreg-sudoe.eu\\\/fr\\\/noticia-proyecto\\\/scaira-info-day-te-contamos-todo-sobre-la-primera-convocatoria\\\/#breadcrumb\"},\"inLanguage\":\"fr-FR\",\"potentialAction\":[{\"@type\":\"ReadAction\",\"target\":[\"https:\\\/\\\/interreg-sudoe.eu\\\/fr\\\/noticia-proyecto\\\/scaira-info-day-te-contamos-todo-sobre-la-primera-convocatoria\\\/\"]}]},{\"@type\":\"ImageObject\",\"inLanguage\":\"fr-FR\",\"@id\":\"https:\\\/\\\/interreg-sudoe.eu\\\/fr\\\/noticia-proyecto\\\/scaira-info-day-te-contamos-todo-sobre-la-primera-convocatoria\\\/#primaryimage\",\"url\":\"https:\\\/\\\/interreg-sudoe.eu\\\/wp-content\\\/uploads\\\/2024\\\/10\\\/Join_Our_Online_Info_Day_imagen-e1729856349302.png\",\"contentUrl\":\"https:\\\/\\\/interreg-sudoe.eu\\\/wp-content\\\/uploads\\\/2024\\\/10\\\/Join_Our_Online_Info_Day_imagen-e1729856349302.png\",\"width\":900,\"height\":445,\"caption\":\"Info Day\"},{\"@type\":\"BreadcrumbList\",\"@id\":\"https:\\\/\\\/interreg-sudoe.eu\\\/fr\\\/noticia-proyecto\\\/scaira-info-day-te-contamos-todo-sobre-la-primera-convocatoria\\\/#breadcrumb\",\"itemListElement\":[{\"@type\":\"ListItem\",\"position\":1,\"name\":\"Home\",\"item\":\"https:\\\/\\\/interreg-sudoe.eu\\\/fr\\\/\"},{\"@type\":\"ListItem\",\"position\":2,\"name\":\"1er appel \u00e0 candidatures : participez \u00e0 notre Info Day\"}]},{\"@type\":\"WebSite\",\"@id\":\"https:\\\/\\\/interreg-sudoe.eu\\\/fr\\\/#website\",\"url\":\"https:\\\/\\\/interreg-sudoe.eu\\\/fr\\\/\",\"name\":\"Interreg Sudoe\",\"description\":\"Interreg Sudoe\",\"publisher\":{\"@id\":\"https:\\\/\\\/interreg-sudoe.eu\\\/fr\\\/#organization\"},\"alternateName\":\"Interreg Sudoe\",\"potentialAction\":[{\"@type\":\"SearchAction\",\"target\":{\"@type\":\"EntryPoint\",\"urlTemplate\":\"https:\\\/\\\/interreg-sudoe.eu\\\/fr\\\/?s={search_term_string}\"},\"query-input\":{\"@type\":\"PropertyValueSpecification\",\"valueRequired\":true,\"valueName\":\"search_term_string\"}}],\"inLanguage\":\"fr-FR\"},{\"@type\":\"Organization\",\"@id\":\"https:\\\/\\\/interreg-sudoe.eu\\\/fr\\\/#organization\",\"name\":\"Interreg Sudoe\",\"alternateName\":\"Interreg Sudoe\",\"url\":\"https:\\\/\\\/interreg-sudoe.eu\\\/fr\\\/\",\"logo\":{\"@type\":\"ImageObject\",\"inLanguage\":\"fr-FR\",\"@id\":\"https:\\\/\\\/interreg-sudoe.eu\\\/fr\\\/#\\\/schema\\\/logo\\\/image\\\/\",\"url\":\"https:\\\/\\\/interreg-sudoe.eu\\\/wp-content\\\/uploads\\\/2024\\\/03\\\/logo-interreg.png\",\"contentUrl\":\"https:\\\/\\\/interreg-sudoe.eu\\\/wp-content\\\/uploads\\\/2024\\\/03\\\/logo-interreg.png\",\"width\":1200,\"height\":675,\"caption\":\"Interreg Sudoe\"},\"image\":{\"@id\":\"https:\\\/\\\/interreg-sudoe.eu\\\/fr\\\/#\\\/schema\\\/logo\\\/image\\\/\"},\"sameAs\":[\"https:\\\/\\\/www.facebook.com\\\/interregsudoe\",\"https:\\\/\\\/x.com\\\/Sudoe5\",\"https:\\\/\\\/www.youtube.com\\\/channel\\\/UCeGx2edoB32beRc9dbKA2vw\",\"https:\\\/\\\/www.linkedin.com\\\/company\\\/interreg-sudoe-programme\\\/\",\"https:\\\/\\\/www.flickr.com\\\/photos\\\/148704685@N06\\\/\"]}]}<\/script>\n<!-- \/ Yoast SEO plugin. -->","yoast_head_json":{"title":"1er appel \u00e0 candidatures : participez \u00e0 notre Info Day - Interreg Sudoe","robots":{"index":"index","follow":"follow","max-snippet":"max-snippet:-1","max-image-preview":"max-image-preview:large","max-video-preview":"max-video-preview:-1"},"canonical":"https:\/\/interreg-sudoe.eu\/fr\/noticia-proyecto\/scaira-info-day-te-contamos-todo-sobre-la-primera-convocatoria\/","og_locale":"fr_FR","og_type":"article","og_title":"1er appel \u00e0 candidatures : participez \u00e0 notre Info Day - Interreg Sudoe","og_description":"Inscrivez-vous d\u00e8s maintenant \u00e0 notre session d&rsquo;information en ligne pour tout savoir sur le parcours du premier appel \u00e0 candidatures aupr\u00e8s de ses organisateurs nationaux. L&rsquo;\u00e9v\u00e9nement aura lieu le 13 novembre 2024 de 11 h \u00e0 12 h 30 CET !\u00a0 Il s&rsquo;agit d&rsquo;un communiqu\u00e9 de presse sp\u00e9cialement destin\u00e9 aux entrepreneurs, innovateurs et porteurs de [&hellip;]","og_url":"https:\/\/interreg-sudoe.eu\/fr\/noticia-proyecto\/scaira-info-day-te-contamos-todo-sobre-la-primera-convocatoria\/","og_site_name":"Interreg Sudoe","article_publisher":"https:\/\/www.facebook.com\/interregsudoe","article_modified_time":"2026-02-17T11:34:50+00:00","og_image":[{"width":900,"height":445,"url":"https:\/\/interreg-sudoe.eu\/wp-content\/uploads\/2024\/10\/Join_Our_Online_Info_Day_imagen-e1729856349302.png","type":"image\/png"}],"twitter_card":"summary_large_image","twitter_site":"@Sudoe5","twitter_misc":{"Dur\u00e9e de lecture estim\u00e9e":"2 minutes"},"schema":{"@context":"https:\/\/schema.org","@graph":[{"@type":"WebPage","@id":"https:\/\/interreg-sudoe.eu\/fr\/noticia-proyecto\/scaira-info-day-te-contamos-todo-sobre-la-primera-convocatoria\/","url":"https:\/\/interreg-sudoe.eu\/fr\/noticia-proyecto\/scaira-info-day-te-contamos-todo-sobre-la-primera-convocatoria\/","name":"1er appel \u00e0 candidatures : participez \u00e0 notre Info Day - Interreg Sudoe","isPartOf":{"@id":"https:\/\/interreg-sudoe.eu\/fr\/#website"},"primaryImageOfPage":{"@id":"https:\/\/interreg-sudoe.eu\/fr\/noticia-proyecto\/scaira-info-day-te-contamos-todo-sobre-la-primera-convocatoria\/#primaryimage"},"image":{"@id":"https:\/\/interreg-sudoe.eu\/fr\/noticia-proyecto\/scaira-info-day-te-contamos-todo-sobre-la-primera-convocatoria\/#primaryimage"},"thumbnailUrl":"https:\/\/interreg-sudoe.eu\/wp-content\/uploads\/2024\/10\/Join_Our_Online_Info_Day_imagen-e1729856349302.png","datePublished":"2024-10-25T10:45:35+00:00","dateModified":"2026-02-17T11:34:50+00:00","breadcrumb":{"@id":"https:\/\/interreg-sudoe.eu\/fr\/noticia-proyecto\/scaira-info-day-te-contamos-todo-sobre-la-primera-convocatoria\/#breadcrumb"},"inLanguage":"fr-FR","potentialAction":[{"@type":"ReadAction","target":["https:\/\/interreg-sudoe.eu\/fr\/noticia-proyecto\/scaira-info-day-te-contamos-todo-sobre-la-primera-convocatoria\/"]}]},{"@type":"ImageObject","inLanguage":"fr-FR","@id":"https:\/\/interreg-sudoe.eu\/fr\/noticia-proyecto\/scaira-info-day-te-contamos-todo-sobre-la-primera-convocatoria\/#primaryimage","url":"https:\/\/interreg-sudoe.eu\/wp-content\/uploads\/2024\/10\/Join_Our_Online_Info_Day_imagen-e1729856349302.png","contentUrl":"https:\/\/interreg-sudoe.eu\/wp-content\/uploads\/2024\/10\/Join_Our_Online_Info_Day_imagen-e1729856349302.png","width":900,"height":445,"caption":"Info Day"},{"@type":"BreadcrumbList","@id":"https:\/\/interreg-sudoe.eu\/fr\/noticia-proyecto\/scaira-info-day-te-contamos-todo-sobre-la-primera-convocatoria\/#breadcrumb","itemListElement":[{"@type":"ListItem","position":1,"name":"Home","item":"https:\/\/interreg-sudoe.eu\/fr\/"},{"@type":"ListItem","position":2,"name":"1er appel \u00e0 candidatures : participez \u00e0 notre Info Day"}]},{"@type":"WebSite","@id":"https:\/\/interreg-sudoe.eu\/fr\/#website","url":"https:\/\/interreg-sudoe.eu\/fr\/","name":"Interreg Sudoe","description":"Interreg Sudoe","publisher":{"@id":"https:\/\/interreg-sudoe.eu\/fr\/#organization"},"alternateName":"Interreg Sudoe","potentialAction":[{"@type":"SearchAction","target":{"@type":"EntryPoint","urlTemplate":"https:\/\/interreg-sudoe.eu\/fr\/?s={search_term_string}"},"query-input":{"@type":"PropertyValueSpecification","valueRequired":true,"valueName":"search_term_string"}}],"inLanguage":"fr-FR"},{"@type":"Organization","@id":"https:\/\/interreg-sudoe.eu\/fr\/#organization","name":"Interreg Sudoe","alternateName":"Interreg Sudoe","url":"https:\/\/interreg-sudoe.eu\/fr\/","logo":{"@type":"ImageObject","inLanguage":"fr-FR","@id":"https:\/\/interreg-sudoe.eu\/fr\/#\/schema\/logo\/image\/","url":"https:\/\/interreg-sudoe.eu\/wp-content\/uploads\/2024\/03\/logo-interreg.png","contentUrl":"https:\/\/interreg-sudoe.eu\/wp-content\/uploads\/2024\/03\/logo-interreg.png","width":1200,"height":675,"caption":"Interreg Sudoe"},"image":{"@id":"https:\/\/interreg-sudoe.eu\/fr\/#\/schema\/logo\/image\/"},"sameAs":["https:\/\/www.facebook.com\/interregsudoe","https:\/\/x.com\/Sudoe5","https:\/\/www.youtube.com\/channel\/UCeGx2edoB32beRc9dbKA2vw","https:\/\/www.linkedin.com\/company\/interreg-sudoe-programme\/","https:\/\/www.flickr.com\/photos\/148704685@N06\/"]}]}},"_links":{"self":[{"href":"https:\/\/interreg-sudoe.eu\/fr\/wp-json\/wp\/v2\/noticia-proyecto\/41361","targetHints":{"allow":["GET"]}}],"collection":[{"href":"https:\/\/interreg-sudoe.eu\/fr\/wp-json\/wp\/v2\/noticia-proyecto"}],"about":[{"href":"https:\/\/interreg-sudoe.eu\/fr\/wp-json\/wp\/v2\/types\/noticia-proyecto"}],"author":[{"embeddable":true,"href":"https:\/\/interreg-sudoe.eu\/fr\/wp-json\/wp\/v2\/users\/5002"}],"wp:featuredmedia":[{"embeddable":true,"href":"https:\/\/interreg-sudoe.eu\/fr\/wp-json\/wp\/v2\/media\/41337"}],"wp:attachment":[{"href":"https:\/\/interreg-sudoe.eu\/fr\/wp-json\/wp\/v2\/media?parent=41361"}],"curies":[{"name":"wp","href":"https:\/\/api.w.org\/{rel}","templated":true}]}}