{"id":41928,"date":"2024-10-28T18:02:06","date_gmt":"2024-10-28T17:02:06","guid":{"rendered":"https:\/\/interreg-sudoe.eu\/noticia-proyecto\/taller-biorrefinerias-en-el-sector-agroalimentario-en-universidade-do-minho-newpower\/"},"modified":"2026-02-17T12:32:53","modified_gmt":"2026-02-17T11:32:53","slug":"taller-biorrefinerias-en-el-sector-agroalimentario-en-universidade-do-minho-newpower","status":"publish","type":"noticia-proyecto","link":"https:\/\/interreg-sudoe.eu\/fr\/noticia-proyecto\/taller-biorrefinerias-en-el-sector-agroalimentario-en-universidade-do-minho-newpower\/","title":{"rendered":"Atelier \u00ab Bioraffineries dans le secteur agroalimentaire \u00bb \u00e0 l&rsquo;Universidade do Minho (NEWPOWER)"},"content":{"rendered":"<p>La ville portugaise de Braga accueillera le d\u00e9veloppement d&rsquo;un atelier sur les <strong>bioraffineries dans le secteur agroalimentaire<\/strong> qui fait partie du projet NEWPOWER du programme Interreg Sudoe.<\/p>\n<p>La r\u00e9union aura lieu le <strong>15 novembre \u00e0 l&rsquo;Universidade do Minho<\/strong> (Braga, Portugal), Campus Gualtar, Auditorium EE &#8211; B\u00e2timent 16.<\/p>\n<p>Au cours de la r\u00e9union, diverses pr\u00e9sentations seront faites par les partenaires du projet et d&rsquo;autres experts dans le domaine des bioraffineries appliqu\u00e9es au secteur agroalimentaire, o\u00f9 seront abord\u00e9es des questions telles que l&rsquo;utilisation des d\u00e9chets de vin et l&rsquo;importance de la nanotechnologie dans l&rsquo;industrie alimentaire.<\/p>\n<p>&nbsp;<\/p>\n<p><strong>Le programme de l&rsquo;atelier sera le suivant :<\/strong><\/p>\n<p>9h30 : Accueil et accueil<\/p>\n<p>9h45 : <em>Utilisation des d\u00e9chets vitivinicoles de grande valeur pour les industries alimentaires, cosm\u00e9tiques et pharmaceutiques durables<\/em>, <strong>Ana Barros<\/strong>, UTAD \u2013 Universit\u00e9 de Tr\u00e1s-os-Montes et Alto Douro<\/p>\n<p>10h15 : <em>L&rsquo;importance de la nanotechnologie dans le d\u00e9veloppement durable de l&rsquo;industrie alimentaire<\/em>, <strong>Lorenzo Pastrana<\/strong>, INL \u2013 Laboratoire International Ib\u00e9rique de Nanotechnologie<\/p>\n<p>10h45 : Pause caf\u00e9<\/p>\n<p>11h00 : D\u00e9bat \u2013 Ana Barros, Lorenzo Pastrana, Luc\u00edlia Domingues, Pedro Santos, Jos\u00e9 Teixeira<\/p>\n<p>12h00 : Cl\u00f4ture<\/p>\n<p>&nbsp;<\/p>\n<p>Profitant de l&rsquo;\u00e9v\u00e9nement, les partenaires de NEWPOWER tiendront leur <strong>deuxi\u00e8me r\u00e9union en face-\u00e0-face<\/strong> au cours de laquelle les principaux r\u00e9sultats du projet seront pr\u00e9sent\u00e9s et discut\u00e9s. Et avec cela, la planification des activit\u00e9s suivantes \u00e0 d\u00e9velopper.<\/p>\n<p>Les personnes int\u00e9ress\u00e9es peuvent s\u2019inscrire gratuitement \u00e0 la rencontre au lien suivant : <a href=\"https:\/\/docs.google.com\/forms\/d\/e\/1FAIpQLSdO94Y4PctL0JJiEqzCBNZjZIPcUKXmg22Z2SbHUF6Iwv5GXQ\/viewform?pli=1\"><strong>Atelier \u00ab Bioraffineries dans le secteur agroalimentaire \u00bb<\/strong><\/a><\/p>\n<p>&nbsp;<\/p>\n<p><strong>Ne manquez aucune mise \u00e0 jour !<\/strong> Suivez de pr\u00e8s les avanc\u00e9es de NEWPOWER sur notre site internet et sur nos r\u00e9seaux sociaux. Suivez-nous sur <a href=\"https:\/\/www.instagram.com\/newpower_sudoe\/\">Instagram<\/a> et <a href=\"https:\/\/www.linkedin.com\/showcase\/newpower-sudoe\">LinkedIn<\/a> pour rester au courant de toutes les nouvelles et des progr\u00e8s de ce projet passionnant.<\/p>\n<p><strong>L\u2019avenir l\u2019exige. Rejoignez la r\u00e9volution circulaire.<\/strong><\/p>\n<p>&nbsp;<\/p>\n<p><img fetchpriority=\"high\" decoding=\"async\" class=\"wp-image-40812 aligncenter\" src=\"https:\/\/interreg-sudoe.eu\/wp-content\/uploads\/2024\/10\/part-de-baix-colors.svg\" alt=\"\" width=\"1245\" height=\"249\" \/><\/p>\n","protected":false},"excerpt":{"rendered":"<p>La ville portugaise de Braga accueillera le d\u00e9veloppement d&rsquo;un atelier sur les bioraffineries dans le secteur agroalimentaire qui fait partie du projet NEWPOWER du programme Interreg Sudoe. La r\u00e9union aura lieu le 15 novembre \u00e0 l&rsquo;Universidade do Minho (Braga, Portugal), Campus Gualtar, Auditorium EE &#8211; B\u00e2timent 16. Au cours de la r\u00e9union, diverses pr\u00e9sentations seront [&hellip;]<\/p>\n","protected":false},"author":4986,"featured_media":41983,"parent":0,"template":"","meta":{"_acf_changed":false,"content-type":"","_monsterinsights_skip_tracking":false,"_monsterinsights_sitenote_active":false,"_monsterinsights_sitenote_note":"","_monsterinsights_sitenote_category":0},"class_list":["post-41928","noticia-proyecto","type-noticia-proyecto","status-publish","has-post-thumbnail","hentry"],"acf":[],"yoast_head":"<!-- This site is optimized with the Yoast SEO plugin v27.4 - https:\/\/yoast.com\/product\/yoast-seo-wordpress\/ -->\n<title>Atelier \u00ab Bioraffineries dans le secteur agroalimentaire \u00bb \u00e0 l&#039;Universidade do Minho (NEWPOWER) - Interreg Sudoe<\/title>\n<meta name=\"robots\" content=\"index, follow, max-snippet:-1, max-image-preview:large, max-video-preview:-1\" \/>\n<link rel=\"canonical\" href=\"https:\/\/interreg-sudoe.eu\/fr\/noticia-proyecto\/taller-biorrefinerias-en-el-sector-agroalimentario-en-universidade-do-minho-newpower\/\" \/>\n<meta property=\"og:locale\" content=\"fr_FR\" \/>\n<meta property=\"og:type\" content=\"article\" \/>\n<meta property=\"og:title\" content=\"Atelier \u00ab Bioraffineries dans le secteur agroalimentaire \u00bb \u00e0 l&#039;Universidade do Minho (NEWPOWER) - Interreg Sudoe\" \/>\n<meta property=\"og:description\" content=\"La ville portugaise de Braga accueillera le d\u00e9veloppement d&rsquo;un atelier sur les bioraffineries dans le secteur agroalimentaire qui fait partie du projet NEWPOWER du programme Interreg Sudoe. La r\u00e9union aura lieu le 15 novembre \u00e0 l&rsquo;Universidade do Minho (Braga, Portugal), Campus Gualtar, Auditorium EE &#8211; B\u00e2timent 16. Au cours de la r\u00e9union, diverses pr\u00e9sentations seront [&hellip;]\" \/>\n<meta property=\"og:url\" content=\"https:\/\/interreg-sudoe.eu\/fr\/noticia-proyecto\/taller-biorrefinerias-en-el-sector-agroalimentario-en-universidade-do-minho-newpower\/\" \/>\n<meta property=\"og:site_name\" content=\"Interreg Sudoe\" \/>\n<meta property=\"article:publisher\" content=\"https:\/\/www.facebook.com\/interregsudoe\" \/>\n<meta property=\"article:modified_time\" content=\"2026-02-17T11:32:53+00:00\" \/>\n<meta property=\"og:image\" content=\"https:\/\/interreg-sudoe.eu\/wp-content\/uploads\/2024\/10\/Taller-Braga-FR-1.png\" \/>\n\t<meta property=\"og:image:width\" content=\"851\" \/>\n\t<meta property=\"og:image:height\" content=\"315\" \/>\n\t<meta property=\"og:image:type\" content=\"image\/png\" \/>\n<meta name=\"twitter:card\" content=\"summary_large_image\" \/>\n<meta name=\"twitter:site\" content=\"@Sudoe5\" \/>\n<meta name=\"twitter:label1\" content=\"Dur\u00e9e de lecture estim\u00e9e\" \/>\n\t<meta name=\"twitter:data1\" content=\"2 minutes\" \/>\n<script type=\"application\/ld+json\" class=\"yoast-schema-graph\">{\"@context\":\"https:\\\/\\\/schema.org\",\"@graph\":[{\"@type\":\"WebPage\",\"@id\":\"https:\\\/\\\/interreg-sudoe.eu\\\/fr\\\/noticia-proyecto\\\/taller-biorrefinerias-en-el-sector-agroalimentario-en-universidade-do-minho-newpower\\\/\",\"url\":\"https:\\\/\\\/interreg-sudoe.eu\\\/fr\\\/noticia-proyecto\\\/taller-biorrefinerias-en-el-sector-agroalimentario-en-universidade-do-minho-newpower\\\/\",\"name\":\"Atelier \u00ab Bioraffineries dans le secteur agroalimentaire \u00bb \u00e0 l'Universidade do Minho (NEWPOWER) - Interreg Sudoe\",\"isPartOf\":{\"@id\":\"https:\\\/\\\/interreg-sudoe.eu\\\/fr\\\/#website\"},\"primaryImageOfPage\":{\"@id\":\"https:\\\/\\\/interreg-sudoe.eu\\\/fr\\\/noticia-proyecto\\\/taller-biorrefinerias-en-el-sector-agroalimentario-en-universidade-do-minho-newpower\\\/#primaryimage\"},\"image\":{\"@id\":\"https:\\\/\\\/interreg-sudoe.eu\\\/fr\\\/noticia-proyecto\\\/taller-biorrefinerias-en-el-sector-agroalimentario-en-universidade-do-minho-newpower\\\/#primaryimage\"},\"thumbnailUrl\":\"https:\\\/\\\/interreg-sudoe.eu\\\/wp-content\\\/uploads\\\/2024\\\/10\\\/Taller-Braga-FR-1.png\",\"datePublished\":\"2024-10-28T17:02:06+00:00\",\"dateModified\":\"2026-02-17T11:32:53+00:00\",\"breadcrumb\":{\"@id\":\"https:\\\/\\\/interreg-sudoe.eu\\\/fr\\\/noticia-proyecto\\\/taller-biorrefinerias-en-el-sector-agroalimentario-en-universidade-do-minho-newpower\\\/#breadcrumb\"},\"inLanguage\":\"fr-FR\",\"potentialAction\":[{\"@type\":\"ReadAction\",\"target\":[\"https:\\\/\\\/interreg-sudoe.eu\\\/fr\\\/noticia-proyecto\\\/taller-biorrefinerias-en-el-sector-agroalimentario-en-universidade-do-minho-newpower\\\/\"]}]},{\"@type\":\"ImageObject\",\"inLanguage\":\"fr-FR\",\"@id\":\"https:\\\/\\\/interreg-sudoe.eu\\\/fr\\\/noticia-proyecto\\\/taller-biorrefinerias-en-el-sector-agroalimentario-en-universidade-do-minho-newpower\\\/#primaryimage\",\"url\":\"https:\\\/\\\/interreg-sudoe.eu\\\/wp-content\\\/uploads\\\/2024\\\/10\\\/Taller-Braga-FR-1.png\",\"contentUrl\":\"https:\\\/\\\/interreg-sudoe.eu\\\/wp-content\\\/uploads\\\/2024\\\/10\\\/Taller-Braga-FR-1.png\",\"width\":851,\"height\":315},{\"@type\":\"BreadcrumbList\",\"@id\":\"https:\\\/\\\/interreg-sudoe.eu\\\/fr\\\/noticia-proyecto\\\/taller-biorrefinerias-en-el-sector-agroalimentario-en-universidade-do-minho-newpower\\\/#breadcrumb\",\"itemListElement\":[{\"@type\":\"ListItem\",\"position\":1,\"name\":\"Home\",\"item\":\"https:\\\/\\\/interreg-sudoe.eu\\\/fr\\\/\"},{\"@type\":\"ListItem\",\"position\":2,\"name\":\"Atelier \u00ab Bioraffineries dans le secteur agroalimentaire \u00bb \u00e0 l&#8217;Universidade do Minho (NEWPOWER)\"}]},{\"@type\":\"WebSite\",\"@id\":\"https:\\\/\\\/interreg-sudoe.eu\\\/fr\\\/#website\",\"url\":\"https:\\\/\\\/interreg-sudoe.eu\\\/fr\\\/\",\"name\":\"Interreg Sudoe\",\"description\":\"Interreg Sudoe\",\"publisher\":{\"@id\":\"https:\\\/\\\/interreg-sudoe.eu\\\/fr\\\/#organization\"},\"alternateName\":\"Interreg Sudoe\",\"potentialAction\":[{\"@type\":\"SearchAction\",\"target\":{\"@type\":\"EntryPoint\",\"urlTemplate\":\"https:\\\/\\\/interreg-sudoe.eu\\\/fr\\\/?s={search_term_string}\"},\"query-input\":{\"@type\":\"PropertyValueSpecification\",\"valueRequired\":true,\"valueName\":\"search_term_string\"}}],\"inLanguage\":\"fr-FR\"},{\"@type\":\"Organization\",\"@id\":\"https:\\\/\\\/interreg-sudoe.eu\\\/fr\\\/#organization\",\"name\":\"Interreg Sudoe\",\"alternateName\":\"Interreg Sudoe\",\"url\":\"https:\\\/\\\/interreg-sudoe.eu\\\/fr\\\/\",\"logo\":{\"@type\":\"ImageObject\",\"inLanguage\":\"fr-FR\",\"@id\":\"https:\\\/\\\/interreg-sudoe.eu\\\/fr\\\/#\\\/schema\\\/logo\\\/image\\\/\",\"url\":\"https:\\\/\\\/interreg-sudoe.eu\\\/wp-content\\\/uploads\\\/2024\\\/03\\\/logo-interreg.png\",\"contentUrl\":\"https:\\\/\\\/interreg-sudoe.eu\\\/wp-content\\\/uploads\\\/2024\\\/03\\\/logo-interreg.png\",\"width\":1200,\"height\":675,\"caption\":\"Interreg Sudoe\"},\"image\":{\"@id\":\"https:\\\/\\\/interreg-sudoe.eu\\\/fr\\\/#\\\/schema\\\/logo\\\/image\\\/\"},\"sameAs\":[\"https:\\\/\\\/www.facebook.com\\\/interregsudoe\",\"https:\\\/\\\/x.com\\\/Sudoe5\",\"https:\\\/\\\/www.youtube.com\\\/channel\\\/UCeGx2edoB32beRc9dbKA2vw\",\"https:\\\/\\\/www.linkedin.com\\\/company\\\/interreg-sudoe-programme\\\/\",\"https:\\\/\\\/www.flickr.com\\\/photos\\\/148704685@N06\\\/\"]}]}<\/script>\n<!-- \/ Yoast SEO plugin. -->","yoast_head_json":{"title":"Atelier \u00ab Bioraffineries dans le secteur agroalimentaire \u00bb \u00e0 l'Universidade do Minho (NEWPOWER) - Interreg Sudoe","robots":{"index":"index","follow":"follow","max-snippet":"max-snippet:-1","max-image-preview":"max-image-preview:large","max-video-preview":"max-video-preview:-1"},"canonical":"https:\/\/interreg-sudoe.eu\/fr\/noticia-proyecto\/taller-biorrefinerias-en-el-sector-agroalimentario-en-universidade-do-minho-newpower\/","og_locale":"fr_FR","og_type":"article","og_title":"Atelier \u00ab Bioraffineries dans le secteur agroalimentaire \u00bb \u00e0 l'Universidade do Minho (NEWPOWER) - Interreg Sudoe","og_description":"La ville portugaise de Braga accueillera le d\u00e9veloppement d&rsquo;un atelier sur les bioraffineries dans le secteur agroalimentaire qui fait partie du projet NEWPOWER du programme Interreg Sudoe. La r\u00e9union aura lieu le 15 novembre \u00e0 l&rsquo;Universidade do Minho (Braga, Portugal), Campus Gualtar, Auditorium EE &#8211; B\u00e2timent 16. Au cours de la r\u00e9union, diverses pr\u00e9sentations seront [&hellip;]","og_url":"https:\/\/interreg-sudoe.eu\/fr\/noticia-proyecto\/taller-biorrefinerias-en-el-sector-agroalimentario-en-universidade-do-minho-newpower\/","og_site_name":"Interreg Sudoe","article_publisher":"https:\/\/www.facebook.com\/interregsudoe","article_modified_time":"2026-02-17T11:32:53+00:00","og_image":[{"width":851,"height":315,"url":"https:\/\/interreg-sudoe.eu\/wp-content\/uploads\/2024\/10\/Taller-Braga-FR-1.png","type":"image\/png"}],"twitter_card":"summary_large_image","twitter_site":"@Sudoe5","twitter_misc":{"Dur\u00e9e de lecture estim\u00e9e":"2 minutes"},"schema":{"@context":"https:\/\/schema.org","@graph":[{"@type":"WebPage","@id":"https:\/\/interreg-sudoe.eu\/fr\/noticia-proyecto\/taller-biorrefinerias-en-el-sector-agroalimentario-en-universidade-do-minho-newpower\/","url":"https:\/\/interreg-sudoe.eu\/fr\/noticia-proyecto\/taller-biorrefinerias-en-el-sector-agroalimentario-en-universidade-do-minho-newpower\/","name":"Atelier \u00ab Bioraffineries dans le secteur agroalimentaire \u00bb \u00e0 l'Universidade do Minho (NEWPOWER) - Interreg Sudoe","isPartOf":{"@id":"https:\/\/interreg-sudoe.eu\/fr\/#website"},"primaryImageOfPage":{"@id":"https:\/\/interreg-sudoe.eu\/fr\/noticia-proyecto\/taller-biorrefinerias-en-el-sector-agroalimentario-en-universidade-do-minho-newpower\/#primaryimage"},"image":{"@id":"https:\/\/interreg-sudoe.eu\/fr\/noticia-proyecto\/taller-biorrefinerias-en-el-sector-agroalimentario-en-universidade-do-minho-newpower\/#primaryimage"},"thumbnailUrl":"https:\/\/interreg-sudoe.eu\/wp-content\/uploads\/2024\/10\/Taller-Braga-FR-1.png","datePublished":"2024-10-28T17:02:06+00:00","dateModified":"2026-02-17T11:32:53+00:00","breadcrumb":{"@id":"https:\/\/interreg-sudoe.eu\/fr\/noticia-proyecto\/taller-biorrefinerias-en-el-sector-agroalimentario-en-universidade-do-minho-newpower\/#breadcrumb"},"inLanguage":"fr-FR","potentialAction":[{"@type":"ReadAction","target":["https:\/\/interreg-sudoe.eu\/fr\/noticia-proyecto\/taller-biorrefinerias-en-el-sector-agroalimentario-en-universidade-do-minho-newpower\/"]}]},{"@type":"ImageObject","inLanguage":"fr-FR","@id":"https:\/\/interreg-sudoe.eu\/fr\/noticia-proyecto\/taller-biorrefinerias-en-el-sector-agroalimentario-en-universidade-do-minho-newpower\/#primaryimage","url":"https:\/\/interreg-sudoe.eu\/wp-content\/uploads\/2024\/10\/Taller-Braga-FR-1.png","contentUrl":"https:\/\/interreg-sudoe.eu\/wp-content\/uploads\/2024\/10\/Taller-Braga-FR-1.png","width":851,"height":315},{"@type":"BreadcrumbList","@id":"https:\/\/interreg-sudoe.eu\/fr\/noticia-proyecto\/taller-biorrefinerias-en-el-sector-agroalimentario-en-universidade-do-minho-newpower\/#breadcrumb","itemListElement":[{"@type":"ListItem","position":1,"name":"Home","item":"https:\/\/interreg-sudoe.eu\/fr\/"},{"@type":"ListItem","position":2,"name":"Atelier \u00ab Bioraffineries dans le secteur agroalimentaire \u00bb \u00e0 l&#8217;Universidade do Minho (NEWPOWER)"}]},{"@type":"WebSite","@id":"https:\/\/interreg-sudoe.eu\/fr\/#website","url":"https:\/\/interreg-sudoe.eu\/fr\/","name":"Interreg Sudoe","description":"Interreg Sudoe","publisher":{"@id":"https:\/\/interreg-sudoe.eu\/fr\/#organization"},"alternateName":"Interreg Sudoe","potentialAction":[{"@type":"SearchAction","target":{"@type":"EntryPoint","urlTemplate":"https:\/\/interreg-sudoe.eu\/fr\/?s={search_term_string}"},"query-input":{"@type":"PropertyValueSpecification","valueRequired":true,"valueName":"search_term_string"}}],"inLanguage":"fr-FR"},{"@type":"Organization","@id":"https:\/\/interreg-sudoe.eu\/fr\/#organization","name":"Interreg Sudoe","alternateName":"Interreg Sudoe","url":"https:\/\/interreg-sudoe.eu\/fr\/","logo":{"@type":"ImageObject","inLanguage":"fr-FR","@id":"https:\/\/interreg-sudoe.eu\/fr\/#\/schema\/logo\/image\/","url":"https:\/\/interreg-sudoe.eu\/wp-content\/uploads\/2024\/03\/logo-interreg.png","contentUrl":"https:\/\/interreg-sudoe.eu\/wp-content\/uploads\/2024\/03\/logo-interreg.png","width":1200,"height":675,"caption":"Interreg Sudoe"},"image":{"@id":"https:\/\/interreg-sudoe.eu\/fr\/#\/schema\/logo\/image\/"},"sameAs":["https:\/\/www.facebook.com\/interregsudoe","https:\/\/x.com\/Sudoe5","https:\/\/www.youtube.com\/channel\/UCeGx2edoB32beRc9dbKA2vw","https:\/\/www.linkedin.com\/company\/interreg-sudoe-programme\/","https:\/\/www.flickr.com\/photos\/148704685@N06\/"]}]}},"_links":{"self":[{"href":"https:\/\/interreg-sudoe.eu\/fr\/wp-json\/wp\/v2\/noticia-proyecto\/41928","targetHints":{"allow":["GET"]}}],"collection":[{"href":"https:\/\/interreg-sudoe.eu\/fr\/wp-json\/wp\/v2\/noticia-proyecto"}],"about":[{"href":"https:\/\/interreg-sudoe.eu\/fr\/wp-json\/wp\/v2\/types\/noticia-proyecto"}],"author":[{"embeddable":true,"href":"https:\/\/interreg-sudoe.eu\/fr\/wp-json\/wp\/v2\/users\/4986"}],"wp:featuredmedia":[{"embeddable":true,"href":"https:\/\/interreg-sudoe.eu\/fr\/wp-json\/wp\/v2\/media\/41983"}],"wp:attachment":[{"href":"https:\/\/interreg-sudoe.eu\/fr\/wp-json\/wp\/v2\/media?parent=41928"}],"curies":[{"name":"wp","href":"https:\/\/api.w.org\/{rel}","templated":true}]}}