{"id":42042,"date":"2024-11-13T11:53:26","date_gmt":"2024-11-13T10:53:26","guid":{"rendered":"https:\/\/interreg-sudoe.eu\/?post_type=noticia-proyecto&#038;p=42042"},"modified":"2025-02-20T17:03:25","modified_gmt":"2025-02-20T16:03:25","slug":"les-projets-interreg-sudoe-i-rewater-proyecto-interreg-sudoe-et-target-interreg-sudoe-cherchent-des-moyens-de-collaboration-pour-relier-leurs-recherches-sur-les-eaux-urbaines-recyclees","status":"publish","type":"noticia-proyecto","link":"https:\/\/interreg-sudoe.eu\/fr\/noticia-proyecto\/les-projets-interreg-sudoe-i-rewater-proyecto-interreg-sudoe-et-target-interreg-sudoe-cherchent-des-moyens-de-collaboration-pour-relier-leurs-recherches-sur-les-eaux-urbaines-recyclees\/","title":{"rendered":"Les projets Interreg SUDOE I-ReWater Proyecto Interreg Sudoe et TARGET Interreg Sudoe cherchent des moyens de collaboration pour relier leurs recherches sur les eaux urbaines recycl\u00e9es"},"content":{"rendered":"<p>Lors de la derni\u00e8re conf\u00e9rence REUSE EUROMED 2024 \u00e0 Montpellier (29-30 octobre), les coordinateurs des projets Interreg SUDOE Target, \u00c1melie Bresson (Etablissement Public Interd\u00e9partemental de la Dordogne, France) et I-ReWater, Javier Cancela (Universit\u00e9 de Santiago de Compostela, Espagne), ont tenu une r\u00e9union bilat\u00e9rale pour rechercher des points d&rsquo;int\u00e9r\u00eat commun, des actions pilotes, la l\u00e9gislation ou la gestion des eaux urbaines recycl\u00e9es. Le personnel du CEREMA (Catherine Franck-Neel), en tant que b\u00e9n\u00e9ficiaire du projet Target, a \u00e9galement particip\u00e9 \u00e0 la r\u00e9union.<\/p>\n<p>C&rsquo;est pr\u00e9cis\u00e9ment le lien commun entre les deux projets de recherche. L&rsquo;objectif de Target (TerritorAI stRateGy for watER scarcity) est de d\u00e9finir une strat\u00e9gie pour d\u00e9velopper des plans d&rsquo;action int\u00e9grant des solutions pour l&rsquo;utilisation des eaux non conventionnelles, y compris la r\u00e9utilisation des eaux us\u00e9es trait\u00e9es (REUT). Les solutions, test\u00e9es par le biais d&rsquo;actions pilotes et de d\u00e9monstration, visent \u00e0 am\u00e9liorer la gouvernance de l&rsquo;eau, \u00e0 favoriser l&rsquo;acceptabilit\u00e9 sociale, \u00e0 trouver des mod\u00e8les commerciaux innovants et \u00e0 r\u00e9soudre les probl\u00e8mes de qualit\u00e9 li\u00e9s aux polluants \u00e9mergents.<\/p>\n<p>L&rsquo;objectif du projet \u00ab I-ReWater. Gestion durable des ressources en eau dans l&rsquo;agriculture irrigu\u00e9e dans la zone SUDOE \u00bb est d&rsquo;int\u00e9grer l&rsquo;utilisation de l&rsquo;eau recycl\u00e9e urbaine dans les cultures agricoles, en tenant compte des aspects environnementaux qui garantissent sa bonne utilisation en raison de la crise climatique actuelle. A la fin des trois ann\u00e9es de cette recherche appliqu\u00e9e, la \u00ab Strat\u00e9gie pour l&rsquo;utilisation de l&rsquo;eau recycl\u00e9e dans l&rsquo;irrigation pour l&rsquo;aire SUDOE \u00bb sera pr\u00e9sent\u00e9e et les r\u00e9sultats globaux obtenus seront disponibles dans un Knowledge Hub librement accessible.<\/p>\n<p>Apr\u00e8s ce premier contact entre Target et I-ReWater, une prochaine r\u00e9union de travail a \u00e9t\u00e9 programm\u00e9e pour le d\u00e9but de l&rsquo;ann\u00e9e 2025, au cours de laquelle les possibilit\u00e9s de collaboration seront renforc\u00e9es et des synergies positives seront recherch\u00e9es.<\/p>\n<p>&nbsp;<\/p>\n<p><img fetchpriority=\"high\" decoding=\"async\" class=\"aligncenter wp-image-42030 size-large\" src=\"https:\/\/interreg-sudoe.eu\/wp-content\/uploads\/2024\/11\/20241030_131004-768x1024.jpg\" alt=\"\" width=\"750\" height=\"1000\" srcset=\"https:\/\/interreg-sudoe.eu\/wp-content\/uploads\/2024\/11\/20241030_131004-768x1024.jpg 768w, https:\/\/interreg-sudoe.eu\/wp-content\/uploads\/2024\/11\/20241030_131004-225x300.jpg 225w, https:\/\/interreg-sudoe.eu\/wp-content\/uploads\/2024\/11\/20241030_131004-1152x1536.jpg 1152w, https:\/\/interreg-sudoe.eu\/wp-content\/uploads\/2024\/11\/20241030_131004-1536x2048.jpg 1536w, https:\/\/interreg-sudoe.eu\/wp-content\/uploads\/2024\/11\/20241030_131004-scaled.jpg 1920w\" sizes=\"(max-width: 750px) 100vw, 750px\" \/><\/p>\n<p><em>Sur la photo, les deux coordinateurs avec la chercheuse Isabel Mart\u00edn (au centre), d&rsquo;AMAYA (Agence de l&rsquo;environnement et de l&rsquo;eau d&rsquo;Andalousie), entit\u00e9 partenaire des deux projets Interreg SUDOE et n\u0153ud d&rsquo;union pour initier cette coop\u00e9ration.<\/em><\/p>\n","protected":false},"excerpt":{"rendered":"<p>Lors de la derni\u00e8re conf\u00e9rence REUSE EUROMED 2024 \u00e0 Montpellier (29-30 octobre), les coordinateurs des projets Interreg SUDOE Target, \u00c1melie Bresson (Etablissement Public Interd\u00e9partemental de la Dordogne, France) et I-ReWater, Javier Cancela (Universit\u00e9 de Santiago de Compostela, Espagne), ont tenu une r\u00e9union bilat\u00e9rale pour rechercher des points d&rsquo;int\u00e9r\u00eat commun, des actions pilotes, la l\u00e9gislation ou [&hellip;]<\/p>\n","protected":false},"author":5125,"featured_media":44989,"parent":0,"template":"","meta":{"_acf_changed":false,"content-type":"","_monsterinsights_skip_tracking":false,"_monsterinsights_sitenote_active":false,"_monsterinsights_sitenote_note":"","_monsterinsights_sitenote_category":0},"class_list":["post-42042","noticia-proyecto","type-noticia-proyecto","status-publish","has-post-thumbnail","hentry"],"acf":[],"yoast_head":"<!-- This site is optimized with the Yoast SEO plugin v27.4 - https:\/\/yoast.com\/product\/yoast-seo-wordpress\/ -->\n<title>Les projets Interreg SUDOE I-ReWater Proyecto Interreg Sudoe et TARGET Interreg Sudoe cherchent des moyens de collaboration pour relier leurs recherches sur les eaux urbaines recycl\u00e9es - Interreg Sudoe<\/title>\n<meta name=\"robots\" content=\"index, follow, max-snippet:-1, max-image-preview:large, max-video-preview:-1\" \/>\n<link rel=\"canonical\" href=\"https:\/\/interreg-sudoe.eu\/fr\/noticia-proyecto\/les-projets-interreg-sudoe-i-rewater-proyecto-interreg-sudoe-et-target-interreg-sudoe-cherchent-des-moyens-de-collaboration-pour-relier-leurs-recherches-sur-les-eaux-urbaines-recyclees\/\" \/>\n<meta property=\"og:locale\" content=\"fr_FR\" \/>\n<meta property=\"og:type\" content=\"article\" \/>\n<meta property=\"og:title\" content=\"Les projets Interreg SUDOE I-ReWater Proyecto Interreg Sudoe et TARGET Interreg Sudoe cherchent des moyens de collaboration pour relier leurs recherches sur les eaux urbaines recycl\u00e9es - Interreg Sudoe\" \/>\n<meta property=\"og:description\" content=\"Lors de la derni\u00e8re conf\u00e9rence REUSE EUROMED 2024 \u00e0 Montpellier (29-30 octobre), les coordinateurs des projets Interreg SUDOE Target, \u00c1melie Bresson (Etablissement Public Interd\u00e9partemental de la Dordogne, France) et I-ReWater, Javier Cancela (Universit\u00e9 de Santiago de Compostela, Espagne), ont tenu une r\u00e9union bilat\u00e9rale pour rechercher des points d&rsquo;int\u00e9r\u00eat commun, des actions pilotes, la l\u00e9gislation ou [&hellip;]\" \/>\n<meta property=\"og:url\" content=\"https:\/\/interreg-sudoe.eu\/fr\/noticia-proyecto\/les-projets-interreg-sudoe-i-rewater-proyecto-interreg-sudoe-et-target-interreg-sudoe-cherchent-des-moyens-de-collaboration-pour-relier-leurs-recherches-sur-les-eaux-urbaines-recyclees\/\" \/>\n<meta property=\"og:site_name\" content=\"Interreg Sudoe\" \/>\n<meta property=\"article:publisher\" content=\"https:\/\/www.facebook.com\/interregsudoe\" \/>\n<meta property=\"article:modified_time\" content=\"2025-02-20T16:03:25+00:00\" \/>\n<meta property=\"og:image\" content=\"https:\/\/interreg-sudoe.eu\/wp-content\/uploads\/2024\/11\/pexels-pixabay-40784-1.jpg\" \/>\n\t<meta property=\"og:image:width\" content=\"640\" \/>\n\t<meta property=\"og:image:height\" content=\"427\" \/>\n\t<meta property=\"og:image:type\" content=\"image\/jpeg\" \/>\n<meta name=\"twitter:card\" content=\"summary_large_image\" \/>\n<meta name=\"twitter:site\" content=\"@Sudoe5\" \/>\n<meta name=\"twitter:label1\" content=\"Dur\u00e9e de lecture estim\u00e9e\" \/>\n\t<meta name=\"twitter:data1\" content=\"2 minutes\" \/>\n<script type=\"application\/ld+json\" class=\"yoast-schema-graph\">{\"@context\":\"https:\\\/\\\/schema.org\",\"@graph\":[{\"@type\":\"WebPage\",\"@id\":\"https:\\\/\\\/interreg-sudoe.eu\\\/fr\\\/noticia-proyecto\\\/les-projets-interreg-sudoe-i-rewater-proyecto-interreg-sudoe-et-target-interreg-sudoe-cherchent-des-moyens-de-collaboration-pour-relier-leurs-recherches-sur-les-eaux-urbaines-recyclees\\\/\",\"url\":\"https:\\\/\\\/interreg-sudoe.eu\\\/fr\\\/noticia-proyecto\\\/les-projets-interreg-sudoe-i-rewater-proyecto-interreg-sudoe-et-target-interreg-sudoe-cherchent-des-moyens-de-collaboration-pour-relier-leurs-recherches-sur-les-eaux-urbaines-recyclees\\\/\",\"name\":\"Les projets Interreg SUDOE I-ReWater Proyecto Interreg Sudoe et TARGET Interreg Sudoe cherchent des moyens de collaboration pour relier leurs recherches sur les eaux urbaines recycl\u00e9es - Interreg Sudoe\",\"isPartOf\":{\"@id\":\"https:\\\/\\\/interreg-sudoe.eu\\\/fr\\\/#website\"},\"primaryImageOfPage\":{\"@id\":\"https:\\\/\\\/interreg-sudoe.eu\\\/fr\\\/noticia-proyecto\\\/les-projets-interreg-sudoe-i-rewater-proyecto-interreg-sudoe-et-target-interreg-sudoe-cherchent-des-moyens-de-collaboration-pour-relier-leurs-recherches-sur-les-eaux-urbaines-recyclees\\\/#primaryimage\"},\"image\":{\"@id\":\"https:\\\/\\\/interreg-sudoe.eu\\\/fr\\\/noticia-proyecto\\\/les-projets-interreg-sudoe-i-rewater-proyecto-interreg-sudoe-et-target-interreg-sudoe-cherchent-des-moyens-de-collaboration-pour-relier-leurs-recherches-sur-les-eaux-urbaines-recyclees\\\/#primaryimage\"},\"thumbnailUrl\":\"https:\\\/\\\/interreg-sudoe.eu\\\/wp-content\\\/uploads\\\/2024\\\/11\\\/pexels-pixabay-40784-1.jpg\",\"datePublished\":\"2024-11-13T10:53:26+00:00\",\"dateModified\":\"2025-02-20T16:03:25+00:00\",\"breadcrumb\":{\"@id\":\"https:\\\/\\\/interreg-sudoe.eu\\\/fr\\\/noticia-proyecto\\\/les-projets-interreg-sudoe-i-rewater-proyecto-interreg-sudoe-et-target-interreg-sudoe-cherchent-des-moyens-de-collaboration-pour-relier-leurs-recherches-sur-les-eaux-urbaines-recyclees\\\/#breadcrumb\"},\"inLanguage\":\"fr-FR\",\"potentialAction\":[{\"@type\":\"ReadAction\",\"target\":[\"https:\\\/\\\/interreg-sudoe.eu\\\/fr\\\/noticia-proyecto\\\/les-projets-interreg-sudoe-i-rewater-proyecto-interreg-sudoe-et-target-interreg-sudoe-cherchent-des-moyens-de-collaboration-pour-relier-leurs-recherches-sur-les-eaux-urbaines-recyclees\\\/\"]}]},{\"@type\":\"ImageObject\",\"inLanguage\":\"fr-FR\",\"@id\":\"https:\\\/\\\/interreg-sudoe.eu\\\/fr\\\/noticia-proyecto\\\/les-projets-interreg-sudoe-i-rewater-proyecto-interreg-sudoe-et-target-interreg-sudoe-cherchent-des-moyens-de-collaboration-pour-relier-leurs-recherches-sur-les-eaux-urbaines-recyclees\\\/#primaryimage\",\"url\":\"https:\\\/\\\/interreg-sudoe.eu\\\/wp-content\\\/uploads\\\/2024\\\/11\\\/pexels-pixabay-40784-1.jpg\",\"contentUrl\":\"https:\\\/\\\/interreg-sudoe.eu\\\/wp-content\\\/uploads\\\/2024\\\/11\\\/pexels-pixabay-40784-1.jpg\",\"width\":640,\"height\":427},{\"@type\":\"BreadcrumbList\",\"@id\":\"https:\\\/\\\/interreg-sudoe.eu\\\/fr\\\/noticia-proyecto\\\/les-projets-interreg-sudoe-i-rewater-proyecto-interreg-sudoe-et-target-interreg-sudoe-cherchent-des-moyens-de-collaboration-pour-relier-leurs-recherches-sur-les-eaux-urbaines-recyclees\\\/#breadcrumb\",\"itemListElement\":[{\"@type\":\"ListItem\",\"position\":1,\"name\":\"Home\",\"item\":\"https:\\\/\\\/interreg-sudoe.eu\\\/fr\\\/\"},{\"@type\":\"ListItem\",\"position\":2,\"name\":\"Les projets Interreg SUDOE I-ReWater Proyecto Interreg Sudoe et TARGET Interreg Sudoe cherchent des moyens de collaboration pour relier leurs recherches sur les eaux urbaines recycl\u00e9es\"}]},{\"@type\":\"WebSite\",\"@id\":\"https:\\\/\\\/interreg-sudoe.eu\\\/fr\\\/#website\",\"url\":\"https:\\\/\\\/interreg-sudoe.eu\\\/fr\\\/\",\"name\":\"Interreg Sudoe\",\"description\":\"Interreg Sudoe\",\"publisher\":{\"@id\":\"https:\\\/\\\/interreg-sudoe.eu\\\/fr\\\/#organization\"},\"alternateName\":\"Interreg Sudoe\",\"potentialAction\":[{\"@type\":\"SearchAction\",\"target\":{\"@type\":\"EntryPoint\",\"urlTemplate\":\"https:\\\/\\\/interreg-sudoe.eu\\\/fr\\\/?s={search_term_string}\"},\"query-input\":{\"@type\":\"PropertyValueSpecification\",\"valueRequired\":true,\"valueName\":\"search_term_string\"}}],\"inLanguage\":\"fr-FR\"},{\"@type\":\"Organization\",\"@id\":\"https:\\\/\\\/interreg-sudoe.eu\\\/fr\\\/#organization\",\"name\":\"Interreg Sudoe\",\"alternateName\":\"Interreg Sudoe\",\"url\":\"https:\\\/\\\/interreg-sudoe.eu\\\/fr\\\/\",\"logo\":{\"@type\":\"ImageObject\",\"inLanguage\":\"fr-FR\",\"@id\":\"https:\\\/\\\/interreg-sudoe.eu\\\/fr\\\/#\\\/schema\\\/logo\\\/image\\\/\",\"url\":\"https:\\\/\\\/interreg-sudoe.eu\\\/wp-content\\\/uploads\\\/2024\\\/03\\\/logo-interreg.png\",\"contentUrl\":\"https:\\\/\\\/interreg-sudoe.eu\\\/wp-content\\\/uploads\\\/2024\\\/03\\\/logo-interreg.png\",\"width\":1200,\"height\":675,\"caption\":\"Interreg Sudoe\"},\"image\":{\"@id\":\"https:\\\/\\\/interreg-sudoe.eu\\\/fr\\\/#\\\/schema\\\/logo\\\/image\\\/\"},\"sameAs\":[\"https:\\\/\\\/www.facebook.com\\\/interregsudoe\",\"https:\\\/\\\/x.com\\\/Sudoe5\",\"https:\\\/\\\/www.youtube.com\\\/channel\\\/UCeGx2edoB32beRc9dbKA2vw\",\"https:\\\/\\\/www.linkedin.com\\\/company\\\/interreg-sudoe-programme\\\/\",\"https:\\\/\\\/www.flickr.com\\\/photos\\\/148704685@N06\\\/\"]}]}<\/script>\n<!-- \/ Yoast SEO plugin. -->","yoast_head_json":{"title":"Les projets Interreg SUDOE I-ReWater Proyecto Interreg Sudoe et TARGET Interreg Sudoe cherchent des moyens de collaboration pour relier leurs recherches sur les eaux urbaines recycl\u00e9es - Interreg Sudoe","robots":{"index":"index","follow":"follow","max-snippet":"max-snippet:-1","max-image-preview":"max-image-preview:large","max-video-preview":"max-video-preview:-1"},"canonical":"https:\/\/interreg-sudoe.eu\/fr\/noticia-proyecto\/les-projets-interreg-sudoe-i-rewater-proyecto-interreg-sudoe-et-target-interreg-sudoe-cherchent-des-moyens-de-collaboration-pour-relier-leurs-recherches-sur-les-eaux-urbaines-recyclees\/","og_locale":"fr_FR","og_type":"article","og_title":"Les projets Interreg SUDOE I-ReWater Proyecto Interreg Sudoe et TARGET Interreg Sudoe cherchent des moyens de collaboration pour relier leurs recherches sur les eaux urbaines recycl\u00e9es - Interreg Sudoe","og_description":"Lors de la derni\u00e8re conf\u00e9rence REUSE EUROMED 2024 \u00e0 Montpellier (29-30 octobre), les coordinateurs des projets Interreg SUDOE Target, \u00c1melie Bresson (Etablissement Public Interd\u00e9partemental de la Dordogne, France) et I-ReWater, Javier Cancela (Universit\u00e9 de Santiago de Compostela, Espagne), ont tenu une r\u00e9union bilat\u00e9rale pour rechercher des points d&rsquo;int\u00e9r\u00eat commun, des actions pilotes, la l\u00e9gislation ou [&hellip;]","og_url":"https:\/\/interreg-sudoe.eu\/fr\/noticia-proyecto\/les-projets-interreg-sudoe-i-rewater-proyecto-interreg-sudoe-et-target-interreg-sudoe-cherchent-des-moyens-de-collaboration-pour-relier-leurs-recherches-sur-les-eaux-urbaines-recyclees\/","og_site_name":"Interreg Sudoe","article_publisher":"https:\/\/www.facebook.com\/interregsudoe","article_modified_time":"2025-02-20T16:03:25+00:00","og_image":[{"width":640,"height":427,"url":"https:\/\/interreg-sudoe.eu\/wp-content\/uploads\/2024\/11\/pexels-pixabay-40784-1.jpg","type":"image\/jpeg"}],"twitter_card":"summary_large_image","twitter_site":"@Sudoe5","twitter_misc":{"Dur\u00e9e de lecture estim\u00e9e":"2 minutes"},"schema":{"@context":"https:\/\/schema.org","@graph":[{"@type":"WebPage","@id":"https:\/\/interreg-sudoe.eu\/fr\/noticia-proyecto\/les-projets-interreg-sudoe-i-rewater-proyecto-interreg-sudoe-et-target-interreg-sudoe-cherchent-des-moyens-de-collaboration-pour-relier-leurs-recherches-sur-les-eaux-urbaines-recyclees\/","url":"https:\/\/interreg-sudoe.eu\/fr\/noticia-proyecto\/les-projets-interreg-sudoe-i-rewater-proyecto-interreg-sudoe-et-target-interreg-sudoe-cherchent-des-moyens-de-collaboration-pour-relier-leurs-recherches-sur-les-eaux-urbaines-recyclees\/","name":"Les projets Interreg SUDOE I-ReWater Proyecto Interreg Sudoe et TARGET Interreg Sudoe cherchent des moyens de collaboration pour relier leurs recherches sur les eaux urbaines recycl\u00e9es - Interreg Sudoe","isPartOf":{"@id":"https:\/\/interreg-sudoe.eu\/fr\/#website"},"primaryImageOfPage":{"@id":"https:\/\/interreg-sudoe.eu\/fr\/noticia-proyecto\/les-projets-interreg-sudoe-i-rewater-proyecto-interreg-sudoe-et-target-interreg-sudoe-cherchent-des-moyens-de-collaboration-pour-relier-leurs-recherches-sur-les-eaux-urbaines-recyclees\/#primaryimage"},"image":{"@id":"https:\/\/interreg-sudoe.eu\/fr\/noticia-proyecto\/les-projets-interreg-sudoe-i-rewater-proyecto-interreg-sudoe-et-target-interreg-sudoe-cherchent-des-moyens-de-collaboration-pour-relier-leurs-recherches-sur-les-eaux-urbaines-recyclees\/#primaryimage"},"thumbnailUrl":"https:\/\/interreg-sudoe.eu\/wp-content\/uploads\/2024\/11\/pexels-pixabay-40784-1.jpg","datePublished":"2024-11-13T10:53:26+00:00","dateModified":"2025-02-20T16:03:25+00:00","breadcrumb":{"@id":"https:\/\/interreg-sudoe.eu\/fr\/noticia-proyecto\/les-projets-interreg-sudoe-i-rewater-proyecto-interreg-sudoe-et-target-interreg-sudoe-cherchent-des-moyens-de-collaboration-pour-relier-leurs-recherches-sur-les-eaux-urbaines-recyclees\/#breadcrumb"},"inLanguage":"fr-FR","potentialAction":[{"@type":"ReadAction","target":["https:\/\/interreg-sudoe.eu\/fr\/noticia-proyecto\/les-projets-interreg-sudoe-i-rewater-proyecto-interreg-sudoe-et-target-interreg-sudoe-cherchent-des-moyens-de-collaboration-pour-relier-leurs-recherches-sur-les-eaux-urbaines-recyclees\/"]}]},{"@type":"ImageObject","inLanguage":"fr-FR","@id":"https:\/\/interreg-sudoe.eu\/fr\/noticia-proyecto\/les-projets-interreg-sudoe-i-rewater-proyecto-interreg-sudoe-et-target-interreg-sudoe-cherchent-des-moyens-de-collaboration-pour-relier-leurs-recherches-sur-les-eaux-urbaines-recyclees\/#primaryimage","url":"https:\/\/interreg-sudoe.eu\/wp-content\/uploads\/2024\/11\/pexels-pixabay-40784-1.jpg","contentUrl":"https:\/\/interreg-sudoe.eu\/wp-content\/uploads\/2024\/11\/pexels-pixabay-40784-1.jpg","width":640,"height":427},{"@type":"BreadcrumbList","@id":"https:\/\/interreg-sudoe.eu\/fr\/noticia-proyecto\/les-projets-interreg-sudoe-i-rewater-proyecto-interreg-sudoe-et-target-interreg-sudoe-cherchent-des-moyens-de-collaboration-pour-relier-leurs-recherches-sur-les-eaux-urbaines-recyclees\/#breadcrumb","itemListElement":[{"@type":"ListItem","position":1,"name":"Home","item":"https:\/\/interreg-sudoe.eu\/fr\/"},{"@type":"ListItem","position":2,"name":"Les projets Interreg SUDOE I-ReWater Proyecto Interreg Sudoe et TARGET Interreg Sudoe cherchent des moyens de collaboration pour relier leurs recherches sur les eaux urbaines recycl\u00e9es"}]},{"@type":"WebSite","@id":"https:\/\/interreg-sudoe.eu\/fr\/#website","url":"https:\/\/interreg-sudoe.eu\/fr\/","name":"Interreg Sudoe","description":"Interreg Sudoe","publisher":{"@id":"https:\/\/interreg-sudoe.eu\/fr\/#organization"},"alternateName":"Interreg Sudoe","potentialAction":[{"@type":"SearchAction","target":{"@type":"EntryPoint","urlTemplate":"https:\/\/interreg-sudoe.eu\/fr\/?s={search_term_string}"},"query-input":{"@type":"PropertyValueSpecification","valueRequired":true,"valueName":"search_term_string"}}],"inLanguage":"fr-FR"},{"@type":"Organization","@id":"https:\/\/interreg-sudoe.eu\/fr\/#organization","name":"Interreg Sudoe","alternateName":"Interreg Sudoe","url":"https:\/\/interreg-sudoe.eu\/fr\/","logo":{"@type":"ImageObject","inLanguage":"fr-FR","@id":"https:\/\/interreg-sudoe.eu\/fr\/#\/schema\/logo\/image\/","url":"https:\/\/interreg-sudoe.eu\/wp-content\/uploads\/2024\/03\/logo-interreg.png","contentUrl":"https:\/\/interreg-sudoe.eu\/wp-content\/uploads\/2024\/03\/logo-interreg.png","width":1200,"height":675,"caption":"Interreg Sudoe"},"image":{"@id":"https:\/\/interreg-sudoe.eu\/fr\/#\/schema\/logo\/image\/"},"sameAs":["https:\/\/www.facebook.com\/interregsudoe","https:\/\/x.com\/Sudoe5","https:\/\/www.youtube.com\/channel\/UCeGx2edoB32beRc9dbKA2vw","https:\/\/www.linkedin.com\/company\/interreg-sudoe-programme\/","https:\/\/www.flickr.com\/photos\/148704685@N06\/"]}]}},"_links":{"self":[{"href":"https:\/\/interreg-sudoe.eu\/fr\/wp-json\/wp\/v2\/noticia-proyecto\/42042","targetHints":{"allow":["GET"]}}],"collection":[{"href":"https:\/\/interreg-sudoe.eu\/fr\/wp-json\/wp\/v2\/noticia-proyecto"}],"about":[{"href":"https:\/\/interreg-sudoe.eu\/fr\/wp-json\/wp\/v2\/types\/noticia-proyecto"}],"author":[{"embeddable":true,"href":"https:\/\/interreg-sudoe.eu\/fr\/wp-json\/wp\/v2\/users\/5125"}],"wp:featuredmedia":[{"embeddable":true,"href":"https:\/\/interreg-sudoe.eu\/fr\/wp-json\/wp\/v2\/media\/44989"}],"wp:attachment":[{"href":"https:\/\/interreg-sudoe.eu\/fr\/wp-json\/wp\/v2\/media?parent=42042"}],"curies":[{"name":"wp","href":"https:\/\/api.w.org\/{rel}","templated":true}]}}