{"id":42226,"date":"2024-05-02T15:22:52","date_gmt":"2024-05-02T13:22:52","guid":{"rendered":"https:\/\/interreg-sudoe.eu\/noticia-proyecto\/reunion-de-los-socios-asociados-del-proyecto-thermecowat-liderado-por-thermauvergne\/"},"modified":"2026-02-16T16:06:33","modified_gmt":"2026-02-16T15:06:33","slug":"reunion-de-los-socios-asociados-del-proyecto-thermecowat-liderado-por-thermauvergne","status":"publish","type":"noticia-proyecto","link":"https:\/\/interreg-sudoe.eu\/fr\/noticia-proyecto\/reunion-de-los-socios-asociados-del-proyecto-thermecowat-liderado-por-thermauvergne\/","title":{"rendered":"R\u00e9union des partenaires associ\u00e9s du projet ThermEcoWat, port\u00e9 par THERMAUVERGNE"},"content":{"rendered":"<h4>La premi\u00e8re r\u00e9union du groupe des parties prenantes du projet <strong>ThermEcoWat <\/strong>du programme de <strong>coop\u00e9ration europ\u00e9enne<\/strong> Interreg Sudoe 21-27 s\u2019est tenue le 30 avril 2024<\/h4>\n<h4><span style=\"color: #99cc00;\">Le projet ThermEcoWat et ses partenaires<\/span><\/h4>\n<p>Le b\u00e9n\u00e9ficiaire principal du projet <strong>ThermEcoWat<\/strong> est<strong> Thermauvergne<\/strong> et le consortium est compos\u00e9 de <strong>8 partenaires<\/strong> issus de la zone de <strong>coop\u00e9ration du Sud-Ouest europ\u00e9en en <\/strong>France, Espagne et Portugal.<\/p>\n<p>Le projet est r\u00e9alis\u00e9 dans le cadre de la priorit\u00e9 1 &#8211; Pr\u00e9server le capital naturel du Sud-Ouest europ\u00e9en et s&rsquo;adapter au changement climatique.<\/p>\n<h4><span style=\"color: #99cc00;\">La r\u00e9union au si\u00e8ge de Thermauvergne<\/span><\/h4>\n<p>Apr\u00e8s le lancement du projet le 26 mars 2024 \u00e0 Lyon, dans les locaux de la R\u00e9gion Auvergne-Rh\u00f4ne-Alpes, <strong>Thermauvergne<\/strong> a r\u00e9uni les <strong>parties prenantes <\/strong>au si\u00e8ge de l\u2019association \u00e0 Royat.<\/p>\n<p>La r\u00e9union a \u00e9t\u00e9 suivie par 38 participants, dont des repr\u00e9sentants du gouvernement fran\u00e7ais et des b\u00e9n\u00e9ficiaires du projet.<\/p>\n<p>La rencontre a \u00e9t\u00e9 ouverte par les discours de M. Yves-Jean Bignon, pr\u00e9sident de Thermauvergne, puis de M. Jean-Yves Gouttebel, coordinateur interminist\u00e9riel des plans d&rsquo;avenir pour le thermalisme et la montagne et de M. Jean-Fran\u00e7ois B\u00e9raud, pr\u00e9sident de la F\u00e9d\u00e9ration Thermale et Climatique Fran\u00e7aise.<\/p>\n<h4><span style=\"color: #99cc00;\">La pr\u00e9sentation du projet de coop\u00e9ration <strong>europ\u00e9enne ThermEcoWat,<\/strong> aux parties prenantes<\/span><\/h4>\n<p>Cette premi\u00e8re r\u00e9union d\u2019\u00e9change a permis de pr\u00e9senter le projet ThermEcoWat (le contexte, la probl\u00e9matique, les objectifs, le consortium de partenaires, le partenariat avec le BRGM d&rsquo;Auvergne-Rh\u00f4ne-Alpes, le partenariat avec le CNRS de Toulouse, le r\u00f4le du groupe de partenaires associ\u00e9s) et de d\u00e9terminer conjointement le calendrier de travail, le r\u00f4le du groupe des partenaires associ\u00e9s dans les prochains mois et la pr\u00e9paration de la visite d\u2019\u00e9tude du mois de juin en Auvergne.<\/p>\n<p><strong>Vid\u00e9os des partenaires associ\u00e9s<\/strong><\/p>\n<p><a href=\"https:\/\/www.youtube.com\/shorts\/D_ZRmHVyVss\">Pr\u00e9sentation de Dominique Ferrandon, Pr\u00e9sident du Groupement d&rsquo;Int\u00e9r\u00eat Economique Auvergne Qualit\u00e9 Thermale<\/a><\/p>\n<p><a href=\"https:\/\/www.youtube.com\/shorts\/6VzpmbR3K1U\">Pr\u00e9sentation de Jean-Yves Gouttebel, coordinateur interminist\u00e9riel du plan thermalisme<\/a><\/p>\n<p><a href=\"https:\/\/www.youtube.com\/shorts\/ZpySCziouJw\">Pr\u00e9sentation du Professeur Yves Jean Bignon en tant que Pr\u00e9sident de Thermauvergne, chef de file du projet ThermEcoWat<\/a><\/p>\n<p><a href=\"https:\/\/www.youtube.com\/shorts\/lhi1oL2dXBs\">Pr\u00e9sentation de St\u00e9phanie Giraud en tant que responsable de l&rsquo;adaptation au changement climatique pour l&rsquo;Agence Nationale de Coh\u00e9sion des Territoires &#8211; Massif central<\/a><\/p>\n","protected":false},"excerpt":{"rendered":"<p>La premi\u00e8re r\u00e9union du groupe des parties prenantes du projet ThermEcoWat du programme de coop\u00e9ration europ\u00e9enne Interreg Sudoe 21-27 s\u2019est tenue le 30 avril 2024<\/p>\n","protected":false},"author":6514,"featured_media":44117,"parent":0,"template":"","meta":{"_acf_changed":false,"content-type":"","_monsterinsights_skip_tracking":false,"_monsterinsights_sitenote_active":false,"_monsterinsights_sitenote_note":"","_monsterinsights_sitenote_category":0},"class_list":["post-42226","noticia-proyecto","type-noticia-proyecto","status-publish","has-post-thumbnail","hentry"],"acf":[],"yoast_head":"<!-- This site is optimized with the Yoast SEO plugin v27.4 - https:\/\/yoast.com\/product\/yoast-seo-wordpress\/ -->\n<title>R\u00e9union des partenaires associ\u00e9s du projet ThermEcoWat, port\u00e9 par THERMAUVERGNE - Interreg Sudoe<\/title>\n<meta name=\"robots\" content=\"index, follow, max-snippet:-1, max-image-preview:large, max-video-preview:-1\" \/>\n<link rel=\"canonical\" href=\"https:\/\/interreg-sudoe.eu\/fr\/noticia-proyecto\/reunion-de-los-socios-asociados-del-proyecto-thermecowat-liderado-por-thermauvergne\/\" \/>\n<meta property=\"og:locale\" content=\"fr_FR\" \/>\n<meta property=\"og:type\" content=\"article\" \/>\n<meta property=\"og:title\" content=\"R\u00e9union des partenaires associ\u00e9s du projet ThermEcoWat, port\u00e9 par THERMAUVERGNE - Interreg Sudoe\" \/>\n<meta property=\"og:description\" content=\"La premi\u00e8re r\u00e9union du groupe des parties prenantes du projet ThermEcoWat du programme de coop\u00e9ration europ\u00e9enne Interreg Sudoe 21-27 s\u2019est tenue le 30 avril 2024\" \/>\n<meta property=\"og:url\" content=\"https:\/\/interreg-sudoe.eu\/fr\/noticia-proyecto\/reunion-de-los-socios-asociados-del-proyecto-thermecowat-liderado-por-thermauvergne\/\" \/>\n<meta property=\"og:site_name\" content=\"Interreg Sudoe\" \/>\n<meta property=\"article:publisher\" content=\"https:\/\/www.facebook.com\/interregsudoe\" \/>\n<meta property=\"article:modified_time\" content=\"2026-02-16T15:06:33+00:00\" \/>\n<meta property=\"og:image\" content=\"https:\/\/interreg-sudoe.eu\/wp-content\/uploads\/2024\/05\/IMG_0455-reduite-2-1.jpg\" \/>\n\t<meta property=\"og:image:width\" content=\"1210\" \/>\n\t<meta property=\"og:image:height\" content=\"507\" \/>\n\t<meta property=\"og:image:type\" content=\"image\/jpeg\" \/>\n<meta name=\"twitter:card\" content=\"summary_large_image\" \/>\n<meta name=\"twitter:site\" content=\"@Sudoe5\" \/>\n<meta name=\"twitter:label1\" content=\"Dur\u00e9e de lecture estim\u00e9e\" \/>\n\t<meta name=\"twitter:data1\" content=\"2 minutes\" \/>\n<script type=\"application\/ld+json\" class=\"yoast-schema-graph\">{\"@context\":\"https:\\\/\\\/schema.org\",\"@graph\":[{\"@type\":\"WebPage\",\"@id\":\"https:\\\/\\\/interreg-sudoe.eu\\\/fr\\\/noticia-proyecto\\\/reunion-de-los-socios-asociados-del-proyecto-thermecowat-liderado-por-thermauvergne\\\/\",\"url\":\"https:\\\/\\\/interreg-sudoe.eu\\\/fr\\\/noticia-proyecto\\\/reunion-de-los-socios-asociados-del-proyecto-thermecowat-liderado-por-thermauvergne\\\/\",\"name\":\"R\u00e9union des partenaires associ\u00e9s du projet ThermEcoWat, port\u00e9 par THERMAUVERGNE - Interreg Sudoe\",\"isPartOf\":{\"@id\":\"https:\\\/\\\/interreg-sudoe.eu\\\/fr\\\/#website\"},\"primaryImageOfPage\":{\"@id\":\"https:\\\/\\\/interreg-sudoe.eu\\\/fr\\\/noticia-proyecto\\\/reunion-de-los-socios-asociados-del-proyecto-thermecowat-liderado-por-thermauvergne\\\/#primaryimage\"},\"image\":{\"@id\":\"https:\\\/\\\/interreg-sudoe.eu\\\/fr\\\/noticia-proyecto\\\/reunion-de-los-socios-asociados-del-proyecto-thermecowat-liderado-por-thermauvergne\\\/#primaryimage\"},\"thumbnailUrl\":\"https:\\\/\\\/interreg-sudoe.eu\\\/wp-content\\\/uploads\\\/2024\\\/05\\\/IMG_0455-reduite-2-1.jpg\",\"datePublished\":\"2024-05-02T13:22:52+00:00\",\"dateModified\":\"2026-02-16T15:06:33+00:00\",\"breadcrumb\":{\"@id\":\"https:\\\/\\\/interreg-sudoe.eu\\\/fr\\\/noticia-proyecto\\\/reunion-de-los-socios-asociados-del-proyecto-thermecowat-liderado-por-thermauvergne\\\/#breadcrumb\"},\"inLanguage\":\"fr-FR\",\"potentialAction\":[{\"@type\":\"ReadAction\",\"target\":[\"https:\\\/\\\/interreg-sudoe.eu\\\/fr\\\/noticia-proyecto\\\/reunion-de-los-socios-asociados-del-proyecto-thermecowat-liderado-por-thermauvergne\\\/\"]}]},{\"@type\":\"ImageObject\",\"inLanguage\":\"fr-FR\",\"@id\":\"https:\\\/\\\/interreg-sudoe.eu\\\/fr\\\/noticia-proyecto\\\/reunion-de-los-socios-asociados-del-proyecto-thermecowat-liderado-por-thermauvergne\\\/#primaryimage\",\"url\":\"https:\\\/\\\/interreg-sudoe.eu\\\/wp-content\\\/uploads\\\/2024\\\/05\\\/IMG_0455-reduite-2-1.jpg\",\"contentUrl\":\"https:\\\/\\\/interreg-sudoe.eu\\\/wp-content\\\/uploads\\\/2024\\\/05\\\/IMG_0455-reduite-2-1.jpg\",\"width\":1210,\"height\":507},{\"@type\":\"BreadcrumbList\",\"@id\":\"https:\\\/\\\/interreg-sudoe.eu\\\/fr\\\/noticia-proyecto\\\/reunion-de-los-socios-asociados-del-proyecto-thermecowat-liderado-por-thermauvergne\\\/#breadcrumb\",\"itemListElement\":[{\"@type\":\"ListItem\",\"position\":1,\"name\":\"Home\",\"item\":\"https:\\\/\\\/interreg-sudoe.eu\\\/fr\\\/\"},{\"@type\":\"ListItem\",\"position\":2,\"name\":\"R\u00e9union des partenaires associ\u00e9s du projet ThermEcoWat, port\u00e9 par THERMAUVERGNE\"}]},{\"@type\":\"WebSite\",\"@id\":\"https:\\\/\\\/interreg-sudoe.eu\\\/fr\\\/#website\",\"url\":\"https:\\\/\\\/interreg-sudoe.eu\\\/fr\\\/\",\"name\":\"Interreg Sudoe\",\"description\":\"Interreg Sudoe\",\"publisher\":{\"@id\":\"https:\\\/\\\/interreg-sudoe.eu\\\/fr\\\/#organization\"},\"alternateName\":\"Interreg Sudoe\",\"potentialAction\":[{\"@type\":\"SearchAction\",\"target\":{\"@type\":\"EntryPoint\",\"urlTemplate\":\"https:\\\/\\\/interreg-sudoe.eu\\\/fr\\\/?s={search_term_string}\"},\"query-input\":{\"@type\":\"PropertyValueSpecification\",\"valueRequired\":true,\"valueName\":\"search_term_string\"}}],\"inLanguage\":\"fr-FR\"},{\"@type\":\"Organization\",\"@id\":\"https:\\\/\\\/interreg-sudoe.eu\\\/fr\\\/#organization\",\"name\":\"Interreg Sudoe\",\"alternateName\":\"Interreg Sudoe\",\"url\":\"https:\\\/\\\/interreg-sudoe.eu\\\/fr\\\/\",\"logo\":{\"@type\":\"ImageObject\",\"inLanguage\":\"fr-FR\",\"@id\":\"https:\\\/\\\/interreg-sudoe.eu\\\/fr\\\/#\\\/schema\\\/logo\\\/image\\\/\",\"url\":\"https:\\\/\\\/interreg-sudoe.eu\\\/wp-content\\\/uploads\\\/2024\\\/03\\\/logo-interreg.png\",\"contentUrl\":\"https:\\\/\\\/interreg-sudoe.eu\\\/wp-content\\\/uploads\\\/2024\\\/03\\\/logo-interreg.png\",\"width\":1200,\"height\":675,\"caption\":\"Interreg Sudoe\"},\"image\":{\"@id\":\"https:\\\/\\\/interreg-sudoe.eu\\\/fr\\\/#\\\/schema\\\/logo\\\/image\\\/\"},\"sameAs\":[\"https:\\\/\\\/www.facebook.com\\\/interregsudoe\",\"https:\\\/\\\/x.com\\\/Sudoe5\",\"https:\\\/\\\/www.youtube.com\\\/channel\\\/UCeGx2edoB32beRc9dbKA2vw\",\"https:\\\/\\\/www.linkedin.com\\\/company\\\/interreg-sudoe-programme\\\/\",\"https:\\\/\\\/www.flickr.com\\\/photos\\\/148704685@N06\\\/\"]}]}<\/script>\n<!-- \/ Yoast SEO plugin. -->","yoast_head_json":{"title":"R\u00e9union des partenaires associ\u00e9s du projet ThermEcoWat, port\u00e9 par THERMAUVERGNE - Interreg Sudoe","robots":{"index":"index","follow":"follow","max-snippet":"max-snippet:-1","max-image-preview":"max-image-preview:large","max-video-preview":"max-video-preview:-1"},"canonical":"https:\/\/interreg-sudoe.eu\/fr\/noticia-proyecto\/reunion-de-los-socios-asociados-del-proyecto-thermecowat-liderado-por-thermauvergne\/","og_locale":"fr_FR","og_type":"article","og_title":"R\u00e9union des partenaires associ\u00e9s du projet ThermEcoWat, port\u00e9 par THERMAUVERGNE - Interreg Sudoe","og_description":"La premi\u00e8re r\u00e9union du groupe des parties prenantes du projet ThermEcoWat du programme de coop\u00e9ration europ\u00e9enne Interreg Sudoe 21-27 s\u2019est tenue le 30 avril 2024","og_url":"https:\/\/interreg-sudoe.eu\/fr\/noticia-proyecto\/reunion-de-los-socios-asociados-del-proyecto-thermecowat-liderado-por-thermauvergne\/","og_site_name":"Interreg Sudoe","article_publisher":"https:\/\/www.facebook.com\/interregsudoe","article_modified_time":"2026-02-16T15:06:33+00:00","og_image":[{"width":1210,"height":507,"url":"https:\/\/interreg-sudoe.eu\/wp-content\/uploads\/2024\/05\/IMG_0455-reduite-2-1.jpg","type":"image\/jpeg"}],"twitter_card":"summary_large_image","twitter_site":"@Sudoe5","twitter_misc":{"Dur\u00e9e de lecture estim\u00e9e":"2 minutes"},"schema":{"@context":"https:\/\/schema.org","@graph":[{"@type":"WebPage","@id":"https:\/\/interreg-sudoe.eu\/fr\/noticia-proyecto\/reunion-de-los-socios-asociados-del-proyecto-thermecowat-liderado-por-thermauvergne\/","url":"https:\/\/interreg-sudoe.eu\/fr\/noticia-proyecto\/reunion-de-los-socios-asociados-del-proyecto-thermecowat-liderado-por-thermauvergne\/","name":"R\u00e9union des partenaires associ\u00e9s du projet ThermEcoWat, port\u00e9 par THERMAUVERGNE - Interreg Sudoe","isPartOf":{"@id":"https:\/\/interreg-sudoe.eu\/fr\/#website"},"primaryImageOfPage":{"@id":"https:\/\/interreg-sudoe.eu\/fr\/noticia-proyecto\/reunion-de-los-socios-asociados-del-proyecto-thermecowat-liderado-por-thermauvergne\/#primaryimage"},"image":{"@id":"https:\/\/interreg-sudoe.eu\/fr\/noticia-proyecto\/reunion-de-los-socios-asociados-del-proyecto-thermecowat-liderado-por-thermauvergne\/#primaryimage"},"thumbnailUrl":"https:\/\/interreg-sudoe.eu\/wp-content\/uploads\/2024\/05\/IMG_0455-reduite-2-1.jpg","datePublished":"2024-05-02T13:22:52+00:00","dateModified":"2026-02-16T15:06:33+00:00","breadcrumb":{"@id":"https:\/\/interreg-sudoe.eu\/fr\/noticia-proyecto\/reunion-de-los-socios-asociados-del-proyecto-thermecowat-liderado-por-thermauvergne\/#breadcrumb"},"inLanguage":"fr-FR","potentialAction":[{"@type":"ReadAction","target":["https:\/\/interreg-sudoe.eu\/fr\/noticia-proyecto\/reunion-de-los-socios-asociados-del-proyecto-thermecowat-liderado-por-thermauvergne\/"]}]},{"@type":"ImageObject","inLanguage":"fr-FR","@id":"https:\/\/interreg-sudoe.eu\/fr\/noticia-proyecto\/reunion-de-los-socios-asociados-del-proyecto-thermecowat-liderado-por-thermauvergne\/#primaryimage","url":"https:\/\/interreg-sudoe.eu\/wp-content\/uploads\/2024\/05\/IMG_0455-reduite-2-1.jpg","contentUrl":"https:\/\/interreg-sudoe.eu\/wp-content\/uploads\/2024\/05\/IMG_0455-reduite-2-1.jpg","width":1210,"height":507},{"@type":"BreadcrumbList","@id":"https:\/\/interreg-sudoe.eu\/fr\/noticia-proyecto\/reunion-de-los-socios-asociados-del-proyecto-thermecowat-liderado-por-thermauvergne\/#breadcrumb","itemListElement":[{"@type":"ListItem","position":1,"name":"Home","item":"https:\/\/interreg-sudoe.eu\/fr\/"},{"@type":"ListItem","position":2,"name":"R\u00e9union des partenaires associ\u00e9s du projet ThermEcoWat, port\u00e9 par THERMAUVERGNE"}]},{"@type":"WebSite","@id":"https:\/\/interreg-sudoe.eu\/fr\/#website","url":"https:\/\/interreg-sudoe.eu\/fr\/","name":"Interreg Sudoe","description":"Interreg Sudoe","publisher":{"@id":"https:\/\/interreg-sudoe.eu\/fr\/#organization"},"alternateName":"Interreg Sudoe","potentialAction":[{"@type":"SearchAction","target":{"@type":"EntryPoint","urlTemplate":"https:\/\/interreg-sudoe.eu\/fr\/?s={search_term_string}"},"query-input":{"@type":"PropertyValueSpecification","valueRequired":true,"valueName":"search_term_string"}}],"inLanguage":"fr-FR"},{"@type":"Organization","@id":"https:\/\/interreg-sudoe.eu\/fr\/#organization","name":"Interreg Sudoe","alternateName":"Interreg Sudoe","url":"https:\/\/interreg-sudoe.eu\/fr\/","logo":{"@type":"ImageObject","inLanguage":"fr-FR","@id":"https:\/\/interreg-sudoe.eu\/fr\/#\/schema\/logo\/image\/","url":"https:\/\/interreg-sudoe.eu\/wp-content\/uploads\/2024\/03\/logo-interreg.png","contentUrl":"https:\/\/interreg-sudoe.eu\/wp-content\/uploads\/2024\/03\/logo-interreg.png","width":1200,"height":675,"caption":"Interreg Sudoe"},"image":{"@id":"https:\/\/interreg-sudoe.eu\/fr\/#\/schema\/logo\/image\/"},"sameAs":["https:\/\/www.facebook.com\/interregsudoe","https:\/\/x.com\/Sudoe5","https:\/\/www.youtube.com\/channel\/UCeGx2edoB32beRc9dbKA2vw","https:\/\/www.linkedin.com\/company\/interreg-sudoe-programme\/","https:\/\/www.flickr.com\/photos\/148704685@N06\/"]}]}},"_links":{"self":[{"href":"https:\/\/interreg-sudoe.eu\/fr\/wp-json\/wp\/v2\/noticia-proyecto\/42226","targetHints":{"allow":["GET"]}}],"collection":[{"href":"https:\/\/interreg-sudoe.eu\/fr\/wp-json\/wp\/v2\/noticia-proyecto"}],"about":[{"href":"https:\/\/interreg-sudoe.eu\/fr\/wp-json\/wp\/v2\/types\/noticia-proyecto"}],"author":[{"embeddable":true,"href":"https:\/\/interreg-sudoe.eu\/fr\/wp-json\/wp\/v2\/users\/6514"}],"wp:featuredmedia":[{"embeddable":true,"href":"https:\/\/interreg-sudoe.eu\/fr\/wp-json\/wp\/v2\/media\/44117"}],"wp:attachment":[{"href":"https:\/\/interreg-sudoe.eu\/fr\/wp-json\/wp\/v2\/media?parent=42226"}],"curies":[{"name":"wp","href":"https:\/\/api.w.org\/{rel}","templated":true}]}}