{"id":43317,"date":"2024-11-12T09:37:12","date_gmt":"2024-11-12T08:37:12","guid":{"rendered":"https:\/\/interreg-sudoe.eu\/noticia-proyecto\/presentacion-del-proyecto-thermecowat-a-los-solicitantes-de-la-segunda-convocatoria-de-proyectos-interreg-sudoe\/"},"modified":"2026-02-16T16:07:53","modified_gmt":"2026-02-16T15:07:53","slug":"presentacion-del-proyecto-thermecowat-a-los-solicitantes-de-la-segunda-convocatoria-de-proyectos-interreg-sudoe","status":"publish","type":"noticia-proyecto","link":"https:\/\/interreg-sudoe.eu\/fr\/noticia-proyecto\/presentacion-del-proyecto-thermecowat-a-los-solicitantes-de-la-segunda-convocatoria-de-proyectos-interreg-sudoe\/","title":{"rendered":"Pr\u00e9sentation du projet ThermEcoWat aux candidats du deuxi\u00e8me appel \u00e0 projet Interreg Sudoe"},"content":{"rendered":"<p>Le projet\u00a0<strong>ThermEcoWat<\/strong>\u00a0a \u00e9t\u00e9 pr\u00e9sent\u00e9 par <strong>Marion Roussel<\/strong>, <strong>coordinatrice du projet<\/strong> lors du<strong> s\u00e9minaire<\/strong> entre les deux phases de s\u00e9lection du <strong>deuxi\u00e8me appel \u00e0 projets du Programme Interreg Sudoe<\/strong>.<\/p>\n<p><img fetchpriority=\"high\" decoding=\"async\" class=\"wp-image-43314 aligncenter\" src=\"https:\/\/interreg-sudoe.eu\/wp-content\/uploads\/2024\/12\/photo_marion_roussel-300x168.jpg\" alt=\"\" width=\"688\" height=\"385\" srcset=\"https:\/\/interreg-sudoe.eu\/wp-content\/uploads\/2024\/12\/photo_marion_roussel-300x168.jpg 300w, https:\/\/interreg-sudoe.eu\/wp-content\/uploads\/2024\/12\/photo_marion_roussel-1024x573.jpg 1024w, https:\/\/interreg-sudoe.eu\/wp-content\/uploads\/2024\/12\/photo_marion_roussel-768x430.jpg 768w, https:\/\/interreg-sudoe.eu\/wp-content\/uploads\/2024\/12\/photo_marion_roussel.jpg 1175w\" sizes=\"(max-width: 688px) 100vw, 688px\" \/><\/p>\n<p>&nbsp;<\/p>\n<h4><span style=\"color: #99cc00;\"><strong>Le deuxi\u00e8me Appel \u00e0 Projets<\/strong><\/span><\/h4>\n<p>La deuxi\u00e8me phase se cl\u00f4turera le 10 janvier 2025. Le comit\u00e9 de suivi s\u2019est r\u00e9uni \u00e0 Madrid le 16 octobre 2024 et a d\u00e9cid\u00e9 que 85 des 203 candidatures \u00e9taient autoris\u00e9es \u00e0 passer \u00e0 la deuxi\u00e8me phase.<\/p>\n<h4><span style=\"color: #99cc00;\"><strong>Un S\u00e9minaire pr\u00e9sentiel \u00e9tait organis\u00e9 entre les deux phases \u00e0 Santander les 12 et 13 novembre\u00a0\u00a0\u00a0\u00a0 <\/strong><\/span><\/h4>\n<p>Les porteurs de projets ont \u00e9t\u00e9 convi\u00e9s \u00e0 un s\u00e9minaire organis\u00e9 par les autorit\u00e9s du programme, pour orienter la pr\u00e9paration de leurs candidatures.<\/p>\n<p>Lors de cet \u00e9v\u00e9nement, les projets\u00a0<strong>ThermEcoWat<\/strong>\u00a0et\u00a0<strong>Cultur-Monts<\/strong>\u00a0ont \u00e9t\u00e9 pr\u00e9sent\u00e9s comme des exemples de bonnes pratiques dans le cadre de la pr\u00e9paration du 2\u00e8me appel \u00e0 projets du Programme Interreg Sudoe.<\/p>\n<p><strong>Marion Roussel coordinatrice du projet ThermEcoWat<\/strong>, a eu l&rsquo;opportunit\u00e9 de collaborer \u00e0 cet \u00e9change avec <strong>Cultur-Monts Sudoe<\/strong>, pour exposer les m\u00e9thodes de pr\u00e9paration essentielles et cruciales pour r\u00e9ussir le passage entre la phase 1 et la phase 2. Elle a d\u00e9taill\u00e9 l&rsquo;organisation du travail entre les diff\u00e9rents partenaires, et abord\u00e9 les dimensions structurelles, techniques et de communication. De plus, Marion Roussel a partag\u00e9 les bonnes pratiques identifi\u00e9es entre la premi\u00e8re et la deuxi\u00e8me phase, tout en mettant en lumi\u00e8re les erreurs \u00e0 \u00e9viter pour mieux orienter les candidats.<\/p>\n<p>Grand Merci au Programme Interreg Sudoe pour son invitation\u00a0!<\/p>\n<p><strong>\u00a0<\/strong><\/p>\n","protected":false},"excerpt":{"rendered":"<p>Le projet\u00a0ThermEcoWat\u00a0a \u00e9t\u00e9 pr\u00e9sent\u00e9 par Marion Roussel, coordinatrice du projet lors du s\u00e9minaire entre les deux phases de s\u00e9lection du deuxi\u00e8me appel \u00e0 projets du Programme Interreg Sudoe<\/p>\n","protected":false},"author":6514,"featured_media":0,"parent":0,"template":"","meta":{"_acf_changed":false,"content-type":"","_monsterinsights_skip_tracking":false,"_monsterinsights_sitenote_active":false,"_monsterinsights_sitenote_note":"","_monsterinsights_sitenote_category":0},"class_list":["post-43317","noticia-proyecto","type-noticia-proyecto","status-publish","hentry"],"acf":[],"yoast_head":"<!-- This site is optimized with the Yoast SEO plugin v27.2 - https:\/\/yoast.com\/product\/yoast-seo-wordpress\/ -->\n<title>Pr\u00e9sentation du projet ThermEcoWat aux candidats du deuxi\u00e8me appel \u00e0 projet Interreg Sudoe - Interreg Sudoe<\/title>\n<meta name=\"robots\" content=\"index, follow, max-snippet:-1, max-image-preview:large, max-video-preview:-1\" \/>\n<link rel=\"canonical\" href=\"https:\/\/interreg-sudoe.eu\/fr\/noticia-proyecto\/presentacion-del-proyecto-thermecowat-a-los-solicitantes-de-la-segunda-convocatoria-de-proyectos-interreg-sudoe\/\" \/>\n<meta property=\"og:locale\" content=\"fr_FR\" \/>\n<meta property=\"og:type\" content=\"article\" \/>\n<meta property=\"og:title\" content=\"Pr\u00e9sentation du projet ThermEcoWat aux candidats du deuxi\u00e8me appel \u00e0 projet Interreg Sudoe - Interreg Sudoe\" \/>\n<meta property=\"og:description\" content=\"Le projet\u00a0ThermEcoWat\u00a0a \u00e9t\u00e9 pr\u00e9sent\u00e9 par Marion Roussel, coordinatrice du projet lors du s\u00e9minaire entre les deux phases de s\u00e9lection du deuxi\u00e8me appel \u00e0 projets du Programme Interreg Sudoe\" \/>\n<meta property=\"og:url\" content=\"https:\/\/interreg-sudoe.eu\/fr\/noticia-proyecto\/presentacion-del-proyecto-thermecowat-a-los-solicitantes-de-la-segunda-convocatoria-de-proyectos-interreg-sudoe\/\" \/>\n<meta property=\"og:site_name\" content=\"Interreg Sudoe\" \/>\n<meta property=\"article:publisher\" content=\"https:\/\/www.facebook.com\/interregsudoe\" \/>\n<meta property=\"article:modified_time\" content=\"2026-02-16T15:07:53+00:00\" \/>\n<meta property=\"og:image\" content=\"https:\/\/interreg-sudoe.eu\/wp-content\/uploads\/2024\/12\/photo_marion_roussel.jpg\" \/>\n\t<meta property=\"og:image:width\" content=\"1175\" \/>\n\t<meta property=\"og:image:height\" content=\"658\" \/>\n\t<meta property=\"og:image:type\" content=\"image\/jpeg\" \/>\n<meta name=\"twitter:card\" content=\"summary_large_image\" \/>\n<meta name=\"twitter:site\" content=\"@Sudoe5\" \/>\n<meta name=\"twitter:label1\" content=\"Dur\u00e9e de lecture estim\u00e9e\" \/>\n\t<meta name=\"twitter:data1\" content=\"1 minute\" \/>\n<script type=\"application\/ld+json\" class=\"yoast-schema-graph\">{\"@context\":\"https:\/\/schema.org\",\"@graph\":[{\"@type\":\"WebPage\",\"@id\":\"https:\/\/interreg-sudoe.eu\/fr\/noticia-proyecto\/presentacion-del-proyecto-thermecowat-a-los-solicitantes-de-la-segunda-convocatoria-de-proyectos-interreg-sudoe\/\",\"url\":\"https:\/\/interreg-sudoe.eu\/fr\/noticia-proyecto\/presentacion-del-proyecto-thermecowat-a-los-solicitantes-de-la-segunda-convocatoria-de-proyectos-interreg-sudoe\/\",\"name\":\"Pr\u00e9sentation du projet ThermEcoWat aux candidats du deuxi\u00e8me appel \u00e0 projet Interreg Sudoe - Interreg Sudoe\",\"isPartOf\":{\"@id\":\"https:\/\/interreg-sudoe.eu\/fr\/#website\"},\"primaryImageOfPage\":{\"@id\":\"https:\/\/interreg-sudoe.eu\/fr\/noticia-proyecto\/presentacion-del-proyecto-thermecowat-a-los-solicitantes-de-la-segunda-convocatoria-de-proyectos-interreg-sudoe\/#primaryimage\"},\"image\":{\"@id\":\"https:\/\/interreg-sudoe.eu\/fr\/noticia-proyecto\/presentacion-del-proyecto-thermecowat-a-los-solicitantes-de-la-segunda-convocatoria-de-proyectos-interreg-sudoe\/#primaryimage\"},\"thumbnailUrl\":\"https:\/\/interreg-sudoe.eu\/wp-content\/uploads\/2024\/12\/photo_marion_roussel-300x168.jpg\",\"datePublished\":\"2024-11-12T08:37:12+00:00\",\"dateModified\":\"2026-02-16T15:07:53+00:00\",\"breadcrumb\":{\"@id\":\"https:\/\/interreg-sudoe.eu\/fr\/noticia-proyecto\/presentacion-del-proyecto-thermecowat-a-los-solicitantes-de-la-segunda-convocatoria-de-proyectos-interreg-sudoe\/#breadcrumb\"},\"inLanguage\":\"fr-FR\",\"potentialAction\":[{\"@type\":\"ReadAction\",\"target\":[\"https:\/\/interreg-sudoe.eu\/fr\/noticia-proyecto\/presentacion-del-proyecto-thermecowat-a-los-solicitantes-de-la-segunda-convocatoria-de-proyectos-interreg-sudoe\/\"]}]},{\"@type\":\"ImageObject\",\"inLanguage\":\"fr-FR\",\"@id\":\"https:\/\/interreg-sudoe.eu\/fr\/noticia-proyecto\/presentacion-del-proyecto-thermecowat-a-los-solicitantes-de-la-segunda-convocatoria-de-proyectos-interreg-sudoe\/#primaryimage\",\"url\":\"https:\/\/interreg-sudoe.eu\/wp-content\/uploads\/2024\/12\/photo_marion_roussel-300x168.jpg\",\"contentUrl\":\"https:\/\/interreg-sudoe.eu\/wp-content\/uploads\/2024\/12\/photo_marion_roussel-300x168.jpg\"},{\"@type\":\"BreadcrumbList\",\"@id\":\"https:\/\/interreg-sudoe.eu\/fr\/noticia-proyecto\/presentacion-del-proyecto-thermecowat-a-los-solicitantes-de-la-segunda-convocatoria-de-proyectos-interreg-sudoe\/#breadcrumb\",\"itemListElement\":[{\"@type\":\"ListItem\",\"position\":1,\"name\":\"Home\",\"item\":\"https:\/\/interreg-sudoe.eu\/fr\/\"},{\"@type\":\"ListItem\",\"position\":2,\"name\":\"Pr\u00e9sentation du projet ThermEcoWat aux candidats du deuxi\u00e8me appel \u00e0 projet Interreg Sudoe\"}]},{\"@type\":\"WebSite\",\"@id\":\"https:\/\/interreg-sudoe.eu\/fr\/#website\",\"url\":\"https:\/\/interreg-sudoe.eu\/fr\/\",\"name\":\"Interreg Sudoe\",\"description\":\"Interreg Sudoe\",\"publisher\":{\"@id\":\"https:\/\/interreg-sudoe.eu\/fr\/#organization\"},\"alternateName\":\"Interreg Sudoe\",\"potentialAction\":[{\"@type\":\"SearchAction\",\"target\":{\"@type\":\"EntryPoint\",\"urlTemplate\":\"https:\/\/interreg-sudoe.eu\/fr\/?s={search_term_string}\"},\"query-input\":{\"@type\":\"PropertyValueSpecification\",\"valueRequired\":true,\"valueName\":\"search_term_string\"}}],\"inLanguage\":\"fr-FR\"},{\"@type\":\"Organization\",\"@id\":\"https:\/\/interreg-sudoe.eu\/fr\/#organization\",\"name\":\"Interreg Sudoe\",\"alternateName\":\"Interreg Sudoe\",\"url\":\"https:\/\/interreg-sudoe.eu\/fr\/\",\"logo\":{\"@type\":\"ImageObject\",\"inLanguage\":\"fr-FR\",\"@id\":\"https:\/\/interreg-sudoe.eu\/fr\/#\/schema\/logo\/image\/\",\"url\":\"https:\/\/interreg-sudoe.eu\/wp-content\/uploads\/2024\/03\/logo-interreg.png\",\"contentUrl\":\"https:\/\/interreg-sudoe.eu\/wp-content\/uploads\/2024\/03\/logo-interreg.png\",\"width\":1200,\"height\":675,\"caption\":\"Interreg Sudoe\"},\"image\":{\"@id\":\"https:\/\/interreg-sudoe.eu\/fr\/#\/schema\/logo\/image\/\"},\"sameAs\":[\"https:\/\/www.facebook.com\/interregsudoe\",\"https:\/\/x.com\/Sudoe5\",\"https:\/\/www.youtube.com\/channel\/UCeGx2edoB32beRc9dbKA2vw\",\"https:\/\/www.linkedin.com\/company\/interreg-sudoe-programme\/\",\"https:\/\/www.flickr.com\/photos\/148704685@N06\/\"]}]}<\/script>\n<!-- \/ Yoast SEO plugin. -->","yoast_head_json":{"title":"Pr\u00e9sentation du projet ThermEcoWat aux candidats du deuxi\u00e8me appel \u00e0 projet Interreg Sudoe - Interreg Sudoe","robots":{"index":"index","follow":"follow","max-snippet":"max-snippet:-1","max-image-preview":"max-image-preview:large","max-video-preview":"max-video-preview:-1"},"canonical":"https:\/\/interreg-sudoe.eu\/fr\/noticia-proyecto\/presentacion-del-proyecto-thermecowat-a-los-solicitantes-de-la-segunda-convocatoria-de-proyectos-interreg-sudoe\/","og_locale":"fr_FR","og_type":"article","og_title":"Pr\u00e9sentation du projet ThermEcoWat aux candidats du deuxi\u00e8me appel \u00e0 projet Interreg Sudoe - Interreg Sudoe","og_description":"Le projet\u00a0ThermEcoWat\u00a0a \u00e9t\u00e9 pr\u00e9sent\u00e9 par Marion Roussel, coordinatrice du projet lors du s\u00e9minaire entre les deux phases de s\u00e9lection du deuxi\u00e8me appel \u00e0 projets du Programme Interreg Sudoe","og_url":"https:\/\/interreg-sudoe.eu\/fr\/noticia-proyecto\/presentacion-del-proyecto-thermecowat-a-los-solicitantes-de-la-segunda-convocatoria-de-proyectos-interreg-sudoe\/","og_site_name":"Interreg Sudoe","article_publisher":"https:\/\/www.facebook.com\/interregsudoe","article_modified_time":"2026-02-16T15:07:53+00:00","og_image":[{"width":1175,"height":658,"url":"https:\/\/interreg-sudoe.eu\/wp-content\/uploads\/2024\/12\/photo_marion_roussel.jpg","type":"image\/jpeg"}],"twitter_card":"summary_large_image","twitter_site":"@Sudoe5","twitter_misc":{"Dur\u00e9e de lecture estim\u00e9e":"1 minute"},"schema":{"@context":"https:\/\/schema.org","@graph":[{"@type":"WebPage","@id":"https:\/\/interreg-sudoe.eu\/fr\/noticia-proyecto\/presentacion-del-proyecto-thermecowat-a-los-solicitantes-de-la-segunda-convocatoria-de-proyectos-interreg-sudoe\/","url":"https:\/\/interreg-sudoe.eu\/fr\/noticia-proyecto\/presentacion-del-proyecto-thermecowat-a-los-solicitantes-de-la-segunda-convocatoria-de-proyectos-interreg-sudoe\/","name":"Pr\u00e9sentation du projet ThermEcoWat aux candidats du deuxi\u00e8me appel \u00e0 projet Interreg Sudoe - Interreg Sudoe","isPartOf":{"@id":"https:\/\/interreg-sudoe.eu\/fr\/#website"},"primaryImageOfPage":{"@id":"https:\/\/interreg-sudoe.eu\/fr\/noticia-proyecto\/presentacion-del-proyecto-thermecowat-a-los-solicitantes-de-la-segunda-convocatoria-de-proyectos-interreg-sudoe\/#primaryimage"},"image":{"@id":"https:\/\/interreg-sudoe.eu\/fr\/noticia-proyecto\/presentacion-del-proyecto-thermecowat-a-los-solicitantes-de-la-segunda-convocatoria-de-proyectos-interreg-sudoe\/#primaryimage"},"thumbnailUrl":"https:\/\/interreg-sudoe.eu\/wp-content\/uploads\/2024\/12\/photo_marion_roussel-300x168.jpg","datePublished":"2024-11-12T08:37:12+00:00","dateModified":"2026-02-16T15:07:53+00:00","breadcrumb":{"@id":"https:\/\/interreg-sudoe.eu\/fr\/noticia-proyecto\/presentacion-del-proyecto-thermecowat-a-los-solicitantes-de-la-segunda-convocatoria-de-proyectos-interreg-sudoe\/#breadcrumb"},"inLanguage":"fr-FR","potentialAction":[{"@type":"ReadAction","target":["https:\/\/interreg-sudoe.eu\/fr\/noticia-proyecto\/presentacion-del-proyecto-thermecowat-a-los-solicitantes-de-la-segunda-convocatoria-de-proyectos-interreg-sudoe\/"]}]},{"@type":"ImageObject","inLanguage":"fr-FR","@id":"https:\/\/interreg-sudoe.eu\/fr\/noticia-proyecto\/presentacion-del-proyecto-thermecowat-a-los-solicitantes-de-la-segunda-convocatoria-de-proyectos-interreg-sudoe\/#primaryimage","url":"https:\/\/interreg-sudoe.eu\/wp-content\/uploads\/2024\/12\/photo_marion_roussel-300x168.jpg","contentUrl":"https:\/\/interreg-sudoe.eu\/wp-content\/uploads\/2024\/12\/photo_marion_roussel-300x168.jpg"},{"@type":"BreadcrumbList","@id":"https:\/\/interreg-sudoe.eu\/fr\/noticia-proyecto\/presentacion-del-proyecto-thermecowat-a-los-solicitantes-de-la-segunda-convocatoria-de-proyectos-interreg-sudoe\/#breadcrumb","itemListElement":[{"@type":"ListItem","position":1,"name":"Home","item":"https:\/\/interreg-sudoe.eu\/fr\/"},{"@type":"ListItem","position":2,"name":"Pr\u00e9sentation du projet ThermEcoWat aux candidats du deuxi\u00e8me appel \u00e0 projet Interreg Sudoe"}]},{"@type":"WebSite","@id":"https:\/\/interreg-sudoe.eu\/fr\/#website","url":"https:\/\/interreg-sudoe.eu\/fr\/","name":"Interreg Sudoe","description":"Interreg Sudoe","publisher":{"@id":"https:\/\/interreg-sudoe.eu\/fr\/#organization"},"alternateName":"Interreg Sudoe","potentialAction":[{"@type":"SearchAction","target":{"@type":"EntryPoint","urlTemplate":"https:\/\/interreg-sudoe.eu\/fr\/?s={search_term_string}"},"query-input":{"@type":"PropertyValueSpecification","valueRequired":true,"valueName":"search_term_string"}}],"inLanguage":"fr-FR"},{"@type":"Organization","@id":"https:\/\/interreg-sudoe.eu\/fr\/#organization","name":"Interreg Sudoe","alternateName":"Interreg Sudoe","url":"https:\/\/interreg-sudoe.eu\/fr\/","logo":{"@type":"ImageObject","inLanguage":"fr-FR","@id":"https:\/\/interreg-sudoe.eu\/fr\/#\/schema\/logo\/image\/","url":"https:\/\/interreg-sudoe.eu\/wp-content\/uploads\/2024\/03\/logo-interreg.png","contentUrl":"https:\/\/interreg-sudoe.eu\/wp-content\/uploads\/2024\/03\/logo-interreg.png","width":1200,"height":675,"caption":"Interreg Sudoe"},"image":{"@id":"https:\/\/interreg-sudoe.eu\/fr\/#\/schema\/logo\/image\/"},"sameAs":["https:\/\/www.facebook.com\/interregsudoe","https:\/\/x.com\/Sudoe5","https:\/\/www.youtube.com\/channel\/UCeGx2edoB32beRc9dbKA2vw","https:\/\/www.linkedin.com\/company\/interreg-sudoe-programme\/","https:\/\/www.flickr.com\/photos\/148704685@N06\/"]}]}},"_links":{"self":[{"href":"https:\/\/interreg-sudoe.eu\/fr\/wp-json\/wp\/v2\/noticia-proyecto\/43317","targetHints":{"allow":["GET"]}}],"collection":[{"href":"https:\/\/interreg-sudoe.eu\/fr\/wp-json\/wp\/v2\/noticia-proyecto"}],"about":[{"href":"https:\/\/interreg-sudoe.eu\/fr\/wp-json\/wp\/v2\/types\/noticia-proyecto"}],"author":[{"embeddable":true,"href":"https:\/\/interreg-sudoe.eu\/fr\/wp-json\/wp\/v2\/users\/6514"}],"wp:attachment":[{"href":"https:\/\/interreg-sudoe.eu\/fr\/wp-json\/wp\/v2\/media?parent=43317"}],"curies":[{"name":"wp","href":"https:\/\/api.w.org\/{rel}","templated":true}]}}