{"id":43336,"date":"2024-12-05T14:53:58","date_gmt":"2024-12-05T13:53:58","guid":{"rendered":"https:\/\/interreg-sudoe.eu\/?post_type=noticia-proyecto&#038;p=43336"},"modified":"2026-02-16T16:44:49","modified_gmt":"2026-02-16T15:44:49","slug":"la-france-favorise-la-durabilite-grace-a-la-reduction-de-la-tva-sur-la-reparation-des-chaussures-et-de-la-maroquinerie","status":"publish","type":"noticia-proyecto","link":"https:\/\/interreg-sudoe.eu\/fr\/noticia-proyecto\/la-france-favorise-la-durabilite-grace-a-la-reduction-de-la-tva-sur-la-reparation-des-chaussures-et-de-la-maroquinerie\/","title":{"rendered":"La France favorise la durabilit\u00e9 gr\u00e2ce \u00e0 la r\u00e9duction de la TVA sur la r\u00e9paration des chaussures et de la maroquinerie"},"content":{"rendered":"<p><strong>Il y a quelques semaines, l\u2019Assembl\u00e9e nationale a adopt\u00e9 une mesure visant \u00e0 r\u00e9duire la TVA sur la r\u00e9paration de produits tels que les chaussures, les articles en cuir, les textiles et les v\u00e9los, dans le but de promouvoir l&rsquo;\u00e9conomie circulaire en France. Cette d\u00e9cision permettra de faire passer le taux de TVA appliqu\u00e9 \u00e0 ces activit\u00e9s de 20 % \u00e0 5,5 %, constituant ainsi un soutien significatif pour le secteur de la r\u00e9paration.<\/strong><\/p>\n<p>Le besoin et l&rsquo;int\u00e9r\u00eat de renforcer la durabilit\u00e9 dans les secteurs de la chaussure, du textile et du meuble sont \u00e0 l&rsquo;origine du projet REMAIN. Cette initiative, dirig\u00e9e par INESCOP, le Centre technologique de la chaussure, implique les Universit\u00e9s de Saragosse, Alicante, Coimbra et Clermont Auvergne INP, la F\u00e9d\u00e9ration des industries espagnoles de la chaussure (FICE), SMA-RTY, ainsi que l&rsquo;entreprise espagnole Automatica Control Numerical SL, AIDA CCI, et comme partenaire collaboratif, l&rsquo;association sociale Proyecto L\u00e1zaro.<\/p>\n<p>L\u2019objectif du projet REMAIN est de promouvoir la durabilit\u00e9 dans les industries de la chaussure, du textile et du meuble, en parfaite ad\u00e9quation avec la r\u00e9cente mesure adopt\u00e9e par le Parlement fran\u00e7ais. Cette d\u00e9cision politique repr\u00e9sente un soutien explicite au travail des artisans, qui se consacrent \u00e0 prolonger la dur\u00e9e de vie des produits comme moyen efficace de lutter contre le gaspillage.<\/p>\n<p>Concernant l&rsquo;initiative du Parlement fran\u00e7ais, la F\u00e9d\u00e9ration Fran\u00e7aise de la Cordonnerie Multiservice (FFCM) a soulign\u00e9 que cette mesure contribuera \u00e0 renforcer l&rsquo;\u00e9conomie circulaire et \u00e0 prot\u00e9ger les activit\u00e9s des artisans locaux. Ainsi, la strat\u00e9gie d&rsquo;\u00e9conomie circulaire de la France est consolid\u00e9e en encourageant la r\u00e9paration de certains produits \u00e0 travers des incitations fiscales.<\/p>\n<p><strong>Un engagement envers l&rsquo;\u00e9conomie circulaire<\/strong><\/p>\n<p>Les industries de la chaussure et du textile produisent des biens de consommation courante ayant des cycles de vie courts. C&rsquo;est pourquoi des projets comme REMAIN visent \u00e0 int\u00e9grer la remanufacturation dans le mod\u00e8le \u00e9conomique des entreprises, g\u00e9n\u00e9rant un double avantage : r\u00e9duire les d\u00e9chets produits tout en minimisant l&rsquo;impact environnemental.<\/p>\n<p>La r\u00e9duction de la TVA sur la r\u00e9paration des chaussures, articles en cuir, textiles et v\u00e9los constitue une incitation pour les consommateurs \u00e0 choisir la r\u00e9paration plut\u00f4t que le remplacement, favorisant ainsi l&rsquo;\u00e9tablissement d&rsquo;un mod\u00e8le \u00e9conomique plus durable en France.<\/p>\n","protected":false},"excerpt":{"rendered":"<p>Il y a quelques semaines, l\u2019Assembl\u00e9e nationale a adopt\u00e9 une mesure visant \u00e0 r\u00e9duire la TVA sur la r\u00e9paration de produits tels que les chaussures, les articles en cuir, les textiles et les v\u00e9los, dans le but de promouvoir l&rsquo;\u00e9conomie circulaire en France. Cette d\u00e9cision permettra de faire passer le taux de TVA appliqu\u00e9 \u00e0 [&hellip;]<\/p>\n","protected":false},"author":4903,"featured_media":43334,"parent":0,"template":"","meta":{"_acf_changed":false,"content-type":"","_monsterinsights_skip_tracking":false,"_monsterinsights_sitenote_active":false,"_monsterinsights_sitenote_note":"","_monsterinsights_sitenote_category":0},"class_list":["post-43336","noticia-proyecto","type-noticia-proyecto","status-publish","has-post-thumbnail","hentry"],"acf":[],"yoast_head":"<!-- This site is optimized with the Yoast SEO plugin v27.4 - https:\/\/yoast.com\/product\/yoast-seo-wordpress\/ -->\n<title>La France favorise la durabilit\u00e9 gr\u00e2ce \u00e0 la r\u00e9duction de la TVA sur la r\u00e9paration des chaussures et de la maroquinerie - Interreg Sudoe<\/title>\n<meta name=\"robots\" content=\"index, follow, max-snippet:-1, max-image-preview:large, max-video-preview:-1\" \/>\n<link rel=\"canonical\" href=\"https:\/\/interreg-sudoe.eu\/fr\/noticia-proyecto\/la-france-favorise-la-durabilite-grace-a-la-reduction-de-la-tva-sur-la-reparation-des-chaussures-et-de-la-maroquinerie\/\" \/>\n<meta property=\"og:locale\" content=\"fr_FR\" \/>\n<meta property=\"og:type\" content=\"article\" \/>\n<meta property=\"og:title\" content=\"La France favorise la durabilit\u00e9 gr\u00e2ce \u00e0 la r\u00e9duction de la TVA sur la r\u00e9paration des chaussures et de la maroquinerie - Interreg Sudoe\" \/>\n<meta property=\"og:description\" content=\"Il y a quelques semaines, l\u2019Assembl\u00e9e nationale a adopt\u00e9 une mesure visant \u00e0 r\u00e9duire la TVA sur la r\u00e9paration de produits tels que les chaussures, les articles en cuir, les textiles et les v\u00e9los, dans le but de promouvoir l&rsquo;\u00e9conomie circulaire en France. Cette d\u00e9cision permettra de faire passer le taux de TVA appliqu\u00e9 \u00e0 [&hellip;]\" \/>\n<meta property=\"og:url\" content=\"https:\/\/interreg-sudoe.eu\/fr\/noticia-proyecto\/la-france-favorise-la-durabilite-grace-a-la-reduction-de-la-tva-sur-la-reparation-des-chaussures-et-de-la-maroquinerie\/\" \/>\n<meta property=\"og:site_name\" content=\"Interreg Sudoe\" \/>\n<meta property=\"article:publisher\" content=\"https:\/\/www.facebook.com\/interregsudoe\" \/>\n<meta property=\"article:modified_time\" content=\"2026-02-16T15:44:49+00:00\" \/>\n<meta property=\"og:image\" content=\"https:\/\/interreg-sudoe.eu\/wp-content\/uploads\/2024\/12\/Diseno-sin-titulo-8.png\" \/>\n\t<meta property=\"og:image:width\" content=\"1080\" \/>\n\t<meta property=\"og:image:height\" content=\"1080\" \/>\n\t<meta property=\"og:image:type\" content=\"image\/png\" \/>\n<meta name=\"twitter:card\" content=\"summary_large_image\" \/>\n<meta name=\"twitter:site\" content=\"@Sudoe5\" \/>\n<meta name=\"twitter:label1\" content=\"Dur\u00e9e de lecture estim\u00e9e\" \/>\n\t<meta name=\"twitter:data1\" content=\"2 minutes\" \/>\n<script type=\"application\/ld+json\" class=\"yoast-schema-graph\">{\"@context\":\"https:\\\/\\\/schema.org\",\"@graph\":[{\"@type\":\"WebPage\",\"@id\":\"https:\\\/\\\/interreg-sudoe.eu\\\/fr\\\/noticia-proyecto\\\/la-france-favorise-la-durabilite-grace-a-la-reduction-de-la-tva-sur-la-reparation-des-chaussures-et-de-la-maroquinerie\\\/\",\"url\":\"https:\\\/\\\/interreg-sudoe.eu\\\/fr\\\/noticia-proyecto\\\/la-france-favorise-la-durabilite-grace-a-la-reduction-de-la-tva-sur-la-reparation-des-chaussures-et-de-la-maroquinerie\\\/\",\"name\":\"La France favorise la durabilit\u00e9 gr\u00e2ce \u00e0 la r\u00e9duction de la TVA sur la r\u00e9paration des chaussures et de la maroquinerie - Interreg Sudoe\",\"isPartOf\":{\"@id\":\"https:\\\/\\\/interreg-sudoe.eu\\\/fr\\\/#website\"},\"primaryImageOfPage\":{\"@id\":\"https:\\\/\\\/interreg-sudoe.eu\\\/fr\\\/noticia-proyecto\\\/la-france-favorise-la-durabilite-grace-a-la-reduction-de-la-tva-sur-la-reparation-des-chaussures-et-de-la-maroquinerie\\\/#primaryimage\"},\"image\":{\"@id\":\"https:\\\/\\\/interreg-sudoe.eu\\\/fr\\\/noticia-proyecto\\\/la-france-favorise-la-durabilite-grace-a-la-reduction-de-la-tva-sur-la-reparation-des-chaussures-et-de-la-maroquinerie\\\/#primaryimage\"},\"thumbnailUrl\":\"https:\\\/\\\/interreg-sudoe.eu\\\/wp-content\\\/uploads\\\/2024\\\/12\\\/Diseno-sin-titulo-8.png\",\"datePublished\":\"2024-12-05T13:53:58+00:00\",\"dateModified\":\"2026-02-16T15:44:49+00:00\",\"breadcrumb\":{\"@id\":\"https:\\\/\\\/interreg-sudoe.eu\\\/fr\\\/noticia-proyecto\\\/la-france-favorise-la-durabilite-grace-a-la-reduction-de-la-tva-sur-la-reparation-des-chaussures-et-de-la-maroquinerie\\\/#breadcrumb\"},\"inLanguage\":\"fr-FR\",\"potentialAction\":[{\"@type\":\"ReadAction\",\"target\":[\"https:\\\/\\\/interreg-sudoe.eu\\\/fr\\\/noticia-proyecto\\\/la-france-favorise-la-durabilite-grace-a-la-reduction-de-la-tva-sur-la-reparation-des-chaussures-et-de-la-maroquinerie\\\/\"]}]},{\"@type\":\"ImageObject\",\"inLanguage\":\"fr-FR\",\"@id\":\"https:\\\/\\\/interreg-sudoe.eu\\\/fr\\\/noticia-proyecto\\\/la-france-favorise-la-durabilite-grace-a-la-reduction-de-la-tva-sur-la-reparation-des-chaussures-et-de-la-maroquinerie\\\/#primaryimage\",\"url\":\"https:\\\/\\\/interreg-sudoe.eu\\\/wp-content\\\/uploads\\\/2024\\\/12\\\/Diseno-sin-titulo-8.png\",\"contentUrl\":\"https:\\\/\\\/interreg-sudoe.eu\\\/wp-content\\\/uploads\\\/2024\\\/12\\\/Diseno-sin-titulo-8.png\",\"width\":1080,\"height\":1080},{\"@type\":\"BreadcrumbList\",\"@id\":\"https:\\\/\\\/interreg-sudoe.eu\\\/fr\\\/noticia-proyecto\\\/la-france-favorise-la-durabilite-grace-a-la-reduction-de-la-tva-sur-la-reparation-des-chaussures-et-de-la-maroquinerie\\\/#breadcrumb\",\"itemListElement\":[{\"@type\":\"ListItem\",\"position\":1,\"name\":\"Home\",\"item\":\"https:\\\/\\\/interreg-sudoe.eu\\\/fr\\\/\"},{\"@type\":\"ListItem\",\"position\":2,\"name\":\"La France favorise la durabilit\u00e9 gr\u00e2ce \u00e0 la r\u00e9duction de la TVA sur la r\u00e9paration des chaussures et de la maroquinerie\"}]},{\"@type\":\"WebSite\",\"@id\":\"https:\\\/\\\/interreg-sudoe.eu\\\/fr\\\/#website\",\"url\":\"https:\\\/\\\/interreg-sudoe.eu\\\/fr\\\/\",\"name\":\"Interreg Sudoe\",\"description\":\"Interreg Sudoe\",\"publisher\":{\"@id\":\"https:\\\/\\\/interreg-sudoe.eu\\\/fr\\\/#organization\"},\"alternateName\":\"Interreg Sudoe\",\"potentialAction\":[{\"@type\":\"SearchAction\",\"target\":{\"@type\":\"EntryPoint\",\"urlTemplate\":\"https:\\\/\\\/interreg-sudoe.eu\\\/fr\\\/?s={search_term_string}\"},\"query-input\":{\"@type\":\"PropertyValueSpecification\",\"valueRequired\":true,\"valueName\":\"search_term_string\"}}],\"inLanguage\":\"fr-FR\"},{\"@type\":\"Organization\",\"@id\":\"https:\\\/\\\/interreg-sudoe.eu\\\/fr\\\/#organization\",\"name\":\"Interreg Sudoe\",\"alternateName\":\"Interreg Sudoe\",\"url\":\"https:\\\/\\\/interreg-sudoe.eu\\\/fr\\\/\",\"logo\":{\"@type\":\"ImageObject\",\"inLanguage\":\"fr-FR\",\"@id\":\"https:\\\/\\\/interreg-sudoe.eu\\\/fr\\\/#\\\/schema\\\/logo\\\/image\\\/\",\"url\":\"https:\\\/\\\/interreg-sudoe.eu\\\/wp-content\\\/uploads\\\/2024\\\/03\\\/logo-interreg.png\",\"contentUrl\":\"https:\\\/\\\/interreg-sudoe.eu\\\/wp-content\\\/uploads\\\/2024\\\/03\\\/logo-interreg.png\",\"width\":1200,\"height\":675,\"caption\":\"Interreg Sudoe\"},\"image\":{\"@id\":\"https:\\\/\\\/interreg-sudoe.eu\\\/fr\\\/#\\\/schema\\\/logo\\\/image\\\/\"},\"sameAs\":[\"https:\\\/\\\/www.facebook.com\\\/interregsudoe\",\"https:\\\/\\\/x.com\\\/Sudoe5\",\"https:\\\/\\\/www.youtube.com\\\/channel\\\/UCeGx2edoB32beRc9dbKA2vw\",\"https:\\\/\\\/www.linkedin.com\\\/company\\\/interreg-sudoe-programme\\\/\",\"https:\\\/\\\/www.flickr.com\\\/photos\\\/148704685@N06\\\/\"]}]}<\/script>\n<!-- \/ Yoast SEO plugin. -->","yoast_head_json":{"title":"La France favorise la durabilit\u00e9 gr\u00e2ce \u00e0 la r\u00e9duction de la TVA sur la r\u00e9paration des chaussures et de la maroquinerie - Interreg Sudoe","robots":{"index":"index","follow":"follow","max-snippet":"max-snippet:-1","max-image-preview":"max-image-preview:large","max-video-preview":"max-video-preview:-1"},"canonical":"https:\/\/interreg-sudoe.eu\/fr\/noticia-proyecto\/la-france-favorise-la-durabilite-grace-a-la-reduction-de-la-tva-sur-la-reparation-des-chaussures-et-de-la-maroquinerie\/","og_locale":"fr_FR","og_type":"article","og_title":"La France favorise la durabilit\u00e9 gr\u00e2ce \u00e0 la r\u00e9duction de la TVA sur la r\u00e9paration des chaussures et de la maroquinerie - Interreg Sudoe","og_description":"Il y a quelques semaines, l\u2019Assembl\u00e9e nationale a adopt\u00e9 une mesure visant \u00e0 r\u00e9duire la TVA sur la r\u00e9paration de produits tels que les chaussures, les articles en cuir, les textiles et les v\u00e9los, dans le but de promouvoir l&rsquo;\u00e9conomie circulaire en France. Cette d\u00e9cision permettra de faire passer le taux de TVA appliqu\u00e9 \u00e0 [&hellip;]","og_url":"https:\/\/interreg-sudoe.eu\/fr\/noticia-proyecto\/la-france-favorise-la-durabilite-grace-a-la-reduction-de-la-tva-sur-la-reparation-des-chaussures-et-de-la-maroquinerie\/","og_site_name":"Interreg Sudoe","article_publisher":"https:\/\/www.facebook.com\/interregsudoe","article_modified_time":"2026-02-16T15:44:49+00:00","og_image":[{"width":1080,"height":1080,"url":"https:\/\/interreg-sudoe.eu\/wp-content\/uploads\/2024\/12\/Diseno-sin-titulo-8.png","type":"image\/png"}],"twitter_card":"summary_large_image","twitter_site":"@Sudoe5","twitter_misc":{"Dur\u00e9e de lecture estim\u00e9e":"2 minutes"},"schema":{"@context":"https:\/\/schema.org","@graph":[{"@type":"WebPage","@id":"https:\/\/interreg-sudoe.eu\/fr\/noticia-proyecto\/la-france-favorise-la-durabilite-grace-a-la-reduction-de-la-tva-sur-la-reparation-des-chaussures-et-de-la-maroquinerie\/","url":"https:\/\/interreg-sudoe.eu\/fr\/noticia-proyecto\/la-france-favorise-la-durabilite-grace-a-la-reduction-de-la-tva-sur-la-reparation-des-chaussures-et-de-la-maroquinerie\/","name":"La France favorise la durabilit\u00e9 gr\u00e2ce \u00e0 la r\u00e9duction de la TVA sur la r\u00e9paration des chaussures et de la maroquinerie - Interreg Sudoe","isPartOf":{"@id":"https:\/\/interreg-sudoe.eu\/fr\/#website"},"primaryImageOfPage":{"@id":"https:\/\/interreg-sudoe.eu\/fr\/noticia-proyecto\/la-france-favorise-la-durabilite-grace-a-la-reduction-de-la-tva-sur-la-reparation-des-chaussures-et-de-la-maroquinerie\/#primaryimage"},"image":{"@id":"https:\/\/interreg-sudoe.eu\/fr\/noticia-proyecto\/la-france-favorise-la-durabilite-grace-a-la-reduction-de-la-tva-sur-la-reparation-des-chaussures-et-de-la-maroquinerie\/#primaryimage"},"thumbnailUrl":"https:\/\/interreg-sudoe.eu\/wp-content\/uploads\/2024\/12\/Diseno-sin-titulo-8.png","datePublished":"2024-12-05T13:53:58+00:00","dateModified":"2026-02-16T15:44:49+00:00","breadcrumb":{"@id":"https:\/\/interreg-sudoe.eu\/fr\/noticia-proyecto\/la-france-favorise-la-durabilite-grace-a-la-reduction-de-la-tva-sur-la-reparation-des-chaussures-et-de-la-maroquinerie\/#breadcrumb"},"inLanguage":"fr-FR","potentialAction":[{"@type":"ReadAction","target":["https:\/\/interreg-sudoe.eu\/fr\/noticia-proyecto\/la-france-favorise-la-durabilite-grace-a-la-reduction-de-la-tva-sur-la-reparation-des-chaussures-et-de-la-maroquinerie\/"]}]},{"@type":"ImageObject","inLanguage":"fr-FR","@id":"https:\/\/interreg-sudoe.eu\/fr\/noticia-proyecto\/la-france-favorise-la-durabilite-grace-a-la-reduction-de-la-tva-sur-la-reparation-des-chaussures-et-de-la-maroquinerie\/#primaryimage","url":"https:\/\/interreg-sudoe.eu\/wp-content\/uploads\/2024\/12\/Diseno-sin-titulo-8.png","contentUrl":"https:\/\/interreg-sudoe.eu\/wp-content\/uploads\/2024\/12\/Diseno-sin-titulo-8.png","width":1080,"height":1080},{"@type":"BreadcrumbList","@id":"https:\/\/interreg-sudoe.eu\/fr\/noticia-proyecto\/la-france-favorise-la-durabilite-grace-a-la-reduction-de-la-tva-sur-la-reparation-des-chaussures-et-de-la-maroquinerie\/#breadcrumb","itemListElement":[{"@type":"ListItem","position":1,"name":"Home","item":"https:\/\/interreg-sudoe.eu\/fr\/"},{"@type":"ListItem","position":2,"name":"La France favorise la durabilit\u00e9 gr\u00e2ce \u00e0 la r\u00e9duction de la TVA sur la r\u00e9paration des chaussures et de la maroquinerie"}]},{"@type":"WebSite","@id":"https:\/\/interreg-sudoe.eu\/fr\/#website","url":"https:\/\/interreg-sudoe.eu\/fr\/","name":"Interreg Sudoe","description":"Interreg Sudoe","publisher":{"@id":"https:\/\/interreg-sudoe.eu\/fr\/#organization"},"alternateName":"Interreg Sudoe","potentialAction":[{"@type":"SearchAction","target":{"@type":"EntryPoint","urlTemplate":"https:\/\/interreg-sudoe.eu\/fr\/?s={search_term_string}"},"query-input":{"@type":"PropertyValueSpecification","valueRequired":true,"valueName":"search_term_string"}}],"inLanguage":"fr-FR"},{"@type":"Organization","@id":"https:\/\/interreg-sudoe.eu\/fr\/#organization","name":"Interreg Sudoe","alternateName":"Interreg Sudoe","url":"https:\/\/interreg-sudoe.eu\/fr\/","logo":{"@type":"ImageObject","inLanguage":"fr-FR","@id":"https:\/\/interreg-sudoe.eu\/fr\/#\/schema\/logo\/image\/","url":"https:\/\/interreg-sudoe.eu\/wp-content\/uploads\/2024\/03\/logo-interreg.png","contentUrl":"https:\/\/interreg-sudoe.eu\/wp-content\/uploads\/2024\/03\/logo-interreg.png","width":1200,"height":675,"caption":"Interreg Sudoe"},"image":{"@id":"https:\/\/interreg-sudoe.eu\/fr\/#\/schema\/logo\/image\/"},"sameAs":["https:\/\/www.facebook.com\/interregsudoe","https:\/\/x.com\/Sudoe5","https:\/\/www.youtube.com\/channel\/UCeGx2edoB32beRc9dbKA2vw","https:\/\/www.linkedin.com\/company\/interreg-sudoe-programme\/","https:\/\/www.flickr.com\/photos\/148704685@N06\/"]}]}},"_links":{"self":[{"href":"https:\/\/interreg-sudoe.eu\/fr\/wp-json\/wp\/v2\/noticia-proyecto\/43336","targetHints":{"allow":["GET"]}}],"collection":[{"href":"https:\/\/interreg-sudoe.eu\/fr\/wp-json\/wp\/v2\/noticia-proyecto"}],"about":[{"href":"https:\/\/interreg-sudoe.eu\/fr\/wp-json\/wp\/v2\/types\/noticia-proyecto"}],"author":[{"embeddable":true,"href":"https:\/\/interreg-sudoe.eu\/fr\/wp-json\/wp\/v2\/users\/4903"}],"wp:featuredmedia":[{"embeddable":true,"href":"https:\/\/interreg-sudoe.eu\/fr\/wp-json\/wp\/v2\/media\/43334"}],"wp:attachment":[{"href":"https:\/\/interreg-sudoe.eu\/fr\/wp-json\/wp\/v2\/media?parent=43336"}],"curies":[{"name":"wp","href":"https:\/\/api.w.org\/{rel}","templated":true}]}}