{"id":43402,"date":"2024-12-09T14:21:48","date_gmt":"2024-12-09T13:21:48","guid":{"rendered":"https:\/\/interreg-sudoe.eu\/?post_type=noticia-proyecto&#038;p=43402"},"modified":"2026-02-16T11:41:13","modified_gmt":"2026-02-16T10:41:13","slug":"presentation-publique-au-portugal-du-projet-europeen-predisc-lors-de-la-iiie-rencontre-de-recherche-clinique-de-lulsbm","status":"publish","type":"noticia-proyecto","link":"https:\/\/interreg-sudoe.eu\/fr\/noticia-proyecto\/presentation-publique-au-portugal-du-projet-europeen-predisc-lors-de-la-iiie-rencontre-de-recherche-clinique-de-lulsbm\/","title":{"rendered":"Pr\u00e9sentation publique au Portugal du projet europ\u00e9en \u00ab\u00a0PreDisc\u00a0\u00bb lors de la IIIe rencontre de recherche clinique de l\u2019ULSBM"},"content":{"rendered":"<p><strong>\u2022 Le 26\u00a0novembre dernier, le Centre de Recherche Clinique de l\u2019ULS Baixo Mondego a organis\u00e9 la IIIe Rencontre de Recherche Clinique 2024, sous le th\u00e8me \u00ab\u00a0Recherche Clinique sur le Vieillissement\u00a0: D\u00e9fis et Opportunit\u00e9s pour l\u2019Avenir\u00a0\u00bb. L\u2019\u00e9v\u00e9nement s\u2019est d\u00e9roul\u00e9 dans l\u2019Auditorium de l\u2019H\u00f4pital du District de Figueira da Foz (HDFF).<\/strong><\/p>\n<p>La rencontre a \u00e9t\u00e9 marqu\u00e9e par la premi\u00e8re pr\u00e9sentation publique au Portugal du projet europ\u00e9en \u00ab\u00a0PreDisc\u00a0: mod\u00e8le innovant pour la pr\u00e9vention de la d\u00e9pendance chez les personnes \u00e2g\u00e9es\u00a0: de l\u2019h\u00f4pital aux zones rurales\u00a0\u00bb. Ce projet vise \u00e0 pr\u00e9venir la d\u00e9pendance et la fragilit\u00e9 chez les personnes \u00e2g\u00e9es hospitalis\u00e9es, en favorisant l\u2019activit\u00e9 physique r\u00e9guli\u00e8re pendant et apr\u00e8s les p\u00e9riodes d\u2019hospitalisation. Ceci est r\u00e9alis\u00e9 par la prescription d\u2019un programme personnalis\u00e9, \u00e0 plusieurs composantes, pendant l\u2019hospitalisation et sa poursuite apr\u00e8s la sortie, gr\u00e2ce au nouveau mod\u00e8le de transition et d\u2019accompagnement par les Soins de Sant\u00e9 Primaires et au d\u00e9veloppement d\u2019un outil innovant d\u2019e-caud. Le projet comprend une \u00e9tude clinique multicentrique pour g\u00e9n\u00e9rer des preuves scientifiques et promouvoir l\u2019int\u00e9gration de ces programmes dans la pratique clinique.<\/p>\n<p>Le consortium du projet est dirig\u00e9 par le centre de recherche biom\u00e9dicale Navarrabiomed, Navarre, Espagne, cofinanc\u00e9 par le programme Interreg Sudoe du Fonds europ\u00e9en de d\u00e9veloppement r\u00e9gional (FEDER).<\/p>\n<p><img fetchpriority=\"high\" decoding=\"async\" class=\"alignnone size-medium wp-image-43383\" src=\"https:\/\/interreg-sudoe.eu\/wp-content\/uploads\/2024\/12\/WhatsApp-Image-2024-11-26-at-20.13.32-300x225.jpeg\" alt=\"\" width=\"300\" height=\"225\" srcset=\"https:\/\/interreg-sudoe.eu\/wp-content\/uploads\/2024\/12\/WhatsApp-Image-2024-11-26-at-20.13.32-300x225.jpeg 300w, https:\/\/interreg-sudoe.eu\/wp-content\/uploads\/2024\/12\/WhatsApp-Image-2024-11-26-at-20.13.32-1024x768.jpeg 1024w, https:\/\/interreg-sudoe.eu\/wp-content\/uploads\/2024\/12\/WhatsApp-Image-2024-11-26-at-20.13.32-768x576.jpeg 768w, https:\/\/interreg-sudoe.eu\/wp-content\/uploads\/2024\/12\/WhatsApp-Image-2024-11-26-at-20.13.32-1536x1152.jpeg 1536w, https:\/\/interreg-sudoe.eu\/wp-content\/uploads\/2024\/12\/WhatsApp-Image-2024-11-26-at-20.13.32.jpeg 2048w\" sizes=\"(max-width: 300px) 100vw, 300px\" \/>\u00a0 <img decoding=\"async\" class=\"alignnone size-medium wp-image-43381\" src=\"https:\/\/interreg-sudoe.eu\/wp-content\/uploads\/2024\/12\/WhatsApp-Image-2024-11-26-at-20.14.25-1-300x225.jpeg\" alt=\"\" width=\"300\" height=\"225\" srcset=\"https:\/\/interreg-sudoe.eu\/wp-content\/uploads\/2024\/12\/WhatsApp-Image-2024-11-26-at-20.14.25-1-300x225.jpeg 300w, https:\/\/interreg-sudoe.eu\/wp-content\/uploads\/2024\/12\/WhatsApp-Image-2024-11-26-at-20.14.25-1-1024x768.jpeg 1024w, https:\/\/interreg-sudoe.eu\/wp-content\/uploads\/2024\/12\/WhatsApp-Image-2024-11-26-at-20.14.25-1-768x576.jpeg 768w, https:\/\/interreg-sudoe.eu\/wp-content\/uploads\/2024\/12\/WhatsApp-Image-2024-11-26-at-20.14.25-1-1536x1152.jpeg 1536w, https:\/\/interreg-sudoe.eu\/wp-content\/uploads\/2024\/12\/WhatsApp-Image-2024-11-26-at-20.14.25-1.jpeg 2048w\" sizes=\"(max-width: 300px) 100vw, 300px\" \/> \u00a0<img decoding=\"async\" class=\"alignnone size-medium wp-image-43384\" src=\"https:\/\/interreg-sudoe.eu\/wp-content\/uploads\/2024\/12\/WhatsApp-Image-2024-11-26-at-20.16.10-300x225.jpeg\" alt=\"\" width=\"300\" height=\"225\" srcset=\"https:\/\/interreg-sudoe.eu\/wp-content\/uploads\/2024\/12\/WhatsApp-Image-2024-11-26-at-20.16.10-300x225.jpeg 300w, https:\/\/interreg-sudoe.eu\/wp-content\/uploads\/2024\/12\/WhatsApp-Image-2024-11-26-at-20.16.10-1024x768.jpeg 1024w, https:\/\/interreg-sudoe.eu\/wp-content\/uploads\/2024\/12\/WhatsApp-Image-2024-11-26-at-20.16.10-768x576.jpeg 768w, https:\/\/interreg-sudoe.eu\/wp-content\/uploads\/2024\/12\/WhatsApp-Image-2024-11-26-at-20.16.10-1536x1152.jpeg 1536w, https:\/\/interreg-sudoe.eu\/wp-content\/uploads\/2024\/12\/WhatsApp-Image-2024-11-26-at-20.16.10.jpeg 2048w\" sizes=\"(max-width: 300px) 100vw, 300px\" \/><\/p>\n<p>L\u2019\u00e9v\u00e9nement, qui a compt\u00e9 70 participants, la capacit\u00e9 maximale de l\u2019auditoire de l\u2019unit\u00e9 hospitali\u00e8re, a rassembl\u00e9 plusieurs experts nationaux et internationaux pour discuter des derni\u00e8res avanc\u00e9es dans les politiques publiques, les soins de sant\u00e9, les communaut\u00e9s, la recherche clinique et le vieillissement, a pour objectif de sensibiliser les politiciens, les professionnels de la sant\u00e9 et la soci\u00e9t\u00e9 en g\u00e9n\u00e9ral aux d\u00e9fis pos\u00e9s par le vieillissement d\u00e9mographique, l\u2019un des principaux th\u00e8mes d\u2019actualit\u00e9. En outre, l\u2019initiative a cherch\u00e9 \u00e0 inspirer et \u00e0 habiliter les participants \u00e0 devenir des agents actifs dans la promotion d\u2019un vieillissement plus actif et plus sain.<\/p>\n<p>Avec un programme diversifi\u00e9 et dynamique, la IIIe Rencontre de Recherche Clinique 2024 a renforc\u00e9 l\u2019engagement de l\u2019ULS Baixo Mondego dans la recherche clinique en sant\u00e9 et les collaborations europ\u00e9ennes, en contribuant \u00e0 des solutions efficaces qui r\u00e9pondent aux besoins d\u2019une population vieillissante.<\/p>\n<p>Au cours de l\u2019\u00e9v\u00e9nement, le m\u00e9decin interne d\u2019orthop\u00e9die, Dr. Emanuel Cortes\u00e3o de Sei\u00e7a, a re\u00e7u le prix de recherche \u00ab\u00a0Professor Doutor Manuel Ver\u00edssimo\u00a0\u00bb 2024.<\/p>\n<p><strong>ULSBM cr\u00e9e un gymnase au Service de M\u00e9decine pour pr\u00e9venir la d\u00e9t\u00e9rioration fonctionnelle et cognitive des personnes \u00e2g\u00e9es hospitalis\u00e9es<\/strong><\/p>\n<p>Dans le cadre du projet europ\u00e9en PreDisc, un gymnase sera inaugur\u00e9 au premier trimestre de 2025 au service de m\u00e9decine interne de l\u2019h\u00f4pital du district de Figueira da Foz (HDFF), de l\u2019unit\u00e9 locale de sant\u00e9 du bas Mondego (ULSBM). Il est pr\u00e9vu de mettre en \u0153uvre des mod\u00e8les de soins diff\u00e9rents de ceux traditionnels et vise \u00e0 pr\u00e9venir la d\u00e9t\u00e9rioration fonctionnelle et cognitive des personnes \u00e2g\u00e9es hospitalis\u00e9es, gr\u00e2ce \u00e0 un programme d\u2019exercices physiques multicomposants. La cr\u00e9ation de ce nouveau gymnase a pour objectifs principaux:<\/p>\n<ul>\n<li>Modifier le mod\u00e8le actuel d\u2019hospitalisation et de traitement ambulatoire des patients \u00e2g\u00e9s<\/li>\n<li>Promouvoir des pratiques innovantes qui int\u00e8grent l\u2019exercice physique comme partie essentielle de la r\u00e9cup\u00e9ration hospitali\u00e8re;<\/li>\n<li>Int\u00e9grer le programme d\u2019activit\u00e9 physique personnalis\u00e9 VIVIFRAIL (www.vivifrail.com) dans la pratique clinique r\u00e9guli\u00e8re, en r\u00e9pondant aux besoins sp\u00e9cifiques de chaque patient \u00e2g\u00e9 hospitalis\u00e9 ;<\/li>\n<li>D\u00e9velopper un mod\u00e8le de transition efficace entre l\u2019h\u00f4pital et les soins primaires ;<\/li>\n<li>Assurer la continuit\u00e9 des soins apr\u00e8s la sortie de l\u2019h\u00f4pital, en favorisant une r\u00e9cup\u00e9ration durable avec des interventions communautaires et dans les zones rurales pour favoriser le vieillissement actif et sain, \u00e9vitant ainsi les r\u00e9currences d\u2019hospitalisations.<\/li>\n<li>Cette initiative fait partie d\u2019une \u00e9tude clinique internationale, randomis\u00e9e et multicentrique, avec des interventions visant \u00e0 promouvoir le vieillissement actif et la pr\u00e9vention de la d\u00e9pendance chez les populations \u00e2g\u00e9es.<\/li>\n<\/ul>\n<p>En favorisant les pratiques qui pr\u00e9viennent la d\u00e9pendance et favorisent le vieillissement actif, PreDisc cherche \u00e9galement \u00e0 renforcer les syst\u00e8mes de sant\u00e9 en adoptant des approches innovantes pour r\u00e9pondre aux exigences croissantes d\u2019une population vieillissante.<\/p>\n","protected":false},"excerpt":{"rendered":"<p>No passado dia 26 de novembro, o Centro de Investiga\u00e7\u00e3o Cl\u00ednica da ULS Baixo Mondego promoveu o III Encontro de Investiga\u00e7\u00e3o Cl\u00ednica 2024, subordinado ao tema \u201cInvestiga\u00e7\u00e3o Cl\u00ednica no Envelhecimento: Desafios e Oportunidades para o Futuro\u201d. O evento decorreu no Audit\u00f3rio do Hospital Distrital da Figueira da Foz (HDFF).<\/p>\n","protected":false},"author":4918,"featured_media":43380,"parent":0,"template":"","meta":{"_acf_changed":false,"content-type":"","_monsterinsights_skip_tracking":false,"_monsterinsights_sitenote_active":false,"_monsterinsights_sitenote_note":"","_monsterinsights_sitenote_category":0},"class_list":["post-43402","noticia-proyecto","type-noticia-proyecto","status-publish","has-post-thumbnail","hentry"],"acf":[],"yoast_head":"<!-- This site is optimized with the Yoast SEO plugin v27.4 - https:\/\/yoast.com\/product\/yoast-seo-wordpress\/ -->\n<title>Pr\u00e9sentation publique au Portugal du projet europ\u00e9en &quot;PreDisc&quot; lors de la IIIe rencontre de recherche clinique de l\u2019ULSBM - Interreg Sudoe<\/title>\n<meta name=\"robots\" content=\"index, follow, max-snippet:-1, max-image-preview:large, max-video-preview:-1\" \/>\n<link rel=\"canonical\" href=\"https:\/\/interreg-sudoe.eu\/fr\/noticia-proyecto\/presentation-publique-au-portugal-du-projet-europeen-predisc-lors-de-la-iiie-rencontre-de-recherche-clinique-de-lulsbm\/\" \/>\n<meta property=\"og:locale\" content=\"fr_FR\" \/>\n<meta property=\"og:type\" content=\"article\" \/>\n<meta property=\"og:title\" content=\"Pr\u00e9sentation publique au Portugal du projet europ\u00e9en &quot;PreDisc&quot; lors de la IIIe rencontre de recherche clinique de l\u2019ULSBM - Interreg Sudoe\" \/>\n<meta property=\"og:description\" content=\"No passado dia 26 de novembro, o Centro de Investiga\u00e7\u00e3o Cl\u00ednica da ULS Baixo Mondego promoveu o III Encontro de Investiga\u00e7\u00e3o Cl\u00ednica 2024, subordinado ao tema \u201cInvestiga\u00e7\u00e3o Cl\u00ednica no Envelhecimento: Desafios e Oportunidades para o Futuro\u201d. O evento decorreu no Audit\u00f3rio do Hospital Distrital da Figueira da Foz (HDFF).\" \/>\n<meta property=\"og:url\" content=\"https:\/\/interreg-sudoe.eu\/fr\/noticia-proyecto\/presentation-publique-au-portugal-du-projet-europeen-predisc-lors-de-la-iiie-rencontre-de-recherche-clinique-de-lulsbm\/\" \/>\n<meta property=\"og:site_name\" content=\"Interreg Sudoe\" \/>\n<meta property=\"article:publisher\" content=\"https:\/\/www.facebook.com\/interregsudoe\" \/>\n<meta property=\"article:modified_time\" content=\"2026-02-16T10:41:13+00:00\" \/>\n<meta property=\"og:image\" content=\"https:\/\/interreg-sudoe.eu\/wp-content\/uploads\/2024\/12\/WhatsApp-Image-2024-11-26-at-20.14.22.jpeg\" \/>\n\t<meta property=\"og:image:width\" content=\"2048\" \/>\n\t<meta property=\"og:image:height\" content=\"1536\" \/>\n\t<meta property=\"og:image:type\" content=\"image\/jpeg\" \/>\n<meta name=\"twitter:card\" content=\"summary_large_image\" \/>\n<meta name=\"twitter:site\" content=\"@Sudoe5\" \/>\n<meta name=\"twitter:label1\" content=\"Dur\u00e9e de lecture estim\u00e9e\" \/>\n\t<meta name=\"twitter:data1\" content=\"4 minutes\" \/>\n<script type=\"application\/ld+json\" class=\"yoast-schema-graph\">{\"@context\":\"https:\\\/\\\/schema.org\",\"@graph\":[{\"@type\":\"WebPage\",\"@id\":\"https:\\\/\\\/interreg-sudoe.eu\\\/fr\\\/noticia-proyecto\\\/presentation-publique-au-portugal-du-projet-europeen-predisc-lors-de-la-iiie-rencontre-de-recherche-clinique-de-lulsbm\\\/\",\"url\":\"https:\\\/\\\/interreg-sudoe.eu\\\/fr\\\/noticia-proyecto\\\/presentation-publique-au-portugal-du-projet-europeen-predisc-lors-de-la-iiie-rencontre-de-recherche-clinique-de-lulsbm\\\/\",\"name\":\"Pr\u00e9sentation publique au Portugal du projet europ\u00e9en \\\"PreDisc\\\" lors de la IIIe rencontre de recherche clinique de l\u2019ULSBM - Interreg Sudoe\",\"isPartOf\":{\"@id\":\"https:\\\/\\\/interreg-sudoe.eu\\\/fr\\\/#website\"},\"primaryImageOfPage\":{\"@id\":\"https:\\\/\\\/interreg-sudoe.eu\\\/fr\\\/noticia-proyecto\\\/presentation-publique-au-portugal-du-projet-europeen-predisc-lors-de-la-iiie-rencontre-de-recherche-clinique-de-lulsbm\\\/#primaryimage\"},\"image\":{\"@id\":\"https:\\\/\\\/interreg-sudoe.eu\\\/fr\\\/noticia-proyecto\\\/presentation-publique-au-portugal-du-projet-europeen-predisc-lors-de-la-iiie-rencontre-de-recherche-clinique-de-lulsbm\\\/#primaryimage\"},\"thumbnailUrl\":\"https:\\\/\\\/interreg-sudoe.eu\\\/wp-content\\\/uploads\\\/2024\\\/12\\\/WhatsApp-Image-2024-11-26-at-20.14.22.jpeg\",\"datePublished\":\"2024-12-09T13:21:48+00:00\",\"dateModified\":\"2026-02-16T10:41:13+00:00\",\"breadcrumb\":{\"@id\":\"https:\\\/\\\/interreg-sudoe.eu\\\/fr\\\/noticia-proyecto\\\/presentation-publique-au-portugal-du-projet-europeen-predisc-lors-de-la-iiie-rencontre-de-recherche-clinique-de-lulsbm\\\/#breadcrumb\"},\"inLanguage\":\"fr-FR\",\"potentialAction\":[{\"@type\":\"ReadAction\",\"target\":[\"https:\\\/\\\/interreg-sudoe.eu\\\/fr\\\/noticia-proyecto\\\/presentation-publique-au-portugal-du-projet-europeen-predisc-lors-de-la-iiie-rencontre-de-recherche-clinique-de-lulsbm\\\/\"]}]},{\"@type\":\"ImageObject\",\"inLanguage\":\"fr-FR\",\"@id\":\"https:\\\/\\\/interreg-sudoe.eu\\\/fr\\\/noticia-proyecto\\\/presentation-publique-au-portugal-du-projet-europeen-predisc-lors-de-la-iiie-rencontre-de-recherche-clinique-de-lulsbm\\\/#primaryimage\",\"url\":\"https:\\\/\\\/interreg-sudoe.eu\\\/wp-content\\\/uploads\\\/2024\\\/12\\\/WhatsApp-Image-2024-11-26-at-20.14.22.jpeg\",\"contentUrl\":\"https:\\\/\\\/interreg-sudoe.eu\\\/wp-content\\\/uploads\\\/2024\\\/12\\\/WhatsApp-Image-2024-11-26-at-20.14.22.jpeg\",\"width\":2048,\"height\":1536},{\"@type\":\"BreadcrumbList\",\"@id\":\"https:\\\/\\\/interreg-sudoe.eu\\\/fr\\\/noticia-proyecto\\\/presentation-publique-au-portugal-du-projet-europeen-predisc-lors-de-la-iiie-rencontre-de-recherche-clinique-de-lulsbm\\\/#breadcrumb\",\"itemListElement\":[{\"@type\":\"ListItem\",\"position\":1,\"name\":\"Home\",\"item\":\"https:\\\/\\\/interreg-sudoe.eu\\\/fr\\\/\"},{\"@type\":\"ListItem\",\"position\":2,\"name\":\"Pr\u00e9sentation publique au Portugal du projet europ\u00e9en \u00abPreDisc\u00bb lors de la IIIe rencontre de recherche clinique de l\u2019ULSBM\"}]},{\"@type\":\"WebSite\",\"@id\":\"https:\\\/\\\/interreg-sudoe.eu\\\/fr\\\/#website\",\"url\":\"https:\\\/\\\/interreg-sudoe.eu\\\/fr\\\/\",\"name\":\"Interreg Sudoe\",\"description\":\"Interreg Sudoe\",\"publisher\":{\"@id\":\"https:\\\/\\\/interreg-sudoe.eu\\\/fr\\\/#organization\"},\"alternateName\":\"Interreg Sudoe\",\"potentialAction\":[{\"@type\":\"SearchAction\",\"target\":{\"@type\":\"EntryPoint\",\"urlTemplate\":\"https:\\\/\\\/interreg-sudoe.eu\\\/fr\\\/?s={search_term_string}\"},\"query-input\":{\"@type\":\"PropertyValueSpecification\",\"valueRequired\":true,\"valueName\":\"search_term_string\"}}],\"inLanguage\":\"fr-FR\"},{\"@type\":\"Organization\",\"@id\":\"https:\\\/\\\/interreg-sudoe.eu\\\/fr\\\/#organization\",\"name\":\"Interreg Sudoe\",\"alternateName\":\"Interreg Sudoe\",\"url\":\"https:\\\/\\\/interreg-sudoe.eu\\\/fr\\\/\",\"logo\":{\"@type\":\"ImageObject\",\"inLanguage\":\"fr-FR\",\"@id\":\"https:\\\/\\\/interreg-sudoe.eu\\\/fr\\\/#\\\/schema\\\/logo\\\/image\\\/\",\"url\":\"https:\\\/\\\/interreg-sudoe.eu\\\/wp-content\\\/uploads\\\/2024\\\/03\\\/logo-interreg.png\",\"contentUrl\":\"https:\\\/\\\/interreg-sudoe.eu\\\/wp-content\\\/uploads\\\/2024\\\/03\\\/logo-interreg.png\",\"width\":1200,\"height\":675,\"caption\":\"Interreg Sudoe\"},\"image\":{\"@id\":\"https:\\\/\\\/interreg-sudoe.eu\\\/fr\\\/#\\\/schema\\\/logo\\\/image\\\/\"},\"sameAs\":[\"https:\\\/\\\/www.facebook.com\\\/interregsudoe\",\"https:\\\/\\\/x.com\\\/Sudoe5\",\"https:\\\/\\\/www.youtube.com\\\/channel\\\/UCeGx2edoB32beRc9dbKA2vw\",\"https:\\\/\\\/www.linkedin.com\\\/company\\\/interreg-sudoe-programme\\\/\",\"https:\\\/\\\/www.flickr.com\\\/photos\\\/148704685@N06\\\/\"]}]}<\/script>\n<!-- \/ Yoast SEO plugin. -->","yoast_head_json":{"title":"Pr\u00e9sentation publique au Portugal du projet europ\u00e9en \"PreDisc\" lors de la IIIe rencontre de recherche clinique de l\u2019ULSBM - Interreg Sudoe","robots":{"index":"index","follow":"follow","max-snippet":"max-snippet:-1","max-image-preview":"max-image-preview:large","max-video-preview":"max-video-preview:-1"},"canonical":"https:\/\/interreg-sudoe.eu\/fr\/noticia-proyecto\/presentation-publique-au-portugal-du-projet-europeen-predisc-lors-de-la-iiie-rencontre-de-recherche-clinique-de-lulsbm\/","og_locale":"fr_FR","og_type":"article","og_title":"Pr\u00e9sentation publique au Portugal du projet europ\u00e9en \"PreDisc\" lors de la IIIe rencontre de recherche clinique de l\u2019ULSBM - Interreg Sudoe","og_description":"No passado dia 26 de novembro, o Centro de Investiga\u00e7\u00e3o Cl\u00ednica da ULS Baixo Mondego promoveu o III Encontro de Investiga\u00e7\u00e3o Cl\u00ednica 2024, subordinado ao tema \u201cInvestiga\u00e7\u00e3o Cl\u00ednica no Envelhecimento: Desafios e Oportunidades para o Futuro\u201d. O evento decorreu no Audit\u00f3rio do Hospital Distrital da Figueira da Foz (HDFF).","og_url":"https:\/\/interreg-sudoe.eu\/fr\/noticia-proyecto\/presentation-publique-au-portugal-du-projet-europeen-predisc-lors-de-la-iiie-rencontre-de-recherche-clinique-de-lulsbm\/","og_site_name":"Interreg Sudoe","article_publisher":"https:\/\/www.facebook.com\/interregsudoe","article_modified_time":"2026-02-16T10:41:13+00:00","og_image":[{"width":2048,"height":1536,"url":"https:\/\/interreg-sudoe.eu\/wp-content\/uploads\/2024\/12\/WhatsApp-Image-2024-11-26-at-20.14.22.jpeg","type":"image\/jpeg"}],"twitter_card":"summary_large_image","twitter_site":"@Sudoe5","twitter_misc":{"Dur\u00e9e de lecture estim\u00e9e":"4 minutes"},"schema":{"@context":"https:\/\/schema.org","@graph":[{"@type":"WebPage","@id":"https:\/\/interreg-sudoe.eu\/fr\/noticia-proyecto\/presentation-publique-au-portugal-du-projet-europeen-predisc-lors-de-la-iiie-rencontre-de-recherche-clinique-de-lulsbm\/","url":"https:\/\/interreg-sudoe.eu\/fr\/noticia-proyecto\/presentation-publique-au-portugal-du-projet-europeen-predisc-lors-de-la-iiie-rencontre-de-recherche-clinique-de-lulsbm\/","name":"Pr\u00e9sentation publique au Portugal du projet europ\u00e9en \"PreDisc\" lors de la IIIe rencontre de recherche clinique de l\u2019ULSBM - Interreg Sudoe","isPartOf":{"@id":"https:\/\/interreg-sudoe.eu\/fr\/#website"},"primaryImageOfPage":{"@id":"https:\/\/interreg-sudoe.eu\/fr\/noticia-proyecto\/presentation-publique-au-portugal-du-projet-europeen-predisc-lors-de-la-iiie-rencontre-de-recherche-clinique-de-lulsbm\/#primaryimage"},"image":{"@id":"https:\/\/interreg-sudoe.eu\/fr\/noticia-proyecto\/presentation-publique-au-portugal-du-projet-europeen-predisc-lors-de-la-iiie-rencontre-de-recherche-clinique-de-lulsbm\/#primaryimage"},"thumbnailUrl":"https:\/\/interreg-sudoe.eu\/wp-content\/uploads\/2024\/12\/WhatsApp-Image-2024-11-26-at-20.14.22.jpeg","datePublished":"2024-12-09T13:21:48+00:00","dateModified":"2026-02-16T10:41:13+00:00","breadcrumb":{"@id":"https:\/\/interreg-sudoe.eu\/fr\/noticia-proyecto\/presentation-publique-au-portugal-du-projet-europeen-predisc-lors-de-la-iiie-rencontre-de-recherche-clinique-de-lulsbm\/#breadcrumb"},"inLanguage":"fr-FR","potentialAction":[{"@type":"ReadAction","target":["https:\/\/interreg-sudoe.eu\/fr\/noticia-proyecto\/presentation-publique-au-portugal-du-projet-europeen-predisc-lors-de-la-iiie-rencontre-de-recherche-clinique-de-lulsbm\/"]}]},{"@type":"ImageObject","inLanguage":"fr-FR","@id":"https:\/\/interreg-sudoe.eu\/fr\/noticia-proyecto\/presentation-publique-au-portugal-du-projet-europeen-predisc-lors-de-la-iiie-rencontre-de-recherche-clinique-de-lulsbm\/#primaryimage","url":"https:\/\/interreg-sudoe.eu\/wp-content\/uploads\/2024\/12\/WhatsApp-Image-2024-11-26-at-20.14.22.jpeg","contentUrl":"https:\/\/interreg-sudoe.eu\/wp-content\/uploads\/2024\/12\/WhatsApp-Image-2024-11-26-at-20.14.22.jpeg","width":2048,"height":1536},{"@type":"BreadcrumbList","@id":"https:\/\/interreg-sudoe.eu\/fr\/noticia-proyecto\/presentation-publique-au-portugal-du-projet-europeen-predisc-lors-de-la-iiie-rencontre-de-recherche-clinique-de-lulsbm\/#breadcrumb","itemListElement":[{"@type":"ListItem","position":1,"name":"Home","item":"https:\/\/interreg-sudoe.eu\/fr\/"},{"@type":"ListItem","position":2,"name":"Pr\u00e9sentation publique au Portugal du projet europ\u00e9en \u00abPreDisc\u00bb lors de la IIIe rencontre de recherche clinique de l\u2019ULSBM"}]},{"@type":"WebSite","@id":"https:\/\/interreg-sudoe.eu\/fr\/#website","url":"https:\/\/interreg-sudoe.eu\/fr\/","name":"Interreg Sudoe","description":"Interreg Sudoe","publisher":{"@id":"https:\/\/interreg-sudoe.eu\/fr\/#organization"},"alternateName":"Interreg Sudoe","potentialAction":[{"@type":"SearchAction","target":{"@type":"EntryPoint","urlTemplate":"https:\/\/interreg-sudoe.eu\/fr\/?s={search_term_string}"},"query-input":{"@type":"PropertyValueSpecification","valueRequired":true,"valueName":"search_term_string"}}],"inLanguage":"fr-FR"},{"@type":"Organization","@id":"https:\/\/interreg-sudoe.eu\/fr\/#organization","name":"Interreg Sudoe","alternateName":"Interreg Sudoe","url":"https:\/\/interreg-sudoe.eu\/fr\/","logo":{"@type":"ImageObject","inLanguage":"fr-FR","@id":"https:\/\/interreg-sudoe.eu\/fr\/#\/schema\/logo\/image\/","url":"https:\/\/interreg-sudoe.eu\/wp-content\/uploads\/2024\/03\/logo-interreg.png","contentUrl":"https:\/\/interreg-sudoe.eu\/wp-content\/uploads\/2024\/03\/logo-interreg.png","width":1200,"height":675,"caption":"Interreg Sudoe"},"image":{"@id":"https:\/\/interreg-sudoe.eu\/fr\/#\/schema\/logo\/image\/"},"sameAs":["https:\/\/www.facebook.com\/interregsudoe","https:\/\/x.com\/Sudoe5","https:\/\/www.youtube.com\/channel\/UCeGx2edoB32beRc9dbKA2vw","https:\/\/www.linkedin.com\/company\/interreg-sudoe-programme\/","https:\/\/www.flickr.com\/photos\/148704685@N06\/"]}]}},"_links":{"self":[{"href":"https:\/\/interreg-sudoe.eu\/fr\/wp-json\/wp\/v2\/noticia-proyecto\/43402","targetHints":{"allow":["GET"]}}],"collection":[{"href":"https:\/\/interreg-sudoe.eu\/fr\/wp-json\/wp\/v2\/noticia-proyecto"}],"about":[{"href":"https:\/\/interreg-sudoe.eu\/fr\/wp-json\/wp\/v2\/types\/noticia-proyecto"}],"author":[{"embeddable":true,"href":"https:\/\/interreg-sudoe.eu\/fr\/wp-json\/wp\/v2\/users\/4918"}],"wp:featuredmedia":[{"embeddable":true,"href":"https:\/\/interreg-sudoe.eu\/fr\/wp-json\/wp\/v2\/media\/43380"}],"wp:attachment":[{"href":"https:\/\/interreg-sudoe.eu\/fr\/wp-json\/wp\/v2\/media?parent=43402"}],"curies":[{"name":"wp","href":"https:\/\/api.w.org\/{rel}","templated":true}]}}