{"id":44007,"date":"2025-01-07T22:58:11","date_gmt":"2025-01-07T21:58:11","guid":{"rendered":"https:\/\/interreg-sudoe.eu\/noticia-proyecto\/gesteaur-firma-del-acuerdo-feder\/"},"modified":"2025-01-07T23:24:48","modified_gmt":"2025-01-07T22:24:48","slug":"gesteaur-firma-del-acuerdo-feder","status":"publish","type":"noticia-proyecto","link":"https:\/\/interreg-sudoe.eu\/fr\/noticia-proyecto\/gesteaur-firma-del-acuerdo-feder\/","title":{"rendered":"GestEAUr : Signature de l\u2019Accord FEDER"},"content":{"rendered":"<p>L\u2019h\u00f4tel Santemar \u00e0 Santander a \u00e9t\u00e9 choisi comme lieu pour la signature de l\u2019accord de subvention <strong>FEDER (Fonds Europ\u00e9en de D\u00e9veloppement R\u00e9gional)<\/strong> des projets approuv\u00e9s lors du premier appel de la sixi\u00e8me \u00e9dition du programme <strong>Interreg SUDOE 2021-2027<\/strong>. Parmi les 34 projets s\u00e9lectionn\u00e9s figure <strong>GestEAUr<\/strong>, une initiative visant \u00e0 am\u00e9liorer la gestion durable de l\u2019eau dans les zones rurales.<\/p>\n<p>Lors de l\u2019\u00e9v\u00e9nement, qui s\u2019est tenu les 16 et 17 avril, M. Santiago Zazo del Dedo et M. Juan Carlos Garc\u00eda Prieto, membres du Groupe d\u2019Ing\u00e9nierie et de Gestion de l\u2019Eau (IGA) et du Centre de Recherche et de D\u00e9veloppement Technologique de l\u2019Eau (CIDTA) de l\u2019Universit\u00e9 de Salamanque, ont repr\u00e9sent\u00e9 le projet GestEAUr. Ils ont soulign\u00e9 la pertinence de ce projet en tant qu\u2019outil cl\u00e9 pour relever les d\u00e9fis du changement climatique et optimiser l\u2019utilisation des ressources hydriques dans les r\u00e9gions du sud-ouest de l\u2019Europe.<\/p>\n<p>La c\u00e9r\u00e9monie d\u2019ouverture a \u00e9t\u00e9 pr\u00e9sid\u00e9e par le conseiller en \u00c9conomie, Finances et Fonds Europ\u00e9ens du Gouvernement de Cantabrie, M. Luis \u00c1ngel Ag\u00fceros, qui a insist\u00e9 sur l\u2019importance des projets financ\u00e9s par le programme Interreg SUDOE pour promouvoir un d\u00e9veloppement territorial \u00e9quilibr\u00e9 et l\u2019innovation en Europe. Il a \u00e9galement mis en avant le r\u00f4le central d\u2019initiatives comme GestEAUr dans la pr\u00e9servation des ressources naturelles et la coh\u00e9sion sociale dans les zones rurales.<\/p>\n<p>Au cours des deux jours, l\u2019\u00e9quipe de GestEAUr a particip\u00e9 activement \u00e0 des ateliers et \u00e0 des sessions collaboratives organis\u00e9es par le Secr\u00e9tariat Conjoint du programme. Ces activit\u00e9s ont offert une opportunit\u00e9 pr\u00e9cieuse pour \u00e9tablir des alliances strat\u00e9giques avec d\u2019autres projets et renforcer les bases pour la mise en \u0153uvre r\u00e9ussie de GestEAUr dans les territoires s\u00e9lectionn\u00e9s.<\/p>\n","protected":false},"excerpt":{"rendered":"<p>Le projet GestEAUr a sign\u00e9 l\u2019accord FEDER Interreg SUDOE 2021-2027 \u00e0 Santander, promouvant la gestion durable de l\u2019eau dans les zones rurales.<\/p>\n","protected":false},"author":6528,"featured_media":44003,"parent":0,"template":"","meta":{"_acf_changed":false,"content-type":"","_monsterinsights_skip_tracking":false,"_monsterinsights_sitenote_active":false,"_monsterinsights_sitenote_note":"","_monsterinsights_sitenote_category":0},"class_list":["post-44007","noticia-proyecto","type-noticia-proyecto","status-publish","has-post-thumbnail","hentry"],"acf":[],"yoast_head":"<!-- This site is optimized with the Yoast SEO plugin v27.4 - https:\/\/yoast.com\/product\/yoast-seo-wordpress\/ -->\n<title>GestEAUr : Signature de l\u2019Accord FEDER - Interreg Sudoe<\/title>\n<meta name=\"robots\" content=\"index, follow, max-snippet:-1, max-image-preview:large, max-video-preview:-1\" \/>\n<link rel=\"canonical\" href=\"https:\/\/interreg-sudoe.eu\/fr\/noticia-proyecto\/gesteaur-firma-del-acuerdo-feder\/\" \/>\n<meta property=\"og:locale\" content=\"fr_FR\" \/>\n<meta property=\"og:type\" content=\"article\" \/>\n<meta property=\"og:title\" content=\"GestEAUr : Signature de l\u2019Accord FEDER - Interreg Sudoe\" \/>\n<meta property=\"og:description\" content=\"Le projet GestEAUr a sign\u00e9 l\u2019accord FEDER Interreg SUDOE 2021-2027 \u00e0 Santander, promouvant la gestion durable de l\u2019eau dans les zones rurales.\" \/>\n<meta property=\"og:url\" content=\"https:\/\/interreg-sudoe.eu\/fr\/noticia-proyecto\/gesteaur-firma-del-acuerdo-feder\/\" \/>\n<meta property=\"og:site_name\" content=\"Interreg Sudoe\" \/>\n<meta property=\"article:publisher\" content=\"https:\/\/www.facebook.com\/interregsudoe\" \/>\n<meta property=\"article:modified_time\" content=\"2025-01-07T22:24:48+00:00\" \/>\n<meta property=\"og:image\" content=\"https:\/\/interreg-sudoe.eu\/wp-content\/uploads\/2025\/01\/1Interreg-Espacio-Sudoeste-Europeo-15-300x200-1.jpg\" \/>\n\t<meta property=\"og:image:width\" content=\"300\" \/>\n\t<meta property=\"og:image:height\" content=\"200\" \/>\n\t<meta property=\"og:image:type\" content=\"image\/jpeg\" \/>\n<meta name=\"twitter:card\" content=\"summary_large_image\" \/>\n<meta name=\"twitter:site\" content=\"@Sudoe5\" \/>\n<meta name=\"twitter:label1\" content=\"Dur\u00e9e de lecture estim\u00e9e\" \/>\n\t<meta name=\"twitter:data1\" content=\"2 minutes\" \/>\n<script type=\"application\/ld+json\" class=\"yoast-schema-graph\">{\"@context\":\"https:\\\/\\\/schema.org\",\"@graph\":[{\"@type\":\"WebPage\",\"@id\":\"https:\\\/\\\/interreg-sudoe.eu\\\/fr\\\/noticia-proyecto\\\/gesteaur-firma-del-acuerdo-feder\\\/\",\"url\":\"https:\\\/\\\/interreg-sudoe.eu\\\/fr\\\/noticia-proyecto\\\/gesteaur-firma-del-acuerdo-feder\\\/\",\"name\":\"GestEAUr : Signature de l\u2019Accord FEDER - Interreg Sudoe\",\"isPartOf\":{\"@id\":\"https:\\\/\\\/interreg-sudoe.eu\\\/fr\\\/#website\"},\"primaryImageOfPage\":{\"@id\":\"https:\\\/\\\/interreg-sudoe.eu\\\/fr\\\/noticia-proyecto\\\/gesteaur-firma-del-acuerdo-feder\\\/#primaryimage\"},\"image\":{\"@id\":\"https:\\\/\\\/interreg-sudoe.eu\\\/fr\\\/noticia-proyecto\\\/gesteaur-firma-del-acuerdo-feder\\\/#primaryimage\"},\"thumbnailUrl\":\"https:\\\/\\\/interreg-sudoe.eu\\\/wp-content\\\/uploads\\\/2025\\\/01\\\/1Interreg-Espacio-Sudoeste-Europeo-15-300x200-1.jpg\",\"datePublished\":\"2025-01-07T21:58:11+00:00\",\"dateModified\":\"2025-01-07T22:24:48+00:00\",\"breadcrumb\":{\"@id\":\"https:\\\/\\\/interreg-sudoe.eu\\\/fr\\\/noticia-proyecto\\\/gesteaur-firma-del-acuerdo-feder\\\/#breadcrumb\"},\"inLanguage\":\"fr-FR\",\"potentialAction\":[{\"@type\":\"ReadAction\",\"target\":[\"https:\\\/\\\/interreg-sudoe.eu\\\/fr\\\/noticia-proyecto\\\/gesteaur-firma-del-acuerdo-feder\\\/\"]}]},{\"@type\":\"ImageObject\",\"inLanguage\":\"fr-FR\",\"@id\":\"https:\\\/\\\/interreg-sudoe.eu\\\/fr\\\/noticia-proyecto\\\/gesteaur-firma-del-acuerdo-feder\\\/#primaryimage\",\"url\":\"https:\\\/\\\/interreg-sudoe.eu\\\/wp-content\\\/uploads\\\/2025\\\/01\\\/1Interreg-Espacio-Sudoeste-Europeo-15-300x200-1.jpg\",\"contentUrl\":\"https:\\\/\\\/interreg-sudoe.eu\\\/wp-content\\\/uploads\\\/2025\\\/01\\\/1Interreg-Espacio-Sudoeste-Europeo-15-300x200-1.jpg\",\"width\":300,\"height\":200},{\"@type\":\"BreadcrumbList\",\"@id\":\"https:\\\/\\\/interreg-sudoe.eu\\\/fr\\\/noticia-proyecto\\\/gesteaur-firma-del-acuerdo-feder\\\/#breadcrumb\",\"itemListElement\":[{\"@type\":\"ListItem\",\"position\":1,\"name\":\"Home\",\"item\":\"https:\\\/\\\/interreg-sudoe.eu\\\/fr\\\/\"},{\"@type\":\"ListItem\",\"position\":2,\"name\":\"GestEAUr : Signature de l\u2019Accord FEDER\"}]},{\"@type\":\"WebSite\",\"@id\":\"https:\\\/\\\/interreg-sudoe.eu\\\/fr\\\/#website\",\"url\":\"https:\\\/\\\/interreg-sudoe.eu\\\/fr\\\/\",\"name\":\"Interreg Sudoe\",\"description\":\"Interreg Sudoe\",\"publisher\":{\"@id\":\"https:\\\/\\\/interreg-sudoe.eu\\\/fr\\\/#organization\"},\"alternateName\":\"Interreg Sudoe\",\"potentialAction\":[{\"@type\":\"SearchAction\",\"target\":{\"@type\":\"EntryPoint\",\"urlTemplate\":\"https:\\\/\\\/interreg-sudoe.eu\\\/fr\\\/?s={search_term_string}\"},\"query-input\":{\"@type\":\"PropertyValueSpecification\",\"valueRequired\":true,\"valueName\":\"search_term_string\"}}],\"inLanguage\":\"fr-FR\"},{\"@type\":\"Organization\",\"@id\":\"https:\\\/\\\/interreg-sudoe.eu\\\/fr\\\/#organization\",\"name\":\"Interreg Sudoe\",\"alternateName\":\"Interreg Sudoe\",\"url\":\"https:\\\/\\\/interreg-sudoe.eu\\\/fr\\\/\",\"logo\":{\"@type\":\"ImageObject\",\"inLanguage\":\"fr-FR\",\"@id\":\"https:\\\/\\\/interreg-sudoe.eu\\\/fr\\\/#\\\/schema\\\/logo\\\/image\\\/\",\"url\":\"https:\\\/\\\/interreg-sudoe.eu\\\/wp-content\\\/uploads\\\/2024\\\/03\\\/logo-interreg.png\",\"contentUrl\":\"https:\\\/\\\/interreg-sudoe.eu\\\/wp-content\\\/uploads\\\/2024\\\/03\\\/logo-interreg.png\",\"width\":1200,\"height\":675,\"caption\":\"Interreg Sudoe\"},\"image\":{\"@id\":\"https:\\\/\\\/interreg-sudoe.eu\\\/fr\\\/#\\\/schema\\\/logo\\\/image\\\/\"},\"sameAs\":[\"https:\\\/\\\/www.facebook.com\\\/interregsudoe\",\"https:\\\/\\\/x.com\\\/Sudoe5\",\"https:\\\/\\\/www.youtube.com\\\/channel\\\/UCeGx2edoB32beRc9dbKA2vw\",\"https:\\\/\\\/www.linkedin.com\\\/company\\\/interreg-sudoe-programme\\\/\",\"https:\\\/\\\/www.flickr.com\\\/photos\\\/148704685@N06\\\/\"]}]}<\/script>\n<!-- \/ Yoast SEO plugin. -->","yoast_head_json":{"title":"GestEAUr : Signature de l\u2019Accord FEDER - Interreg Sudoe","robots":{"index":"index","follow":"follow","max-snippet":"max-snippet:-1","max-image-preview":"max-image-preview:large","max-video-preview":"max-video-preview:-1"},"canonical":"https:\/\/interreg-sudoe.eu\/fr\/noticia-proyecto\/gesteaur-firma-del-acuerdo-feder\/","og_locale":"fr_FR","og_type":"article","og_title":"GestEAUr : Signature de l\u2019Accord FEDER - Interreg Sudoe","og_description":"Le projet GestEAUr a sign\u00e9 l\u2019accord FEDER Interreg SUDOE 2021-2027 \u00e0 Santander, promouvant la gestion durable de l\u2019eau dans les zones rurales.","og_url":"https:\/\/interreg-sudoe.eu\/fr\/noticia-proyecto\/gesteaur-firma-del-acuerdo-feder\/","og_site_name":"Interreg Sudoe","article_publisher":"https:\/\/www.facebook.com\/interregsudoe","article_modified_time":"2025-01-07T22:24:48+00:00","og_image":[{"width":300,"height":200,"url":"https:\/\/interreg-sudoe.eu\/wp-content\/uploads\/2025\/01\/1Interreg-Espacio-Sudoeste-Europeo-15-300x200-1.jpg","type":"image\/jpeg"}],"twitter_card":"summary_large_image","twitter_site":"@Sudoe5","twitter_misc":{"Dur\u00e9e de lecture estim\u00e9e":"2 minutes"},"schema":{"@context":"https:\/\/schema.org","@graph":[{"@type":"WebPage","@id":"https:\/\/interreg-sudoe.eu\/fr\/noticia-proyecto\/gesteaur-firma-del-acuerdo-feder\/","url":"https:\/\/interreg-sudoe.eu\/fr\/noticia-proyecto\/gesteaur-firma-del-acuerdo-feder\/","name":"GestEAUr : Signature de l\u2019Accord FEDER - Interreg Sudoe","isPartOf":{"@id":"https:\/\/interreg-sudoe.eu\/fr\/#website"},"primaryImageOfPage":{"@id":"https:\/\/interreg-sudoe.eu\/fr\/noticia-proyecto\/gesteaur-firma-del-acuerdo-feder\/#primaryimage"},"image":{"@id":"https:\/\/interreg-sudoe.eu\/fr\/noticia-proyecto\/gesteaur-firma-del-acuerdo-feder\/#primaryimage"},"thumbnailUrl":"https:\/\/interreg-sudoe.eu\/wp-content\/uploads\/2025\/01\/1Interreg-Espacio-Sudoeste-Europeo-15-300x200-1.jpg","datePublished":"2025-01-07T21:58:11+00:00","dateModified":"2025-01-07T22:24:48+00:00","breadcrumb":{"@id":"https:\/\/interreg-sudoe.eu\/fr\/noticia-proyecto\/gesteaur-firma-del-acuerdo-feder\/#breadcrumb"},"inLanguage":"fr-FR","potentialAction":[{"@type":"ReadAction","target":["https:\/\/interreg-sudoe.eu\/fr\/noticia-proyecto\/gesteaur-firma-del-acuerdo-feder\/"]}]},{"@type":"ImageObject","inLanguage":"fr-FR","@id":"https:\/\/interreg-sudoe.eu\/fr\/noticia-proyecto\/gesteaur-firma-del-acuerdo-feder\/#primaryimage","url":"https:\/\/interreg-sudoe.eu\/wp-content\/uploads\/2025\/01\/1Interreg-Espacio-Sudoeste-Europeo-15-300x200-1.jpg","contentUrl":"https:\/\/interreg-sudoe.eu\/wp-content\/uploads\/2025\/01\/1Interreg-Espacio-Sudoeste-Europeo-15-300x200-1.jpg","width":300,"height":200},{"@type":"BreadcrumbList","@id":"https:\/\/interreg-sudoe.eu\/fr\/noticia-proyecto\/gesteaur-firma-del-acuerdo-feder\/#breadcrumb","itemListElement":[{"@type":"ListItem","position":1,"name":"Home","item":"https:\/\/interreg-sudoe.eu\/fr\/"},{"@type":"ListItem","position":2,"name":"GestEAUr : Signature de l\u2019Accord FEDER"}]},{"@type":"WebSite","@id":"https:\/\/interreg-sudoe.eu\/fr\/#website","url":"https:\/\/interreg-sudoe.eu\/fr\/","name":"Interreg Sudoe","description":"Interreg Sudoe","publisher":{"@id":"https:\/\/interreg-sudoe.eu\/fr\/#organization"},"alternateName":"Interreg Sudoe","potentialAction":[{"@type":"SearchAction","target":{"@type":"EntryPoint","urlTemplate":"https:\/\/interreg-sudoe.eu\/fr\/?s={search_term_string}"},"query-input":{"@type":"PropertyValueSpecification","valueRequired":true,"valueName":"search_term_string"}}],"inLanguage":"fr-FR"},{"@type":"Organization","@id":"https:\/\/interreg-sudoe.eu\/fr\/#organization","name":"Interreg Sudoe","alternateName":"Interreg Sudoe","url":"https:\/\/interreg-sudoe.eu\/fr\/","logo":{"@type":"ImageObject","inLanguage":"fr-FR","@id":"https:\/\/interreg-sudoe.eu\/fr\/#\/schema\/logo\/image\/","url":"https:\/\/interreg-sudoe.eu\/wp-content\/uploads\/2024\/03\/logo-interreg.png","contentUrl":"https:\/\/interreg-sudoe.eu\/wp-content\/uploads\/2024\/03\/logo-interreg.png","width":1200,"height":675,"caption":"Interreg Sudoe"},"image":{"@id":"https:\/\/interreg-sudoe.eu\/fr\/#\/schema\/logo\/image\/"},"sameAs":["https:\/\/www.facebook.com\/interregsudoe","https:\/\/x.com\/Sudoe5","https:\/\/www.youtube.com\/channel\/UCeGx2edoB32beRc9dbKA2vw","https:\/\/www.linkedin.com\/company\/interreg-sudoe-programme\/","https:\/\/www.flickr.com\/photos\/148704685@N06\/"]}]}},"_links":{"self":[{"href":"https:\/\/interreg-sudoe.eu\/fr\/wp-json\/wp\/v2\/noticia-proyecto\/44007","targetHints":{"allow":["GET"]}}],"collection":[{"href":"https:\/\/interreg-sudoe.eu\/fr\/wp-json\/wp\/v2\/noticia-proyecto"}],"about":[{"href":"https:\/\/interreg-sudoe.eu\/fr\/wp-json\/wp\/v2\/types\/noticia-proyecto"}],"author":[{"embeddable":true,"href":"https:\/\/interreg-sudoe.eu\/fr\/wp-json\/wp\/v2\/users\/6528"}],"wp:featuredmedia":[{"embeddable":true,"href":"https:\/\/interreg-sudoe.eu\/fr\/wp-json\/wp\/v2\/media\/44003"}],"wp:attachment":[{"href":"https:\/\/interreg-sudoe.eu\/fr\/wp-json\/wp\/v2\/media?parent=44007"}],"curies":[{"name":"wp","href":"https:\/\/api.w.org\/{rel}","templated":true}]}}