{"id":44158,"date":"2025-01-10T17:13:22","date_gmt":"2025-01-10T16:13:22","guid":{"rendered":"https:\/\/interreg-sudoe.eu\/?post_type=noticia-proyecto&#038;p=44158"},"modified":"2026-02-16T11:42:47","modified_gmt":"2026-02-16T10:42:47","slug":"fashion-forward-impulser-la-transformation-durable-de-lindustrie-de-la-mode-dans-le-sud-ouest-europeen","status":"publish","type":"noticia-proyecto","link":"https:\/\/interreg-sudoe.eu\/fr\/noticia-proyecto\/fashion-forward-impulser-la-transformation-durable-de-lindustrie-de-la-mode-dans-le-sud-ouest-europeen\/","title":{"rendered":"Fashion Forward | Impulser la Transformation Durable de l\u2019Industrie de la Mode dans le Sud-Ouest Europ\u00e9en"},"content":{"rendered":"<p style=\"text-align: justify;\">Le projet innovant Fashion Forward est destin\u00e9 \u00e0 transformer radicalement l&rsquo;industrie textile dans la r\u00e9gion SUDOE, avec un plan ambitieux visant \u00e0 transformer les d\u00e9chets post-consommation en opportunit\u00e9s de design et de durabilit\u00e9.<\/p>\n<p style=\"text-align: justify;\">L&rsquo;initiative, qui dispose d&rsquo;un budget de 1 553 248 euros, financ\u00e9 \u00e0 75 % par des fonds FEDER, vise \u00e0 impliquer 115 entreprises, 300 municipalit\u00e9s, 16 associations de gestion des d\u00e9chets et 50 \u00e9coles au cours de sa p\u00e9riode de mise en \u0153uvre de 2,5 ans.Le projet, qui se d\u00e9roulera de janvier 2024 \u00e0 juin 2026, a pour principal objectif de promouvoir un mod\u00e8le de mode plus circulaire, intelligent et num\u00e9rique, align\u00e9 sur les nouvelles r\u00e9glementations europ\u00e9ennes en mati\u00e8re de durabilit\u00e9.<\/p>\n<p style=\"text-align: justify;\">Un consortium international compos\u00e9 d&rsquo;entit\u00e9s telles que l&rsquo;Euror\u00e9gion Pyr\u00e9n\u00e9es-M\u00e9diterran\u00e9e, Coleo Recycling SL et le Centre technologique des industries textiles portugaises m\u00e8nera cette transformation, avec des strat\u00e9gies cl\u00e9s comprenant la formation des acteurs de la cha\u00eene de valeur textile, la mise en \u0153uvre de technologies de tri des d\u00e9chets, le d\u00e9veloppement de solutions de recyclage et la cr\u00e9ation de nouvelles fibres \u00e0 partir de mat\u00e9riaux mis au rebut.<\/p>\n<p style=\"text-align: justify;\">Les territoires de Catalogne, des \u00eeles Bal\u00e9ares, de Galice, d&rsquo;Occitanie et de Vale do Ave seront les premiers \u00e0 exp\u00e9rimenter cette r\u00e9volution verte, avec des plans d&rsquo;action locaux con\u00e7us pour maximiser la r\u00e9utilisation des mat\u00e9riaux textiles et r\u00e9duire l&#8217;empreinte \u00e9cologique du secteur.<\/p>\n<p style=\"text-align: justify;\">Fashion Forward vise non seulement \u00e0 transformer les processus industriels, mais aussi \u00e0 sensibiliser \u00e0 l&rsquo;importance de l&rsquo;\u00e9conomie circulaire dans la mode, en positionnant le sud-ouest de l&rsquo;Europe comme une r\u00e9gion pionni\u00e8re en mati\u00e8re de pratiques durables et innovantes.<\/p>\n","protected":false},"excerpt":{"rendered":"<p>Le projet innovant Fashion Forward est destin\u00e9 \u00e0 transformer radicalement l&rsquo;industrie textile dans la r\u00e9gion SUDOE, avec un plan ambitieux visant \u00e0 transformer les d\u00e9chets post-consommation en opportunit\u00e9s de design et de durabilit\u00e9.<\/p>\n","protected":false},"author":6620,"featured_media":40571,"parent":0,"template":"","meta":{"_acf_changed":false,"content-type":"","_monsterinsights_skip_tracking":false,"_monsterinsights_sitenote_active":false,"_monsterinsights_sitenote_note":"","_monsterinsights_sitenote_category":0},"class_list":["post-44158","noticia-proyecto","type-noticia-proyecto","status-publish","has-post-thumbnail","hentry"],"acf":[],"yoast_head":"<!-- This site is optimized with the Yoast SEO plugin v27.4 - https:\/\/yoast.com\/product\/yoast-seo-wordpress\/ -->\n<title>Fashion Forward | Impulser la Transformation Durable de l\u2019Industrie de la Mode dans le Sud-Ouest Europ\u00e9en - Interreg Sudoe<\/title>\n<meta name=\"robots\" content=\"index, follow, max-snippet:-1, max-image-preview:large, max-video-preview:-1\" \/>\n<link rel=\"canonical\" href=\"https:\/\/interreg-sudoe.eu\/fr\/noticia-proyecto\/fashion-forward-impulser-la-transformation-durable-de-lindustrie-de-la-mode-dans-le-sud-ouest-europeen\/\" \/>\n<meta property=\"og:locale\" content=\"fr_FR\" \/>\n<meta property=\"og:type\" content=\"article\" \/>\n<meta property=\"og:title\" content=\"Fashion Forward | Impulser la Transformation Durable de l\u2019Industrie de la Mode dans le Sud-Ouest Europ\u00e9en - Interreg Sudoe\" \/>\n<meta property=\"og:description\" content=\"Le projet innovant Fashion Forward est destin\u00e9 \u00e0 transformer radicalement l&#039;industrie textile dans la r\u00e9gion SUDOE, avec un plan ambitieux visant \u00e0 transformer les d\u00e9chets post-consommation en opportunit\u00e9s de design et de durabilit\u00e9.\" \/>\n<meta property=\"og:url\" content=\"https:\/\/interreg-sudoe.eu\/fr\/noticia-proyecto\/fashion-forward-impulser-la-transformation-durable-de-lindustrie-de-la-mode-dans-le-sud-ouest-europeen\/\" \/>\n<meta property=\"og:site_name\" content=\"Interreg Sudoe\" \/>\n<meta property=\"article:publisher\" content=\"https:\/\/www.facebook.com\/interregsudoe\" \/>\n<meta property=\"article:modified_time\" content=\"2026-02-16T10:42:47+00:00\" \/>\n<meta property=\"og:image\" content=\"https:\/\/interreg-sudoe.eu\/wp-content\/uploads\/2024\/05\/Fashion-forward-poster-v2.png\" \/>\n\t<meta property=\"og:image:width\" content=\"1920\" \/>\n\t<meta property=\"og:image:height\" content=\"1080\" \/>\n\t<meta property=\"og:image:type\" content=\"image\/png\" \/>\n<meta name=\"twitter:card\" content=\"summary_large_image\" \/>\n<meta name=\"twitter:site\" content=\"@Sudoe5\" \/>\n<meta name=\"twitter:label1\" content=\"Dur\u00e9e de lecture estim\u00e9e\" \/>\n\t<meta name=\"twitter:data1\" content=\"1 minute\" \/>\n<script type=\"application\/ld+json\" class=\"yoast-schema-graph\">{\"@context\":\"https:\\\/\\\/schema.org\",\"@graph\":[{\"@type\":\"WebPage\",\"@id\":\"https:\\\/\\\/interreg-sudoe.eu\\\/fr\\\/noticia-proyecto\\\/fashion-forward-impulser-la-transformation-durable-de-lindustrie-de-la-mode-dans-le-sud-ouest-europeen\\\/\",\"url\":\"https:\\\/\\\/interreg-sudoe.eu\\\/fr\\\/noticia-proyecto\\\/fashion-forward-impulser-la-transformation-durable-de-lindustrie-de-la-mode-dans-le-sud-ouest-europeen\\\/\",\"name\":\"Fashion Forward | Impulser la Transformation Durable de l\u2019Industrie de la Mode dans le Sud-Ouest Europ\u00e9en - Interreg Sudoe\",\"isPartOf\":{\"@id\":\"https:\\\/\\\/interreg-sudoe.eu\\\/fr\\\/#website\"},\"primaryImageOfPage\":{\"@id\":\"https:\\\/\\\/interreg-sudoe.eu\\\/fr\\\/noticia-proyecto\\\/fashion-forward-impulser-la-transformation-durable-de-lindustrie-de-la-mode-dans-le-sud-ouest-europeen\\\/#primaryimage\"},\"image\":{\"@id\":\"https:\\\/\\\/interreg-sudoe.eu\\\/fr\\\/noticia-proyecto\\\/fashion-forward-impulser-la-transformation-durable-de-lindustrie-de-la-mode-dans-le-sud-ouest-europeen\\\/#primaryimage\"},\"thumbnailUrl\":\"https:\\\/\\\/interreg-sudoe.eu\\\/wp-content\\\/uploads\\\/2024\\\/05\\\/Fashion-forward-poster-v2.png\",\"datePublished\":\"2025-01-10T16:13:22+00:00\",\"dateModified\":\"2026-02-16T10:42:47+00:00\",\"breadcrumb\":{\"@id\":\"https:\\\/\\\/interreg-sudoe.eu\\\/fr\\\/noticia-proyecto\\\/fashion-forward-impulser-la-transformation-durable-de-lindustrie-de-la-mode-dans-le-sud-ouest-europeen\\\/#breadcrumb\"},\"inLanguage\":\"fr-FR\",\"potentialAction\":[{\"@type\":\"ReadAction\",\"target\":[\"https:\\\/\\\/interreg-sudoe.eu\\\/fr\\\/noticia-proyecto\\\/fashion-forward-impulser-la-transformation-durable-de-lindustrie-de-la-mode-dans-le-sud-ouest-europeen\\\/\"]}]},{\"@type\":\"ImageObject\",\"inLanguage\":\"fr-FR\",\"@id\":\"https:\\\/\\\/interreg-sudoe.eu\\\/fr\\\/noticia-proyecto\\\/fashion-forward-impulser-la-transformation-durable-de-lindustrie-de-la-mode-dans-le-sud-ouest-europeen\\\/#primaryimage\",\"url\":\"https:\\\/\\\/interreg-sudoe.eu\\\/wp-content\\\/uploads\\\/2024\\\/05\\\/Fashion-forward-poster-v2.png\",\"contentUrl\":\"https:\\\/\\\/interreg-sudoe.eu\\\/wp-content\\\/uploads\\\/2024\\\/05\\\/Fashion-forward-poster-v2.png\",\"width\":1920,\"height\":1080},{\"@type\":\"BreadcrumbList\",\"@id\":\"https:\\\/\\\/interreg-sudoe.eu\\\/fr\\\/noticia-proyecto\\\/fashion-forward-impulser-la-transformation-durable-de-lindustrie-de-la-mode-dans-le-sud-ouest-europeen\\\/#breadcrumb\",\"itemListElement\":[{\"@type\":\"ListItem\",\"position\":1,\"name\":\"Home\",\"item\":\"https:\\\/\\\/interreg-sudoe.eu\\\/fr\\\/\"},{\"@type\":\"ListItem\",\"position\":2,\"name\":\"Fashion Forward | Impulser la Transformation Durable de l\u2019Industrie de la Mode dans le Sud-Ouest Europ\u00e9en\"}]},{\"@type\":\"WebSite\",\"@id\":\"https:\\\/\\\/interreg-sudoe.eu\\\/fr\\\/#website\",\"url\":\"https:\\\/\\\/interreg-sudoe.eu\\\/fr\\\/\",\"name\":\"Interreg Sudoe\",\"description\":\"Interreg Sudoe\",\"publisher\":{\"@id\":\"https:\\\/\\\/interreg-sudoe.eu\\\/fr\\\/#organization\"},\"alternateName\":\"Interreg Sudoe\",\"potentialAction\":[{\"@type\":\"SearchAction\",\"target\":{\"@type\":\"EntryPoint\",\"urlTemplate\":\"https:\\\/\\\/interreg-sudoe.eu\\\/fr\\\/?s={search_term_string}\"},\"query-input\":{\"@type\":\"PropertyValueSpecification\",\"valueRequired\":true,\"valueName\":\"search_term_string\"}}],\"inLanguage\":\"fr-FR\"},{\"@type\":\"Organization\",\"@id\":\"https:\\\/\\\/interreg-sudoe.eu\\\/fr\\\/#organization\",\"name\":\"Interreg Sudoe\",\"alternateName\":\"Interreg Sudoe\",\"url\":\"https:\\\/\\\/interreg-sudoe.eu\\\/fr\\\/\",\"logo\":{\"@type\":\"ImageObject\",\"inLanguage\":\"fr-FR\",\"@id\":\"https:\\\/\\\/interreg-sudoe.eu\\\/fr\\\/#\\\/schema\\\/logo\\\/image\\\/\",\"url\":\"https:\\\/\\\/interreg-sudoe.eu\\\/wp-content\\\/uploads\\\/2024\\\/03\\\/logo-interreg.png\",\"contentUrl\":\"https:\\\/\\\/interreg-sudoe.eu\\\/wp-content\\\/uploads\\\/2024\\\/03\\\/logo-interreg.png\",\"width\":1200,\"height\":675,\"caption\":\"Interreg Sudoe\"},\"image\":{\"@id\":\"https:\\\/\\\/interreg-sudoe.eu\\\/fr\\\/#\\\/schema\\\/logo\\\/image\\\/\"},\"sameAs\":[\"https:\\\/\\\/www.facebook.com\\\/interregsudoe\",\"https:\\\/\\\/x.com\\\/Sudoe5\",\"https:\\\/\\\/www.youtube.com\\\/channel\\\/UCeGx2edoB32beRc9dbKA2vw\",\"https:\\\/\\\/www.linkedin.com\\\/company\\\/interreg-sudoe-programme\\\/\",\"https:\\\/\\\/www.flickr.com\\\/photos\\\/148704685@N06\\\/\"]}]}<\/script>\n<!-- \/ Yoast SEO plugin. -->","yoast_head_json":{"title":"Fashion Forward | Impulser la Transformation Durable de l\u2019Industrie de la Mode dans le Sud-Ouest Europ\u00e9en - Interreg Sudoe","robots":{"index":"index","follow":"follow","max-snippet":"max-snippet:-1","max-image-preview":"max-image-preview:large","max-video-preview":"max-video-preview:-1"},"canonical":"https:\/\/interreg-sudoe.eu\/fr\/noticia-proyecto\/fashion-forward-impulser-la-transformation-durable-de-lindustrie-de-la-mode-dans-le-sud-ouest-europeen\/","og_locale":"fr_FR","og_type":"article","og_title":"Fashion Forward | Impulser la Transformation Durable de l\u2019Industrie de la Mode dans le Sud-Ouest Europ\u00e9en - Interreg Sudoe","og_description":"Le projet innovant Fashion Forward est destin\u00e9 \u00e0 transformer radicalement l'industrie textile dans la r\u00e9gion SUDOE, avec un plan ambitieux visant \u00e0 transformer les d\u00e9chets post-consommation en opportunit\u00e9s de design et de durabilit\u00e9.","og_url":"https:\/\/interreg-sudoe.eu\/fr\/noticia-proyecto\/fashion-forward-impulser-la-transformation-durable-de-lindustrie-de-la-mode-dans-le-sud-ouest-europeen\/","og_site_name":"Interreg Sudoe","article_publisher":"https:\/\/www.facebook.com\/interregsudoe","article_modified_time":"2026-02-16T10:42:47+00:00","og_image":[{"width":1920,"height":1080,"url":"https:\/\/interreg-sudoe.eu\/wp-content\/uploads\/2024\/05\/Fashion-forward-poster-v2.png","type":"image\/png"}],"twitter_card":"summary_large_image","twitter_site":"@Sudoe5","twitter_misc":{"Dur\u00e9e de lecture estim\u00e9e":"1 minute"},"schema":{"@context":"https:\/\/schema.org","@graph":[{"@type":"WebPage","@id":"https:\/\/interreg-sudoe.eu\/fr\/noticia-proyecto\/fashion-forward-impulser-la-transformation-durable-de-lindustrie-de-la-mode-dans-le-sud-ouest-europeen\/","url":"https:\/\/interreg-sudoe.eu\/fr\/noticia-proyecto\/fashion-forward-impulser-la-transformation-durable-de-lindustrie-de-la-mode-dans-le-sud-ouest-europeen\/","name":"Fashion Forward | Impulser la Transformation Durable de l\u2019Industrie de la Mode dans le Sud-Ouest Europ\u00e9en - Interreg Sudoe","isPartOf":{"@id":"https:\/\/interreg-sudoe.eu\/fr\/#website"},"primaryImageOfPage":{"@id":"https:\/\/interreg-sudoe.eu\/fr\/noticia-proyecto\/fashion-forward-impulser-la-transformation-durable-de-lindustrie-de-la-mode-dans-le-sud-ouest-europeen\/#primaryimage"},"image":{"@id":"https:\/\/interreg-sudoe.eu\/fr\/noticia-proyecto\/fashion-forward-impulser-la-transformation-durable-de-lindustrie-de-la-mode-dans-le-sud-ouest-europeen\/#primaryimage"},"thumbnailUrl":"https:\/\/interreg-sudoe.eu\/wp-content\/uploads\/2024\/05\/Fashion-forward-poster-v2.png","datePublished":"2025-01-10T16:13:22+00:00","dateModified":"2026-02-16T10:42:47+00:00","breadcrumb":{"@id":"https:\/\/interreg-sudoe.eu\/fr\/noticia-proyecto\/fashion-forward-impulser-la-transformation-durable-de-lindustrie-de-la-mode-dans-le-sud-ouest-europeen\/#breadcrumb"},"inLanguage":"fr-FR","potentialAction":[{"@type":"ReadAction","target":["https:\/\/interreg-sudoe.eu\/fr\/noticia-proyecto\/fashion-forward-impulser-la-transformation-durable-de-lindustrie-de-la-mode-dans-le-sud-ouest-europeen\/"]}]},{"@type":"ImageObject","inLanguage":"fr-FR","@id":"https:\/\/interreg-sudoe.eu\/fr\/noticia-proyecto\/fashion-forward-impulser-la-transformation-durable-de-lindustrie-de-la-mode-dans-le-sud-ouest-europeen\/#primaryimage","url":"https:\/\/interreg-sudoe.eu\/wp-content\/uploads\/2024\/05\/Fashion-forward-poster-v2.png","contentUrl":"https:\/\/interreg-sudoe.eu\/wp-content\/uploads\/2024\/05\/Fashion-forward-poster-v2.png","width":1920,"height":1080},{"@type":"BreadcrumbList","@id":"https:\/\/interreg-sudoe.eu\/fr\/noticia-proyecto\/fashion-forward-impulser-la-transformation-durable-de-lindustrie-de-la-mode-dans-le-sud-ouest-europeen\/#breadcrumb","itemListElement":[{"@type":"ListItem","position":1,"name":"Home","item":"https:\/\/interreg-sudoe.eu\/fr\/"},{"@type":"ListItem","position":2,"name":"Fashion Forward | Impulser la Transformation Durable de l\u2019Industrie de la Mode dans le Sud-Ouest Europ\u00e9en"}]},{"@type":"WebSite","@id":"https:\/\/interreg-sudoe.eu\/fr\/#website","url":"https:\/\/interreg-sudoe.eu\/fr\/","name":"Interreg Sudoe","description":"Interreg Sudoe","publisher":{"@id":"https:\/\/interreg-sudoe.eu\/fr\/#organization"},"alternateName":"Interreg Sudoe","potentialAction":[{"@type":"SearchAction","target":{"@type":"EntryPoint","urlTemplate":"https:\/\/interreg-sudoe.eu\/fr\/?s={search_term_string}"},"query-input":{"@type":"PropertyValueSpecification","valueRequired":true,"valueName":"search_term_string"}}],"inLanguage":"fr-FR"},{"@type":"Organization","@id":"https:\/\/interreg-sudoe.eu\/fr\/#organization","name":"Interreg Sudoe","alternateName":"Interreg Sudoe","url":"https:\/\/interreg-sudoe.eu\/fr\/","logo":{"@type":"ImageObject","inLanguage":"fr-FR","@id":"https:\/\/interreg-sudoe.eu\/fr\/#\/schema\/logo\/image\/","url":"https:\/\/interreg-sudoe.eu\/wp-content\/uploads\/2024\/03\/logo-interreg.png","contentUrl":"https:\/\/interreg-sudoe.eu\/wp-content\/uploads\/2024\/03\/logo-interreg.png","width":1200,"height":675,"caption":"Interreg Sudoe"},"image":{"@id":"https:\/\/interreg-sudoe.eu\/fr\/#\/schema\/logo\/image\/"},"sameAs":["https:\/\/www.facebook.com\/interregsudoe","https:\/\/x.com\/Sudoe5","https:\/\/www.youtube.com\/channel\/UCeGx2edoB32beRc9dbKA2vw","https:\/\/www.linkedin.com\/company\/interreg-sudoe-programme\/","https:\/\/www.flickr.com\/photos\/148704685@N06\/"]}]}},"_links":{"self":[{"href":"https:\/\/interreg-sudoe.eu\/fr\/wp-json\/wp\/v2\/noticia-proyecto\/44158","targetHints":{"allow":["GET"]}}],"collection":[{"href":"https:\/\/interreg-sudoe.eu\/fr\/wp-json\/wp\/v2\/noticia-proyecto"}],"about":[{"href":"https:\/\/interreg-sudoe.eu\/fr\/wp-json\/wp\/v2\/types\/noticia-proyecto"}],"author":[{"embeddable":true,"href":"https:\/\/interreg-sudoe.eu\/fr\/wp-json\/wp\/v2\/users\/6620"}],"wp:featuredmedia":[{"embeddable":true,"href":"https:\/\/interreg-sudoe.eu\/fr\/wp-json\/wp\/v2\/media\/40571"}],"wp:attachment":[{"href":"https:\/\/interreg-sudoe.eu\/fr\/wp-json\/wp\/v2\/media?parent=44158"}],"curies":[{"name":"wp","href":"https:\/\/api.w.org\/{rel}","templated":true}]}}