{"id":45027,"date":"2025-02-21T17:05:14","date_gmt":"2025-02-21T16:05:14","guid":{"rendered":"https:\/\/interreg-sudoe.eu\/noticia-proyecto\/prueba-piloto-de-aprovechamiento-forestal-con-skidders-en-lles-cerdanya\/"},"modified":"2025-02-21T17:20:27","modified_gmt":"2025-02-21T16:20:27","slug":"prueba-piloto-de-aprovechamiento-forestal-con-skidders-en-lles-cerdanya","status":"publish","type":"noticia-proyecto","link":"https:\/\/interreg-sudoe.eu\/fr\/noticia-proyecto\/prueba-piloto-de-aprovechamiento-forestal-con-skidders-en-lles-cerdanya\/","title":{"rendered":"Essai pilote de r\u00e9colte foresti\u00e8re avec des d\u00e9busqueuses \u00e0 Lles (Cerdagne)"},"content":{"rendered":"<p><strong>Dans le cadre du projet BIO4RES, un essai pilote est men\u00e9 dans les montagnes de Lles (Cerdagne), en Catalogne, afin d&rsquo;\u00e9valuer de nouvelles fa\u00e7ons d&rsquo;am\u00e9liorer la r\u00e9silience des for\u00eats gr\u00e2ce \u00e0 des syst\u00e8mes d&rsquo;exploitation foresti\u00e8re innovants. Cette initiative, men\u00e9e par le Centre de Ci\u00e8ncia i Tecnologia Forestal de Catalunya (CTFC), vise \u00e0 comparer l&rsquo;efficacit\u00e9 et la durabilit\u00e9 de deux mod\u00e8les diff\u00e9rents de d\u00e9busqueuses :<\/strong><\/p>\n<ul>\n<li><strong>Equus 175 : <\/strong>\u00e9quip\u00e9 d&rsquo;un clambunk et d&rsquo;une grue, un syst\u00e8me con\u00e7u pour assurer une plus grande polyvalence et une gestion plus attentive de l&rsquo;environnement forestier.<\/li>\n<li><strong>Camox<\/strong>: un mod\u00e8le plus classique avec deux tambours.<\/li>\n<\/ul>\n<p>L&rsquo;objectif principal est de d\u00e9terminer si le syst\u00e8me de clambunk et de grue (Equus 175) est plus efficace, permet une gestion plus respectueuse de la for\u00eat et minimise les dommages caus\u00e9s aux arbres non coup\u00e9s, par rapport au mod\u00e8le plus traditionnel.<\/p>\n<p><strong>D\u00e9tails de l&rsquo;essai pilote<\/strong><\/p>\n<p>L&rsquo;essai sera r\u00e9alis\u00e9 sur une superficie d&rsquo;environ <strong>5 hectares<\/strong>, avec une r\u00e9colte estim\u00e9e \u00e0 <strong>70 m\u00b3\/ha<\/strong>, dans des zones de seconde \u00e9claircie ou de caract\u00e9ristiques d&rsquo;\u00e9claircie o\u00f9 le bois est commercialisable. Par ailleurs, son application sera \u00e9galement \u00e9valu\u00e9e dans les traitements d&rsquo;\u00e9claircie dans les for\u00eats irr\u00e9guli\u00e8res.<\/p>\n<p>Pendant une semaine, les deux d\u00e9bardeurs travailleront simultan\u00e9ment afin d&rsquo;obtenir des r\u00e9sultats comparatifs pour valider l&rsquo;hypoth\u00e8se initiale sur la polyvalence et l&rsquo;efficacit\u00e9 du syst\u00e8me Equus 175 par rapport au Camox.<\/p>\n<p>Rappelons que l&rsquo;objectif principal du projet BIO4RES est <strong>d&rsquo;am\u00e9liorer la pr\u00e9vention et la gestion du risque d&rsquo;incendie<\/strong> dans les for\u00eats de l&rsquo;aire SUDOE, en consolidant la viabilit\u00e9 des plans de pr\u00e9vention par la valorisation de la biomasse extraite. Par cette approche, BIO4RES promeut l&rsquo;extraction durable de la biomasse comme ressource \u00e9nerg\u00e9tique renouvelable, en renfor\u00e7ant la r\u00e9silience des for\u00eats et en assurant la pr\u00e9servation de leurs services \u00e9cosyst\u00e9miques, \u00e9conomiques et sociaux.<\/p>\n","protected":false},"excerpt":{"rendered":"<p>Dans le cadre du projet BIO4RES, un essai pilote est men\u00e9 dans les montagnes de Lles (Cerdagne), en Catalogne, afin d&rsquo;\u00e9valuer de nouvelles fa\u00e7ons d&rsquo;am\u00e9liorer la r\u00e9silience des for\u00eats gr\u00e2ce \u00e0 des syst\u00e8mes d&rsquo;exploitation foresti\u00e8re innovants. Cette initiative, men\u00e9e par le Centre de Ci\u00e8ncia i Tecnologia Forestal de Catalunya (CTFC), vise \u00e0 comparer l&rsquo;efficacit\u00e9 et la durabilit\u00e9 de deux mod\u00e8les diff\u00e9rents de d\u00e9busqueuses.<\/p>\n","protected":false},"author":5373,"featured_media":45026,"parent":0,"template":"","meta":{"_acf_changed":false,"content-type":"","_monsterinsights_skip_tracking":false,"_monsterinsights_sitenote_active":false,"_monsterinsights_sitenote_note":"","_monsterinsights_sitenote_category":0},"class_list":["post-45027","noticia-proyecto","type-noticia-proyecto","status-publish","has-post-thumbnail","hentry"],"acf":[],"yoast_head":"<!-- This site is optimized with the Yoast SEO plugin v27.2 - https:\/\/yoast.com\/product\/yoast-seo-wordpress\/ -->\n<title>Essai pilote de r\u00e9colte foresti\u00e8re avec des d\u00e9busqueuses \u00e0 Lles (Cerdagne) - Interreg Sudoe<\/title>\n<meta name=\"robots\" content=\"index, follow, max-snippet:-1, max-image-preview:large, max-video-preview:-1\" \/>\n<link rel=\"canonical\" href=\"https:\/\/interreg-sudoe.eu\/fr\/noticia-proyecto\/prueba-piloto-de-aprovechamiento-forestal-con-skidders-en-lles-cerdanya\/\" \/>\n<meta property=\"og:locale\" content=\"fr_FR\" \/>\n<meta property=\"og:type\" content=\"article\" \/>\n<meta property=\"og:title\" content=\"Essai pilote de r\u00e9colte foresti\u00e8re avec des d\u00e9busqueuses \u00e0 Lles (Cerdagne) - Interreg Sudoe\" \/>\n<meta property=\"og:description\" content=\"Dans le cadre du projet BIO4RES, un essai pilote est men\u00e9 dans les montagnes de Lles (Cerdagne), en Catalogne, afin d&#039;\u00e9valuer de nouvelles fa\u00e7ons d&#039;am\u00e9liorer la r\u00e9silience des for\u00eats gr\u00e2ce \u00e0 des syst\u00e8mes d&#039;exploitation foresti\u00e8re innovants. Cette initiative, men\u00e9e par le Centre de Ci\u00e8ncia i Tecnologia Forestal de Catalunya (CTFC), vise \u00e0 comparer l&#039;efficacit\u00e9 et la durabilit\u00e9 de deux mod\u00e8les diff\u00e9rents de d\u00e9busqueuses.\" \/>\n<meta property=\"og:url\" content=\"https:\/\/interreg-sudoe.eu\/fr\/noticia-proyecto\/prueba-piloto-de-aprovechamiento-forestal-con-skidders-en-lles-cerdanya\/\" \/>\n<meta property=\"og:site_name\" content=\"Interreg Sudoe\" \/>\n<meta property=\"article:publisher\" content=\"https:\/\/www.facebook.com\/interregsudoe\" \/>\n<meta property=\"article:modified_time\" content=\"2025-02-21T16:20:27+00:00\" \/>\n<meta property=\"og:image\" content=\"https:\/\/interreg-sudoe.eu\/wp-content\/uploads\/2025\/02\/Skider_1.jpg\" \/>\n\t<meta property=\"og:image:width\" content=\"1600\" \/>\n\t<meta property=\"og:image:height\" content=\"1143\" \/>\n\t<meta property=\"og:image:type\" content=\"image\/jpeg\" \/>\n<meta name=\"twitter:card\" content=\"summary_large_image\" \/>\n<meta name=\"twitter:site\" content=\"@Sudoe5\" \/>\n<meta name=\"twitter:label1\" content=\"Dur\u00e9e de lecture estim\u00e9e\" \/>\n\t<meta name=\"twitter:data1\" content=\"2 minutes\" \/>\n<script type=\"application\/ld+json\" class=\"yoast-schema-graph\">{\"@context\":\"https:\/\/schema.org\",\"@graph\":[{\"@type\":\"WebPage\",\"@id\":\"https:\/\/interreg-sudoe.eu\/fr\/noticia-proyecto\/prueba-piloto-de-aprovechamiento-forestal-con-skidders-en-lles-cerdanya\/\",\"url\":\"https:\/\/interreg-sudoe.eu\/fr\/noticia-proyecto\/prueba-piloto-de-aprovechamiento-forestal-con-skidders-en-lles-cerdanya\/\",\"name\":\"Essai pilote de r\u00e9colte foresti\u00e8re avec des d\u00e9busqueuses \u00e0 Lles (Cerdagne) - Interreg Sudoe\",\"isPartOf\":{\"@id\":\"https:\/\/interreg-sudoe.eu\/fr\/#website\"},\"primaryImageOfPage\":{\"@id\":\"https:\/\/interreg-sudoe.eu\/fr\/noticia-proyecto\/prueba-piloto-de-aprovechamiento-forestal-con-skidders-en-lles-cerdanya\/#primaryimage\"},\"image\":{\"@id\":\"https:\/\/interreg-sudoe.eu\/fr\/noticia-proyecto\/prueba-piloto-de-aprovechamiento-forestal-con-skidders-en-lles-cerdanya\/#primaryimage\"},\"thumbnailUrl\":\"https:\/\/interreg-sudoe.eu\/wp-content\/uploads\/2025\/02\/Skider_1.jpg\",\"datePublished\":\"2025-02-21T16:05:14+00:00\",\"dateModified\":\"2025-02-21T16:20:27+00:00\",\"breadcrumb\":{\"@id\":\"https:\/\/interreg-sudoe.eu\/fr\/noticia-proyecto\/prueba-piloto-de-aprovechamiento-forestal-con-skidders-en-lles-cerdanya\/#breadcrumb\"},\"inLanguage\":\"fr-FR\",\"potentialAction\":[{\"@type\":\"ReadAction\",\"target\":[\"https:\/\/interreg-sudoe.eu\/fr\/noticia-proyecto\/prueba-piloto-de-aprovechamiento-forestal-con-skidders-en-lles-cerdanya\/\"]}]},{\"@type\":\"ImageObject\",\"inLanguage\":\"fr-FR\",\"@id\":\"https:\/\/interreg-sudoe.eu\/fr\/noticia-proyecto\/prueba-piloto-de-aprovechamiento-forestal-con-skidders-en-lles-cerdanya\/#primaryimage\",\"url\":\"https:\/\/interreg-sudoe.eu\/wp-content\/uploads\/2025\/02\/Skider_1.jpg\",\"contentUrl\":\"https:\/\/interreg-sudoe.eu\/wp-content\/uploads\/2025\/02\/Skider_1.jpg\",\"width\":1600,\"height\":1143},{\"@type\":\"BreadcrumbList\",\"@id\":\"https:\/\/interreg-sudoe.eu\/fr\/noticia-proyecto\/prueba-piloto-de-aprovechamiento-forestal-con-skidders-en-lles-cerdanya\/#breadcrumb\",\"itemListElement\":[{\"@type\":\"ListItem\",\"position\":1,\"name\":\"Home\",\"item\":\"https:\/\/interreg-sudoe.eu\/fr\/\"},{\"@type\":\"ListItem\",\"position\":2,\"name\":\"Essai pilote de r\u00e9colte foresti\u00e8re avec des d\u00e9busqueuses \u00e0 Lles (Cerdagne)\"}]},{\"@type\":\"WebSite\",\"@id\":\"https:\/\/interreg-sudoe.eu\/fr\/#website\",\"url\":\"https:\/\/interreg-sudoe.eu\/fr\/\",\"name\":\"Interreg Sudoe\",\"description\":\"Interreg Sudoe\",\"publisher\":{\"@id\":\"https:\/\/interreg-sudoe.eu\/fr\/#organization\"},\"alternateName\":\"Interreg Sudoe\",\"potentialAction\":[{\"@type\":\"SearchAction\",\"target\":{\"@type\":\"EntryPoint\",\"urlTemplate\":\"https:\/\/interreg-sudoe.eu\/fr\/?s={search_term_string}\"},\"query-input\":{\"@type\":\"PropertyValueSpecification\",\"valueRequired\":true,\"valueName\":\"search_term_string\"}}],\"inLanguage\":\"fr-FR\"},{\"@type\":\"Organization\",\"@id\":\"https:\/\/interreg-sudoe.eu\/fr\/#organization\",\"name\":\"Interreg Sudoe\",\"alternateName\":\"Interreg Sudoe\",\"url\":\"https:\/\/interreg-sudoe.eu\/fr\/\",\"logo\":{\"@type\":\"ImageObject\",\"inLanguage\":\"fr-FR\",\"@id\":\"https:\/\/interreg-sudoe.eu\/fr\/#\/schema\/logo\/image\/\",\"url\":\"https:\/\/interreg-sudoe.eu\/wp-content\/uploads\/2024\/03\/logo-interreg.png\",\"contentUrl\":\"https:\/\/interreg-sudoe.eu\/wp-content\/uploads\/2024\/03\/logo-interreg.png\",\"width\":1200,\"height\":675,\"caption\":\"Interreg Sudoe\"},\"image\":{\"@id\":\"https:\/\/interreg-sudoe.eu\/fr\/#\/schema\/logo\/image\/\"},\"sameAs\":[\"https:\/\/www.facebook.com\/interregsudoe\",\"https:\/\/x.com\/Sudoe5\",\"https:\/\/www.youtube.com\/channel\/UCeGx2edoB32beRc9dbKA2vw\",\"https:\/\/www.linkedin.com\/company\/interreg-sudoe-programme\/\",\"https:\/\/www.flickr.com\/photos\/148704685@N06\/\"]}]}<\/script>\n<!-- \/ Yoast SEO plugin. -->","yoast_head_json":{"title":"Essai pilote de r\u00e9colte foresti\u00e8re avec des d\u00e9busqueuses \u00e0 Lles (Cerdagne) - Interreg Sudoe","robots":{"index":"index","follow":"follow","max-snippet":"max-snippet:-1","max-image-preview":"max-image-preview:large","max-video-preview":"max-video-preview:-1"},"canonical":"https:\/\/interreg-sudoe.eu\/fr\/noticia-proyecto\/prueba-piloto-de-aprovechamiento-forestal-con-skidders-en-lles-cerdanya\/","og_locale":"fr_FR","og_type":"article","og_title":"Essai pilote de r\u00e9colte foresti\u00e8re avec des d\u00e9busqueuses \u00e0 Lles (Cerdagne) - Interreg Sudoe","og_description":"Dans le cadre du projet BIO4RES, un essai pilote est men\u00e9 dans les montagnes de Lles (Cerdagne), en Catalogne, afin d'\u00e9valuer de nouvelles fa\u00e7ons d'am\u00e9liorer la r\u00e9silience des for\u00eats gr\u00e2ce \u00e0 des syst\u00e8mes d'exploitation foresti\u00e8re innovants. Cette initiative, men\u00e9e par le Centre de Ci\u00e8ncia i Tecnologia Forestal de Catalunya (CTFC), vise \u00e0 comparer l'efficacit\u00e9 et la durabilit\u00e9 de deux mod\u00e8les diff\u00e9rents de d\u00e9busqueuses.","og_url":"https:\/\/interreg-sudoe.eu\/fr\/noticia-proyecto\/prueba-piloto-de-aprovechamiento-forestal-con-skidders-en-lles-cerdanya\/","og_site_name":"Interreg Sudoe","article_publisher":"https:\/\/www.facebook.com\/interregsudoe","article_modified_time":"2025-02-21T16:20:27+00:00","og_image":[{"width":1600,"height":1143,"url":"https:\/\/interreg-sudoe.eu\/wp-content\/uploads\/2025\/02\/Skider_1.jpg","type":"image\/jpeg"}],"twitter_card":"summary_large_image","twitter_site":"@Sudoe5","twitter_misc":{"Dur\u00e9e de lecture estim\u00e9e":"2 minutes"},"schema":{"@context":"https:\/\/schema.org","@graph":[{"@type":"WebPage","@id":"https:\/\/interreg-sudoe.eu\/fr\/noticia-proyecto\/prueba-piloto-de-aprovechamiento-forestal-con-skidders-en-lles-cerdanya\/","url":"https:\/\/interreg-sudoe.eu\/fr\/noticia-proyecto\/prueba-piloto-de-aprovechamiento-forestal-con-skidders-en-lles-cerdanya\/","name":"Essai pilote de r\u00e9colte foresti\u00e8re avec des d\u00e9busqueuses \u00e0 Lles (Cerdagne) - Interreg Sudoe","isPartOf":{"@id":"https:\/\/interreg-sudoe.eu\/fr\/#website"},"primaryImageOfPage":{"@id":"https:\/\/interreg-sudoe.eu\/fr\/noticia-proyecto\/prueba-piloto-de-aprovechamiento-forestal-con-skidders-en-lles-cerdanya\/#primaryimage"},"image":{"@id":"https:\/\/interreg-sudoe.eu\/fr\/noticia-proyecto\/prueba-piloto-de-aprovechamiento-forestal-con-skidders-en-lles-cerdanya\/#primaryimage"},"thumbnailUrl":"https:\/\/interreg-sudoe.eu\/wp-content\/uploads\/2025\/02\/Skider_1.jpg","datePublished":"2025-02-21T16:05:14+00:00","dateModified":"2025-02-21T16:20:27+00:00","breadcrumb":{"@id":"https:\/\/interreg-sudoe.eu\/fr\/noticia-proyecto\/prueba-piloto-de-aprovechamiento-forestal-con-skidders-en-lles-cerdanya\/#breadcrumb"},"inLanguage":"fr-FR","potentialAction":[{"@type":"ReadAction","target":["https:\/\/interreg-sudoe.eu\/fr\/noticia-proyecto\/prueba-piloto-de-aprovechamiento-forestal-con-skidders-en-lles-cerdanya\/"]}]},{"@type":"ImageObject","inLanguage":"fr-FR","@id":"https:\/\/interreg-sudoe.eu\/fr\/noticia-proyecto\/prueba-piloto-de-aprovechamiento-forestal-con-skidders-en-lles-cerdanya\/#primaryimage","url":"https:\/\/interreg-sudoe.eu\/wp-content\/uploads\/2025\/02\/Skider_1.jpg","contentUrl":"https:\/\/interreg-sudoe.eu\/wp-content\/uploads\/2025\/02\/Skider_1.jpg","width":1600,"height":1143},{"@type":"BreadcrumbList","@id":"https:\/\/interreg-sudoe.eu\/fr\/noticia-proyecto\/prueba-piloto-de-aprovechamiento-forestal-con-skidders-en-lles-cerdanya\/#breadcrumb","itemListElement":[{"@type":"ListItem","position":1,"name":"Home","item":"https:\/\/interreg-sudoe.eu\/fr\/"},{"@type":"ListItem","position":2,"name":"Essai pilote de r\u00e9colte foresti\u00e8re avec des d\u00e9busqueuses \u00e0 Lles (Cerdagne)"}]},{"@type":"WebSite","@id":"https:\/\/interreg-sudoe.eu\/fr\/#website","url":"https:\/\/interreg-sudoe.eu\/fr\/","name":"Interreg Sudoe","description":"Interreg Sudoe","publisher":{"@id":"https:\/\/interreg-sudoe.eu\/fr\/#organization"},"alternateName":"Interreg Sudoe","potentialAction":[{"@type":"SearchAction","target":{"@type":"EntryPoint","urlTemplate":"https:\/\/interreg-sudoe.eu\/fr\/?s={search_term_string}"},"query-input":{"@type":"PropertyValueSpecification","valueRequired":true,"valueName":"search_term_string"}}],"inLanguage":"fr-FR"},{"@type":"Organization","@id":"https:\/\/interreg-sudoe.eu\/fr\/#organization","name":"Interreg Sudoe","alternateName":"Interreg Sudoe","url":"https:\/\/interreg-sudoe.eu\/fr\/","logo":{"@type":"ImageObject","inLanguage":"fr-FR","@id":"https:\/\/interreg-sudoe.eu\/fr\/#\/schema\/logo\/image\/","url":"https:\/\/interreg-sudoe.eu\/wp-content\/uploads\/2024\/03\/logo-interreg.png","contentUrl":"https:\/\/interreg-sudoe.eu\/wp-content\/uploads\/2024\/03\/logo-interreg.png","width":1200,"height":675,"caption":"Interreg Sudoe"},"image":{"@id":"https:\/\/interreg-sudoe.eu\/fr\/#\/schema\/logo\/image\/"},"sameAs":["https:\/\/www.facebook.com\/interregsudoe","https:\/\/x.com\/Sudoe5","https:\/\/www.youtube.com\/channel\/UCeGx2edoB32beRc9dbKA2vw","https:\/\/www.linkedin.com\/company\/interreg-sudoe-programme\/","https:\/\/www.flickr.com\/photos\/148704685@N06\/"]}]}},"_links":{"self":[{"href":"https:\/\/interreg-sudoe.eu\/fr\/wp-json\/wp\/v2\/noticia-proyecto\/45027","targetHints":{"allow":["GET"]}}],"collection":[{"href":"https:\/\/interreg-sudoe.eu\/fr\/wp-json\/wp\/v2\/noticia-proyecto"}],"about":[{"href":"https:\/\/interreg-sudoe.eu\/fr\/wp-json\/wp\/v2\/types\/noticia-proyecto"}],"author":[{"embeddable":true,"href":"https:\/\/interreg-sudoe.eu\/fr\/wp-json\/wp\/v2\/users\/5373"}],"wp:featuredmedia":[{"embeddable":true,"href":"https:\/\/interreg-sudoe.eu\/fr\/wp-json\/wp\/v2\/media\/45026"}],"wp:attachment":[{"href":"https:\/\/interreg-sudoe.eu\/fr\/wp-json\/wp\/v2\/media?parent=45027"}],"curies":[{"name":"wp","href":"https:\/\/api.w.org\/{rel}","templated":true}]}}