{"id":45466,"date":"2024-11-26T16:44:57","date_gmt":"2024-11-26T15:44:57","guid":{"rendered":"https:\/\/interreg-sudoe.eu\/?post_type=noticia-proyecto&#038;p=45466"},"modified":"2026-02-17T12:32:42","modified_gmt":"2026-02-17T11:32:42","slug":"castelo-branco-temoin-des-nouvelles-avancees-du-projet-revital","status":"publish","type":"noticia-proyecto","link":"https:\/\/interreg-sudoe.eu\/fr\/noticia-proyecto\/castelo-branco-temoin-des-nouvelles-avancees-du-projet-revital\/","title":{"rendered":"Castelo Branco, t\u00e9moin des nouvelles avanc\u00e9es du projet REVITAL"},"content":{"rendered":"<p><span data-sheets-root=\"1\">Les 20 et 21 novembre, la ville portugaise de Castelo Branco a accueilli la nouvelle r\u00e9union de suivi du projet REVITAL, Revitalisation socio-\u00e9conomique des zones \u00e0 faible densit\u00e9 de population gr\u00e2ce aux t\u00e9l\u00e9soins cliniques. La r\u00e9union des 9 membres du consortium charg\u00e9s de l&rsquo;ex\u00e9cution du projet a eu lieu \u00e0 l&rsquo;Institut Polytechnique de Castelo Branco (IPCB) et \u00e0 l&rsquo;Associa\u00e7\u00e3o Empresarial da Beira Baixa (AEBB), si\u00e8ge des deux entit\u00e9s portugaises qui font partie de REVITAL.<\/span><\/p>\n<p><span data-sheets-root=\"1\">Ainsi, le projet REVITAL a montr\u00e9 \u00e0 Castelo Branco les nouvelles avanc\u00e9es sur lesquelles travaillent ensemble les entit\u00e9s de chacun des trois pays (Portugal, Espagne et France). Parmi eux, se distinguent le lancement d&rsquo;une nouvelle offre de physioth\u00e9rapeutes, l&rsquo;\u00e9valuation des patients potentiels avant la fin de l&rsquo;ann\u00e9e et le d\u00e9but du pilotage en janvier 2025, qui repr\u00e9sentent certaines des \u00e9tapes les plus pertinentes franchies, et d&rsquo;autres qui sont pr\u00e9vues pour les mois \u00e0 venir.<\/span><\/p>\n<h2 class=\"wp-block-heading\"><span data-sheets-root=\"1\">Castelo Branco : mercredi 20 novembre<br \/>\n<\/span><\/h2>\n<div class=\"wp-block-image\">\n<figure class=\"alignright size-large is-resized\"><img fetchpriority=\"high\" decoding=\"async\" class=\"wp-image-7312\" src=\"https:\/\/clustersivi.org\/wp-content\/uploads\/2024\/11\/instituto-politecnico-de-castelo-branco-1024x768.jpeg\" sizes=\"(max-width: 1024px) 100vw, 1024px\" srcset=\"https:\/\/clustersivi.org\/wp-content\/uploads\/2024\/11\/instituto-politecnico-de-castelo-branco-1024x768.jpeg 1024w, https:\/\/clustersivi.org\/wp-content\/uploads\/2024\/11\/instituto-politecnico-de-castelo-branco-300x225.jpeg 300w, https:\/\/clustersivi.org\/wp-content\/uploads\/2024\/11\/instituto-politecnico-de-castelo-branco-768x576.jpeg 768w, https:\/\/clustersivi.org\/wp-content\/uploads\/2024\/11\/instituto-politecnico-de-castelo-branco-1536x1152.jpeg 1536w, https:\/\/clustersivi.org\/wp-content\/uploads\/2024\/11\/instituto-politecnico-de-castelo-branco-2048x1536.jpeg 2048w\" alt=\"\" width=\"457\" height=\"342\" \/><\/figure>\n<\/div>\n<p><span data-sheets-root=\"1\">Le mercredi 20 novembre, les membres du consortium qui composent ce projet europ\u00e9en se sont r\u00e9unis pour une premi\u00e8re journ\u00e9e qui a d\u00e9but\u00e9 dans les installations de l&rsquo;ESALD \u2013 Escola Superior de Sa\u00fade Dr. Lopes Dias, o\u00f9 nous avons visit\u00e9 le centre et abord\u00e9 les questions cl\u00e9s du d\u00e9veloppement de nouvelles technologies et de leur application \u00e0 la physioth\u00e9rapie.<\/span><\/p>\n<p><strong>Ordre du jour en vedette :<\/strong><\/p>\n<ul>\n<li><span data-sheets-root=\"1\">Visite guid\u00e9e de l&rsquo;\u00c9cole de Sant\u00e9 \u2013 IPCB \u2013 Institut Polytechnique de Castelo Branco.<\/span><\/li>\n<li><span data-sheets-root=\"1\">Discussion sur la gestion administrative (justification, d\u00e9penses, contr\u00f4leurs).<\/span><\/li>\n<li><span data-sheets-root=\"1\">Avanc\u00e9es dans la s\u00e9lection de technologies innovantes.<\/span><\/li>\n<li><span data-sheets-root=\"1\">Le point sur l&#8217;embauche et la formation du personnel pour mettre en \u0153uvre ces technologies.<\/span><\/li>\n<li><span data-sheets-root=\"1\">Pr\u00e9sentations inspirantes de physioth\u00e9rapeutes invit\u00e9s :<\/span>\n<ul>\n<li><span data-sheets-root=\"1\">Carlos Martins : \u00ab Preuve scientifique des nouvelles technologies \u00bb.<\/span><\/li>\n<li><span data-sheets-root=\"1\">Jo\u00e3o Moreira : \u00ab Physioth\u00e9rapie \u00e0 domicile : r\u00e9alit\u00e9 dans l&rsquo;Unit\u00e9 Sanitaire Locale de Castelo Branco \u00bb.<\/span><\/li>\n<\/ul>\n<\/li>\n<\/ul>\n<p><span data-sheets-root=\"1\">\u00ab\u00a0Les r\u00e9sultats des technologies appliqu\u00e9es \u00e0 la physioth\u00e9rapie r\u00e9v\u00e8lent qu&rsquo;elles optimisent \u00e0 la fois la mobilit\u00e9 et la fonction physique, am\u00e9liorent les niveaux d&rsquo;activit\u00e9 et contribuent \u00e0 am\u00e9liorer l&rsquo;efficacit\u00e9 \u00e9conomique\u00a0\u00bb, a soulign\u00e9 Carlos Martins, de l&rsquo;Unit\u00e9 Sanitaire Locale de Castelo Branco.<\/span><\/p>\n<p><span data-sheets-root=\"1\">\u00ab\u00a0En Europe, 1,1 million de personnes sont victimes d&rsquo;un accident vasculaire c\u00e9r\u00e9bral et on s&rsquo;attend \u00e0 ce que ce chiffre atteigne 1,5 million en 2025, ce qui entra\u00eenera une augmentation de la demande de neuror\u00e9\u00e9ducation. Il n&rsquo;existe aucune intervention qui fonctionne pour tout le monde, mais rien n&rsquo;est plus efficace que la pratique pour aider \u00e0 apprendre et \u00e0 r\u00e9agir\u00a0\u00bb, a d\u00e9clar\u00e9 Jo\u00e3o Moreira, qui a donn\u00e9 des exemples d&rsquo;outils technologiques qui peuvent aider les professionnels.<\/span><\/p>\n<p><span data-sheets-root=\"1\">La journ\u00e9e s&rsquo;est termin\u00e9e par un d\u00eener tr\u00e8s b\u00e9n\u00e9fique au cours duquel nous avons renforc\u00e9 les liens, partag\u00e9 nos exp\u00e9riences et planifi\u00e9 les prochaines \u00e9tapes du projet REVITAL.<\/span><\/p>\n<h2 class=\"wp-block-heading\"><span data-sheets-root=\"1\">Castelo Branco : jeudi 21 novembre<br \/>\n<\/span><\/h2>\n<div class=\"wp-block-image\">\n<figure class=\"alignright size-large is-resized\"><img decoding=\"async\" class=\"wp-image-7314\" src=\"https:\/\/clustersivi.org\/wp-content\/uploads\/2024\/11\/castelo-branco-aebb-1024x768.jpeg\" sizes=\"(max-width: 1024px) 100vw, 1024px\" srcset=\"https:\/\/clustersivi.org\/wp-content\/uploads\/2024\/11\/castelo-branco-aebb-1024x768.jpeg 1024w, https:\/\/clustersivi.org\/wp-content\/uploads\/2024\/11\/castelo-branco-aebb-300x225.jpeg 300w, https:\/\/clustersivi.org\/wp-content\/uploads\/2024\/11\/castelo-branco-aebb-768x576.jpeg 768w, https:\/\/clustersivi.org\/wp-content\/uploads\/2024\/11\/castelo-branco-aebb-1536x1152.jpeg 1536w, https:\/\/clustersivi.org\/wp-content\/uploads\/2024\/11\/castelo-branco-aebb-2048x1536.jpeg 2048w\" alt=\"\" width=\"460\" height=\"345\" \/><\/figure>\n<\/div>\n<p><span data-sheets-root=\"1\">Le deuxi\u00e8me jour, le consortium s&rsquo;est d\u00e9plac\u00e9 au si\u00e8ge de l&rsquo;AEBB Associa\u00e7ao Empresarial Beira Baixa, o\u00f9 S\u00f3nia Azevedo, directrice adjointe de l&rsquo;entit\u00e9, nous a accueillis et nous a montr\u00e9 une vid\u00e9o o\u00f9 nous avons pu en apprendre davantage sur les installations, la mission et le travail r\u00e9alis\u00e9 \u00e0 l&rsquo;AEBB.<\/span><\/p>\n<p><span data-sheets-root=\"1\">Ordre du jour en vedette :<\/span><\/p>\n<ul>\n<li><span data-sheets-root=\"1\">Bienvenue \u00e0 l&rsquo;AEBB.<\/span><\/li>\n<li><span data-sheets-root=\"1\">Points de vue des experts invit\u00e9s de Castille-et-Le\u00f3n :<\/span>\n<ul>\n<li><span data-sheets-root=\"1\">Benedicto Caminero, ancien directeur technique des Soins aux personnes \u00e2g\u00e9es et aux personnes handicap\u00e9es, Direction des Services Sociaux de la Junta de Castilla y Le\u00f3n.<\/span><\/li>\n<li><span data-sheets-root=\"1\">Javier de la Nava, physioth\u00e9rapeute sp\u00e9cialis\u00e9 en Douleur et Neurosciences.<\/span><\/li>\n<li><span data-sheets-root=\"1\">Andrea Caminero, physioth\u00e9rapeute sp\u00e9cialis\u00e9e en exercices th\u00e9rapeutiques.<\/span><\/li>\n<\/ul>\n<\/li>\n<li><span data-sheets-root=\"1\">D\u00e9finition des diff\u00e9rents mod\u00e8les \u00e9conomiques des trois cas pilotes<\/span><\/li>\n<li><span data-sheets-root=\"1\">Mise en \u0153uvre d&rsquo;initiatives pilotes en fonction des r\u00e9sultats obtenus et de la date de d\u00e9but du pilotage<\/span><\/li>\n<li><span data-sheets-root=\"1\">Communication et diffusion des r\u00e9sultats de communication : pr\u00e9sentation de la strat\u00e9gie et rappel des t\u00e2ches<\/span><\/li>\n<\/ul>\n<h2 class=\"wp-block-heading\"><span data-sheets-root=\"1\">Vision commune vers de meilleurs soins<br \/>\n<\/span><\/h2>\n<p><span data-sheets-root=\"1\">\u00ab\u00a0Ce qui se passe dans le domaine de la sant\u00e9 n&rsquo;a pas seulement des r\u00e9percussions au niveau national, mais aussi au niveau international. L&rsquo;impact sur la sant\u00e9 est li\u00e9 aux probl\u00e8mes biologiques, au mode de vie et aussi aux services fournis en mati\u00e8re de sant\u00e9\u00a0\u00bb, a soulign\u00e9 Benedicto Caminero, qui a \u00e9voqu\u00e9 quatre axes fondamentaux sur lesquels il faut agir : les soins primaires, les soins sp\u00e9cialis\u00e9s, la sant\u00e9 mentale et les services sociaux. \u00ab\u00a0Il faut regrouper les m\u00e9tiers pour accorder une attention unique \u00e0 la personne\u00a0\u00bb, a-t-il ajout\u00e9.<\/span><\/p>\n<p><span data-sheets-root=\"1\">Javier de la Nava, qui travaille dans l&rsquo;Unit\u00e9 de Strat\u00e9gie Active de l&rsquo;Unit\u00e9 Douleur, a soulign\u00e9 l&rsquo;importance de la \u00ab\u00a0vision commune\u00a0\u00bb des diff\u00e9rents professionnels de soins pour \u00ab\u00a0travailler ensemble avec le m\u00eame objectif\u00a0\u00bb. \u00ab\u00a0Nous suivons le patient assez longtemps car nous comprenons que le traitement de la douleur chronique est un changement de mode de vie. C&rsquo;est un mod\u00e8le que l&rsquo;on essaie d&rsquo;impl\u00e9menter dans toute l&rsquo;Espagne et qui permet de traiter un grand nombre de personnes mais de mani\u00e8re correcte\u00a0\u00bb, a-t-il soulign\u00e9.<\/span><\/p>\n<p><span data-sheets-root=\"1\">De son c\u00f4t\u00e9, Andrea Caminero, physioth\u00e9rapeute et fondatrice de F\u00e9nix Fisioterapia, a soulign\u00e9 l&rsquo;importance de la relation entre le public et le priv\u00e9 \u00ab\u00a0pour que celle-ci soit efficace\u00a0\u00bb. \u00ab\u00a0Les groupes de travail ont des avantages sociaux et sociaux, et ils sont aussi plus \u00e9conomiques pour les gens. Il existe un besoin \u00e9vident pour les ressources priv\u00e9es de communiquer avec les ressources publiques. Puisque vous modifiez votre mode de vie, il est plus facile de prendre une bonne habitude qu\u2019une mauvaise. Il faut qu&rsquo;il y ait une continuit\u00e9 avec les patients\u00a0\u00bb, a-t-il t\u00e9moign\u00e9.<\/span><\/p>\n<p><span data-sheets-root=\"1\">La r\u00e9union s&rsquo;est termin\u00e9e par un repas au cours duquel les membres du consortium ont pu se dire au revoir et se diriger vers la prochaine r\u00e9union de suivi qui aura lieu dans six mois.<\/span><\/p>\n<h2 class=\"wp-block-heading\"><span data-sheets-root=\"1\">Qui compose le consortium REVITAL ?<br \/>\n<\/span><\/h2>\n<p><span data-sheets-root=\"1\">SIVI dirige le projet \u00ab REVITAL : Revitalisation socio-\u00e9conomique des zones \u00e0 faible densit\u00e9 de population gr\u00e2ce aux t\u00e9l\u00e9soins cliniques \u00bb qui fait partie du programme Interreg VI-B Sudoe 2021 \u2013 2027, dont l&rsquo;objectif est de promouvoir la recherche, le d\u00e9veloppement technologique et l&rsquo;innovation entre l&rsquo;Espagne, la France et le Portugal.<\/span><\/p>\n<p><span data-sheets-root=\"1\">Le projet sera d\u00e9velopp\u00e9 avec un horizon temporel de 2026, gr\u00e2ce au travail du consortium multir\u00e9gional form\u00e9 par 9 entit\u00e9s du secteur sanitaire et socio-sanitaire d&rsquo;Espagne, de France et du Portugal, qui sont :<\/span><\/p>\n<ul>\n<li><span data-sheets-root=\"1\">Cluster Solutions Innovantes pour la Vie Autonome (SIVI)<\/span><\/li>\n<li><span data-sheets-root=\"1\">Gestion des Services Sociaux de Castilla y Le\u00f3n<\/span><\/li>\n<li><span data-sheets-root=\"1\">Fondation San Cebri\u00e1n<\/span><\/li>\n<li><span data-sheets-root=\"1\">Robots de mobilit\u00e9 GOGOA<\/span><\/li>\n<li><span data-sheets-root=\"1\">Ecole Sup\u00e9rieure des Technologies Industrielles Avanc\u00e9es (ESTIA)<\/span><\/li>\n<li><span data-sheets-root=\"1\">Universit\u00e9 de DEUSTO<\/span><\/li>\n<li><span data-sheets-root=\"1\">Etablissement Public de Sant\u00e9 de GARAZI<\/span><\/li>\n<li><span data-sheets-root=\"1\">Association des entreprises de Beira Baixa (AEBB)<\/span><\/li>\n<li><span data-sheets-root=\"1\">Institut Polytechnique de Castelo Branco (IPCB)<\/span><\/li>\n<\/ul>\n","protected":false},"excerpt":{"rendered":"<p>Le lancement d&rsquo;une nouvelle offre de kin\u00e9sith\u00e9rapeutes, l&rsquo;\u00e9valuation des patients potentiels avant la fin de l&rsquo;ann\u00e9e et le d\u00e9but du pilotage en janvier 2025 sont quelques-unes des \u00e9tapes les plus importantes qui ont \u00e9t\u00e9 franchies, et d&rsquo;autres qui sont pr\u00e9vues pour les mois \u00e0 venir.<\/p>\n","protected":false},"author":6552,"featured_media":43138,"parent":0,"template":"","meta":{"_acf_changed":false,"content-type":"","_monsterinsights_skip_tracking":false,"_monsterinsights_sitenote_active":false,"_monsterinsights_sitenote_note":"","_monsterinsights_sitenote_category":0},"class_list":["post-45466","noticia-proyecto","type-noticia-proyecto","status-publish","has-post-thumbnail","hentry"],"acf":[],"yoast_head":"<!-- This site is optimized with the Yoast SEO plugin v27.4 - https:\/\/yoast.com\/product\/yoast-seo-wordpress\/ -->\n<title>Castelo Branco, t\u00e9moin des nouvelles avanc\u00e9es du projet REVITAL - Interreg Sudoe<\/title>\n<meta name=\"robots\" content=\"index, follow, max-snippet:-1, max-image-preview:large, max-video-preview:-1\" \/>\n<link rel=\"canonical\" href=\"https:\/\/interreg-sudoe.eu\/fr\/noticia-proyecto\/castelo-branco-temoin-des-nouvelles-avancees-du-projet-revital\/\" \/>\n<meta property=\"og:locale\" content=\"fr_FR\" \/>\n<meta property=\"og:type\" content=\"article\" \/>\n<meta property=\"og:title\" content=\"Castelo Branco, t\u00e9moin des nouvelles avanc\u00e9es du projet REVITAL - Interreg Sudoe\" \/>\n<meta property=\"og:description\" content=\"Le lancement d&#039;une nouvelle offre de kin\u00e9sith\u00e9rapeutes, l&#039;\u00e9valuation des patients potentiels avant la fin de l&#039;ann\u00e9e et le d\u00e9but du pilotage en janvier 2025 sont quelques-unes des \u00e9tapes les plus importantes qui ont \u00e9t\u00e9 franchies, et d&#039;autres qui sont pr\u00e9vues pour les mois \u00e0 venir.\" \/>\n<meta property=\"og:url\" content=\"https:\/\/interreg-sudoe.eu\/fr\/noticia-proyecto\/castelo-branco-temoin-des-nouvelles-avancees-du-projet-revital\/\" \/>\n<meta property=\"og:site_name\" content=\"Interreg Sudoe\" \/>\n<meta property=\"article:publisher\" content=\"https:\/\/www.facebook.com\/interregsudoe\" \/>\n<meta property=\"article:modified_time\" content=\"2026-02-17T11:32:42+00:00\" \/>\n<meta property=\"og:image\" content=\"https:\/\/interreg-sudoe.eu\/wp-content\/uploads\/2024\/11\/castelo-branco.jpg\" \/>\n\t<meta property=\"og:image:width\" content=\"1200\" \/>\n\t<meta property=\"og:image:height\" content=\"900\" \/>\n\t<meta property=\"og:image:type\" content=\"image\/jpeg\" \/>\n<meta name=\"twitter:card\" content=\"summary_large_image\" \/>\n<meta name=\"twitter:site\" content=\"@Sudoe5\" \/>\n<meta name=\"twitter:label1\" content=\"Dur\u00e9e de lecture estim\u00e9e\" \/>\n\t<meta name=\"twitter:data1\" content=\"6 minutes\" \/>\n<script type=\"application\/ld+json\" class=\"yoast-schema-graph\">{\"@context\":\"https:\\\/\\\/schema.org\",\"@graph\":[{\"@type\":\"WebPage\",\"@id\":\"https:\\\/\\\/interreg-sudoe.eu\\\/fr\\\/noticia-proyecto\\\/castelo-branco-temoin-des-nouvelles-avancees-du-projet-revital\\\/\",\"url\":\"https:\\\/\\\/interreg-sudoe.eu\\\/fr\\\/noticia-proyecto\\\/castelo-branco-temoin-des-nouvelles-avancees-du-projet-revital\\\/\",\"name\":\"Castelo Branco, t\u00e9moin des nouvelles avanc\u00e9es du projet REVITAL - Interreg Sudoe\",\"isPartOf\":{\"@id\":\"https:\\\/\\\/interreg-sudoe.eu\\\/fr\\\/#website\"},\"primaryImageOfPage\":{\"@id\":\"https:\\\/\\\/interreg-sudoe.eu\\\/fr\\\/noticia-proyecto\\\/castelo-branco-temoin-des-nouvelles-avancees-du-projet-revital\\\/#primaryimage\"},\"image\":{\"@id\":\"https:\\\/\\\/interreg-sudoe.eu\\\/fr\\\/noticia-proyecto\\\/castelo-branco-temoin-des-nouvelles-avancees-du-projet-revital\\\/#primaryimage\"},\"thumbnailUrl\":\"https:\\\/\\\/interreg-sudoe.eu\\\/wp-content\\\/uploads\\\/2024\\\/11\\\/castelo-branco.jpg\",\"datePublished\":\"2024-11-26T15:44:57+00:00\",\"dateModified\":\"2026-02-17T11:32:42+00:00\",\"breadcrumb\":{\"@id\":\"https:\\\/\\\/interreg-sudoe.eu\\\/fr\\\/noticia-proyecto\\\/castelo-branco-temoin-des-nouvelles-avancees-du-projet-revital\\\/#breadcrumb\"},\"inLanguage\":\"fr-FR\",\"potentialAction\":[{\"@type\":\"ReadAction\",\"target\":[\"https:\\\/\\\/interreg-sudoe.eu\\\/fr\\\/noticia-proyecto\\\/castelo-branco-temoin-des-nouvelles-avancees-du-projet-revital\\\/\"]}]},{\"@type\":\"ImageObject\",\"inLanguage\":\"fr-FR\",\"@id\":\"https:\\\/\\\/interreg-sudoe.eu\\\/fr\\\/noticia-proyecto\\\/castelo-branco-temoin-des-nouvelles-avancees-du-projet-revital\\\/#primaryimage\",\"url\":\"https:\\\/\\\/interreg-sudoe.eu\\\/wp-content\\\/uploads\\\/2024\\\/11\\\/castelo-branco.jpg\",\"contentUrl\":\"https:\\\/\\\/interreg-sudoe.eu\\\/wp-content\\\/uploads\\\/2024\\\/11\\\/castelo-branco.jpg\",\"width\":1200,\"height\":900,\"caption\":\"Castelo Branco, testigo de los nuevos avances del proyecto REVITAL\"},{\"@type\":\"BreadcrumbList\",\"@id\":\"https:\\\/\\\/interreg-sudoe.eu\\\/fr\\\/noticia-proyecto\\\/castelo-branco-temoin-des-nouvelles-avancees-du-projet-revital\\\/#breadcrumb\",\"itemListElement\":[{\"@type\":\"ListItem\",\"position\":1,\"name\":\"Home\",\"item\":\"https:\\\/\\\/interreg-sudoe.eu\\\/fr\\\/\"},{\"@type\":\"ListItem\",\"position\":2,\"name\":\"Castelo Branco, t\u00e9moin des nouvelles avanc\u00e9es du projet REVITAL\"}]},{\"@type\":\"WebSite\",\"@id\":\"https:\\\/\\\/interreg-sudoe.eu\\\/fr\\\/#website\",\"url\":\"https:\\\/\\\/interreg-sudoe.eu\\\/fr\\\/\",\"name\":\"Interreg Sudoe\",\"description\":\"Interreg Sudoe\",\"publisher\":{\"@id\":\"https:\\\/\\\/interreg-sudoe.eu\\\/fr\\\/#organization\"},\"alternateName\":\"Interreg Sudoe\",\"potentialAction\":[{\"@type\":\"SearchAction\",\"target\":{\"@type\":\"EntryPoint\",\"urlTemplate\":\"https:\\\/\\\/interreg-sudoe.eu\\\/fr\\\/?s={search_term_string}\"},\"query-input\":{\"@type\":\"PropertyValueSpecification\",\"valueRequired\":true,\"valueName\":\"search_term_string\"}}],\"inLanguage\":\"fr-FR\"},{\"@type\":\"Organization\",\"@id\":\"https:\\\/\\\/interreg-sudoe.eu\\\/fr\\\/#organization\",\"name\":\"Interreg Sudoe\",\"alternateName\":\"Interreg Sudoe\",\"url\":\"https:\\\/\\\/interreg-sudoe.eu\\\/fr\\\/\",\"logo\":{\"@type\":\"ImageObject\",\"inLanguage\":\"fr-FR\",\"@id\":\"https:\\\/\\\/interreg-sudoe.eu\\\/fr\\\/#\\\/schema\\\/logo\\\/image\\\/\",\"url\":\"https:\\\/\\\/interreg-sudoe.eu\\\/wp-content\\\/uploads\\\/2024\\\/03\\\/logo-interreg.png\",\"contentUrl\":\"https:\\\/\\\/interreg-sudoe.eu\\\/wp-content\\\/uploads\\\/2024\\\/03\\\/logo-interreg.png\",\"width\":1200,\"height\":675,\"caption\":\"Interreg Sudoe\"},\"image\":{\"@id\":\"https:\\\/\\\/interreg-sudoe.eu\\\/fr\\\/#\\\/schema\\\/logo\\\/image\\\/\"},\"sameAs\":[\"https:\\\/\\\/www.facebook.com\\\/interregsudoe\",\"https:\\\/\\\/x.com\\\/Sudoe5\",\"https:\\\/\\\/www.youtube.com\\\/channel\\\/UCeGx2edoB32beRc9dbKA2vw\",\"https:\\\/\\\/www.linkedin.com\\\/company\\\/interreg-sudoe-programme\\\/\",\"https:\\\/\\\/www.flickr.com\\\/photos\\\/148704685@N06\\\/\"]}]}<\/script>\n<!-- \/ Yoast SEO plugin. -->","yoast_head_json":{"title":"Castelo Branco, t\u00e9moin des nouvelles avanc\u00e9es du projet REVITAL - Interreg Sudoe","robots":{"index":"index","follow":"follow","max-snippet":"max-snippet:-1","max-image-preview":"max-image-preview:large","max-video-preview":"max-video-preview:-1"},"canonical":"https:\/\/interreg-sudoe.eu\/fr\/noticia-proyecto\/castelo-branco-temoin-des-nouvelles-avancees-du-projet-revital\/","og_locale":"fr_FR","og_type":"article","og_title":"Castelo Branco, t\u00e9moin des nouvelles avanc\u00e9es du projet REVITAL - Interreg Sudoe","og_description":"Le lancement d'une nouvelle offre de kin\u00e9sith\u00e9rapeutes, l'\u00e9valuation des patients potentiels avant la fin de l'ann\u00e9e et le d\u00e9but du pilotage en janvier 2025 sont quelques-unes des \u00e9tapes les plus importantes qui ont \u00e9t\u00e9 franchies, et d'autres qui sont pr\u00e9vues pour les mois \u00e0 venir.","og_url":"https:\/\/interreg-sudoe.eu\/fr\/noticia-proyecto\/castelo-branco-temoin-des-nouvelles-avancees-du-projet-revital\/","og_site_name":"Interreg Sudoe","article_publisher":"https:\/\/www.facebook.com\/interregsudoe","article_modified_time":"2026-02-17T11:32:42+00:00","og_image":[{"width":1200,"height":900,"url":"https:\/\/interreg-sudoe.eu\/wp-content\/uploads\/2024\/11\/castelo-branco.jpg","type":"image\/jpeg"}],"twitter_card":"summary_large_image","twitter_site":"@Sudoe5","twitter_misc":{"Dur\u00e9e de lecture estim\u00e9e":"6 minutes"},"schema":{"@context":"https:\/\/schema.org","@graph":[{"@type":"WebPage","@id":"https:\/\/interreg-sudoe.eu\/fr\/noticia-proyecto\/castelo-branco-temoin-des-nouvelles-avancees-du-projet-revital\/","url":"https:\/\/interreg-sudoe.eu\/fr\/noticia-proyecto\/castelo-branco-temoin-des-nouvelles-avancees-du-projet-revital\/","name":"Castelo Branco, t\u00e9moin des nouvelles avanc\u00e9es du projet REVITAL - Interreg Sudoe","isPartOf":{"@id":"https:\/\/interreg-sudoe.eu\/fr\/#website"},"primaryImageOfPage":{"@id":"https:\/\/interreg-sudoe.eu\/fr\/noticia-proyecto\/castelo-branco-temoin-des-nouvelles-avancees-du-projet-revital\/#primaryimage"},"image":{"@id":"https:\/\/interreg-sudoe.eu\/fr\/noticia-proyecto\/castelo-branco-temoin-des-nouvelles-avancees-du-projet-revital\/#primaryimage"},"thumbnailUrl":"https:\/\/interreg-sudoe.eu\/wp-content\/uploads\/2024\/11\/castelo-branco.jpg","datePublished":"2024-11-26T15:44:57+00:00","dateModified":"2026-02-17T11:32:42+00:00","breadcrumb":{"@id":"https:\/\/interreg-sudoe.eu\/fr\/noticia-proyecto\/castelo-branco-temoin-des-nouvelles-avancees-du-projet-revital\/#breadcrumb"},"inLanguage":"fr-FR","potentialAction":[{"@type":"ReadAction","target":["https:\/\/interreg-sudoe.eu\/fr\/noticia-proyecto\/castelo-branco-temoin-des-nouvelles-avancees-du-projet-revital\/"]}]},{"@type":"ImageObject","inLanguage":"fr-FR","@id":"https:\/\/interreg-sudoe.eu\/fr\/noticia-proyecto\/castelo-branco-temoin-des-nouvelles-avancees-du-projet-revital\/#primaryimage","url":"https:\/\/interreg-sudoe.eu\/wp-content\/uploads\/2024\/11\/castelo-branco.jpg","contentUrl":"https:\/\/interreg-sudoe.eu\/wp-content\/uploads\/2024\/11\/castelo-branco.jpg","width":1200,"height":900,"caption":"Castelo Branco, testigo de los nuevos avances del proyecto REVITAL"},{"@type":"BreadcrumbList","@id":"https:\/\/interreg-sudoe.eu\/fr\/noticia-proyecto\/castelo-branco-temoin-des-nouvelles-avancees-du-projet-revital\/#breadcrumb","itemListElement":[{"@type":"ListItem","position":1,"name":"Home","item":"https:\/\/interreg-sudoe.eu\/fr\/"},{"@type":"ListItem","position":2,"name":"Castelo Branco, t\u00e9moin des nouvelles avanc\u00e9es du projet REVITAL"}]},{"@type":"WebSite","@id":"https:\/\/interreg-sudoe.eu\/fr\/#website","url":"https:\/\/interreg-sudoe.eu\/fr\/","name":"Interreg Sudoe","description":"Interreg Sudoe","publisher":{"@id":"https:\/\/interreg-sudoe.eu\/fr\/#organization"},"alternateName":"Interreg Sudoe","potentialAction":[{"@type":"SearchAction","target":{"@type":"EntryPoint","urlTemplate":"https:\/\/interreg-sudoe.eu\/fr\/?s={search_term_string}"},"query-input":{"@type":"PropertyValueSpecification","valueRequired":true,"valueName":"search_term_string"}}],"inLanguage":"fr-FR"},{"@type":"Organization","@id":"https:\/\/interreg-sudoe.eu\/fr\/#organization","name":"Interreg Sudoe","alternateName":"Interreg Sudoe","url":"https:\/\/interreg-sudoe.eu\/fr\/","logo":{"@type":"ImageObject","inLanguage":"fr-FR","@id":"https:\/\/interreg-sudoe.eu\/fr\/#\/schema\/logo\/image\/","url":"https:\/\/interreg-sudoe.eu\/wp-content\/uploads\/2024\/03\/logo-interreg.png","contentUrl":"https:\/\/interreg-sudoe.eu\/wp-content\/uploads\/2024\/03\/logo-interreg.png","width":1200,"height":675,"caption":"Interreg Sudoe"},"image":{"@id":"https:\/\/interreg-sudoe.eu\/fr\/#\/schema\/logo\/image\/"},"sameAs":["https:\/\/www.facebook.com\/interregsudoe","https:\/\/x.com\/Sudoe5","https:\/\/www.youtube.com\/channel\/UCeGx2edoB32beRc9dbKA2vw","https:\/\/www.linkedin.com\/company\/interreg-sudoe-programme\/","https:\/\/www.flickr.com\/photos\/148704685@N06\/"]}]}},"_links":{"self":[{"href":"https:\/\/interreg-sudoe.eu\/fr\/wp-json\/wp\/v2\/noticia-proyecto\/45466","targetHints":{"allow":["GET"]}}],"collection":[{"href":"https:\/\/interreg-sudoe.eu\/fr\/wp-json\/wp\/v2\/noticia-proyecto"}],"about":[{"href":"https:\/\/interreg-sudoe.eu\/fr\/wp-json\/wp\/v2\/types\/noticia-proyecto"}],"author":[{"embeddable":true,"href":"https:\/\/interreg-sudoe.eu\/fr\/wp-json\/wp\/v2\/users\/6552"}],"wp:featuredmedia":[{"embeddable":true,"href":"https:\/\/interreg-sudoe.eu\/fr\/wp-json\/wp\/v2\/media\/43138"}],"wp:attachment":[{"href":"https:\/\/interreg-sudoe.eu\/fr\/wp-json\/wp\/v2\/media?parent=45466"}],"curies":[{"name":"wp","href":"https:\/\/api.w.org\/{rel}","templated":true}]}}