{"id":48197,"date":"2025-06-06T09:23:52","date_gmt":"2025-06-06T07:23:52","guid":{"rendered":"https:\/\/interreg-sudoe.eu\/noticia-proyecto\/le-projet-thermecowat-presente-au-1er-congres-geo-rin-en-espagne\/"},"modified":"2026-02-16T13:11:50","modified_gmt":"2026-02-16T12:11:50","slug":"le-projet-thermecowat-presente-au-1er-congres-geo-rin-en-espagne","status":"publish","type":"noticia-proyecto","link":"https:\/\/interreg-sudoe.eu\/fr\/noticia-proyecto\/le-projet-thermecowat-presente-au-1er-congres-geo-rin-en-espagne\/","title":{"rendered":"Le projet ThermEcoWat pr\u00e9sent\u00e9 au congr\u00e8s Geo-RIN en Espagne par l&rsquo;Institut cartographique et g\u00e9ologique de Catalogne"},"content":{"rendered":"<p><span style=\"vertical-align: inherit;\"><span style=\"vertical-align: inherit;\">Le projet <\/span><\/span><strong><span style=\"vertical-align: inherit;\"><span style=\"vertical-align: inherit;\">ThermEcoWat<\/span><\/span><\/strong><span style=\"vertical-align: inherit;\"><span style=\"vertical-align: inherit;\"> souligne l&rsquo;importance d&rsquo;\u00e9tudier <\/span><\/span><strong><span style=\"vertical-align: inherit;\"><span style=\"vertical-align: inherit;\">les \u00e9cosyst\u00e8mes thermaux <\/span><\/span><\/strong><span style=\"vertical-align: inherit;\"><span style=\"vertical-align: inherit;\">et la <\/span><\/span><strong><span style=\"vertical-align: inherit;\"><span style=\"vertical-align: inherit;\">vuln\u00e9rabilit\u00e9 au changement climatique<\/span><\/span><\/strong><span style=\"vertical-align: inherit;\"><span style=\"vertical-align: inherit;\"> dans une perspective multidisciplinaire. <\/span><\/span><br \/>\n<span style=\"vertical-align: inherit;\"><span style=\"vertical-align: inherit;\">Du 2 au 6 juin, l&rsquo; <\/span><\/span><strong><span style=\"vertical-align: inherit;\"><span style=\"vertical-align: inherit;\">ICGC<\/span><\/span><\/strong><span style=\"vertical-align: inherit;\"><span style=\"vertical-align: inherit;\"> , le service g\u00e9ologique de Catalogne et un partenaire du consortium ont particip\u00e9 au 1er congr\u00e8s de <\/span><\/span><strong><span style=\"vertical-align: inherit;\"><span style=\"vertical-align: inherit;\">recherche et d&rsquo;innovation g\u00e9othermique<\/span><\/span><\/strong><span style=\"vertical-align: inherit;\"><span style=\"vertical-align: inherit;\"> au Portugal et en Espagne ( <\/span><\/span><strong><span style=\"vertical-align: inherit;\"><span style=\"vertical-align: inherit;\">Geo-RIN<\/span><\/span><\/strong><span style=\"vertical-align: inherit;\"><span style=\"vertical-align: inherit;\"> ), qui se tient \u00e0 <\/span><\/span><strong><span style=\"vertical-align: inherit;\"><span style=\"vertical-align: inherit;\">Benasque<\/span><\/span><\/strong><span style=\"vertical-align: inherit;\"><span style=\"vertical-align: inherit;\"> , et le projet <\/span><\/span><strong><span style=\"vertical-align: inherit;\"><span style=\"vertical-align: inherit;\">ThermEcoWat<\/span><\/span><\/strong><span style=\"vertical-align: inherit;\"><span style=\"vertical-align: inherit;\"> est pr\u00e9sent.<\/span><\/span><\/p>\n<h4><span style=\"color: #99cc00;\"><strong><span style=\"vertical-align: inherit;\"><span style=\"vertical-align: inherit;\">L&rsquo;accent sur l&rsquo;innovation et la durabilit\u00e9 \u00e9nerg\u00e9tique<\/span><\/span><\/strong><\/span><\/h4>\n<p><span style=\"vertical-align: inherit;\"><span style=\"vertical-align: inherit;\">La pr\u00e9sentation s&rsquo;inscrivait dans le cadre de la session \u00ab \u00c9tudes de cas et meilleures pratiques \u00bb, qui portait sur les nouvelles m\u00e9thodologies et les innovations pour la <\/span><\/span><strong><span style=\"vertical-align: inherit;\"><span style=\"vertical-align: inherit;\">durabilit\u00e9 \u00e9nerg\u00e9tique<\/span><\/span><\/strong><span style=\"vertical-align: inherit;\"><span style=\"vertical-align: inherit;\"> . Au cours de cette session, enti\u00e8rement orient\u00e9e vers l&rsquo;innovation technologique et la durabilit\u00e9, des experts de divers domaines ont partag\u00e9 leurs visions pour relever les d\u00e9fis \u00e9nerg\u00e9tiques futurs, notamment l&rsquo;exploitation \u00e9nerg\u00e9tique des eaux thermales. La pr\u00e9sentation du projet <\/span><\/span><strong><span style=\"vertical-align: inherit;\"><span style=\"vertical-align: inherit;\">ThermEcoWat<\/span><\/span><\/strong><span style=\"vertical-align: inherit;\"><span style=\"vertical-align: inherit;\"> a d\u00e9montr\u00e9 que pour faire face aux <\/span><\/span><strong><span style=\"vertical-align: inherit;\"><span style=\"vertical-align: inherit;\">d\u00e9fis du changement climatique<\/span><\/span><\/strong><span style=\"vertical-align: inherit;\"><span style=\"vertical-align: inherit;\"> dans les <\/span><\/span><strong><span style=\"vertical-align: inherit;\"><span style=\"vertical-align: inherit;\">\u00e9cosyst\u00e8mes thermiques<\/span><\/span><\/strong><span style=\"vertical-align: inherit;\"><span style=\"vertical-align: inherit;\"> , il est n\u00e9cessaire de changer le mod\u00e8le actuel d&rsquo;exploitation des <\/span><\/span><strong><span style=\"vertical-align: inherit;\"><span style=\"vertical-align: inherit;\">eaux thermales<\/span><\/span><\/strong><span style=\"vertical-align: inherit;\"><span style=\"vertical-align: inherit;\"> , en tant que ressource en <\/span><\/span><strong><span style=\"vertical-align: inherit;\"><span style=\"vertical-align: inherit;\">eau min\u00e9ralo-m\u00e9dicale<\/span><\/span><\/strong><span style=\"vertical-align: inherit;\"><span style=\"vertical-align: inherit;\"> , et de diversifier leur utilisation en incluant leur vecteur \u00e9nerg\u00e9tique. La conf\u00e9rence a permis d&rsquo;examiner divers aspects des cadres juridiques de l&rsquo;UE pour progresser vers une transition \u00e9nerg\u00e9tique efficace. \u00c0 cet \u00e9gard, <\/span><\/span><strong><span style=\"vertical-align: inherit;\"><span style=\"vertical-align: inherit;\">ThermEcoWat<\/span><\/span><\/strong><span style=\"vertical-align: inherit;\"><span style=\"vertical-align: inherit;\"> a pr\u00e9sent\u00e9 comment une analyse sp\u00e9cifique est men\u00e9e dans les trois cas pilotes afin d&rsquo;identifier les limites et\/ou les opportunit\u00e9s dans les cadres r\u00e9glementaires actuels qui influenceront le d\u00e9veloppement et les adaptations potentielles des r\u00e9gions thermiques.<\/span><\/span><\/p>\n<h4><span style=\"color: #99cc00;\"><span style=\"vertical-align: inherit;\"><span style=\"vertical-align: inherit;\">Contribuer aux objectifs de l&rsquo;accord de l&rsquo;UE<\/span><\/span><\/span><\/h4>\n<p><span style=\"vertical-align: inherit;\"><span style=\"vertical-align: inherit;\">Sur la base des informations partag\u00e9es lors de la conf\u00e9rence sur la <\/span><\/span><strong><span style=\"vertical-align: inherit;\"><span style=\"vertical-align: inherit;\">g\u00e9othermie<\/span><\/span><\/strong><span style=\"vertical-align: inherit;\"><span style=\"vertical-align: inherit;\"> , on peut conclure que les principes fondamentaux et les orientations de d\u00e9veloppement strat\u00e9giques du projet <\/span><\/span><strong><span style=\"vertical-align: inherit;\"><span style=\"vertical-align: inherit;\">ThermEcoWat<\/span><\/span><\/strong><span style=\"vertical-align: inherit;\"><span style=\"vertical-align: inherit;\"> sont align\u00e9s sur les objectifs actuels du pacte vert de l&rsquo;UE pour une transition \u00e9nerg\u00e9tique juste et durable. Il s&rsquo;agit d&rsquo;une initiative concr\u00e8te et territorialement ancr\u00e9e qui r\u00e9pond au double d\u00e9fi de l&rsquo;adaptation au climat et de l&rsquo;utilisation responsable des ressources g\u00e9othermiques, contribuant ainsi \u00e0 la mise en \u0153uvre d&rsquo;actions efficaces et fond\u00e9es sur la science dans les r\u00e9gions thermiques.<\/span><\/span><\/p>\n<p><a href=\"https:\/\/interreg-sudoe.eu\/wp-content\/uploads\/2025\/06\/52_ARNO_english.pdf\">Pr\u00e9sentation de l&rsquo;IGGC en anglais<\/a><\/p>\n<p><img fetchpriority=\"high\" decoding=\"async\" class=\"alignnone wp-image-48188\" src=\"https:\/\/interreg-sudoe.eu\/wp-content\/uploads\/2025\/06\/Composition1-300x171.jpg\" alt=\"\" width=\"614\" height=\"350\" srcset=\"https:\/\/interreg-sudoe.eu\/wp-content\/uploads\/2025\/06\/Composition1-300x171.jpg 300w, https:\/\/interreg-sudoe.eu\/wp-content\/uploads\/2025\/06\/Composition1-1024x584.jpg 1024w, https:\/\/interreg-sudoe.eu\/wp-content\/uploads\/2025\/06\/Composition1-768x438.jpg 768w, https:\/\/interreg-sudoe.eu\/wp-content\/uploads\/2025\/06\/Composition1.jpg 1092w\" sizes=\"(max-width: 614px) 100vw, 614px\" \/><\/p>\n<p>&nbsp;<\/p>\n<p>&nbsp;<\/p>\n","protected":false},"excerpt":{"rendered":"<p>Du 2 au 6 juin, l&rsquo;ICGC, le service g\u00e9ologique de Catalogne et un partenaire du consortium ont particip\u00e9 au 1er congr\u00e8s du R\u00e9seau de recherche et d&rsquo;innovation g\u00e9othermique du Portugal et de l&rsquo;Espagne (Geo-RIN), qui s&rsquo;est tenu \u00e0 Benasque, o\u00f9 le projet ThermEcoWat a \u00e9t\u00e9 pr\u00e9sent\u00e9.<\/p>\n","protected":false},"author":6514,"featured_media":48194,"parent":0,"template":"","meta":{"_acf_changed":false,"content-type":"","_monsterinsights_skip_tracking":false,"_monsterinsights_sitenote_active":false,"_monsterinsights_sitenote_note":"","_monsterinsights_sitenote_category":0},"class_list":["post-48197","noticia-proyecto","type-noticia-proyecto","status-publish","has-post-thumbnail","hentry"],"acf":[],"yoast_head":"<!-- This site is optimized with the Yoast SEO plugin v27.2 - https:\/\/yoast.com\/product\/yoast-seo-wordpress\/ -->\n<title>Le projet ThermEcoWat pr\u00e9sent\u00e9 au congr\u00e8s Geo-RIN en Espagne par l&#039;Institut cartographique et g\u00e9ologique de Catalogne - Interreg Sudoe<\/title>\n<meta name=\"robots\" content=\"index, follow, max-snippet:-1, max-image-preview:large, max-video-preview:-1\" \/>\n<link rel=\"canonical\" href=\"https:\/\/interreg-sudoe.eu\/fr\/noticia-proyecto\/le-projet-thermecowat-presente-au-1er-congres-geo-rin-en-espagne\/\" \/>\n<meta property=\"og:locale\" content=\"fr_FR\" \/>\n<meta property=\"og:type\" content=\"article\" \/>\n<meta property=\"og:title\" content=\"Le projet ThermEcoWat pr\u00e9sent\u00e9 au congr\u00e8s Geo-RIN en Espagne par l&#039;Institut cartographique et g\u00e9ologique de Catalogne - Interreg Sudoe\" \/>\n<meta property=\"og:description\" content=\"Du 2 au 6 juin, l&#039;ICGC, le service g\u00e9ologique de Catalogne et un partenaire du consortium ont particip\u00e9 au 1er congr\u00e8s du R\u00e9seau de recherche et d&#039;innovation g\u00e9othermique du Portugal et de l&#039;Espagne (Geo-RIN), qui s&#039;est tenu \u00e0 Benasque, o\u00f9 le projet ThermEcoWat a \u00e9t\u00e9 pr\u00e9sent\u00e9.\" \/>\n<meta property=\"og:url\" content=\"https:\/\/interreg-sudoe.eu\/fr\/noticia-proyecto\/le-projet-thermecowat-presente-au-1er-congres-geo-rin-en-espagne\/\" \/>\n<meta property=\"og:site_name\" content=\"Interreg Sudoe\" \/>\n<meta property=\"article:publisher\" content=\"https:\/\/www.facebook.com\/interregsudoe\" \/>\n<meta property=\"article:modified_time\" content=\"2026-02-16T12:11:50+00:00\" \/>\n<meta property=\"og:image\" content=\"https:\/\/interreg-sudoe.eu\/wp-content\/uploads\/2025\/06\/Geo-RIN_2025_02-web2-2.jpg\" \/>\n\t<meta property=\"og:image:width\" content=\"600\" \/>\n\t<meta property=\"og:image:height\" content=\"450\" \/>\n\t<meta property=\"og:image:type\" content=\"image\/jpeg\" \/>\n<meta name=\"twitter:card\" content=\"summary_large_image\" \/>\n<meta name=\"twitter:site\" content=\"@Sudoe5\" \/>\n<meta name=\"twitter:label1\" content=\"Dur\u00e9e de lecture estim\u00e9e\" \/>\n\t<meta name=\"twitter:data1\" content=\"2 minutes\" \/>\n<script type=\"application\/ld+json\" class=\"yoast-schema-graph\">{\"@context\":\"https:\/\/schema.org\",\"@graph\":[{\"@type\":\"WebPage\",\"@id\":\"https:\/\/interreg-sudoe.eu\/fr\/noticia-proyecto\/le-projet-thermecowat-presente-au-1er-congres-geo-rin-en-espagne\/\",\"url\":\"https:\/\/interreg-sudoe.eu\/fr\/noticia-proyecto\/le-projet-thermecowat-presente-au-1er-congres-geo-rin-en-espagne\/\",\"name\":\"Le projet ThermEcoWat pr\u00e9sent\u00e9 au congr\u00e8s Geo-RIN en Espagne par l'Institut cartographique et g\u00e9ologique de Catalogne - Interreg Sudoe\",\"isPartOf\":{\"@id\":\"https:\/\/interreg-sudoe.eu\/fr\/#website\"},\"primaryImageOfPage\":{\"@id\":\"https:\/\/interreg-sudoe.eu\/fr\/noticia-proyecto\/le-projet-thermecowat-presente-au-1er-congres-geo-rin-en-espagne\/#primaryimage\"},\"image\":{\"@id\":\"https:\/\/interreg-sudoe.eu\/fr\/noticia-proyecto\/le-projet-thermecowat-presente-au-1er-congres-geo-rin-en-espagne\/#primaryimage\"},\"thumbnailUrl\":\"https:\/\/interreg-sudoe.eu\/wp-content\/uploads\/2025\/06\/Geo-RIN_2025_02-web2-2.jpg\",\"datePublished\":\"2025-06-06T07:23:52+00:00\",\"dateModified\":\"2026-02-16T12:11:50+00:00\",\"breadcrumb\":{\"@id\":\"https:\/\/interreg-sudoe.eu\/fr\/noticia-proyecto\/le-projet-thermecowat-presente-au-1er-congres-geo-rin-en-espagne\/#breadcrumb\"},\"inLanguage\":\"fr-FR\",\"potentialAction\":[{\"@type\":\"ReadAction\",\"target\":[\"https:\/\/interreg-sudoe.eu\/fr\/noticia-proyecto\/le-projet-thermecowat-presente-au-1er-congres-geo-rin-en-espagne\/\"]}]},{\"@type\":\"ImageObject\",\"inLanguage\":\"fr-FR\",\"@id\":\"https:\/\/interreg-sudoe.eu\/fr\/noticia-proyecto\/le-projet-thermecowat-presente-au-1er-congres-geo-rin-en-espagne\/#primaryimage\",\"url\":\"https:\/\/interreg-sudoe.eu\/wp-content\/uploads\/2025\/06\/Geo-RIN_2025_02-web2-2.jpg\",\"contentUrl\":\"https:\/\/interreg-sudoe.eu\/wp-content\/uploads\/2025\/06\/Geo-RIN_2025_02-web2-2.jpg\",\"width\":600,\"height\":450},{\"@type\":\"BreadcrumbList\",\"@id\":\"https:\/\/interreg-sudoe.eu\/fr\/noticia-proyecto\/le-projet-thermecowat-presente-au-1er-congres-geo-rin-en-espagne\/#breadcrumb\",\"itemListElement\":[{\"@type\":\"ListItem\",\"position\":1,\"name\":\"Home\",\"item\":\"https:\/\/interreg-sudoe.eu\/fr\/\"},{\"@type\":\"ListItem\",\"position\":2,\"name\":\"Le projet ThermEcoWat pr\u00e9sent\u00e9 au congr\u00e8s Geo-RIN en Espagne par l&#8217;Institut cartographique et g\u00e9ologique de Catalogne\"}]},{\"@type\":\"WebSite\",\"@id\":\"https:\/\/interreg-sudoe.eu\/fr\/#website\",\"url\":\"https:\/\/interreg-sudoe.eu\/fr\/\",\"name\":\"Interreg Sudoe\",\"description\":\"Interreg Sudoe\",\"publisher\":{\"@id\":\"https:\/\/interreg-sudoe.eu\/fr\/#organization\"},\"alternateName\":\"Interreg Sudoe\",\"potentialAction\":[{\"@type\":\"SearchAction\",\"target\":{\"@type\":\"EntryPoint\",\"urlTemplate\":\"https:\/\/interreg-sudoe.eu\/fr\/?s={search_term_string}\"},\"query-input\":{\"@type\":\"PropertyValueSpecification\",\"valueRequired\":true,\"valueName\":\"search_term_string\"}}],\"inLanguage\":\"fr-FR\"},{\"@type\":\"Organization\",\"@id\":\"https:\/\/interreg-sudoe.eu\/fr\/#organization\",\"name\":\"Interreg Sudoe\",\"alternateName\":\"Interreg Sudoe\",\"url\":\"https:\/\/interreg-sudoe.eu\/fr\/\",\"logo\":{\"@type\":\"ImageObject\",\"inLanguage\":\"fr-FR\",\"@id\":\"https:\/\/interreg-sudoe.eu\/fr\/#\/schema\/logo\/image\/\",\"url\":\"https:\/\/interreg-sudoe.eu\/wp-content\/uploads\/2024\/03\/logo-interreg.png\",\"contentUrl\":\"https:\/\/interreg-sudoe.eu\/wp-content\/uploads\/2024\/03\/logo-interreg.png\",\"width\":1200,\"height\":675,\"caption\":\"Interreg Sudoe\"},\"image\":{\"@id\":\"https:\/\/interreg-sudoe.eu\/fr\/#\/schema\/logo\/image\/\"},\"sameAs\":[\"https:\/\/www.facebook.com\/interregsudoe\",\"https:\/\/x.com\/Sudoe5\",\"https:\/\/www.youtube.com\/channel\/UCeGx2edoB32beRc9dbKA2vw\",\"https:\/\/www.linkedin.com\/company\/interreg-sudoe-programme\/\",\"https:\/\/www.flickr.com\/photos\/148704685@N06\/\"]}]}<\/script>\n<!-- \/ Yoast SEO plugin. -->","yoast_head_json":{"title":"Le projet ThermEcoWat pr\u00e9sent\u00e9 au congr\u00e8s Geo-RIN en Espagne par l'Institut cartographique et g\u00e9ologique de Catalogne - Interreg Sudoe","robots":{"index":"index","follow":"follow","max-snippet":"max-snippet:-1","max-image-preview":"max-image-preview:large","max-video-preview":"max-video-preview:-1"},"canonical":"https:\/\/interreg-sudoe.eu\/fr\/noticia-proyecto\/le-projet-thermecowat-presente-au-1er-congres-geo-rin-en-espagne\/","og_locale":"fr_FR","og_type":"article","og_title":"Le projet ThermEcoWat pr\u00e9sent\u00e9 au congr\u00e8s Geo-RIN en Espagne par l'Institut cartographique et g\u00e9ologique de Catalogne - Interreg Sudoe","og_description":"Du 2 au 6 juin, l'ICGC, le service g\u00e9ologique de Catalogne et un partenaire du consortium ont particip\u00e9 au 1er congr\u00e8s du R\u00e9seau de recherche et d'innovation g\u00e9othermique du Portugal et de l'Espagne (Geo-RIN), qui s'est tenu \u00e0 Benasque, o\u00f9 le projet ThermEcoWat a \u00e9t\u00e9 pr\u00e9sent\u00e9.","og_url":"https:\/\/interreg-sudoe.eu\/fr\/noticia-proyecto\/le-projet-thermecowat-presente-au-1er-congres-geo-rin-en-espagne\/","og_site_name":"Interreg Sudoe","article_publisher":"https:\/\/www.facebook.com\/interregsudoe","article_modified_time":"2026-02-16T12:11:50+00:00","og_image":[{"width":600,"height":450,"url":"https:\/\/interreg-sudoe.eu\/wp-content\/uploads\/2025\/06\/Geo-RIN_2025_02-web2-2.jpg","type":"image\/jpeg"}],"twitter_card":"summary_large_image","twitter_site":"@Sudoe5","twitter_misc":{"Dur\u00e9e de lecture estim\u00e9e":"2 minutes"},"schema":{"@context":"https:\/\/schema.org","@graph":[{"@type":"WebPage","@id":"https:\/\/interreg-sudoe.eu\/fr\/noticia-proyecto\/le-projet-thermecowat-presente-au-1er-congres-geo-rin-en-espagne\/","url":"https:\/\/interreg-sudoe.eu\/fr\/noticia-proyecto\/le-projet-thermecowat-presente-au-1er-congres-geo-rin-en-espagne\/","name":"Le projet ThermEcoWat pr\u00e9sent\u00e9 au congr\u00e8s Geo-RIN en Espagne par l'Institut cartographique et g\u00e9ologique de Catalogne - Interreg Sudoe","isPartOf":{"@id":"https:\/\/interreg-sudoe.eu\/fr\/#website"},"primaryImageOfPage":{"@id":"https:\/\/interreg-sudoe.eu\/fr\/noticia-proyecto\/le-projet-thermecowat-presente-au-1er-congres-geo-rin-en-espagne\/#primaryimage"},"image":{"@id":"https:\/\/interreg-sudoe.eu\/fr\/noticia-proyecto\/le-projet-thermecowat-presente-au-1er-congres-geo-rin-en-espagne\/#primaryimage"},"thumbnailUrl":"https:\/\/interreg-sudoe.eu\/wp-content\/uploads\/2025\/06\/Geo-RIN_2025_02-web2-2.jpg","datePublished":"2025-06-06T07:23:52+00:00","dateModified":"2026-02-16T12:11:50+00:00","breadcrumb":{"@id":"https:\/\/interreg-sudoe.eu\/fr\/noticia-proyecto\/le-projet-thermecowat-presente-au-1er-congres-geo-rin-en-espagne\/#breadcrumb"},"inLanguage":"fr-FR","potentialAction":[{"@type":"ReadAction","target":["https:\/\/interreg-sudoe.eu\/fr\/noticia-proyecto\/le-projet-thermecowat-presente-au-1er-congres-geo-rin-en-espagne\/"]}]},{"@type":"ImageObject","inLanguage":"fr-FR","@id":"https:\/\/interreg-sudoe.eu\/fr\/noticia-proyecto\/le-projet-thermecowat-presente-au-1er-congres-geo-rin-en-espagne\/#primaryimage","url":"https:\/\/interreg-sudoe.eu\/wp-content\/uploads\/2025\/06\/Geo-RIN_2025_02-web2-2.jpg","contentUrl":"https:\/\/interreg-sudoe.eu\/wp-content\/uploads\/2025\/06\/Geo-RIN_2025_02-web2-2.jpg","width":600,"height":450},{"@type":"BreadcrumbList","@id":"https:\/\/interreg-sudoe.eu\/fr\/noticia-proyecto\/le-projet-thermecowat-presente-au-1er-congres-geo-rin-en-espagne\/#breadcrumb","itemListElement":[{"@type":"ListItem","position":1,"name":"Home","item":"https:\/\/interreg-sudoe.eu\/fr\/"},{"@type":"ListItem","position":2,"name":"Le projet ThermEcoWat pr\u00e9sent\u00e9 au congr\u00e8s Geo-RIN en Espagne par l&#8217;Institut cartographique et g\u00e9ologique de Catalogne"}]},{"@type":"WebSite","@id":"https:\/\/interreg-sudoe.eu\/fr\/#website","url":"https:\/\/interreg-sudoe.eu\/fr\/","name":"Interreg Sudoe","description":"Interreg Sudoe","publisher":{"@id":"https:\/\/interreg-sudoe.eu\/fr\/#organization"},"alternateName":"Interreg Sudoe","potentialAction":[{"@type":"SearchAction","target":{"@type":"EntryPoint","urlTemplate":"https:\/\/interreg-sudoe.eu\/fr\/?s={search_term_string}"},"query-input":{"@type":"PropertyValueSpecification","valueRequired":true,"valueName":"search_term_string"}}],"inLanguage":"fr-FR"},{"@type":"Organization","@id":"https:\/\/interreg-sudoe.eu\/fr\/#organization","name":"Interreg Sudoe","alternateName":"Interreg Sudoe","url":"https:\/\/interreg-sudoe.eu\/fr\/","logo":{"@type":"ImageObject","inLanguage":"fr-FR","@id":"https:\/\/interreg-sudoe.eu\/fr\/#\/schema\/logo\/image\/","url":"https:\/\/interreg-sudoe.eu\/wp-content\/uploads\/2024\/03\/logo-interreg.png","contentUrl":"https:\/\/interreg-sudoe.eu\/wp-content\/uploads\/2024\/03\/logo-interreg.png","width":1200,"height":675,"caption":"Interreg Sudoe"},"image":{"@id":"https:\/\/interreg-sudoe.eu\/fr\/#\/schema\/logo\/image\/"},"sameAs":["https:\/\/www.facebook.com\/interregsudoe","https:\/\/x.com\/Sudoe5","https:\/\/www.youtube.com\/channel\/UCeGx2edoB32beRc9dbKA2vw","https:\/\/www.linkedin.com\/company\/interreg-sudoe-programme\/","https:\/\/www.flickr.com\/photos\/148704685@N06\/"]}]}},"_links":{"self":[{"href":"https:\/\/interreg-sudoe.eu\/fr\/wp-json\/wp\/v2\/noticia-proyecto\/48197","targetHints":{"allow":["GET"]}}],"collection":[{"href":"https:\/\/interreg-sudoe.eu\/fr\/wp-json\/wp\/v2\/noticia-proyecto"}],"about":[{"href":"https:\/\/interreg-sudoe.eu\/fr\/wp-json\/wp\/v2\/types\/noticia-proyecto"}],"author":[{"embeddable":true,"href":"https:\/\/interreg-sudoe.eu\/fr\/wp-json\/wp\/v2\/users\/6514"}],"wp:featuredmedia":[{"embeddable":true,"href":"https:\/\/interreg-sudoe.eu\/fr\/wp-json\/wp\/v2\/media\/48194"}],"wp:attachment":[{"href":"https:\/\/interreg-sudoe.eu\/fr\/wp-json\/wp\/v2\/media?parent=48197"}],"curies":[{"name":"wp","href":"https:\/\/api.w.org\/{rel}","templated":true}]}}