{"id":48505,"date":"2025-06-06T09:35:37","date_gmt":"2025-06-06T07:35:37","guid":{"rendered":"https:\/\/interreg-sudoe.eu\/noticia-proyecto\/el-proyecto-thermecowat-presentado-en-la-1a-conferencia-de-la-red-de-investigacion-e-innovacion-geotermica-de-portugal-y-espana\/"},"modified":"2026-02-16T13:20:53","modified_gmt":"2026-02-16T12:20:53","slug":"el-proyecto-thermecowat-presentado-en-la-1a-conferencia-de-la-red-de-investigacion-e-innovacion-geotermica-de-portugal-y-espana","status":"publish","type":"noticia-proyecto","link":"https:\/\/interreg-sudoe.eu\/fr\/noticia-proyecto\/el-proyecto-thermecowat-presentado-en-la-1a-conferencia-de-la-red-de-investigacion-e-innovacion-geotermica-de-portugal-y-espana\/","title":{"rendered":"Le projet ThermEcoWat pr\u00e9sent\u00e9 \u00e0 la premi\u00e8re conf\u00e9rence du r\u00e9seau de recherche et d&rsquo;innovation en g\u00e9othermie du Portugal et de l&rsquo;Espagne, par LNEG"},"content":{"rendered":"<h4><span style=\"color: #99cc00;\">Le projet ThermEcoWat souligne l&rsquo;importance d&rsquo;\u00e9tudier les \u00e9cosyst\u00e8mes thermiques et leur vuln\u00e9rabilit\u00e9 au changement climatique dans une perspective multidisciplinaire.<\/span><\/h4>\n<p><img fetchpriority=\"high\" decoding=\"async\" class=\"alignnone wp-image-48509 alignright\" src=\"https:\/\/interreg-sudoe.eu\/wp-content\/uploads\/2025\/06\/poster-lneg-r-206x300.jpg\" alt=\"\" width=\"264\" height=\"385\" srcset=\"https:\/\/interreg-sudoe.eu\/wp-content\/uploads\/2025\/06\/poster-lneg-r-206x300.jpg 206w, https:\/\/interreg-sudoe.eu\/wp-content\/uploads\/2025\/06\/poster-lneg-r.jpg 275w\" sizes=\"(max-width: 264px) 100vw, 264px\" \/><\/p>\n<p>Du 2 au 6 juin s&rsquo;est tenue \u00e0 Benasque, en Espagne, la <strong>1\u00e8re conf\u00e9rence du R\u00e9seau de recherche et d&rsquo;innovation en g\u00e9othermie<\/strong> du Portugal et de l&rsquo;Espagne (<a href=\"https:\/\/benasque.org\/2025georin\/\">Geo-RIN<\/a>). Geo-RIN vise \u00e0 mettre en contact diff\u00e9rents acteurs du <strong>secteur g\u00e9othermique<\/strong> des pays ib\u00e9riques.<\/p>\n<p>Une affiche ax\u00e9e sur la protection des <strong>ressources hydromin\u00e9rales et g\u00e9othermiques<\/strong> bas\u00e9e sur une approche pr\u00e9liminaire de la prospection g\u00e9ophysique dans le projet pilote S. Pedro do Sul du projet ThermEcoWat a \u00e9t\u00e9 pr\u00e9sent\u00e9e par LNEG et l&rsquo;\u00e9quipe portugaise GT1 du projet ThermEcoWat.<\/p>\n<p>L&rsquo;affiche abordait la <strong>protection de la ressource hydromin\u00e9rale et g\u00e9othermique <\/strong>de S. Pedro do Sul a \u00e9t\u00e9 abord\u00e9e dans le cadre du projet ThermEcoWat avec le retraitement des lev\u00e9s de prospection g\u00e9ophysique h\u00e9rit\u00e9s de r\u00e9sistivit\u00e9 \u00e9lectrique, de spectrom\u00e9trie de rayonnement gamma et de gravim\u00e9trie r\u00e9alis\u00e9s dans les ann\u00e9es 1990 et l&rsquo;acquisition de nouvelles donn\u00e9es g\u00e9ophysiques de spectrom\u00e9trie de rayonnement gamma, \u00a0gravim\u00e9trie et des profils de r\u00e9flexion sismique situ\u00e9s l\u00e0 o\u00f9 la faille conductrice du fluide thermomin\u00e9ral est cens\u00e9e se trouver.<\/p>\n<p>Cette approche scientifique est d&rsquo;une grande importance pour la protection de la ressource, car les donn\u00e9es, \u00e9tudi\u00e9es conjointement avec l&rsquo;hydrochimie \u00e0 r\u00e9aliser dans le cadre du projet, peuvent indiquer une zone de recharge du syst\u00e8me distincte de la zone accept\u00e9e. Cette derni\u00e8re zone a servi de base \u00e0 la d\u00e9limitation de la zone de protection \u00e9largie de la ressource.<\/p>\n<p>Accro\u00eetre les connaissances scientifiques pour prot\u00e9ger la ressource est le mot d&rsquo;ordre !!<\/p>\n<p>Ramalho, E. C., Ferreira-Gomes, L., Carvalho, J., Marques, F., Morais, I., Pereira, A. P., Sampaio, J., Franc\u00e9s, A., Represas P. (2025). Protection des ressources hydromin\u00e9rales et g\u00e9othermiques : approche pr\u00e9liminaire de prospection g\u00e9ophysique dans le cadre du projet ThermEcoWat \u00e0 S. Pedro do Sul.\u00a0 1\u00e8re conf\u00e9rence Geo-RIN, Benasque, Espagne, 2-6 juin 2025.<\/p>\n<p>&nbsp;<\/p>\n","protected":false},"excerpt":{"rendered":"<p>Du 2 au 6 juin s&rsquo;est tenue \u00e0 Benasque, en Espagne, la 1\u00e8re conf\u00e9rence du R\u00e9seau de recherche et d&rsquo;innovation en g\u00e9othermie du Portugal et de l&rsquo;Espagne (Geo-RIN). Geo-RIN vise \u00e0 mettre en contact diff\u00e9rents acteurs du secteur g\u00e9othermique des pays ib\u00e9riques.<\/p>\n","protected":false},"author":6514,"featured_media":48513,"parent":0,"template":"","meta":{"_acf_changed":false,"content-type":"","_monsterinsights_skip_tracking":false,"_monsterinsights_sitenote_active":false,"_monsterinsights_sitenote_note":"","_monsterinsights_sitenote_category":0},"class_list":["post-48505","noticia-proyecto","type-noticia-proyecto","status-publish","has-post-thumbnail","hentry"],"acf":[],"yoast_head":"<!-- This site is optimized with the Yoast SEO plugin v27.2 - https:\/\/yoast.com\/product\/yoast-seo-wordpress\/ -->\n<title>Le projet ThermEcoWat pr\u00e9sent\u00e9 \u00e0 la premi\u00e8re conf\u00e9rence du r\u00e9seau de recherche et d&#039;innovation en g\u00e9othermie du Portugal et de l&#039;Espagne, par LNEG - Interreg Sudoe<\/title>\n<meta name=\"robots\" content=\"index, follow, max-snippet:-1, max-image-preview:large, max-video-preview:-1\" \/>\n<link rel=\"canonical\" href=\"https:\/\/interreg-sudoe.eu\/fr\/noticia-proyecto\/el-proyecto-thermecowat-presentado-en-la-1a-conferencia-de-la-red-de-investigacion-e-innovacion-geotermica-de-portugal-y-espana\/\" \/>\n<meta property=\"og:locale\" content=\"fr_FR\" \/>\n<meta property=\"og:type\" content=\"article\" \/>\n<meta property=\"og:title\" content=\"Le projet ThermEcoWat pr\u00e9sent\u00e9 \u00e0 la premi\u00e8re conf\u00e9rence du r\u00e9seau de recherche et d&#039;innovation en g\u00e9othermie du Portugal et de l&#039;Espagne, par LNEG - Interreg Sudoe\" \/>\n<meta property=\"og:description\" content=\"Du 2 au 6 juin s&#039;est tenue \u00e0 Benasque, en Espagne, la 1\u00e8re conf\u00e9rence du R\u00e9seau de recherche et d&#039;innovation en g\u00e9othermie du Portugal et de l&#039;Espagne (Geo-RIN). Geo-RIN vise \u00e0 mettre en contact diff\u00e9rents acteurs du secteur g\u00e9othermique des pays ib\u00e9riques.\" \/>\n<meta property=\"og:url\" content=\"https:\/\/interreg-sudoe.eu\/fr\/noticia-proyecto\/el-proyecto-thermecowat-presentado-en-la-1a-conferencia-de-la-red-de-investigacion-e-innovacion-geotermica-de-portugal-y-espana\/\" \/>\n<meta property=\"og:site_name\" content=\"Interreg Sudoe\" \/>\n<meta property=\"article:publisher\" content=\"https:\/\/www.facebook.com\/interregsudoe\" \/>\n<meta property=\"article:modified_time\" content=\"2026-02-16T12:20:53+00:00\" \/>\n<meta property=\"og:image\" content=\"https:\/\/interreg-sudoe.eu\/wp-content\/uploads\/2025\/06\/2025georin_large.jpg\" \/>\n\t<meta property=\"og:image:width\" content=\"144\" \/>\n\t<meta property=\"og:image:height\" content=\"144\" \/>\n\t<meta property=\"og:image:type\" content=\"image\/jpeg\" \/>\n<meta name=\"twitter:card\" content=\"summary_large_image\" \/>\n<meta name=\"twitter:site\" content=\"@Sudoe5\" \/>\n<meta name=\"twitter:label1\" content=\"Dur\u00e9e de lecture estim\u00e9e\" \/>\n\t<meta name=\"twitter:data1\" content=\"2 minutes\" \/>\n<script type=\"application\/ld+json\" class=\"yoast-schema-graph\">{\"@context\":\"https:\/\/schema.org\",\"@graph\":[{\"@type\":\"WebPage\",\"@id\":\"https:\/\/interreg-sudoe.eu\/fr\/noticia-proyecto\/el-proyecto-thermecowat-presentado-en-la-1a-conferencia-de-la-red-de-investigacion-e-innovacion-geotermica-de-portugal-y-espana\/\",\"url\":\"https:\/\/interreg-sudoe.eu\/fr\/noticia-proyecto\/el-proyecto-thermecowat-presentado-en-la-1a-conferencia-de-la-red-de-investigacion-e-innovacion-geotermica-de-portugal-y-espana\/\",\"name\":\"Le projet ThermEcoWat pr\u00e9sent\u00e9 \u00e0 la premi\u00e8re conf\u00e9rence du r\u00e9seau de recherche et d'innovation en g\u00e9othermie du Portugal et de l'Espagne, par LNEG - Interreg Sudoe\",\"isPartOf\":{\"@id\":\"https:\/\/interreg-sudoe.eu\/fr\/#website\"},\"primaryImageOfPage\":{\"@id\":\"https:\/\/interreg-sudoe.eu\/fr\/noticia-proyecto\/el-proyecto-thermecowat-presentado-en-la-1a-conferencia-de-la-red-de-investigacion-e-innovacion-geotermica-de-portugal-y-espana\/#primaryimage\"},\"image\":{\"@id\":\"https:\/\/interreg-sudoe.eu\/fr\/noticia-proyecto\/el-proyecto-thermecowat-presentado-en-la-1a-conferencia-de-la-red-de-investigacion-e-innovacion-geotermica-de-portugal-y-espana\/#primaryimage\"},\"thumbnailUrl\":\"https:\/\/interreg-sudoe.eu\/wp-content\/uploads\/2025\/06\/2025georin_large.jpg\",\"datePublished\":\"2025-06-06T07:35:37+00:00\",\"dateModified\":\"2026-02-16T12:20:53+00:00\",\"breadcrumb\":{\"@id\":\"https:\/\/interreg-sudoe.eu\/fr\/noticia-proyecto\/el-proyecto-thermecowat-presentado-en-la-1a-conferencia-de-la-red-de-investigacion-e-innovacion-geotermica-de-portugal-y-espana\/#breadcrumb\"},\"inLanguage\":\"fr-FR\",\"potentialAction\":[{\"@type\":\"ReadAction\",\"target\":[\"https:\/\/interreg-sudoe.eu\/fr\/noticia-proyecto\/el-proyecto-thermecowat-presentado-en-la-1a-conferencia-de-la-red-de-investigacion-e-innovacion-geotermica-de-portugal-y-espana\/\"]}]},{\"@type\":\"ImageObject\",\"inLanguage\":\"fr-FR\",\"@id\":\"https:\/\/interreg-sudoe.eu\/fr\/noticia-proyecto\/el-proyecto-thermecowat-presentado-en-la-1a-conferencia-de-la-red-de-investigacion-e-innovacion-geotermica-de-portugal-y-espana\/#primaryimage\",\"url\":\"https:\/\/interreg-sudoe.eu\/wp-content\/uploads\/2025\/06\/2025georin_large.jpg\",\"contentUrl\":\"https:\/\/interreg-sudoe.eu\/wp-content\/uploads\/2025\/06\/2025georin_large.jpg\",\"width\":144,\"height\":144},{\"@type\":\"BreadcrumbList\",\"@id\":\"https:\/\/interreg-sudoe.eu\/fr\/noticia-proyecto\/el-proyecto-thermecowat-presentado-en-la-1a-conferencia-de-la-red-de-investigacion-e-innovacion-geotermica-de-portugal-y-espana\/#breadcrumb\",\"itemListElement\":[{\"@type\":\"ListItem\",\"position\":1,\"name\":\"Home\",\"item\":\"https:\/\/interreg-sudoe.eu\/fr\/\"},{\"@type\":\"ListItem\",\"position\":2,\"name\":\"Le projet ThermEcoWat pr\u00e9sent\u00e9 \u00e0 la premi\u00e8re conf\u00e9rence du r\u00e9seau de recherche et d&#8217;innovation en g\u00e9othermie du Portugal et de l&#8217;Espagne, par LNEG\"}]},{\"@type\":\"WebSite\",\"@id\":\"https:\/\/interreg-sudoe.eu\/fr\/#website\",\"url\":\"https:\/\/interreg-sudoe.eu\/fr\/\",\"name\":\"Interreg Sudoe\",\"description\":\"Interreg Sudoe\",\"publisher\":{\"@id\":\"https:\/\/interreg-sudoe.eu\/fr\/#organization\"},\"alternateName\":\"Interreg Sudoe\",\"potentialAction\":[{\"@type\":\"SearchAction\",\"target\":{\"@type\":\"EntryPoint\",\"urlTemplate\":\"https:\/\/interreg-sudoe.eu\/fr\/?s={search_term_string}\"},\"query-input\":{\"@type\":\"PropertyValueSpecification\",\"valueRequired\":true,\"valueName\":\"search_term_string\"}}],\"inLanguage\":\"fr-FR\"},{\"@type\":\"Organization\",\"@id\":\"https:\/\/interreg-sudoe.eu\/fr\/#organization\",\"name\":\"Interreg Sudoe\",\"alternateName\":\"Interreg Sudoe\",\"url\":\"https:\/\/interreg-sudoe.eu\/fr\/\",\"logo\":{\"@type\":\"ImageObject\",\"inLanguage\":\"fr-FR\",\"@id\":\"https:\/\/interreg-sudoe.eu\/fr\/#\/schema\/logo\/image\/\",\"url\":\"https:\/\/interreg-sudoe.eu\/wp-content\/uploads\/2024\/03\/logo-interreg.png\",\"contentUrl\":\"https:\/\/interreg-sudoe.eu\/wp-content\/uploads\/2024\/03\/logo-interreg.png\",\"width\":1200,\"height\":675,\"caption\":\"Interreg Sudoe\"},\"image\":{\"@id\":\"https:\/\/interreg-sudoe.eu\/fr\/#\/schema\/logo\/image\/\"},\"sameAs\":[\"https:\/\/www.facebook.com\/interregsudoe\",\"https:\/\/x.com\/Sudoe5\",\"https:\/\/www.youtube.com\/channel\/UCeGx2edoB32beRc9dbKA2vw\",\"https:\/\/www.linkedin.com\/company\/interreg-sudoe-programme\/\",\"https:\/\/www.flickr.com\/photos\/148704685@N06\/\"]}]}<\/script>\n<!-- \/ Yoast SEO plugin. -->","yoast_head_json":{"title":"Le projet ThermEcoWat pr\u00e9sent\u00e9 \u00e0 la premi\u00e8re conf\u00e9rence du r\u00e9seau de recherche et d'innovation en g\u00e9othermie du Portugal et de l'Espagne, par LNEG - Interreg Sudoe","robots":{"index":"index","follow":"follow","max-snippet":"max-snippet:-1","max-image-preview":"max-image-preview:large","max-video-preview":"max-video-preview:-1"},"canonical":"https:\/\/interreg-sudoe.eu\/fr\/noticia-proyecto\/el-proyecto-thermecowat-presentado-en-la-1a-conferencia-de-la-red-de-investigacion-e-innovacion-geotermica-de-portugal-y-espana\/","og_locale":"fr_FR","og_type":"article","og_title":"Le projet ThermEcoWat pr\u00e9sent\u00e9 \u00e0 la premi\u00e8re conf\u00e9rence du r\u00e9seau de recherche et d'innovation en g\u00e9othermie du Portugal et de l'Espagne, par LNEG - Interreg Sudoe","og_description":"Du 2 au 6 juin s'est tenue \u00e0 Benasque, en Espagne, la 1\u00e8re conf\u00e9rence du R\u00e9seau de recherche et d'innovation en g\u00e9othermie du Portugal et de l'Espagne (Geo-RIN). Geo-RIN vise \u00e0 mettre en contact diff\u00e9rents acteurs du secteur g\u00e9othermique des pays ib\u00e9riques.","og_url":"https:\/\/interreg-sudoe.eu\/fr\/noticia-proyecto\/el-proyecto-thermecowat-presentado-en-la-1a-conferencia-de-la-red-de-investigacion-e-innovacion-geotermica-de-portugal-y-espana\/","og_site_name":"Interreg Sudoe","article_publisher":"https:\/\/www.facebook.com\/interregsudoe","article_modified_time":"2026-02-16T12:20:53+00:00","og_image":[{"width":144,"height":144,"url":"https:\/\/interreg-sudoe.eu\/wp-content\/uploads\/2025\/06\/2025georin_large.jpg","type":"image\/jpeg"}],"twitter_card":"summary_large_image","twitter_site":"@Sudoe5","twitter_misc":{"Dur\u00e9e de lecture estim\u00e9e":"2 minutes"},"schema":{"@context":"https:\/\/schema.org","@graph":[{"@type":"WebPage","@id":"https:\/\/interreg-sudoe.eu\/fr\/noticia-proyecto\/el-proyecto-thermecowat-presentado-en-la-1a-conferencia-de-la-red-de-investigacion-e-innovacion-geotermica-de-portugal-y-espana\/","url":"https:\/\/interreg-sudoe.eu\/fr\/noticia-proyecto\/el-proyecto-thermecowat-presentado-en-la-1a-conferencia-de-la-red-de-investigacion-e-innovacion-geotermica-de-portugal-y-espana\/","name":"Le projet ThermEcoWat pr\u00e9sent\u00e9 \u00e0 la premi\u00e8re conf\u00e9rence du r\u00e9seau de recherche et d'innovation en g\u00e9othermie du Portugal et de l'Espagne, par LNEG - Interreg Sudoe","isPartOf":{"@id":"https:\/\/interreg-sudoe.eu\/fr\/#website"},"primaryImageOfPage":{"@id":"https:\/\/interreg-sudoe.eu\/fr\/noticia-proyecto\/el-proyecto-thermecowat-presentado-en-la-1a-conferencia-de-la-red-de-investigacion-e-innovacion-geotermica-de-portugal-y-espana\/#primaryimage"},"image":{"@id":"https:\/\/interreg-sudoe.eu\/fr\/noticia-proyecto\/el-proyecto-thermecowat-presentado-en-la-1a-conferencia-de-la-red-de-investigacion-e-innovacion-geotermica-de-portugal-y-espana\/#primaryimage"},"thumbnailUrl":"https:\/\/interreg-sudoe.eu\/wp-content\/uploads\/2025\/06\/2025georin_large.jpg","datePublished":"2025-06-06T07:35:37+00:00","dateModified":"2026-02-16T12:20:53+00:00","breadcrumb":{"@id":"https:\/\/interreg-sudoe.eu\/fr\/noticia-proyecto\/el-proyecto-thermecowat-presentado-en-la-1a-conferencia-de-la-red-de-investigacion-e-innovacion-geotermica-de-portugal-y-espana\/#breadcrumb"},"inLanguage":"fr-FR","potentialAction":[{"@type":"ReadAction","target":["https:\/\/interreg-sudoe.eu\/fr\/noticia-proyecto\/el-proyecto-thermecowat-presentado-en-la-1a-conferencia-de-la-red-de-investigacion-e-innovacion-geotermica-de-portugal-y-espana\/"]}]},{"@type":"ImageObject","inLanguage":"fr-FR","@id":"https:\/\/interreg-sudoe.eu\/fr\/noticia-proyecto\/el-proyecto-thermecowat-presentado-en-la-1a-conferencia-de-la-red-de-investigacion-e-innovacion-geotermica-de-portugal-y-espana\/#primaryimage","url":"https:\/\/interreg-sudoe.eu\/wp-content\/uploads\/2025\/06\/2025georin_large.jpg","contentUrl":"https:\/\/interreg-sudoe.eu\/wp-content\/uploads\/2025\/06\/2025georin_large.jpg","width":144,"height":144},{"@type":"BreadcrumbList","@id":"https:\/\/interreg-sudoe.eu\/fr\/noticia-proyecto\/el-proyecto-thermecowat-presentado-en-la-1a-conferencia-de-la-red-de-investigacion-e-innovacion-geotermica-de-portugal-y-espana\/#breadcrumb","itemListElement":[{"@type":"ListItem","position":1,"name":"Home","item":"https:\/\/interreg-sudoe.eu\/fr\/"},{"@type":"ListItem","position":2,"name":"Le projet ThermEcoWat pr\u00e9sent\u00e9 \u00e0 la premi\u00e8re conf\u00e9rence du r\u00e9seau de recherche et d&#8217;innovation en g\u00e9othermie du Portugal et de l&#8217;Espagne, par LNEG"}]},{"@type":"WebSite","@id":"https:\/\/interreg-sudoe.eu\/fr\/#website","url":"https:\/\/interreg-sudoe.eu\/fr\/","name":"Interreg Sudoe","description":"Interreg Sudoe","publisher":{"@id":"https:\/\/interreg-sudoe.eu\/fr\/#organization"},"alternateName":"Interreg Sudoe","potentialAction":[{"@type":"SearchAction","target":{"@type":"EntryPoint","urlTemplate":"https:\/\/interreg-sudoe.eu\/fr\/?s={search_term_string}"},"query-input":{"@type":"PropertyValueSpecification","valueRequired":true,"valueName":"search_term_string"}}],"inLanguage":"fr-FR"},{"@type":"Organization","@id":"https:\/\/interreg-sudoe.eu\/fr\/#organization","name":"Interreg Sudoe","alternateName":"Interreg Sudoe","url":"https:\/\/interreg-sudoe.eu\/fr\/","logo":{"@type":"ImageObject","inLanguage":"fr-FR","@id":"https:\/\/interreg-sudoe.eu\/fr\/#\/schema\/logo\/image\/","url":"https:\/\/interreg-sudoe.eu\/wp-content\/uploads\/2024\/03\/logo-interreg.png","contentUrl":"https:\/\/interreg-sudoe.eu\/wp-content\/uploads\/2024\/03\/logo-interreg.png","width":1200,"height":675,"caption":"Interreg Sudoe"},"image":{"@id":"https:\/\/interreg-sudoe.eu\/fr\/#\/schema\/logo\/image\/"},"sameAs":["https:\/\/www.facebook.com\/interregsudoe","https:\/\/x.com\/Sudoe5","https:\/\/www.youtube.com\/channel\/UCeGx2edoB32beRc9dbKA2vw","https:\/\/www.linkedin.com\/company\/interreg-sudoe-programme\/","https:\/\/www.flickr.com\/photos\/148704685@N06\/"]}]}},"_links":{"self":[{"href":"https:\/\/interreg-sudoe.eu\/fr\/wp-json\/wp\/v2\/noticia-proyecto\/48505","targetHints":{"allow":["GET"]}}],"collection":[{"href":"https:\/\/interreg-sudoe.eu\/fr\/wp-json\/wp\/v2\/noticia-proyecto"}],"about":[{"href":"https:\/\/interreg-sudoe.eu\/fr\/wp-json\/wp\/v2\/types\/noticia-proyecto"}],"author":[{"embeddable":true,"href":"https:\/\/interreg-sudoe.eu\/fr\/wp-json\/wp\/v2\/users\/6514"}],"wp:featuredmedia":[{"embeddable":true,"href":"https:\/\/interreg-sudoe.eu\/fr\/wp-json\/wp\/v2\/media\/48513"}],"wp:attachment":[{"href":"https:\/\/interreg-sudoe.eu\/fr\/wp-json\/wp\/v2\/media?parent=48505"}],"curies":[{"name":"wp","href":"https:\/\/api.w.org\/{rel}","templated":true}]}}