{"id":49116,"date":"2024-07-11T10:23:00","date_gmt":"2024-07-11T08:23:00","guid":{"rendered":"https:\/\/interreg-sudoe.eu\/noticia-proyecto\/laboratorios-de-transicion-rural-rtl-por-la-resiliencia-climatica\/"},"modified":"2026-02-17T12:23:08","modified_gmt":"2026-02-17T11:23:08","slug":"laboratorios-de-transicion-rural-rtl-por-la-resiliencia-climatica","status":"publish","type":"noticia-proyecto","link":"https:\/\/interreg-sudoe.eu\/fr\/noticia-proyecto\/laboratorios-de-transicion-rural-rtl-por-la-resiliencia-climatica\/","title":{"rendered":"Laboratoires de Transition Rurale (RTL) \u2013 Pour une R\u00e9silience Climatique"},"content":{"rendered":"<p><span style=\"font-weight: 400;\">Le sud-ouest europ\u00e9en est confront\u00e9 \u00e0 l\u2019augmentation des temp\u00e9ratures, \u00e0 la rar\u00e9faction de l\u2019eau et aux conflits li\u00e9s \u00e0 l\u2019usage des sols, ce qui constitue une menace pour la productivit\u00e9 agricole, la coh\u00e9sion sociale, l\u2019\u00e9quilibre territorial, ainsi que pour la stabilit\u00e9 des infrastructures et la qualit\u00e9 de vie des habitants de ces r\u00e9gions, contribuant au d\u00e9peuplement rural.<\/span><\/p>\n<p><span style=\"font-weight: 400;\">Les Laboratoires de Transition Rurale (Rural Transition Labs) apparaissent comme une solution innovante, transformant les communaut\u00e9s rurales en espaces d\u2019innovation et de r\u00e9silience, o\u00f9 des solutions concr\u00e8tes et participatives sont d\u00e9velopp\u00e9es pour faire face aux menaces li\u00e9es au changement climatique, telles que la p\u00e9nurie d\u2019eau et la perte de biodiversit\u00e9.<\/span><\/p>\n<p><span style=\"font-weight: 400;\">Financ\u00e9 par le programme Interreg Sudoe VI, le projet RTL vise \u00e0 promouvoir une nouvelle forme de gouvernance climatique participative gr\u00e2ce \u00e0 la co-construction de strat\u00e9gies locales, \u00e0 l\u2019implication des acteurs et \u00e0 des outils num\u00e9riques innovants tels que la plateforme cartographique SIG.<\/span><\/p>\n<p><span style=\"font-weight: 400;\">Avec une approche syst\u00e9mique et fond\u00e9e sur les \u00e9cosyst\u00e8mes, le projet pr\u00e9voit la cr\u00e9ation de trois projets pilotes \u2013 au Portugal (P\u00f3voa de Lanhoso : strat\u00e9gie \u00e9cologique pour des espaces verts v\u00e9g\u00e9talis\u00e9s peu consommateurs d\u2019eau) ; en Espagne (Cartagena : syst\u00e8me de condensation de l\u2019humidit\u00e9 atmosph\u00e9rique aliment\u00e9 par \u00e9nergie solaire pour l\u2019agriculture en zone aride) ; et en France (Est Creuse : restauration des haies traditionnelles pour la r\u00e9tention d\u2019eau et la promotion de la biodiversit\u00e9) \u2013 qui seront des espaces d\u2019exp\u00e9rimentation et d\u2019innovation, o\u00f9 diff\u00e9rentes solutions pour la gestion durable de l\u2019eau, la biodiversit\u00e9 et l\u2019adaptation au changement climatique seront d\u00e9velopp\u00e9es, test\u00e9es et ajust\u00e9es si n\u00e9cessaire, toujours avec la participation active des acteurs locaux, pour les rendre acteurs de l\u2019adaptation aux effets du changement climatique et devenir plus r\u00e9silients.<\/span><\/p>\n<p><span style=\"font-weight: 400;\">Le projet RTL compte parmi ses partenaires : RURENER \u2013 R\u00e9seau europ\u00e9en des territoires ruraux engag\u00e9s dans les transitions \u00e9cologique et sociale, le CETENMA \u2013 Centre Technologique de l\u2019\u00c9nergie et de l\u2019Environnement, la ville de Carthag\u00e8ne, l\u2019Universit\u00e9 Polytechnique de Catalogne, le Syndicat Mixte Est Creuse D\u00e9veloppement, l\u2019intercommunalit\u00e9 de l\u2019Ave et la commune de P\u00f3voa de Lanhoso.<\/span><\/p>\n<p><span style=\"font-weight: 400;\">Objectif final ? Cr\u00e9er un r\u00e9seau de Laboratoires de Transition Rurale, \u00e9volutif et reproductible dans le sud-ouest europ\u00e9en, pour permettre aux territoires ruraux d\u2019\u00eatre les moteurs de la transition \u00e9cologique.<\/span><\/p>\n<p><span style=\"font-weight: 400;\">Rural Transition Labs n\u2019est pas seulement un projet, c\u2019est un v\u00e9ritable mouvement pour un avenir rural plus durable et r\u00e9silient !<\/span><\/p>\n","protected":false},"excerpt":{"rendered":"<p>Le sud-ouest europ\u00e9en est confront\u00e9 \u00e0 l\u2019augmentation des temp\u00e9ratures, \u00e0 la rar\u00e9faction de l\u2019eau et aux conflits li\u00e9s \u00e0 l\u2019usage des sols, ce qui constitue une menace pour la productivit\u00e9 agricole, la coh\u00e9sion sociale, l\u2019\u00e9quilibre territorial, ainsi que pour la stabilit\u00e9 des infrastructures et la qualit\u00e9 de vie des habitants de ces r\u00e9gions, contribuant au [&hellip;]<\/p>\n","protected":false},"author":4682,"featured_media":49100,"parent":0,"template":"","meta":{"_acf_changed":false,"content-type":"","_monsterinsights_skip_tracking":false,"_monsterinsights_sitenote_active":false,"_monsterinsights_sitenote_note":"","_monsterinsights_sitenote_category":0},"class_list":["post-49116","noticia-proyecto","type-noticia-proyecto","status-publish","has-post-thumbnail","hentry"],"acf":[],"yoast_head":"<!-- This site is optimized with the Yoast SEO plugin v27.2 - https:\/\/yoast.com\/product\/yoast-seo-wordpress\/ -->\n<title>Laboratoires de Transition Rurale (RTL) \u2013 Pour une R\u00e9silience Climatique - Interreg Sudoe<\/title>\n<meta name=\"robots\" content=\"index, follow, max-snippet:-1, max-image-preview:large, max-video-preview:-1\" \/>\n<link rel=\"canonical\" href=\"https:\/\/interreg-sudoe.eu\/fr\/noticia-proyecto\/laboratorios-de-transicion-rural-rtl-por-la-resiliencia-climatica\/\" \/>\n<meta property=\"og:locale\" content=\"fr_FR\" \/>\n<meta property=\"og:type\" content=\"article\" \/>\n<meta property=\"og:title\" content=\"Laboratoires de Transition Rurale (RTL) \u2013 Pour une R\u00e9silience Climatique - Interreg Sudoe\" \/>\n<meta property=\"og:description\" content=\"Le sud-ouest europ\u00e9en est confront\u00e9 \u00e0 l\u2019augmentation des temp\u00e9ratures, \u00e0 la rar\u00e9faction de l\u2019eau et aux conflits li\u00e9s \u00e0 l\u2019usage des sols, ce qui constitue une menace pour la productivit\u00e9 agricole, la coh\u00e9sion sociale, l\u2019\u00e9quilibre territorial, ainsi que pour la stabilit\u00e9 des infrastructures et la qualit\u00e9 de vie des habitants de ces r\u00e9gions, contribuant au [&hellip;]\" \/>\n<meta property=\"og:url\" content=\"https:\/\/interreg-sudoe.eu\/fr\/noticia-proyecto\/laboratorios-de-transicion-rural-rtl-por-la-resiliencia-climatica\/\" \/>\n<meta property=\"og:site_name\" content=\"Interreg Sudoe\" \/>\n<meta property=\"article:publisher\" content=\"https:\/\/www.facebook.com\/interregsudoe\" \/>\n<meta property=\"article:modified_time\" content=\"2026-02-17T11:23:08+00:00\" \/>\n<meta property=\"og:image\" content=\"https:\/\/interreg-sudoe.eu\/wp-content\/uploads\/2025\/07\/Noticia_1_RTLabs.png\" \/>\n\t<meta property=\"og:image:width\" content=\"939\" \/>\n\t<meta property=\"og:image:height\" content=\"704\" \/>\n\t<meta property=\"og:image:type\" content=\"image\/png\" \/>\n<meta name=\"twitter:card\" content=\"summary_large_image\" \/>\n<meta name=\"twitter:site\" content=\"@Sudoe5\" \/>\n<meta name=\"twitter:label1\" content=\"Dur\u00e9e de lecture estim\u00e9e\" \/>\n\t<meta name=\"twitter:data1\" content=\"2 minutes\" \/>\n<script type=\"application\/ld+json\" class=\"yoast-schema-graph\">{\"@context\":\"https:\/\/schema.org\",\"@graph\":[{\"@type\":\"WebPage\",\"@id\":\"https:\/\/interreg-sudoe.eu\/fr\/noticia-proyecto\/laboratorios-de-transicion-rural-rtl-por-la-resiliencia-climatica\/\",\"url\":\"https:\/\/interreg-sudoe.eu\/fr\/noticia-proyecto\/laboratorios-de-transicion-rural-rtl-por-la-resiliencia-climatica\/\",\"name\":\"Laboratoires de Transition Rurale (RTL) \u2013 Pour une R\u00e9silience Climatique - Interreg Sudoe\",\"isPartOf\":{\"@id\":\"https:\/\/interreg-sudoe.eu\/fr\/#website\"},\"primaryImageOfPage\":{\"@id\":\"https:\/\/interreg-sudoe.eu\/fr\/noticia-proyecto\/laboratorios-de-transicion-rural-rtl-por-la-resiliencia-climatica\/#primaryimage\"},\"image\":{\"@id\":\"https:\/\/interreg-sudoe.eu\/fr\/noticia-proyecto\/laboratorios-de-transicion-rural-rtl-por-la-resiliencia-climatica\/#primaryimage\"},\"thumbnailUrl\":\"https:\/\/interreg-sudoe.eu\/wp-content\/uploads\/2025\/07\/Noticia_1_RTLabs.png\",\"datePublished\":\"2024-07-11T08:23:00+00:00\",\"dateModified\":\"2026-02-17T11:23:08+00:00\",\"breadcrumb\":{\"@id\":\"https:\/\/interreg-sudoe.eu\/fr\/noticia-proyecto\/laboratorios-de-transicion-rural-rtl-por-la-resiliencia-climatica\/#breadcrumb\"},\"inLanguage\":\"fr-FR\",\"potentialAction\":[{\"@type\":\"ReadAction\",\"target\":[\"https:\/\/interreg-sudoe.eu\/fr\/noticia-proyecto\/laboratorios-de-transicion-rural-rtl-por-la-resiliencia-climatica\/\"]}]},{\"@type\":\"ImageObject\",\"inLanguage\":\"fr-FR\",\"@id\":\"https:\/\/interreg-sudoe.eu\/fr\/noticia-proyecto\/laboratorios-de-transicion-rural-rtl-por-la-resiliencia-climatica\/#primaryimage\",\"url\":\"https:\/\/interreg-sudoe.eu\/wp-content\/uploads\/2025\/07\/Noticia_1_RTLabs.png\",\"contentUrl\":\"https:\/\/interreg-sudoe.eu\/wp-content\/uploads\/2025\/07\/Noticia_1_RTLabs.png\",\"width\":939,\"height\":704},{\"@type\":\"BreadcrumbList\",\"@id\":\"https:\/\/interreg-sudoe.eu\/fr\/noticia-proyecto\/laboratorios-de-transicion-rural-rtl-por-la-resiliencia-climatica\/#breadcrumb\",\"itemListElement\":[{\"@type\":\"ListItem\",\"position\":1,\"name\":\"Home\",\"item\":\"https:\/\/interreg-sudoe.eu\/fr\/\"},{\"@type\":\"ListItem\",\"position\":2,\"name\":\"Laboratoires de Transition Rurale (RTL) \u2013 Pour une R\u00e9silience Climatique\"}]},{\"@type\":\"WebSite\",\"@id\":\"https:\/\/interreg-sudoe.eu\/fr\/#website\",\"url\":\"https:\/\/interreg-sudoe.eu\/fr\/\",\"name\":\"Interreg Sudoe\",\"description\":\"Interreg Sudoe\",\"publisher\":{\"@id\":\"https:\/\/interreg-sudoe.eu\/fr\/#organization\"},\"alternateName\":\"Interreg Sudoe\",\"potentialAction\":[{\"@type\":\"SearchAction\",\"target\":{\"@type\":\"EntryPoint\",\"urlTemplate\":\"https:\/\/interreg-sudoe.eu\/fr\/?s={search_term_string}\"},\"query-input\":{\"@type\":\"PropertyValueSpecification\",\"valueRequired\":true,\"valueName\":\"search_term_string\"}}],\"inLanguage\":\"fr-FR\"},{\"@type\":\"Organization\",\"@id\":\"https:\/\/interreg-sudoe.eu\/fr\/#organization\",\"name\":\"Interreg Sudoe\",\"alternateName\":\"Interreg Sudoe\",\"url\":\"https:\/\/interreg-sudoe.eu\/fr\/\",\"logo\":{\"@type\":\"ImageObject\",\"inLanguage\":\"fr-FR\",\"@id\":\"https:\/\/interreg-sudoe.eu\/fr\/#\/schema\/logo\/image\/\",\"url\":\"https:\/\/interreg-sudoe.eu\/wp-content\/uploads\/2024\/03\/logo-interreg.png\",\"contentUrl\":\"https:\/\/interreg-sudoe.eu\/wp-content\/uploads\/2024\/03\/logo-interreg.png\",\"width\":1200,\"height\":675,\"caption\":\"Interreg Sudoe\"},\"image\":{\"@id\":\"https:\/\/interreg-sudoe.eu\/fr\/#\/schema\/logo\/image\/\"},\"sameAs\":[\"https:\/\/www.facebook.com\/interregsudoe\",\"https:\/\/x.com\/Sudoe5\",\"https:\/\/www.youtube.com\/channel\/UCeGx2edoB32beRc9dbKA2vw\",\"https:\/\/www.linkedin.com\/company\/interreg-sudoe-programme\/\",\"https:\/\/www.flickr.com\/photos\/148704685@N06\/\"]}]}<\/script>\n<!-- \/ Yoast SEO plugin. -->","yoast_head_json":{"title":"Laboratoires de Transition Rurale (RTL) \u2013 Pour une R\u00e9silience Climatique - Interreg Sudoe","robots":{"index":"index","follow":"follow","max-snippet":"max-snippet:-1","max-image-preview":"max-image-preview:large","max-video-preview":"max-video-preview:-1"},"canonical":"https:\/\/interreg-sudoe.eu\/fr\/noticia-proyecto\/laboratorios-de-transicion-rural-rtl-por-la-resiliencia-climatica\/","og_locale":"fr_FR","og_type":"article","og_title":"Laboratoires de Transition Rurale (RTL) \u2013 Pour une R\u00e9silience Climatique - Interreg Sudoe","og_description":"Le sud-ouest europ\u00e9en est confront\u00e9 \u00e0 l\u2019augmentation des temp\u00e9ratures, \u00e0 la rar\u00e9faction de l\u2019eau et aux conflits li\u00e9s \u00e0 l\u2019usage des sols, ce qui constitue une menace pour la productivit\u00e9 agricole, la coh\u00e9sion sociale, l\u2019\u00e9quilibre territorial, ainsi que pour la stabilit\u00e9 des infrastructures et la qualit\u00e9 de vie des habitants de ces r\u00e9gions, contribuant au [&hellip;]","og_url":"https:\/\/interreg-sudoe.eu\/fr\/noticia-proyecto\/laboratorios-de-transicion-rural-rtl-por-la-resiliencia-climatica\/","og_site_name":"Interreg Sudoe","article_publisher":"https:\/\/www.facebook.com\/interregsudoe","article_modified_time":"2026-02-17T11:23:08+00:00","og_image":[{"width":939,"height":704,"url":"https:\/\/interreg-sudoe.eu\/wp-content\/uploads\/2025\/07\/Noticia_1_RTLabs.png","type":"image\/png"}],"twitter_card":"summary_large_image","twitter_site":"@Sudoe5","twitter_misc":{"Dur\u00e9e de lecture estim\u00e9e":"2 minutes"},"schema":{"@context":"https:\/\/schema.org","@graph":[{"@type":"WebPage","@id":"https:\/\/interreg-sudoe.eu\/fr\/noticia-proyecto\/laboratorios-de-transicion-rural-rtl-por-la-resiliencia-climatica\/","url":"https:\/\/interreg-sudoe.eu\/fr\/noticia-proyecto\/laboratorios-de-transicion-rural-rtl-por-la-resiliencia-climatica\/","name":"Laboratoires de Transition Rurale (RTL) \u2013 Pour une R\u00e9silience Climatique - Interreg Sudoe","isPartOf":{"@id":"https:\/\/interreg-sudoe.eu\/fr\/#website"},"primaryImageOfPage":{"@id":"https:\/\/interreg-sudoe.eu\/fr\/noticia-proyecto\/laboratorios-de-transicion-rural-rtl-por-la-resiliencia-climatica\/#primaryimage"},"image":{"@id":"https:\/\/interreg-sudoe.eu\/fr\/noticia-proyecto\/laboratorios-de-transicion-rural-rtl-por-la-resiliencia-climatica\/#primaryimage"},"thumbnailUrl":"https:\/\/interreg-sudoe.eu\/wp-content\/uploads\/2025\/07\/Noticia_1_RTLabs.png","datePublished":"2024-07-11T08:23:00+00:00","dateModified":"2026-02-17T11:23:08+00:00","breadcrumb":{"@id":"https:\/\/interreg-sudoe.eu\/fr\/noticia-proyecto\/laboratorios-de-transicion-rural-rtl-por-la-resiliencia-climatica\/#breadcrumb"},"inLanguage":"fr-FR","potentialAction":[{"@type":"ReadAction","target":["https:\/\/interreg-sudoe.eu\/fr\/noticia-proyecto\/laboratorios-de-transicion-rural-rtl-por-la-resiliencia-climatica\/"]}]},{"@type":"ImageObject","inLanguage":"fr-FR","@id":"https:\/\/interreg-sudoe.eu\/fr\/noticia-proyecto\/laboratorios-de-transicion-rural-rtl-por-la-resiliencia-climatica\/#primaryimage","url":"https:\/\/interreg-sudoe.eu\/wp-content\/uploads\/2025\/07\/Noticia_1_RTLabs.png","contentUrl":"https:\/\/interreg-sudoe.eu\/wp-content\/uploads\/2025\/07\/Noticia_1_RTLabs.png","width":939,"height":704},{"@type":"BreadcrumbList","@id":"https:\/\/interreg-sudoe.eu\/fr\/noticia-proyecto\/laboratorios-de-transicion-rural-rtl-por-la-resiliencia-climatica\/#breadcrumb","itemListElement":[{"@type":"ListItem","position":1,"name":"Home","item":"https:\/\/interreg-sudoe.eu\/fr\/"},{"@type":"ListItem","position":2,"name":"Laboratoires de Transition Rurale (RTL) \u2013 Pour une R\u00e9silience Climatique"}]},{"@type":"WebSite","@id":"https:\/\/interreg-sudoe.eu\/fr\/#website","url":"https:\/\/interreg-sudoe.eu\/fr\/","name":"Interreg Sudoe","description":"Interreg Sudoe","publisher":{"@id":"https:\/\/interreg-sudoe.eu\/fr\/#organization"},"alternateName":"Interreg Sudoe","potentialAction":[{"@type":"SearchAction","target":{"@type":"EntryPoint","urlTemplate":"https:\/\/interreg-sudoe.eu\/fr\/?s={search_term_string}"},"query-input":{"@type":"PropertyValueSpecification","valueRequired":true,"valueName":"search_term_string"}}],"inLanguage":"fr-FR"},{"@type":"Organization","@id":"https:\/\/interreg-sudoe.eu\/fr\/#organization","name":"Interreg Sudoe","alternateName":"Interreg Sudoe","url":"https:\/\/interreg-sudoe.eu\/fr\/","logo":{"@type":"ImageObject","inLanguage":"fr-FR","@id":"https:\/\/interreg-sudoe.eu\/fr\/#\/schema\/logo\/image\/","url":"https:\/\/interreg-sudoe.eu\/wp-content\/uploads\/2024\/03\/logo-interreg.png","contentUrl":"https:\/\/interreg-sudoe.eu\/wp-content\/uploads\/2024\/03\/logo-interreg.png","width":1200,"height":675,"caption":"Interreg Sudoe"},"image":{"@id":"https:\/\/interreg-sudoe.eu\/fr\/#\/schema\/logo\/image\/"},"sameAs":["https:\/\/www.facebook.com\/interregsudoe","https:\/\/x.com\/Sudoe5","https:\/\/www.youtube.com\/channel\/UCeGx2edoB32beRc9dbKA2vw","https:\/\/www.linkedin.com\/company\/interreg-sudoe-programme\/","https:\/\/www.flickr.com\/photos\/148704685@N06\/"]}]}},"_links":{"self":[{"href":"https:\/\/interreg-sudoe.eu\/fr\/wp-json\/wp\/v2\/noticia-proyecto\/49116","targetHints":{"allow":["GET"]}}],"collection":[{"href":"https:\/\/interreg-sudoe.eu\/fr\/wp-json\/wp\/v2\/noticia-proyecto"}],"about":[{"href":"https:\/\/interreg-sudoe.eu\/fr\/wp-json\/wp\/v2\/types\/noticia-proyecto"}],"author":[{"embeddable":true,"href":"https:\/\/interreg-sudoe.eu\/fr\/wp-json\/wp\/v2\/users\/4682"}],"wp:featuredmedia":[{"embeddable":true,"href":"https:\/\/interreg-sudoe.eu\/fr\/wp-json\/wp\/v2\/media\/49100"}],"wp:attachment":[{"href":"https:\/\/interreg-sudoe.eu\/fr\/wp-json\/wp\/v2\/media?parent=49116"}],"curies":[{"name":"wp","href":"https:\/\/api.w.org\/{rel}","templated":true}]}}