{"id":49265,"date":"2024-10-24T17:21:00","date_gmt":"2024-10-24T15:21:00","guid":{"rendered":"https:\/\/interreg-sudoe.eu\/noticia-proyecto\/el-consorcio-de-i-rewater-celebra-en-montpellier-su-segunda-reunion-presencial-y-asiste-a-la-conferencia-sectorial-reuse-euromed\/"},"modified":"2026-02-16T13:22:34","modified_gmt":"2026-02-16T12:22:34","slug":"el-consorcio-de-i-rewater-celebra-en-montpellier-su-segunda-reunion-presencial-y-asiste-a-la-conferencia-sectorial-reuse-euromed","status":"publish","type":"noticia-proyecto","link":"https:\/\/interreg-sudoe.eu\/fr\/noticia-proyecto\/el-consorcio-de-i-rewater-celebra-en-montpellier-su-segunda-reunion-presencial-y-asiste-a-la-conferencia-sectorial-reuse-euromed\/","title":{"rendered":"Le consortium I-ReWater tient sa deuxi\u00e8me r\u00e9union physique \u00e0 Montpellier et participe \u00e0 la conf\u00e9rence sectorielle REUSE EUROMED"},"content":{"rendered":"<p>Du 27 au 28 octobre, les 16 partenaires du consortium I-ReWater se rendront \u00e0 Montpellier (r\u00e9gion Occitanie, France) pour se r\u00e9unir en personne pour la deuxi\u00e8me fois depuis le <i>kick off<\/i> de f\u00e9vrier \u00e0 Lugo (Galice, Espagne). L&rsquo;\u00e9v\u00e9nement sera organis\u00e9 par l&rsquo;INRAE (Institut national de recherche en agriculture, alimentation et environnement).<\/p>\n<p>Ensuite, du mardi 29 au jeudi 31, l&rsquo;\u00e9quipe assistera \u00e0 <a href=\"https:\/\/server.matchmaking-studio.com\/fr\/REUSEEuroMed2024\/home.html#mms\">REUSE EUROMED 2024 (Conf\u00e9rence euro-m\u00e9diterran\u00e9enne sur la r\u00e9utilisation des eaux us\u00e9es)<\/a>, co-organis\u00e9e par Eau, Agriculture et Territoires (ex-AFEID), le R\u00e9seau REUSE d&rsquo;INRAE et la Chaire partenariale EACC : Eau, Agriculture et Changement climatique.<\/p>\n<p>Ce forum sera \u00e9galement l&rsquo;occasion de pr\u00e9senter les r\u00e9sultats de l&rsquo;\u00e9tude d&rsquo;analyse du cycle de vie du projet pilote dans les vignobles de La Rioja, men\u00e9e par l&rsquo;Institut des sciences de la vigne et du vin (ICVV).<\/p>\n<p>&nbsp;<\/p>\n<p><strong>Quel est l&rsquo;objectif d&rsquo;I-ReWater ?<\/strong><\/p>\n<p>L&rsquo;objectif principal d&rsquo;I-ReWater est d&rsquo;am\u00e9liorer la gestion des ressources en eau dans l&rsquo;agriculture, en int\u00e9grant l&rsquo;utilisation d&rsquo;eau urbaine r\u00e9g\u00e9n\u00e9r\u00e9e dans 15 cultures irrigu\u00e9es (houblon, oliveraie, vignoble, amandier et horticulture), en tenant compte des aspects environnementaux qui garantissent sa bonne utilisation en raison de la crise climatique actuelle.<\/p>\n<p>Toute l&rsquo;eau r\u00e9g\u00e9n\u00e9r\u00e9e proviendra de stations d&rsquo;\u00e9puration, de caves, d&rsquo;industries alimentaires ou d&rsquo;installations des partenaires qui, au pr\u00e9alable, aura re\u00e7u les traitements sanitaires obligatoires et pass\u00e9 les analyses pour son utilisation dans l&rsquo;agriculture et sa consommation humaine ult\u00e9rieure. Une fois sur le terrain, l&rsquo;eau est stock\u00e9e dans des r\u00e9servoirs ou des bassins \u00e0 proximit\u00e9 des pilotes.<\/p>\n<p>&nbsp;<\/p>\n<p>Le consortium I-ReWater est compos\u00e9 de :<\/p>\n<p><strong>Partenaires espagnols :<\/strong><\/p>\n<ul>\n<li>\u00c9cole polytechnique sup\u00e9rieure d&rsquo;ing\u00e9nierie du Campus Terra, Universit\u00e9 de Saint-Jacques-de-Compostelle \u2013 USC (chef de file)<\/li>\n<li>Agence pour l&rsquo;environnement et l&rsquo;eau d&rsquo;Andalousie (AMAYA)<\/li>\n<li>Zone m\u00e9tropolitaine de Barcelone (AMB)<\/li>\n<li>Fondation Juana de Vega<\/li>\n<li>Gestagua<\/li>\n<li>Institut des sciences de la vigne et du vin (ICVV)<\/li>\n<li>IRTA (Institut de recherche et de technologie agroalimentaire)<\/li>\n<li>Bureau de l&rsquo;irrigation du D\u00e9partement de l&rsquo;action climatique et de l&rsquo;agenda rural (OdR) de la Generalitat de Catalunya<\/li>\n<li>Universit\u00e9 de Cordoue (UCO). \u00c9cole technique sup\u00e9rieure d&rsquo;ing\u00e9nierie agronomique et foresti\u00e8re. D\u00e9partement d&rsquo;agronomie<\/li>\n<\/ul>\n<p>&nbsp;<\/p>\n<p><b>Partenaires portugais :<\/b><\/p>\n<ul>\n<li>\u00c1guas do Norte, S.A.<\/li>\n<li>Institut national de recherche agricole et v\u00e9t\u00e9rinaire, IP (INIAV, IP)<\/li>\n<li>Institut polytechnique de Bragan\u00e7a<\/li>\n<li>Universit\u00e9 de Tr\u00e1s-os-Montes e Alto Douro. \u00c9cole des sciences agronomiques et v\u00e9t\u00e9rinaires. D\u00e9partement d&rsquo;agronomie<\/li>\n<\/ul>\n<p>&nbsp;<\/p>\n<p><b>Partenaires fran\u00e7ais :<\/b><\/p>\n<ul>\n<li>HOPEN \u2013 Terre de houblon<\/li>\n<li>INRAE (Institut national de recherche pour l&rsquo;agriculture, l&rsquo;alimentation et l&rsquo;environnement)<\/li>\n<\/ul>\n<p>&nbsp;<\/p>\n<p><b>Partenaire d&rsquo;Andorre :<\/b><\/p>\n<ul>\n<li>Gouvernement d&rsquo;Andorre<\/li>\n<\/ul>\n<p>I-ReWater a \u00e9t\u00e9 approuv\u00e9 lors du premier appel \u00e0 projets du programme Interreg Sudoe 2021-2027 et dispose d&rsquo;un budget de plus de 2,2 millions d&rsquo;euros, financ\u00e9 \u00e0 75 % par le Fonds FEDER.<\/p>\n","protected":false},"excerpt":{"rendered":"<p>Du 27 au 31 octobre<\/p>\n","protected":false},"author":4973,"featured_media":41313,"parent":0,"template":"","meta":{"_acf_changed":false,"content-type":"","_monsterinsights_skip_tracking":false,"_monsterinsights_sitenote_active":false,"_monsterinsights_sitenote_note":"","_monsterinsights_sitenote_category":0},"class_list":["post-49265","noticia-proyecto","type-noticia-proyecto","status-publish","has-post-thumbnail","hentry"],"acf":[],"yoast_head":"<!-- This site is optimized with the Yoast SEO plugin v27.2 - https:\/\/yoast.com\/product\/yoast-seo-wordpress\/ -->\n<title>Le consortium I-ReWater tient sa deuxi\u00e8me r\u00e9union physique \u00e0 Montpellier et participe \u00e0 la conf\u00e9rence sectorielle REUSE EUROMED - Interreg Sudoe<\/title>\n<meta name=\"robots\" content=\"index, follow, max-snippet:-1, max-image-preview:large, max-video-preview:-1\" \/>\n<link rel=\"canonical\" href=\"https:\/\/interreg-sudoe.eu\/fr\/noticia-proyecto\/el-consorcio-de-i-rewater-celebra-en-montpellier-su-segunda-reunion-presencial-y-asiste-a-la-conferencia-sectorial-reuse-euromed\/\" \/>\n<meta property=\"og:locale\" content=\"fr_FR\" \/>\n<meta property=\"og:type\" content=\"article\" \/>\n<meta property=\"og:title\" content=\"Le consortium I-ReWater tient sa deuxi\u00e8me r\u00e9union physique \u00e0 Montpellier et participe \u00e0 la conf\u00e9rence sectorielle REUSE EUROMED - Interreg Sudoe\" \/>\n<meta property=\"og:description\" content=\"Du 27 au 31 octobre\" \/>\n<meta property=\"og:url\" content=\"https:\/\/interreg-sudoe.eu\/fr\/noticia-proyecto\/el-consorcio-de-i-rewater-celebra-en-montpellier-su-segunda-reunion-presencial-y-asiste-a-la-conferencia-sectorial-reuse-euromed\/\" \/>\n<meta property=\"og:site_name\" content=\"Interreg Sudoe\" \/>\n<meta property=\"article:publisher\" content=\"https:\/\/www.facebook.com\/interregsudoe\" \/>\n<meta property=\"article:modified_time\" content=\"2026-02-16T12:22:34+00:00\" \/>\n<meta property=\"og:image\" content=\"https:\/\/interreg-sudoe.eu\/wp-content\/uploads\/2024\/10\/I-ReWater_Rollup_mockup.png\" \/>\n\t<meta property=\"og:image:width\" content=\"1084\" \/>\n\t<meta property=\"og:image:height\" content=\"1200\" \/>\n\t<meta property=\"og:image:type\" content=\"image\/png\" \/>\n<meta name=\"twitter:card\" content=\"summary_large_image\" \/>\n<meta name=\"twitter:site\" content=\"@Sudoe5\" \/>\n<meta name=\"twitter:label1\" content=\"Dur\u00e9e de lecture estim\u00e9e\" \/>\n\t<meta name=\"twitter:data1\" content=\"2 minutes\" \/>\n<script type=\"application\/ld+json\" class=\"yoast-schema-graph\">{\"@context\":\"https:\/\/schema.org\",\"@graph\":[{\"@type\":\"WebPage\",\"@id\":\"https:\/\/interreg-sudoe.eu\/fr\/noticia-proyecto\/el-consorcio-de-i-rewater-celebra-en-montpellier-su-segunda-reunion-presencial-y-asiste-a-la-conferencia-sectorial-reuse-euromed\/\",\"url\":\"https:\/\/interreg-sudoe.eu\/fr\/noticia-proyecto\/el-consorcio-de-i-rewater-celebra-en-montpellier-su-segunda-reunion-presencial-y-asiste-a-la-conferencia-sectorial-reuse-euromed\/\",\"name\":\"Le consortium I-ReWater tient sa deuxi\u00e8me r\u00e9union physique \u00e0 Montpellier et participe \u00e0 la conf\u00e9rence sectorielle REUSE EUROMED - Interreg Sudoe\",\"isPartOf\":{\"@id\":\"https:\/\/interreg-sudoe.eu\/fr\/#website\"},\"primaryImageOfPage\":{\"@id\":\"https:\/\/interreg-sudoe.eu\/fr\/noticia-proyecto\/el-consorcio-de-i-rewater-celebra-en-montpellier-su-segunda-reunion-presencial-y-asiste-a-la-conferencia-sectorial-reuse-euromed\/#primaryimage\"},\"image\":{\"@id\":\"https:\/\/interreg-sudoe.eu\/fr\/noticia-proyecto\/el-consorcio-de-i-rewater-celebra-en-montpellier-su-segunda-reunion-presencial-y-asiste-a-la-conferencia-sectorial-reuse-euromed\/#primaryimage\"},\"thumbnailUrl\":\"https:\/\/interreg-sudoe.eu\/wp-content\/uploads\/2024\/10\/I-ReWater_Rollup_mockup.png\",\"datePublished\":\"2024-10-24T15:21:00+00:00\",\"dateModified\":\"2026-02-16T12:22:34+00:00\",\"breadcrumb\":{\"@id\":\"https:\/\/interreg-sudoe.eu\/fr\/noticia-proyecto\/el-consorcio-de-i-rewater-celebra-en-montpellier-su-segunda-reunion-presencial-y-asiste-a-la-conferencia-sectorial-reuse-euromed\/#breadcrumb\"},\"inLanguage\":\"fr-FR\",\"potentialAction\":[{\"@type\":\"ReadAction\",\"target\":[\"https:\/\/interreg-sudoe.eu\/fr\/noticia-proyecto\/el-consorcio-de-i-rewater-celebra-en-montpellier-su-segunda-reunion-presencial-y-asiste-a-la-conferencia-sectorial-reuse-euromed\/\"]}]},{\"@type\":\"ImageObject\",\"inLanguage\":\"fr-FR\",\"@id\":\"https:\/\/interreg-sudoe.eu\/fr\/noticia-proyecto\/el-consorcio-de-i-rewater-celebra-en-montpellier-su-segunda-reunion-presencial-y-asiste-a-la-conferencia-sectorial-reuse-euromed\/#primaryimage\",\"url\":\"https:\/\/interreg-sudoe.eu\/wp-content\/uploads\/2024\/10\/I-ReWater_Rollup_mockup.png\",\"contentUrl\":\"https:\/\/interreg-sudoe.eu\/wp-content\/uploads\/2024\/10\/I-ReWater_Rollup_mockup.png\",\"width\":1084,\"height\":1200,\"caption\":\"mockup I-ReWater\"},{\"@type\":\"BreadcrumbList\",\"@id\":\"https:\/\/interreg-sudoe.eu\/fr\/noticia-proyecto\/el-consorcio-de-i-rewater-celebra-en-montpellier-su-segunda-reunion-presencial-y-asiste-a-la-conferencia-sectorial-reuse-euromed\/#breadcrumb\",\"itemListElement\":[{\"@type\":\"ListItem\",\"position\":1,\"name\":\"Home\",\"item\":\"https:\/\/interreg-sudoe.eu\/fr\/\"},{\"@type\":\"ListItem\",\"position\":2,\"name\":\"Le consortium I-ReWater tient sa deuxi\u00e8me r\u00e9union physique \u00e0 Montpellier et participe \u00e0 la conf\u00e9rence sectorielle REUSE EUROMED\"}]},{\"@type\":\"WebSite\",\"@id\":\"https:\/\/interreg-sudoe.eu\/fr\/#website\",\"url\":\"https:\/\/interreg-sudoe.eu\/fr\/\",\"name\":\"Interreg Sudoe\",\"description\":\"Interreg Sudoe\",\"publisher\":{\"@id\":\"https:\/\/interreg-sudoe.eu\/fr\/#organization\"},\"alternateName\":\"Interreg Sudoe\",\"potentialAction\":[{\"@type\":\"SearchAction\",\"target\":{\"@type\":\"EntryPoint\",\"urlTemplate\":\"https:\/\/interreg-sudoe.eu\/fr\/?s={search_term_string}\"},\"query-input\":{\"@type\":\"PropertyValueSpecification\",\"valueRequired\":true,\"valueName\":\"search_term_string\"}}],\"inLanguage\":\"fr-FR\"},{\"@type\":\"Organization\",\"@id\":\"https:\/\/interreg-sudoe.eu\/fr\/#organization\",\"name\":\"Interreg Sudoe\",\"alternateName\":\"Interreg Sudoe\",\"url\":\"https:\/\/interreg-sudoe.eu\/fr\/\",\"logo\":{\"@type\":\"ImageObject\",\"inLanguage\":\"fr-FR\",\"@id\":\"https:\/\/interreg-sudoe.eu\/fr\/#\/schema\/logo\/image\/\",\"url\":\"https:\/\/interreg-sudoe.eu\/wp-content\/uploads\/2024\/03\/logo-interreg.png\",\"contentUrl\":\"https:\/\/interreg-sudoe.eu\/wp-content\/uploads\/2024\/03\/logo-interreg.png\",\"width\":1200,\"height\":675,\"caption\":\"Interreg Sudoe\"},\"image\":{\"@id\":\"https:\/\/interreg-sudoe.eu\/fr\/#\/schema\/logo\/image\/\"},\"sameAs\":[\"https:\/\/www.facebook.com\/interregsudoe\",\"https:\/\/x.com\/Sudoe5\",\"https:\/\/www.youtube.com\/channel\/UCeGx2edoB32beRc9dbKA2vw\",\"https:\/\/www.linkedin.com\/company\/interreg-sudoe-programme\/\",\"https:\/\/www.flickr.com\/photos\/148704685@N06\/\"]}]}<\/script>\n<!-- \/ Yoast SEO plugin. -->","yoast_head_json":{"title":"Le consortium I-ReWater tient sa deuxi\u00e8me r\u00e9union physique \u00e0 Montpellier et participe \u00e0 la conf\u00e9rence sectorielle REUSE EUROMED - Interreg Sudoe","robots":{"index":"index","follow":"follow","max-snippet":"max-snippet:-1","max-image-preview":"max-image-preview:large","max-video-preview":"max-video-preview:-1"},"canonical":"https:\/\/interreg-sudoe.eu\/fr\/noticia-proyecto\/el-consorcio-de-i-rewater-celebra-en-montpellier-su-segunda-reunion-presencial-y-asiste-a-la-conferencia-sectorial-reuse-euromed\/","og_locale":"fr_FR","og_type":"article","og_title":"Le consortium I-ReWater tient sa deuxi\u00e8me r\u00e9union physique \u00e0 Montpellier et participe \u00e0 la conf\u00e9rence sectorielle REUSE EUROMED - Interreg Sudoe","og_description":"Du 27 au 31 octobre","og_url":"https:\/\/interreg-sudoe.eu\/fr\/noticia-proyecto\/el-consorcio-de-i-rewater-celebra-en-montpellier-su-segunda-reunion-presencial-y-asiste-a-la-conferencia-sectorial-reuse-euromed\/","og_site_name":"Interreg Sudoe","article_publisher":"https:\/\/www.facebook.com\/interregsudoe","article_modified_time":"2026-02-16T12:22:34+00:00","og_image":[{"width":1084,"height":1200,"url":"https:\/\/interreg-sudoe.eu\/wp-content\/uploads\/2024\/10\/I-ReWater_Rollup_mockup.png","type":"image\/png"}],"twitter_card":"summary_large_image","twitter_site":"@Sudoe5","twitter_misc":{"Dur\u00e9e de lecture estim\u00e9e":"2 minutes"},"schema":{"@context":"https:\/\/schema.org","@graph":[{"@type":"WebPage","@id":"https:\/\/interreg-sudoe.eu\/fr\/noticia-proyecto\/el-consorcio-de-i-rewater-celebra-en-montpellier-su-segunda-reunion-presencial-y-asiste-a-la-conferencia-sectorial-reuse-euromed\/","url":"https:\/\/interreg-sudoe.eu\/fr\/noticia-proyecto\/el-consorcio-de-i-rewater-celebra-en-montpellier-su-segunda-reunion-presencial-y-asiste-a-la-conferencia-sectorial-reuse-euromed\/","name":"Le consortium I-ReWater tient sa deuxi\u00e8me r\u00e9union physique \u00e0 Montpellier et participe \u00e0 la conf\u00e9rence sectorielle REUSE EUROMED - Interreg Sudoe","isPartOf":{"@id":"https:\/\/interreg-sudoe.eu\/fr\/#website"},"primaryImageOfPage":{"@id":"https:\/\/interreg-sudoe.eu\/fr\/noticia-proyecto\/el-consorcio-de-i-rewater-celebra-en-montpellier-su-segunda-reunion-presencial-y-asiste-a-la-conferencia-sectorial-reuse-euromed\/#primaryimage"},"image":{"@id":"https:\/\/interreg-sudoe.eu\/fr\/noticia-proyecto\/el-consorcio-de-i-rewater-celebra-en-montpellier-su-segunda-reunion-presencial-y-asiste-a-la-conferencia-sectorial-reuse-euromed\/#primaryimage"},"thumbnailUrl":"https:\/\/interreg-sudoe.eu\/wp-content\/uploads\/2024\/10\/I-ReWater_Rollup_mockup.png","datePublished":"2024-10-24T15:21:00+00:00","dateModified":"2026-02-16T12:22:34+00:00","breadcrumb":{"@id":"https:\/\/interreg-sudoe.eu\/fr\/noticia-proyecto\/el-consorcio-de-i-rewater-celebra-en-montpellier-su-segunda-reunion-presencial-y-asiste-a-la-conferencia-sectorial-reuse-euromed\/#breadcrumb"},"inLanguage":"fr-FR","potentialAction":[{"@type":"ReadAction","target":["https:\/\/interreg-sudoe.eu\/fr\/noticia-proyecto\/el-consorcio-de-i-rewater-celebra-en-montpellier-su-segunda-reunion-presencial-y-asiste-a-la-conferencia-sectorial-reuse-euromed\/"]}]},{"@type":"ImageObject","inLanguage":"fr-FR","@id":"https:\/\/interreg-sudoe.eu\/fr\/noticia-proyecto\/el-consorcio-de-i-rewater-celebra-en-montpellier-su-segunda-reunion-presencial-y-asiste-a-la-conferencia-sectorial-reuse-euromed\/#primaryimage","url":"https:\/\/interreg-sudoe.eu\/wp-content\/uploads\/2024\/10\/I-ReWater_Rollup_mockup.png","contentUrl":"https:\/\/interreg-sudoe.eu\/wp-content\/uploads\/2024\/10\/I-ReWater_Rollup_mockup.png","width":1084,"height":1200,"caption":"mockup I-ReWater"},{"@type":"BreadcrumbList","@id":"https:\/\/interreg-sudoe.eu\/fr\/noticia-proyecto\/el-consorcio-de-i-rewater-celebra-en-montpellier-su-segunda-reunion-presencial-y-asiste-a-la-conferencia-sectorial-reuse-euromed\/#breadcrumb","itemListElement":[{"@type":"ListItem","position":1,"name":"Home","item":"https:\/\/interreg-sudoe.eu\/fr\/"},{"@type":"ListItem","position":2,"name":"Le consortium I-ReWater tient sa deuxi\u00e8me r\u00e9union physique \u00e0 Montpellier et participe \u00e0 la conf\u00e9rence sectorielle REUSE EUROMED"}]},{"@type":"WebSite","@id":"https:\/\/interreg-sudoe.eu\/fr\/#website","url":"https:\/\/interreg-sudoe.eu\/fr\/","name":"Interreg Sudoe","description":"Interreg Sudoe","publisher":{"@id":"https:\/\/interreg-sudoe.eu\/fr\/#organization"},"alternateName":"Interreg Sudoe","potentialAction":[{"@type":"SearchAction","target":{"@type":"EntryPoint","urlTemplate":"https:\/\/interreg-sudoe.eu\/fr\/?s={search_term_string}"},"query-input":{"@type":"PropertyValueSpecification","valueRequired":true,"valueName":"search_term_string"}}],"inLanguage":"fr-FR"},{"@type":"Organization","@id":"https:\/\/interreg-sudoe.eu\/fr\/#organization","name":"Interreg Sudoe","alternateName":"Interreg Sudoe","url":"https:\/\/interreg-sudoe.eu\/fr\/","logo":{"@type":"ImageObject","inLanguage":"fr-FR","@id":"https:\/\/interreg-sudoe.eu\/fr\/#\/schema\/logo\/image\/","url":"https:\/\/interreg-sudoe.eu\/wp-content\/uploads\/2024\/03\/logo-interreg.png","contentUrl":"https:\/\/interreg-sudoe.eu\/wp-content\/uploads\/2024\/03\/logo-interreg.png","width":1200,"height":675,"caption":"Interreg Sudoe"},"image":{"@id":"https:\/\/interreg-sudoe.eu\/fr\/#\/schema\/logo\/image\/"},"sameAs":["https:\/\/www.facebook.com\/interregsudoe","https:\/\/x.com\/Sudoe5","https:\/\/www.youtube.com\/channel\/UCeGx2edoB32beRc9dbKA2vw","https:\/\/www.linkedin.com\/company\/interreg-sudoe-programme\/","https:\/\/www.flickr.com\/photos\/148704685@N06\/"]}]}},"_links":{"self":[{"href":"https:\/\/interreg-sudoe.eu\/fr\/wp-json\/wp\/v2\/noticia-proyecto\/49265","targetHints":{"allow":["GET"]}}],"collection":[{"href":"https:\/\/interreg-sudoe.eu\/fr\/wp-json\/wp\/v2\/noticia-proyecto"}],"about":[{"href":"https:\/\/interreg-sudoe.eu\/fr\/wp-json\/wp\/v2\/types\/noticia-proyecto"}],"author":[{"embeddable":true,"href":"https:\/\/interreg-sudoe.eu\/fr\/wp-json\/wp\/v2\/users\/4973"}],"wp:featuredmedia":[{"embeddable":true,"href":"https:\/\/interreg-sudoe.eu\/fr\/wp-json\/wp\/v2\/media\/41313"}],"wp:attachment":[{"href":"https:\/\/interreg-sudoe.eu\/fr\/wp-json\/wp\/v2\/media?parent=49265"}],"curies":[{"name":"wp","href":"https:\/\/api.w.org\/{rel}","templated":true}]}}