{"id":60880,"date":"2026-02-11T11:31:52","date_gmt":"2026-02-11T10:31:52","guid":{"rendered":"https:\/\/interreg-sudoe.eu\/?post_type=noticia-proyecto&#038;p=60880"},"modified":"2026-02-16T13:32:54","modified_gmt":"2026-02-16T12:32:54","slug":"ruralsilverhubs-met-a-lhonneur-des-femmes-scientifiques-de-reference-de-lespace-sudoe-a-loccasion-de-la-journee-internationale-des-femmes-et-des-filles-de-science","status":"publish","type":"noticia-proyecto","link":"https:\/\/interreg-sudoe.eu\/fr\/noticia-proyecto\/ruralsilverhubs-met-a-lhonneur-des-femmes-scientifiques-de-reference-de-lespace-sudoe-a-loccasion-de-la-journee-internationale-des-femmes-et-des-filles-de-science\/","title":{"rendered":"RuralSilverHubS met \u00e0 l\u2019honneur des femmes scientifiques de r\u00e9f\u00e9rence de l\u2019espace SUDOE \u00e0 l\u2019occasion de la Journ\u00e9e internationale des femmes et des filles de science"},"content":{"rendered":"<p>\u00c0 l\u2019occasion de la <strong>Journ\u00e9e internationale des femmes et des filles de science<\/strong>, c\u00e9l\u00e9br\u00e9e le 11 f\u00e9vrier, le projet europ\u00e9en <strong>RuralSilverHubS<\/strong> met en lumi\u00e8re le r\u00f4le des femmes scientifiques en tant que moteurs de connaissance, d\u2019innovation et de coh\u00e9sion territoriale. Le projet souligne des figures f\u00e9minines de r\u00e9f\u00e9rence issues des diff\u00e9rents territoires de l\u2019espace SUDOE (Espagne, Portugal et France), ainsi que leur contribution tout au long de leur parcours professionnel.<\/p>\n<p>Cette ann\u00e9e, la Journ\u00e9e internationale des femmes et des filles de science met l\u2019accent sur les biais de genre et les d\u00e9fis li\u00e9s \u00e0 la num\u00e9risation, des domaines auxquels RuralSilverHubS r\u00e9pond en promouvant des \u00e9cosyst\u00e8mes d\u2019innovation en zones rurales int\u00e9grant la perspective de genre, la co-cr\u00e9ation avec les personnes \u00e2g\u00e9es et le d\u00e9veloppement de solutions num\u00e9riques accessibles et inclusives.<\/p>\n<p>Saviez-vous que le territoire SUDOE compte des femmes scientifiques au parcours remarquable ? Voici quelques exemples :<\/p>\n<p>Depuis la Catalogne, <strong>Carme Torras<\/strong> se distingue en tant que math\u00e9maticienne et chercheuse de renomm\u00e9e internationale en robotique et en intelligence artificielle, reconnue pour ses travaux sur l\u2019application \u00e9thique des technologies au service des personnes. Son parcours illustre comment la science et l\u2019innovation peuvent contribuer \u00e0 am\u00e9liorer la qualit\u00e9 de vie, notamment dans des contextes marqu\u00e9s par le vieillissement de la population.<\/p>\n<p>Au Portugal, <strong>Elvira Fortunato<\/strong> repr\u00e9sente une r\u00e9f\u00e9rence incontestable du leadership scientifique f\u00e9minin. Chercheuse de renomm\u00e9e mondiale dans le domaine des mat\u00e9riaux durables et de l\u2019\u00e9lectronique sur papier, et premi\u00e8re femme \u00e0 avoir occup\u00e9 le poste de ministre de la Science, de la Technologie et de l\u2019Enseignement sup\u00e9rieur du pays, sa carri\u00e8re d\u00e9montre l\u2019impact de la science appliqu\u00e9e \u00e0 la durabilit\u00e9, \u00e0 l\u2019innovation et au d\u00e9veloppement territorial.<\/p>\n<p>Dans le sud de la France, le parcours de <strong>Fran\u00e7oise Barr\u00e9-Sinoussi<\/strong>, laur\u00e9ate du prix Nobel de m\u00e9decine pour la d\u00e9couverte du VIH, met en \u00e9vidence la contribution fondamentale des femmes \u00e0 la science et \u00e0 la sant\u00e9 publique. Son activit\u00e9 prolong\u00e9e dans la recherche et la diffusion des connaissances refl\u00e8te la valeur du savoir et de l\u2019exp\u00e9rience tout au long de la vie professionnelle.<\/p>\n<p>Par ailleurs, depuis la r\u00e9gion Nouvelle-Aquitaine, <strong>Isabelle Lesterpt<\/strong> apporte une vision essentielle du vieillissement sous un angle scientifique et territorial. Son travail dans le domaine de la g\u00e9rontologie et des politiques publiques renforce l\u2019importance de l\u2019innovation sociale et d\u2019une approche territorialis\u00e9e pour r\u00e9pondre aux d\u00e9fis d\u00e9mographiques. Elle participe \u00e9galement activement au projet RuralSilverHubS, contribuant au d\u00e9veloppement d\u2019approches innovantes pour faire face au vieillissement dans les territoires ruraux de l\u2019espace SUDOE.<\/p>\n<p>Ces parcours refl\u00e8tent des valeurs pleinement align\u00e9es avec RuralSilverHubS, un projet qui promeut des \u00e9cosyst\u00e8mes d\u2019innovation en zones rurales en int\u00e9grant science, exp\u00e9rience (silver), innovation sociale et perspective de genre afin de relever des d\u00e9fis tels que le vieillissement de la population et la d\u00e9population rurale dans l\u2019espace SUDOE. Mettre en lumi\u00e8re des figures f\u00e9minines de la science contribue \u00e0 inspirer des vocations scientifiques chez les filles et les jeunes femmes, tout en reconnaissant le r\u00f4le cl\u00e9 des femmes silver comme g\u00e9n\u00e9ratrices de connaissances et de changement social.<\/p>\n<p>&nbsp;<\/p>\n<p><strong>\u00c0 propos de RuralSilverHubS<\/strong><\/p>\n<p>RuralSilverHubS est un projet europ\u00e9en de coop\u00e9ration cofinanc\u00e9 par le Fonds europ\u00e9en de d\u00e9veloppement r\u00e9gional (FEDER) dans le cadre du programme Interreg Sudoe. D\u2019une dur\u00e9e de 30 mois (2025\u20132027), le projet r\u00e9unit des partenaires d\u2019Espagne, de France et du Portugal avec pour objectif d\u2019am\u00e9liorer la qualit\u00e9 de vie des personnes \u00e2g\u00e9es en zones rurales gr\u00e2ce \u00e0 l\u2019innovation sociale, \u00e0 la co-cr\u00e9ation et \u00e0 la promotion de la silver economy, contribuant ainsi \u00e0 la construction de territoires ruraux plus inclusifs, r\u00e9silients et durables.<\/p>\n<p>&nbsp;<\/p>\n<p>&nbsp;<\/p>\n","protected":false},"excerpt":{"rendered":"<p>\u00c0 l\u2019occasion de la Journ\u00e9e internationale des femmes et des filles de science, c\u00e9l\u00e9br\u00e9e le 11 f\u00e9vrier, le projet europ\u00e9en RuralSilverHubS met en lumi\u00e8re le r\u00f4le des femmes scientifiques en tant que moteurs de connaissance, d\u2019innovation et de coh\u00e9sion territoriale. Le projet souligne des figures f\u00e9minines de r\u00e9f\u00e9rence issues des diff\u00e9rents territoires de l\u2019espace SUDOE [&hellip;]<\/p>\n","protected":false},"author":6663,"featured_media":60876,"parent":0,"template":"","meta":{"_acf_changed":false,"content-type":"","_monsterinsights_skip_tracking":false,"_monsterinsights_sitenote_active":false,"_monsterinsights_sitenote_note":"","_monsterinsights_sitenote_category":0},"class_list":["post-60880","noticia-proyecto","type-noticia-proyecto","status-publish","has-post-thumbnail","hentry"],"acf":[],"yoast_head":"<!-- This site is optimized with the Yoast SEO plugin v27.4 - https:\/\/yoast.com\/product\/yoast-seo-wordpress\/ -->\n<title>RuralSilverHubS met \u00e0 l\u2019honneur des femmes scientifiques de r\u00e9f\u00e9rence de l\u2019espace SUDOE \u00e0 l\u2019occasion de la Journ\u00e9e internationale des femmes et des filles de science - Interreg Sudoe<\/title>\n<meta name=\"robots\" content=\"index, follow, max-snippet:-1, max-image-preview:large, max-video-preview:-1\" \/>\n<link rel=\"canonical\" href=\"https:\/\/interreg-sudoe.eu\/fr\/noticia-proyecto\/ruralsilverhubs-met-a-lhonneur-des-femmes-scientifiques-de-reference-de-lespace-sudoe-a-loccasion-de-la-journee-internationale-des-femmes-et-des-filles-de-science\/\" \/>\n<meta property=\"og:locale\" content=\"fr_FR\" \/>\n<meta property=\"og:type\" content=\"article\" \/>\n<meta property=\"og:title\" content=\"RuralSilverHubS met \u00e0 l\u2019honneur des femmes scientifiques de r\u00e9f\u00e9rence de l\u2019espace SUDOE \u00e0 l\u2019occasion de la Journ\u00e9e internationale des femmes et des filles de science - Interreg Sudoe\" \/>\n<meta property=\"og:description\" content=\"\u00c0 l\u2019occasion de la Journ\u00e9e internationale des femmes et des filles de science, c\u00e9l\u00e9br\u00e9e le 11 f\u00e9vrier, le projet europ\u00e9en RuralSilverHubS met en lumi\u00e8re le r\u00f4le des femmes scientifiques en tant que moteurs de connaissance, d\u2019innovation et de coh\u00e9sion territoriale. Le projet souligne des figures f\u00e9minines de r\u00e9f\u00e9rence issues des diff\u00e9rents territoires de l\u2019espace SUDOE [&hellip;]\" \/>\n<meta property=\"og:url\" content=\"https:\/\/interreg-sudoe.eu\/fr\/noticia-proyecto\/ruralsilverhubs-met-a-lhonneur-des-femmes-scientifiques-de-reference-de-lespace-sudoe-a-loccasion-de-la-journee-internationale-des-femmes-et-des-filles-de-science\/\" \/>\n<meta property=\"og:site_name\" content=\"Interreg Sudoe\" \/>\n<meta property=\"article:publisher\" content=\"https:\/\/www.facebook.com\/interregsudoe\" \/>\n<meta property=\"article:modified_time\" content=\"2026-02-16T12:32:54+00:00\" \/>\n<meta property=\"og:image\" content=\"https:\/\/interreg-sudoe.eu\/wp-content\/uploads\/2026\/02\/dia-mujer-en-la-ciencia-RuralSilverHubS-1.png\" \/>\n\t<meta property=\"og:image:width\" content=\"768\" \/>\n\t<meta property=\"og:image:height\" content=\"512\" \/>\n\t<meta property=\"og:image:type\" content=\"image\/png\" \/>\n<meta name=\"twitter:card\" content=\"summary_large_image\" \/>\n<meta name=\"twitter:site\" content=\"@Sudoe5\" \/>\n<meta name=\"twitter:label1\" content=\"Dur\u00e9e de lecture estim\u00e9e\" \/>\n\t<meta name=\"twitter:data1\" content=\"3 minutes\" \/>\n<script type=\"application\/ld+json\" class=\"yoast-schema-graph\">{\"@context\":\"https:\\\/\\\/schema.org\",\"@graph\":[{\"@type\":\"WebPage\",\"@id\":\"https:\\\/\\\/interreg-sudoe.eu\\\/fr\\\/noticia-proyecto\\\/ruralsilverhubs-met-a-lhonneur-des-femmes-scientifiques-de-reference-de-lespace-sudoe-a-loccasion-de-la-journee-internationale-des-femmes-et-des-filles-de-science\\\/\",\"url\":\"https:\\\/\\\/interreg-sudoe.eu\\\/fr\\\/noticia-proyecto\\\/ruralsilverhubs-met-a-lhonneur-des-femmes-scientifiques-de-reference-de-lespace-sudoe-a-loccasion-de-la-journee-internationale-des-femmes-et-des-filles-de-science\\\/\",\"name\":\"RuralSilverHubS met \u00e0 l\u2019honneur des femmes scientifiques de r\u00e9f\u00e9rence de l\u2019espace SUDOE \u00e0 l\u2019occasion de la Journ\u00e9e internationale des femmes et des filles de science - Interreg Sudoe\",\"isPartOf\":{\"@id\":\"https:\\\/\\\/interreg-sudoe.eu\\\/fr\\\/#website\"},\"primaryImageOfPage\":{\"@id\":\"https:\\\/\\\/interreg-sudoe.eu\\\/fr\\\/noticia-proyecto\\\/ruralsilverhubs-met-a-lhonneur-des-femmes-scientifiques-de-reference-de-lespace-sudoe-a-loccasion-de-la-journee-internationale-des-femmes-et-des-filles-de-science\\\/#primaryimage\"},\"image\":{\"@id\":\"https:\\\/\\\/interreg-sudoe.eu\\\/fr\\\/noticia-proyecto\\\/ruralsilverhubs-met-a-lhonneur-des-femmes-scientifiques-de-reference-de-lespace-sudoe-a-loccasion-de-la-journee-internationale-des-femmes-et-des-filles-de-science\\\/#primaryimage\"},\"thumbnailUrl\":\"https:\\\/\\\/interreg-sudoe.eu\\\/wp-content\\\/uploads\\\/2026\\\/02\\\/dia-mujer-en-la-ciencia-RuralSilverHubS-1.png\",\"datePublished\":\"2026-02-11T10:31:52+00:00\",\"dateModified\":\"2026-02-16T12:32:54+00:00\",\"breadcrumb\":{\"@id\":\"https:\\\/\\\/interreg-sudoe.eu\\\/fr\\\/noticia-proyecto\\\/ruralsilverhubs-met-a-lhonneur-des-femmes-scientifiques-de-reference-de-lespace-sudoe-a-loccasion-de-la-journee-internationale-des-femmes-et-des-filles-de-science\\\/#breadcrumb\"},\"inLanguage\":\"fr-FR\",\"potentialAction\":[{\"@type\":\"ReadAction\",\"target\":[\"https:\\\/\\\/interreg-sudoe.eu\\\/fr\\\/noticia-proyecto\\\/ruralsilverhubs-met-a-lhonneur-des-femmes-scientifiques-de-reference-de-lespace-sudoe-a-loccasion-de-la-journee-internationale-des-femmes-et-des-filles-de-science\\\/\"]}]},{\"@type\":\"ImageObject\",\"inLanguage\":\"fr-FR\",\"@id\":\"https:\\\/\\\/interreg-sudoe.eu\\\/fr\\\/noticia-proyecto\\\/ruralsilverhubs-met-a-lhonneur-des-femmes-scientifiques-de-reference-de-lespace-sudoe-a-loccasion-de-la-journee-internationale-des-femmes-et-des-filles-de-science\\\/#primaryimage\",\"url\":\"https:\\\/\\\/interreg-sudoe.eu\\\/wp-content\\\/uploads\\\/2026\\\/02\\\/dia-mujer-en-la-ciencia-RuralSilverHubS-1.png\",\"contentUrl\":\"https:\\\/\\\/interreg-sudoe.eu\\\/wp-content\\\/uploads\\\/2026\\\/02\\\/dia-mujer-en-la-ciencia-RuralSilverHubS-1.png\",\"width\":768,\"height\":512},{\"@type\":\"BreadcrumbList\",\"@id\":\"https:\\\/\\\/interreg-sudoe.eu\\\/fr\\\/noticia-proyecto\\\/ruralsilverhubs-met-a-lhonneur-des-femmes-scientifiques-de-reference-de-lespace-sudoe-a-loccasion-de-la-journee-internationale-des-femmes-et-des-filles-de-science\\\/#breadcrumb\",\"itemListElement\":[{\"@type\":\"ListItem\",\"position\":1,\"name\":\"Home\",\"item\":\"https:\\\/\\\/interreg-sudoe.eu\\\/fr\\\/\"},{\"@type\":\"ListItem\",\"position\":2,\"name\":\"RuralSilverHubS met \u00e0 l\u2019honneur des femmes scientifiques de r\u00e9f\u00e9rence de l\u2019espace SUDOE \u00e0 l\u2019occasion de la Journ\u00e9e internationale des femmes et des filles de science\"}]},{\"@type\":\"WebSite\",\"@id\":\"https:\\\/\\\/interreg-sudoe.eu\\\/fr\\\/#website\",\"url\":\"https:\\\/\\\/interreg-sudoe.eu\\\/fr\\\/\",\"name\":\"Interreg Sudoe\",\"description\":\"Interreg Sudoe\",\"publisher\":{\"@id\":\"https:\\\/\\\/interreg-sudoe.eu\\\/fr\\\/#organization\"},\"alternateName\":\"Interreg Sudoe\",\"potentialAction\":[{\"@type\":\"SearchAction\",\"target\":{\"@type\":\"EntryPoint\",\"urlTemplate\":\"https:\\\/\\\/interreg-sudoe.eu\\\/fr\\\/?s={search_term_string}\"},\"query-input\":{\"@type\":\"PropertyValueSpecification\",\"valueRequired\":true,\"valueName\":\"search_term_string\"}}],\"inLanguage\":\"fr-FR\"},{\"@type\":\"Organization\",\"@id\":\"https:\\\/\\\/interreg-sudoe.eu\\\/fr\\\/#organization\",\"name\":\"Interreg Sudoe\",\"alternateName\":\"Interreg Sudoe\",\"url\":\"https:\\\/\\\/interreg-sudoe.eu\\\/fr\\\/\",\"logo\":{\"@type\":\"ImageObject\",\"inLanguage\":\"fr-FR\",\"@id\":\"https:\\\/\\\/interreg-sudoe.eu\\\/fr\\\/#\\\/schema\\\/logo\\\/image\\\/\",\"url\":\"https:\\\/\\\/interreg-sudoe.eu\\\/wp-content\\\/uploads\\\/2024\\\/03\\\/logo-interreg.png\",\"contentUrl\":\"https:\\\/\\\/interreg-sudoe.eu\\\/wp-content\\\/uploads\\\/2024\\\/03\\\/logo-interreg.png\",\"width\":1200,\"height\":675,\"caption\":\"Interreg Sudoe\"},\"image\":{\"@id\":\"https:\\\/\\\/interreg-sudoe.eu\\\/fr\\\/#\\\/schema\\\/logo\\\/image\\\/\"},\"sameAs\":[\"https:\\\/\\\/www.facebook.com\\\/interregsudoe\",\"https:\\\/\\\/x.com\\\/Sudoe5\",\"https:\\\/\\\/www.youtube.com\\\/channel\\\/UCeGx2edoB32beRc9dbKA2vw\",\"https:\\\/\\\/www.linkedin.com\\\/company\\\/interreg-sudoe-programme\\\/\",\"https:\\\/\\\/www.flickr.com\\\/photos\\\/148704685@N06\\\/\"]}]}<\/script>\n<!-- \/ Yoast SEO plugin. -->","yoast_head_json":{"title":"RuralSilverHubS met \u00e0 l\u2019honneur des femmes scientifiques de r\u00e9f\u00e9rence de l\u2019espace SUDOE \u00e0 l\u2019occasion de la Journ\u00e9e internationale des femmes et des filles de science - Interreg Sudoe","robots":{"index":"index","follow":"follow","max-snippet":"max-snippet:-1","max-image-preview":"max-image-preview:large","max-video-preview":"max-video-preview:-1"},"canonical":"https:\/\/interreg-sudoe.eu\/fr\/noticia-proyecto\/ruralsilverhubs-met-a-lhonneur-des-femmes-scientifiques-de-reference-de-lespace-sudoe-a-loccasion-de-la-journee-internationale-des-femmes-et-des-filles-de-science\/","og_locale":"fr_FR","og_type":"article","og_title":"RuralSilverHubS met \u00e0 l\u2019honneur des femmes scientifiques de r\u00e9f\u00e9rence de l\u2019espace SUDOE \u00e0 l\u2019occasion de la Journ\u00e9e internationale des femmes et des filles de science - Interreg Sudoe","og_description":"\u00c0 l\u2019occasion de la Journ\u00e9e internationale des femmes et des filles de science, c\u00e9l\u00e9br\u00e9e le 11 f\u00e9vrier, le projet europ\u00e9en RuralSilverHubS met en lumi\u00e8re le r\u00f4le des femmes scientifiques en tant que moteurs de connaissance, d\u2019innovation et de coh\u00e9sion territoriale. Le projet souligne des figures f\u00e9minines de r\u00e9f\u00e9rence issues des diff\u00e9rents territoires de l\u2019espace SUDOE [&hellip;]","og_url":"https:\/\/interreg-sudoe.eu\/fr\/noticia-proyecto\/ruralsilverhubs-met-a-lhonneur-des-femmes-scientifiques-de-reference-de-lespace-sudoe-a-loccasion-de-la-journee-internationale-des-femmes-et-des-filles-de-science\/","og_site_name":"Interreg Sudoe","article_publisher":"https:\/\/www.facebook.com\/interregsudoe","article_modified_time":"2026-02-16T12:32:54+00:00","og_image":[{"width":768,"height":512,"url":"https:\/\/interreg-sudoe.eu\/wp-content\/uploads\/2026\/02\/dia-mujer-en-la-ciencia-RuralSilverHubS-1.png","type":"image\/png"}],"twitter_card":"summary_large_image","twitter_site":"@Sudoe5","twitter_misc":{"Dur\u00e9e de lecture estim\u00e9e":"3 minutes"},"schema":{"@context":"https:\/\/schema.org","@graph":[{"@type":"WebPage","@id":"https:\/\/interreg-sudoe.eu\/fr\/noticia-proyecto\/ruralsilverhubs-met-a-lhonneur-des-femmes-scientifiques-de-reference-de-lespace-sudoe-a-loccasion-de-la-journee-internationale-des-femmes-et-des-filles-de-science\/","url":"https:\/\/interreg-sudoe.eu\/fr\/noticia-proyecto\/ruralsilverhubs-met-a-lhonneur-des-femmes-scientifiques-de-reference-de-lespace-sudoe-a-loccasion-de-la-journee-internationale-des-femmes-et-des-filles-de-science\/","name":"RuralSilverHubS met \u00e0 l\u2019honneur des femmes scientifiques de r\u00e9f\u00e9rence de l\u2019espace SUDOE \u00e0 l\u2019occasion de la Journ\u00e9e internationale des femmes et des filles de science - Interreg Sudoe","isPartOf":{"@id":"https:\/\/interreg-sudoe.eu\/fr\/#website"},"primaryImageOfPage":{"@id":"https:\/\/interreg-sudoe.eu\/fr\/noticia-proyecto\/ruralsilverhubs-met-a-lhonneur-des-femmes-scientifiques-de-reference-de-lespace-sudoe-a-loccasion-de-la-journee-internationale-des-femmes-et-des-filles-de-science\/#primaryimage"},"image":{"@id":"https:\/\/interreg-sudoe.eu\/fr\/noticia-proyecto\/ruralsilverhubs-met-a-lhonneur-des-femmes-scientifiques-de-reference-de-lespace-sudoe-a-loccasion-de-la-journee-internationale-des-femmes-et-des-filles-de-science\/#primaryimage"},"thumbnailUrl":"https:\/\/interreg-sudoe.eu\/wp-content\/uploads\/2026\/02\/dia-mujer-en-la-ciencia-RuralSilverHubS-1.png","datePublished":"2026-02-11T10:31:52+00:00","dateModified":"2026-02-16T12:32:54+00:00","breadcrumb":{"@id":"https:\/\/interreg-sudoe.eu\/fr\/noticia-proyecto\/ruralsilverhubs-met-a-lhonneur-des-femmes-scientifiques-de-reference-de-lespace-sudoe-a-loccasion-de-la-journee-internationale-des-femmes-et-des-filles-de-science\/#breadcrumb"},"inLanguage":"fr-FR","potentialAction":[{"@type":"ReadAction","target":["https:\/\/interreg-sudoe.eu\/fr\/noticia-proyecto\/ruralsilverhubs-met-a-lhonneur-des-femmes-scientifiques-de-reference-de-lespace-sudoe-a-loccasion-de-la-journee-internationale-des-femmes-et-des-filles-de-science\/"]}]},{"@type":"ImageObject","inLanguage":"fr-FR","@id":"https:\/\/interreg-sudoe.eu\/fr\/noticia-proyecto\/ruralsilverhubs-met-a-lhonneur-des-femmes-scientifiques-de-reference-de-lespace-sudoe-a-loccasion-de-la-journee-internationale-des-femmes-et-des-filles-de-science\/#primaryimage","url":"https:\/\/interreg-sudoe.eu\/wp-content\/uploads\/2026\/02\/dia-mujer-en-la-ciencia-RuralSilverHubS-1.png","contentUrl":"https:\/\/interreg-sudoe.eu\/wp-content\/uploads\/2026\/02\/dia-mujer-en-la-ciencia-RuralSilverHubS-1.png","width":768,"height":512},{"@type":"BreadcrumbList","@id":"https:\/\/interreg-sudoe.eu\/fr\/noticia-proyecto\/ruralsilverhubs-met-a-lhonneur-des-femmes-scientifiques-de-reference-de-lespace-sudoe-a-loccasion-de-la-journee-internationale-des-femmes-et-des-filles-de-science\/#breadcrumb","itemListElement":[{"@type":"ListItem","position":1,"name":"Home","item":"https:\/\/interreg-sudoe.eu\/fr\/"},{"@type":"ListItem","position":2,"name":"RuralSilverHubS met \u00e0 l\u2019honneur des femmes scientifiques de r\u00e9f\u00e9rence de l\u2019espace SUDOE \u00e0 l\u2019occasion de la Journ\u00e9e internationale des femmes et des filles de science"}]},{"@type":"WebSite","@id":"https:\/\/interreg-sudoe.eu\/fr\/#website","url":"https:\/\/interreg-sudoe.eu\/fr\/","name":"Interreg Sudoe","description":"Interreg Sudoe","publisher":{"@id":"https:\/\/interreg-sudoe.eu\/fr\/#organization"},"alternateName":"Interreg Sudoe","potentialAction":[{"@type":"SearchAction","target":{"@type":"EntryPoint","urlTemplate":"https:\/\/interreg-sudoe.eu\/fr\/?s={search_term_string}"},"query-input":{"@type":"PropertyValueSpecification","valueRequired":true,"valueName":"search_term_string"}}],"inLanguage":"fr-FR"},{"@type":"Organization","@id":"https:\/\/interreg-sudoe.eu\/fr\/#organization","name":"Interreg Sudoe","alternateName":"Interreg Sudoe","url":"https:\/\/interreg-sudoe.eu\/fr\/","logo":{"@type":"ImageObject","inLanguage":"fr-FR","@id":"https:\/\/interreg-sudoe.eu\/fr\/#\/schema\/logo\/image\/","url":"https:\/\/interreg-sudoe.eu\/wp-content\/uploads\/2024\/03\/logo-interreg.png","contentUrl":"https:\/\/interreg-sudoe.eu\/wp-content\/uploads\/2024\/03\/logo-interreg.png","width":1200,"height":675,"caption":"Interreg Sudoe"},"image":{"@id":"https:\/\/interreg-sudoe.eu\/fr\/#\/schema\/logo\/image\/"},"sameAs":["https:\/\/www.facebook.com\/interregsudoe","https:\/\/x.com\/Sudoe5","https:\/\/www.youtube.com\/channel\/UCeGx2edoB32beRc9dbKA2vw","https:\/\/www.linkedin.com\/company\/interreg-sudoe-programme\/","https:\/\/www.flickr.com\/photos\/148704685@N06\/"]}]}},"_links":{"self":[{"href":"https:\/\/interreg-sudoe.eu\/fr\/wp-json\/wp\/v2\/noticia-proyecto\/60880","targetHints":{"allow":["GET"]}}],"collection":[{"href":"https:\/\/interreg-sudoe.eu\/fr\/wp-json\/wp\/v2\/noticia-proyecto"}],"about":[{"href":"https:\/\/interreg-sudoe.eu\/fr\/wp-json\/wp\/v2\/types\/noticia-proyecto"}],"author":[{"embeddable":true,"href":"https:\/\/interreg-sudoe.eu\/fr\/wp-json\/wp\/v2\/users\/6663"}],"wp:featuredmedia":[{"embeddable":true,"href":"https:\/\/interreg-sudoe.eu\/fr\/wp-json\/wp\/v2\/media\/60876"}],"wp:attachment":[{"href":"https:\/\/interreg-sudoe.eu\/fr\/wp-json\/wp\/v2\/media?parent=60880"}],"curies":[{"name":"wp","href":"https:\/\/api.w.org\/{rel}","templated":true}]}}