{"id":62261,"date":"2026-02-13T13:18:27","date_gmt":"2026-02-13T12:18:27","guid":{"rendered":"https:\/\/interreg-sudoe.eu\/noticia-proyecto\/newpower-impulsa-un-ciclo-de-webinars-para-fortalecer-la-cooperacion-transfronteriza-en-bioeconomia-circular\/"},"modified":"2026-04-20T13:08:04","modified_gmt":"2026-04-20T11:08:04","slug":"newpower-impulsa-un-ciclo-de-webinars-para-fortalecer-la-cooperacion-transfronteriza-en-bioeconomia-circular","status":"publish","type":"noticia-proyecto","link":"https:\/\/interreg-sudoe.eu\/fr\/noticia-proyecto\/newpower-impulsa-un-ciclo-de-webinars-para-fortalecer-la-cooperacion-transfronteriza-en-bioeconomia-circular\/","title":{"rendered":"NEWPOWER lance un cycle de webinaires pour renforcer la coop\u00e9ration transfrontali\u00e8re en bio\u00e9conomie circulaire"},"content":{"rendered":"<p data-start=\"3996\" data-end=\"4292\">Le projet <strong data-start=\"4006\" data-end=\"4018\">NEWPOWER<\/strong> lance un cycle de cinq webinaires th\u00e9matiques qui se d\u00e9rouleront entre mars et juin 2026 afin de partager les avanc\u00e9es techniques d\u00e9velopp\u00e9es dans le cadre du projet et de promouvoir leur transfert \u00e0 l\u2019\u00e9chelle transfrontali\u00e8re dans l\u2019espace SUDOE (Portugal\u2013Espagne\u2013France).<\/p>\n<p data-start=\"4294\" data-end=\"4582\">Sous le slogan <strong data-start=\"4309\" data-end=\"4341\">\u00ab Du d\u00e9chet \u00e0 la ressource \u00bb<\/strong>, ce cycle abordera diff\u00e9rentes strat\u00e9gies de transformation durable des biomasses agroforesti\u00e8res en produits \u00e0 forte valeur ajout\u00e9e, en renfor\u00e7ant la coop\u00e9ration territoriale comme levier pour le d\u00e9veloppement d\u2019une bio\u00e9conomie circulaire.<\/p>\n<p data-start=\"4584\" data-end=\"4851\">Au fil des sessions, des r\u00e9sultats et des exp\u00e9riences seront pr\u00e9sent\u00e9s dans des domaines tels que l\u2019obtention d\u2019ingr\u00e9dients bioactifs, le bio\u00e9thanol et les bioplastiques, les bio-emballages, les biocarburants ainsi que les applications alimentaires et th\u00e9rapeutiques.<\/p>\n<h3 data-section-id=\"1bflrq5\" data-start=\"4853\" data-end=\"4898\">Un cycle con\u00e7u par le consortium NEWPOWER<\/h3>\n<p data-start=\"4900\" data-end=\"5092\">Le programme a \u00e9t\u00e9 con\u00e7u de mani\u00e8re collaborative par les partenaires du projet, r\u00e9unissant des centres de recherche, des universit\u00e9s et des entit\u00e9s technologiques des trois pays participants.<\/p>\n<p data-start=\"5094\" data-end=\"5139\">Le cycle s\u2019articule autour de cinq sessions :<\/p>\n<p data-start=\"1561\" data-end=\"1673\">1\ufe0f\u20e3 <strong data-start=\"1565\" data-end=\"1671\">Innovation et coop\u00e9ration territoriale dans la transformation des biomasses agroforesti\u00e8res (ES\u2013PT\u2013FR)<\/strong><\/p>\n<p data-start=\"1675\" data-end=\"1927\">\ud83d\udcc5 3 mars 2026 | 12h30 ES (11h30 PT)<br data-start=\"1711\" data-end=\"1714\" \/>Organis\u00e9 par : Instituto Polit\u00e9cnico de Bragan\u00e7a, Universidade de Vigo, INRAE \u2013 Toulouse Biotechnology Institute, Institut National Polytechnique de Toulouse et RECOOP.<br data-start=\"1882\" data-end=\"1885\" \/>Plus d\u2019informations et inscriptions ici.<\/p>\n<p data-start=\"1929\" data-end=\"2050\">2\ufe0f\u20e3 <strong data-start=\"1933\" data-end=\"2048\">Valorisation int\u00e9grale des r\u00e9sidus agroforestiers pour l\u2019obtention d\u2019ingr\u00e9dients bioactifs et fonctionnels (PT)<\/strong><\/p>\n<p data-start=\"2052\" data-end=\"2192\">\ud83d\udcc5 27 mars 2026 | 10h00 PT (11h00 ES)<br data-start=\"2089\" data-end=\"2092\" \/>Organis\u00e9 par : BLC3 Evolution et Universidade do Minho.<br data-start=\"2147\" data-end=\"2150\" \/>Plus d\u2019informations et inscriptions ici.<\/p>\n<p data-start=\"2194\" data-end=\"2279\">3\ufe0f\u20e3 <strong data-start=\"2198\" data-end=\"2277\">Valorisation des r\u00e9sidus agroforestiers en bio\u00e9thanol et bioplastiques (FR)<\/strong><\/p>\n<p data-start=\"2281\" data-end=\"2469\">\ud83d\udcc5 14 avril 2026 | 16h00 FR (15h00 PT)<br data-start=\"2319\" data-end=\"2322\" \/>Organis\u00e9 par : Institut National Polytechnique de Toulouse (Laboratoire de Chimie Agro-industrielle) et INRAE \u2013 Toulouse Biotechnology Institute.<br \/>\nPlus d\u2019informations et inscriptions <a href=\"https:\/\/interreg-sudoe.eu\/fr\/evento-proyecto\/webinar-procesos-sostenibles-para-la-valorizacion-de-residuos-agroforestales-en-bioetanol-y-bioplasticos-newpower\/\">ici<\/a>.<\/p>\n<p data-start=\"2471\" data-end=\"2557\">4\ufe0f\u20e3 <strong data-start=\"2475\" data-end=\"2555\">Proc\u00e9d\u00e9s durables pour l\u2019obtention de bioemballages et de biocarburants (ES)<\/strong><\/p>\n<p data-start=\"2559\" data-end=\"2708\">\ud83d\udcc5 21 mai 2026 | 11h00 ES (10h00 PT)<br data-start=\"2595\" data-end=\"2598\" \/>Organis\u00e9 par : Fundaci\u00f3n Centro Tecnol\u00f3gico de Investigaci\u00f3n Multisectorial (CETIM) et Universidade de Vigo.<\/p>\n<p data-start=\"2710\" data-end=\"2825\">5\ufe0f\u20e3 <strong data-start=\"2714\" data-end=\"2823\">De la ressource naturelle au produit innovant : ingr\u00e9dients pour l\u2019alimentation et la sant\u00e9 du futur (ES)<\/strong><\/p>\n<p data-start=\"2827\" data-end=\"2938\">\ud83d\udcc5 <span class=\"a_GcMg font-feature-liga-off font-feature-clig-off font-feature-calt-off text-decoration-none text-strikethrough-none\">15 juin 2026 | <\/span><span class=\"a_GcMg font-feature-liga-off font-feature-clig-off font-feature-calt-off text-decoration-none text-strikethrough-none\">16:00 ES (15:00 PT)<br \/>\n<\/span>Organis\u00e9 par : Universitat de Lleida, Universidad de Zaragoza et Ingredalia S.L.<br \/>\nPlus d\u2019informations et inscriptions <a href=\"https:\/\/interreg-sudoe.eu\/fr\/evento-proyecto\/webinar-de-la-ressource-naturelle-au-produit-innovant-ingredients-pour-lalimentation-et-la-sante-du-futur-newpower\/\">ici<\/a>.<\/p>\n<h3 data-section-id=\"19gojdr\" data-start=\"6481\" data-end=\"6511\">\u00c0 qui s\u2019adresse ce cycle ?<\/h3>\n<p data-start=\"6513\" data-end=\"6873\">Ce cycle s\u2019adresse aux professionnels, chercheurs\/euses, enseignants et \u00e9tudiants impliqu\u00e9s dans les domaines agroforestier, agroalimentaire, biotechnologique et \u00e9nerg\u00e9tique, ainsi qu\u2019aux administrations publiques, entreprises, universit\u00e9s, centres technologiques et autres organisations int\u00e9ress\u00e9es par la valorisation de la biomasse et l\u2019\u00e9conomie circulaire.<\/p>\n<p data-start=\"6875\" data-end=\"7068\">L\u2019objectif est de cr\u00e9er un espace de dialogue technique et strat\u00e9gique favorisant le transfert de connaissances et la reproductibilit\u00e9 des processus d\u00e9velopp\u00e9s dans le cadre du projet NEWPOWER.<\/p>\n<h3 data-section-id=\"wu3n47\" data-start=\"7070\" data-end=\"7116\">Prochainement : ouverture des inscriptions<\/h3>\n<p data-start=\"7118\" data-end=\"7320\">Dans les prochaines semaines, le formulaire d\u2019inscription pour le premier webinaire sera disponible. Les dates d\u00e9finitives et les d\u00e9tails des sessions suivantes seront \u00e9galement publi\u00e9s progressivement.<\/p>\n<p data-start=\"7322\" data-end=\"7550\">Ce cycle constitue une \u00e9tape cl\u00e9 dans les actions de transfert et de coop\u00e9ration du projet, qui aboutiront \u00e0 un appel ouvert aux entit\u00e9s int\u00e9ress\u00e9es par la mise en \u0153uvre des strat\u00e9gies transfrontali\u00e8res d\u00e9velopp\u00e9es par NEWPOWER.<\/p>\n<p data-start=\"7552\" data-end=\"7696\">La bio\u00e9conomie circulaire n\u00e9cessite collaboration, partage des connaissances et vision territoriale. <strong data-start=\"7653\" data-end=\"7696\">NEWPOWER \u0153uvre pour la rendre possible.<\/strong><\/p>\n<p data-start=\"7698\" data-end=\"7775\">\ud83d\udcce T\u00e9l\u00e9chargez l\u2019<a href=\"https:\/\/interreg-sudoe.eu\/wp-content\/uploads\/2026\/02\/NEWPOWER-Webinars-ES-PT-FR.pdf\">affiche compl\u00e8te<\/a> du cycle de webinaires NEWPOWER 2026 (PDF).<\/p>\n<p data-start=\"246\" data-end=\"356\">Vous pouvez suivre l\u2019\u00e9volution du projet \u00e0 travers les canaux officiels de NEWPOWER sur <a href=\"https:\/\/www.linkedin.com\/showcase\/newpower-sudoe\">LinkedIn<\/a> et <a href=\"https:\/\/www.instagram.com\/newpower_sudoe\/\">Instagram<\/a>.<\/p>\n<p data-start=\"358\" data-end=\"412\" data-is-last-node=\"\" data-is-only-node=\"\"><strong>L\u2019avenir l\u2019exige. Rejoignez la r\u00e9volution circulaire !<\/strong><\/p>\n<p><img fetchpriority=\"high\" decoding=\"async\" class=\"wp-image-40732 aligncenter\" src=\"https:\/\/interreg-sudoe.eu\/wp-content\/uploads\/2024\/10\/Disseny-sense-titol-1-e1728409348308-300x51.png\" alt=\"\" width=\"1435\" height=\"244\" srcset=\"https:\/\/interreg-sudoe.eu\/wp-content\/uploads\/2024\/10\/Disseny-sense-titol-1-e1728409348308-300x51.png 300w, https:\/\/interreg-sudoe.eu\/wp-content\/uploads\/2024\/10\/Disseny-sense-titol-1-e1728409348308-768x132.png 768w, https:\/\/interreg-sudoe.eu\/wp-content\/uploads\/2024\/10\/Disseny-sense-titol-1-e1728409348308.png 851w\" sizes=\"(max-width: 1435px) 100vw, 1435px\" \/><\/p>\n","protected":false},"excerpt":{"rendered":"<p>Le projet NEWPOWER lance un cycle de cinq webinaires th\u00e9matiques qui se d\u00e9rouleront entre mars et juin 2026 afin de partager les avanc\u00e9es techniques d\u00e9velopp\u00e9es dans le cadre du projet et de promouvoir leur transfert \u00e0 l\u2019\u00e9chelle transfrontali\u00e8re dans l\u2019espace SUDOE (Portugal\u2013Espagne\u2013France). Sous le slogan \u00ab Du d\u00e9chet \u00e0 la ressource \u00bb, ce cycle abordera [&hellip;]<\/p>\n","protected":false},"author":4986,"featured_media":62264,"parent":0,"template":"","meta":{"_acf_changed":false,"content-type":"","_monsterinsights_skip_tracking":false,"_monsterinsights_sitenote_active":false,"_monsterinsights_sitenote_note":"","_monsterinsights_sitenote_category":0},"class_list":["post-62261","noticia-proyecto","type-noticia-proyecto","status-publish","has-post-thumbnail","hentry"],"acf":[],"yoast_head":"<!-- This site is optimized with the Yoast SEO plugin v27.4 - https:\/\/yoast.com\/product\/yoast-seo-wordpress\/ -->\n<title>NEWPOWER lance un cycle de webinaires pour renforcer la coop\u00e9ration transfrontali\u00e8re en bio\u00e9conomie circulaire - Interreg Sudoe<\/title>\n<meta name=\"robots\" content=\"index, follow, max-snippet:-1, max-image-preview:large, max-video-preview:-1\" \/>\n<link rel=\"canonical\" href=\"https:\/\/interreg-sudoe.eu\/fr\/noticia-proyecto\/newpower-impulsa-un-ciclo-de-webinars-para-fortalecer-la-cooperacion-transfronteriza-en-bioeconomia-circular\/\" \/>\n<meta property=\"og:locale\" content=\"fr_FR\" \/>\n<meta property=\"og:type\" content=\"article\" \/>\n<meta property=\"og:title\" content=\"NEWPOWER lance un cycle de webinaires pour renforcer la coop\u00e9ration transfrontali\u00e8re en bio\u00e9conomie circulaire - Interreg Sudoe\" \/>\n<meta property=\"og:description\" content=\"Le projet NEWPOWER lance un cycle de cinq webinaires th\u00e9matiques qui se d\u00e9rouleront entre mars et juin 2026 afin de partager les avanc\u00e9es techniques d\u00e9velopp\u00e9es dans le cadre du projet et de promouvoir leur transfert \u00e0 l\u2019\u00e9chelle transfrontali\u00e8re dans l\u2019espace SUDOE (Portugal\u2013Espagne\u2013France). Sous le slogan \u00ab Du d\u00e9chet \u00e0 la ressource \u00bb, ce cycle abordera [&hellip;]\" \/>\n<meta property=\"og:url\" content=\"https:\/\/interreg-sudoe.eu\/fr\/noticia-proyecto\/newpower-impulsa-un-ciclo-de-webinars-para-fortalecer-la-cooperacion-transfronteriza-en-bioeconomia-circular\/\" \/>\n<meta property=\"og:site_name\" content=\"Interreg Sudoe\" \/>\n<meta property=\"article:publisher\" content=\"https:\/\/www.facebook.com\/interregsudoe\" \/>\n<meta property=\"article:modified_time\" content=\"2026-04-20T11:08:04+00:00\" \/>\n<meta property=\"og:image\" content=\"https:\/\/interreg-sudoe.eu\/wp-content\/uploads\/2026\/02\/NEWPOWER-Calendario-Eventos-FR.jpg\" \/>\n\t<meta property=\"og:image:width\" content=\"1920\" \/>\n\t<meta property=\"og:image:height\" content=\"1080\" \/>\n\t<meta property=\"og:image:type\" content=\"image\/jpeg\" \/>\n<meta name=\"twitter:card\" content=\"summary_large_image\" \/>\n<meta name=\"twitter:site\" content=\"@Sudoe5\" \/>\n<meta name=\"twitter:label1\" content=\"Dur\u00e9e de lecture estim\u00e9e\" \/>\n\t<meta name=\"twitter:data1\" content=\"3 minutes\" \/>\n<script type=\"application\/ld+json\" class=\"yoast-schema-graph\">{\"@context\":\"https:\\\/\\\/schema.org\",\"@graph\":[{\"@type\":\"WebPage\",\"@id\":\"https:\\\/\\\/interreg-sudoe.eu\\\/fr\\\/noticia-proyecto\\\/newpower-impulsa-un-ciclo-de-webinars-para-fortalecer-la-cooperacion-transfronteriza-en-bioeconomia-circular\\\/\",\"url\":\"https:\\\/\\\/interreg-sudoe.eu\\\/fr\\\/noticia-proyecto\\\/newpower-impulsa-un-ciclo-de-webinars-para-fortalecer-la-cooperacion-transfronteriza-en-bioeconomia-circular\\\/\",\"name\":\"NEWPOWER lance un cycle de webinaires pour renforcer la coop\u00e9ration transfrontali\u00e8re en bio\u00e9conomie circulaire - Interreg Sudoe\",\"isPartOf\":{\"@id\":\"https:\\\/\\\/interreg-sudoe.eu\\\/fr\\\/#website\"},\"primaryImageOfPage\":{\"@id\":\"https:\\\/\\\/interreg-sudoe.eu\\\/fr\\\/noticia-proyecto\\\/newpower-impulsa-un-ciclo-de-webinars-para-fortalecer-la-cooperacion-transfronteriza-en-bioeconomia-circular\\\/#primaryimage\"},\"image\":{\"@id\":\"https:\\\/\\\/interreg-sudoe.eu\\\/fr\\\/noticia-proyecto\\\/newpower-impulsa-un-ciclo-de-webinars-para-fortalecer-la-cooperacion-transfronteriza-en-bioeconomia-circular\\\/#primaryimage\"},\"thumbnailUrl\":\"https:\\\/\\\/interreg-sudoe.eu\\\/wp-content\\\/uploads\\\/2026\\\/02\\\/NEWPOWER-Calendario-Eventos-FR.jpg\",\"datePublished\":\"2026-02-13T12:18:27+00:00\",\"dateModified\":\"2026-04-20T11:08:04+00:00\",\"breadcrumb\":{\"@id\":\"https:\\\/\\\/interreg-sudoe.eu\\\/fr\\\/noticia-proyecto\\\/newpower-impulsa-un-ciclo-de-webinars-para-fortalecer-la-cooperacion-transfronteriza-en-bioeconomia-circular\\\/#breadcrumb\"},\"inLanguage\":\"fr-FR\",\"potentialAction\":[{\"@type\":\"ReadAction\",\"target\":[\"https:\\\/\\\/interreg-sudoe.eu\\\/fr\\\/noticia-proyecto\\\/newpower-impulsa-un-ciclo-de-webinars-para-fortalecer-la-cooperacion-transfronteriza-en-bioeconomia-circular\\\/\"]}]},{\"@type\":\"ImageObject\",\"inLanguage\":\"fr-FR\",\"@id\":\"https:\\\/\\\/interreg-sudoe.eu\\\/fr\\\/noticia-proyecto\\\/newpower-impulsa-un-ciclo-de-webinars-para-fortalecer-la-cooperacion-transfronteriza-en-bioeconomia-circular\\\/#primaryimage\",\"url\":\"https:\\\/\\\/interreg-sudoe.eu\\\/wp-content\\\/uploads\\\/2026\\\/02\\\/NEWPOWER-Calendario-Eventos-FR.jpg\",\"contentUrl\":\"https:\\\/\\\/interreg-sudoe.eu\\\/wp-content\\\/uploads\\\/2026\\\/02\\\/NEWPOWER-Calendario-Eventos-FR.jpg\",\"width\":1920,\"height\":1080},{\"@type\":\"BreadcrumbList\",\"@id\":\"https:\\\/\\\/interreg-sudoe.eu\\\/fr\\\/noticia-proyecto\\\/newpower-impulsa-un-ciclo-de-webinars-para-fortalecer-la-cooperacion-transfronteriza-en-bioeconomia-circular\\\/#breadcrumb\",\"itemListElement\":[{\"@type\":\"ListItem\",\"position\":1,\"name\":\"Home\",\"item\":\"https:\\\/\\\/interreg-sudoe.eu\\\/fr\\\/\"},{\"@type\":\"ListItem\",\"position\":2,\"name\":\"NEWPOWER lance un cycle de webinaires pour renforcer la coop\u00e9ration transfrontali\u00e8re en bio\u00e9conomie circulaire\"}]},{\"@type\":\"WebSite\",\"@id\":\"https:\\\/\\\/interreg-sudoe.eu\\\/fr\\\/#website\",\"url\":\"https:\\\/\\\/interreg-sudoe.eu\\\/fr\\\/\",\"name\":\"Interreg Sudoe\",\"description\":\"Interreg Sudoe\",\"publisher\":{\"@id\":\"https:\\\/\\\/interreg-sudoe.eu\\\/fr\\\/#organization\"},\"alternateName\":\"Interreg Sudoe\",\"potentialAction\":[{\"@type\":\"SearchAction\",\"target\":{\"@type\":\"EntryPoint\",\"urlTemplate\":\"https:\\\/\\\/interreg-sudoe.eu\\\/fr\\\/?s={search_term_string}\"},\"query-input\":{\"@type\":\"PropertyValueSpecification\",\"valueRequired\":true,\"valueName\":\"search_term_string\"}}],\"inLanguage\":\"fr-FR\"},{\"@type\":\"Organization\",\"@id\":\"https:\\\/\\\/interreg-sudoe.eu\\\/fr\\\/#organization\",\"name\":\"Interreg Sudoe\",\"alternateName\":\"Interreg Sudoe\",\"url\":\"https:\\\/\\\/interreg-sudoe.eu\\\/fr\\\/\",\"logo\":{\"@type\":\"ImageObject\",\"inLanguage\":\"fr-FR\",\"@id\":\"https:\\\/\\\/interreg-sudoe.eu\\\/fr\\\/#\\\/schema\\\/logo\\\/image\\\/\",\"url\":\"https:\\\/\\\/interreg-sudoe.eu\\\/wp-content\\\/uploads\\\/2024\\\/03\\\/logo-interreg.png\",\"contentUrl\":\"https:\\\/\\\/interreg-sudoe.eu\\\/wp-content\\\/uploads\\\/2024\\\/03\\\/logo-interreg.png\",\"width\":1200,\"height\":675,\"caption\":\"Interreg Sudoe\"},\"image\":{\"@id\":\"https:\\\/\\\/interreg-sudoe.eu\\\/fr\\\/#\\\/schema\\\/logo\\\/image\\\/\"},\"sameAs\":[\"https:\\\/\\\/www.facebook.com\\\/interregsudoe\",\"https:\\\/\\\/x.com\\\/Sudoe5\",\"https:\\\/\\\/www.youtube.com\\\/channel\\\/UCeGx2edoB32beRc9dbKA2vw\",\"https:\\\/\\\/www.linkedin.com\\\/company\\\/interreg-sudoe-programme\\\/\",\"https:\\\/\\\/www.flickr.com\\\/photos\\\/148704685@N06\\\/\"]}]}<\/script>\n<!-- \/ Yoast SEO plugin. -->","yoast_head_json":{"title":"NEWPOWER lance un cycle de webinaires pour renforcer la coop\u00e9ration transfrontali\u00e8re en bio\u00e9conomie circulaire - Interreg Sudoe","robots":{"index":"index","follow":"follow","max-snippet":"max-snippet:-1","max-image-preview":"max-image-preview:large","max-video-preview":"max-video-preview:-1"},"canonical":"https:\/\/interreg-sudoe.eu\/fr\/noticia-proyecto\/newpower-impulsa-un-ciclo-de-webinars-para-fortalecer-la-cooperacion-transfronteriza-en-bioeconomia-circular\/","og_locale":"fr_FR","og_type":"article","og_title":"NEWPOWER lance un cycle de webinaires pour renforcer la coop\u00e9ration transfrontali\u00e8re en bio\u00e9conomie circulaire - Interreg Sudoe","og_description":"Le projet NEWPOWER lance un cycle de cinq webinaires th\u00e9matiques qui se d\u00e9rouleront entre mars et juin 2026 afin de partager les avanc\u00e9es techniques d\u00e9velopp\u00e9es dans le cadre du projet et de promouvoir leur transfert \u00e0 l\u2019\u00e9chelle transfrontali\u00e8re dans l\u2019espace SUDOE (Portugal\u2013Espagne\u2013France). Sous le slogan \u00ab Du d\u00e9chet \u00e0 la ressource \u00bb, ce cycle abordera [&hellip;]","og_url":"https:\/\/interreg-sudoe.eu\/fr\/noticia-proyecto\/newpower-impulsa-un-ciclo-de-webinars-para-fortalecer-la-cooperacion-transfronteriza-en-bioeconomia-circular\/","og_site_name":"Interreg Sudoe","article_publisher":"https:\/\/www.facebook.com\/interregsudoe","article_modified_time":"2026-04-20T11:08:04+00:00","og_image":[{"width":1920,"height":1080,"url":"https:\/\/interreg-sudoe.eu\/wp-content\/uploads\/2026\/02\/NEWPOWER-Calendario-Eventos-FR.jpg","type":"image\/jpeg"}],"twitter_card":"summary_large_image","twitter_site":"@Sudoe5","twitter_misc":{"Dur\u00e9e de lecture estim\u00e9e":"3 minutes"},"schema":{"@context":"https:\/\/schema.org","@graph":[{"@type":"WebPage","@id":"https:\/\/interreg-sudoe.eu\/fr\/noticia-proyecto\/newpower-impulsa-un-ciclo-de-webinars-para-fortalecer-la-cooperacion-transfronteriza-en-bioeconomia-circular\/","url":"https:\/\/interreg-sudoe.eu\/fr\/noticia-proyecto\/newpower-impulsa-un-ciclo-de-webinars-para-fortalecer-la-cooperacion-transfronteriza-en-bioeconomia-circular\/","name":"NEWPOWER lance un cycle de webinaires pour renforcer la coop\u00e9ration transfrontali\u00e8re en bio\u00e9conomie circulaire - Interreg Sudoe","isPartOf":{"@id":"https:\/\/interreg-sudoe.eu\/fr\/#website"},"primaryImageOfPage":{"@id":"https:\/\/interreg-sudoe.eu\/fr\/noticia-proyecto\/newpower-impulsa-un-ciclo-de-webinars-para-fortalecer-la-cooperacion-transfronteriza-en-bioeconomia-circular\/#primaryimage"},"image":{"@id":"https:\/\/interreg-sudoe.eu\/fr\/noticia-proyecto\/newpower-impulsa-un-ciclo-de-webinars-para-fortalecer-la-cooperacion-transfronteriza-en-bioeconomia-circular\/#primaryimage"},"thumbnailUrl":"https:\/\/interreg-sudoe.eu\/wp-content\/uploads\/2026\/02\/NEWPOWER-Calendario-Eventos-FR.jpg","datePublished":"2026-02-13T12:18:27+00:00","dateModified":"2026-04-20T11:08:04+00:00","breadcrumb":{"@id":"https:\/\/interreg-sudoe.eu\/fr\/noticia-proyecto\/newpower-impulsa-un-ciclo-de-webinars-para-fortalecer-la-cooperacion-transfronteriza-en-bioeconomia-circular\/#breadcrumb"},"inLanguage":"fr-FR","potentialAction":[{"@type":"ReadAction","target":["https:\/\/interreg-sudoe.eu\/fr\/noticia-proyecto\/newpower-impulsa-un-ciclo-de-webinars-para-fortalecer-la-cooperacion-transfronteriza-en-bioeconomia-circular\/"]}]},{"@type":"ImageObject","inLanguage":"fr-FR","@id":"https:\/\/interreg-sudoe.eu\/fr\/noticia-proyecto\/newpower-impulsa-un-ciclo-de-webinars-para-fortalecer-la-cooperacion-transfronteriza-en-bioeconomia-circular\/#primaryimage","url":"https:\/\/interreg-sudoe.eu\/wp-content\/uploads\/2026\/02\/NEWPOWER-Calendario-Eventos-FR.jpg","contentUrl":"https:\/\/interreg-sudoe.eu\/wp-content\/uploads\/2026\/02\/NEWPOWER-Calendario-Eventos-FR.jpg","width":1920,"height":1080},{"@type":"BreadcrumbList","@id":"https:\/\/interreg-sudoe.eu\/fr\/noticia-proyecto\/newpower-impulsa-un-ciclo-de-webinars-para-fortalecer-la-cooperacion-transfronteriza-en-bioeconomia-circular\/#breadcrumb","itemListElement":[{"@type":"ListItem","position":1,"name":"Home","item":"https:\/\/interreg-sudoe.eu\/fr\/"},{"@type":"ListItem","position":2,"name":"NEWPOWER lance un cycle de webinaires pour renforcer la coop\u00e9ration transfrontali\u00e8re en bio\u00e9conomie circulaire"}]},{"@type":"WebSite","@id":"https:\/\/interreg-sudoe.eu\/fr\/#website","url":"https:\/\/interreg-sudoe.eu\/fr\/","name":"Interreg Sudoe","description":"Interreg Sudoe","publisher":{"@id":"https:\/\/interreg-sudoe.eu\/fr\/#organization"},"alternateName":"Interreg Sudoe","potentialAction":[{"@type":"SearchAction","target":{"@type":"EntryPoint","urlTemplate":"https:\/\/interreg-sudoe.eu\/fr\/?s={search_term_string}"},"query-input":{"@type":"PropertyValueSpecification","valueRequired":true,"valueName":"search_term_string"}}],"inLanguage":"fr-FR"},{"@type":"Organization","@id":"https:\/\/interreg-sudoe.eu\/fr\/#organization","name":"Interreg Sudoe","alternateName":"Interreg Sudoe","url":"https:\/\/interreg-sudoe.eu\/fr\/","logo":{"@type":"ImageObject","inLanguage":"fr-FR","@id":"https:\/\/interreg-sudoe.eu\/fr\/#\/schema\/logo\/image\/","url":"https:\/\/interreg-sudoe.eu\/wp-content\/uploads\/2024\/03\/logo-interreg.png","contentUrl":"https:\/\/interreg-sudoe.eu\/wp-content\/uploads\/2024\/03\/logo-interreg.png","width":1200,"height":675,"caption":"Interreg Sudoe"},"image":{"@id":"https:\/\/interreg-sudoe.eu\/fr\/#\/schema\/logo\/image\/"},"sameAs":["https:\/\/www.facebook.com\/interregsudoe","https:\/\/x.com\/Sudoe5","https:\/\/www.youtube.com\/channel\/UCeGx2edoB32beRc9dbKA2vw","https:\/\/www.linkedin.com\/company\/interreg-sudoe-programme\/","https:\/\/www.flickr.com\/photos\/148704685@N06\/"]}]}},"_links":{"self":[{"href":"https:\/\/interreg-sudoe.eu\/fr\/wp-json\/wp\/v2\/noticia-proyecto\/62261","targetHints":{"allow":["GET"]}}],"collection":[{"href":"https:\/\/interreg-sudoe.eu\/fr\/wp-json\/wp\/v2\/noticia-proyecto"}],"about":[{"href":"https:\/\/interreg-sudoe.eu\/fr\/wp-json\/wp\/v2\/types\/noticia-proyecto"}],"author":[{"embeddable":true,"href":"https:\/\/interreg-sudoe.eu\/fr\/wp-json\/wp\/v2\/users\/4986"}],"wp:featuredmedia":[{"embeddable":true,"href":"https:\/\/interreg-sudoe.eu\/fr\/wp-json\/wp\/v2\/media\/62264"}],"wp:attachment":[{"href":"https:\/\/interreg-sudoe.eu\/fr\/wp-json\/wp\/v2\/media?parent=62261"}],"curies":[{"name":"wp","href":"https:\/\/api.w.org\/{rel}","templated":true}]}}