{"id":62883,"date":"2024-07-08T10:15:24","date_gmt":"2024-07-08T08:15:24","guid":{"rendered":"https:\/\/interreg-sudoe.eu\/?post_type=noticia-proyecto&#038;p=62883"},"modified":"2026-03-27T10:59:28","modified_gmt":"2026-03-27T09:59:28","slug":"lancement-de-use4forest-cooperation-europeenne-face-aux-incendies-de-foret","status":"publish","type":"noticia-proyecto","link":"https:\/\/interreg-sudoe.eu\/fr\/noticia-proyecto\/lancement-de-use4forest-cooperation-europeenne-face-aux-incendies-de-foret\/","title":{"rendered":"Lancement de USE4FOREST : coop\u00e9ration europ\u00e9enne face aux incendies de for\u00eat"},"content":{"rendered":"<p data-start=\"288\" data-end=\"805\">Le 8 juillet 2024 a eu lieu le lancement de USE4FOREST, un projet de coop\u00e9ration entre l\u2019Espagne, la France et le Portugal visant \u00e0 progresser dans la pr\u00e9vention des incendies de for\u00eat. Son objectif est de renforcer la gestion foresti\u00e8re avant, pendant et apr\u00e8s les incendies gr\u00e2ce \u00e0 l\u2019innovation et au travail conjoint. Dans ce contexte, la sensibilisation du public constitue l\u2019un des principaux d\u00e9fis, \u00e9tant donn\u00e9 que chaque geste est essentiel pour encourager une utilisation responsable du milieu forestier.<\/p>\n<p data-start=\"807\" data-end=\"1157\">Lors de l\u2019\u00e9v\u00e9nement de lancement, il a \u00e9t\u00e9 soulign\u00e9 que ce type d\u2019initiatives favorise la coop\u00e9ration face \u00e0 des d\u00e9fis communs, tels que les incendies de for\u00eat, et repr\u00e9sente une opportunit\u00e9 strat\u00e9gique qui facilite le partage de connaissances entre des pays confront\u00e9s \u00e0 des probl\u00e9matiques similaires, afin de les aborder de mani\u00e8re coordonn\u00e9e.\u00bb<\/p>\n<p data-start=\"1159\" data-end=\"1214\" data-is-last-node=\"\" data-is-only-node=\"\">\u00abUSE4FOREST : For\u00eats g\u00e9r\u00e9es, territoires prot\u00e9g\u00e9s.<\/p>\n<p><img fetchpriority=\"high\" decoding=\"async\" class=\"alignnone size-full wp-image-62878\" src=\"https:\/\/interreg-sudoe.eu\/wp-content\/uploads\/2026\/03\/Faldon-U4F.jpg\" alt=\"\" width=\"1980\" height=\"275\" srcset=\"https:\/\/interreg-sudoe.eu\/wp-content\/uploads\/2026\/03\/Faldon-U4F.jpg 1980w, https:\/\/interreg-sudoe.eu\/wp-content\/uploads\/2026\/03\/Faldon-U4F-300x42.jpg 300w, https:\/\/interreg-sudoe.eu\/wp-content\/uploads\/2026\/03\/Faldon-U4F-1024x142.jpg 1024w, https:\/\/interreg-sudoe.eu\/wp-content\/uploads\/2026\/03\/Faldon-U4F-768x107.jpg 768w, https:\/\/interreg-sudoe.eu\/wp-content\/uploads\/2026\/03\/Faldon-U4F-1536x213.jpg 1536w\" sizes=\"(max-width: 1980px) 100vw, 1980px\" \/><\/p>\n","protected":false},"excerpt":{"rendered":"<p>L\u2019Espagne, la France et le Portugal coop\u00e8rent dans le cadre d\u2019un projet commun pour la pr\u00e9vention des incendies de for\u00eat.<\/p>\n","protected":false},"author":6728,"featured_media":62866,"parent":0,"template":"","meta":{"_acf_changed":false,"content-type":"","_monsterinsights_skip_tracking":false,"_monsterinsights_sitenote_active":false,"_monsterinsights_sitenote_note":"","_monsterinsights_sitenote_category":0},"class_list":["post-62883","noticia-proyecto","type-noticia-proyecto","status-publish","has-post-thumbnail","hentry"],"acf":[],"yoast_head":"<!-- This site is optimized with the Yoast SEO plugin v27.2 - https:\/\/yoast.com\/product\/yoast-seo-wordpress\/ -->\n<title>Lancement de USE4FOREST : coop\u00e9ration europ\u00e9enne face aux incendies de for\u00eat - Interreg Sudoe<\/title>\n<meta name=\"robots\" content=\"index, follow, max-snippet:-1, max-image-preview:large, max-video-preview:-1\" \/>\n<link rel=\"canonical\" href=\"https:\/\/interreg-sudoe.eu\/fr\/noticia-proyecto\/lancement-de-use4forest-cooperation-europeenne-face-aux-incendies-de-foret\/\" \/>\n<meta property=\"og:locale\" content=\"fr_FR\" \/>\n<meta property=\"og:type\" content=\"article\" \/>\n<meta property=\"og:title\" content=\"Lancement de USE4FOREST : coop\u00e9ration europ\u00e9enne face aux incendies de for\u00eat - Interreg Sudoe\" \/>\n<meta property=\"og:description\" content=\"L\u2019Espagne, la France et le Portugal coop\u00e8rent dans le cadre d\u2019un projet commun pour la pr\u00e9vention des incendies de for\u00eat.\" \/>\n<meta property=\"og:url\" content=\"https:\/\/interreg-sudoe.eu\/fr\/noticia-proyecto\/lancement-de-use4forest-cooperation-europeenne-face-aux-incendies-de-foret\/\" \/>\n<meta property=\"og:site_name\" content=\"Interreg Sudoe\" \/>\n<meta property=\"article:publisher\" content=\"https:\/\/www.facebook.com\/interregsudoe\" \/>\n<meta property=\"article:modified_time\" content=\"2026-03-27T09:59:28+00:00\" \/>\n<meta property=\"og:image\" content=\"https:\/\/interreg-sudoe.eu\/wp-content\/uploads\/2026\/03\/1.jpg\" \/>\n\t<meta property=\"og:image:width\" content=\"1080\" \/>\n\t<meta property=\"og:image:height\" content=\"1350\" \/>\n\t<meta property=\"og:image:type\" content=\"image\/jpeg\" \/>\n<meta name=\"twitter:card\" content=\"summary_large_image\" \/>\n<meta name=\"twitter:site\" content=\"@Sudoe5\" \/>\n<meta name=\"twitter:label1\" content=\"Dur\u00e9e de lecture estim\u00e9e\" \/>\n\t<meta name=\"twitter:data1\" content=\"1 minute\" \/>\n<script type=\"application\/ld+json\" class=\"yoast-schema-graph\">{\"@context\":\"https:\/\/schema.org\",\"@graph\":[{\"@type\":\"WebPage\",\"@id\":\"https:\/\/interreg-sudoe.eu\/fr\/noticia-proyecto\/lancement-de-use4forest-cooperation-europeenne-face-aux-incendies-de-foret\/\",\"url\":\"https:\/\/interreg-sudoe.eu\/fr\/noticia-proyecto\/lancement-de-use4forest-cooperation-europeenne-face-aux-incendies-de-foret\/\",\"name\":\"Lancement de USE4FOREST : coop\u00e9ration europ\u00e9enne face aux incendies de for\u00eat - Interreg Sudoe\",\"isPartOf\":{\"@id\":\"https:\/\/interreg-sudoe.eu\/fr\/#website\"},\"primaryImageOfPage\":{\"@id\":\"https:\/\/interreg-sudoe.eu\/fr\/noticia-proyecto\/lancement-de-use4forest-cooperation-europeenne-face-aux-incendies-de-foret\/#primaryimage\"},\"image\":{\"@id\":\"https:\/\/interreg-sudoe.eu\/fr\/noticia-proyecto\/lancement-de-use4forest-cooperation-europeenne-face-aux-incendies-de-foret\/#primaryimage\"},\"thumbnailUrl\":\"https:\/\/interreg-sudoe.eu\/wp-content\/uploads\/2026\/03\/1.jpg\",\"datePublished\":\"2024-07-08T08:15:24+00:00\",\"dateModified\":\"2026-03-27T09:59:28+00:00\",\"breadcrumb\":{\"@id\":\"https:\/\/interreg-sudoe.eu\/fr\/noticia-proyecto\/lancement-de-use4forest-cooperation-europeenne-face-aux-incendies-de-foret\/#breadcrumb\"},\"inLanguage\":\"fr-FR\",\"potentialAction\":[{\"@type\":\"ReadAction\",\"target\":[\"https:\/\/interreg-sudoe.eu\/fr\/noticia-proyecto\/lancement-de-use4forest-cooperation-europeenne-face-aux-incendies-de-foret\/\"]}]},{\"@type\":\"ImageObject\",\"inLanguage\":\"fr-FR\",\"@id\":\"https:\/\/interreg-sudoe.eu\/fr\/noticia-proyecto\/lancement-de-use4forest-cooperation-europeenne-face-aux-incendies-de-foret\/#primaryimage\",\"url\":\"https:\/\/interreg-sudoe.eu\/wp-content\/uploads\/2026\/03\/1.jpg\",\"contentUrl\":\"https:\/\/interreg-sudoe.eu\/wp-content\/uploads\/2026\/03\/1.jpg\",\"width\":1080,\"height\":1350},{\"@type\":\"BreadcrumbList\",\"@id\":\"https:\/\/interreg-sudoe.eu\/fr\/noticia-proyecto\/lancement-de-use4forest-cooperation-europeenne-face-aux-incendies-de-foret\/#breadcrumb\",\"itemListElement\":[{\"@type\":\"ListItem\",\"position\":1,\"name\":\"Home\",\"item\":\"https:\/\/interreg-sudoe.eu\/fr\/\"},{\"@type\":\"ListItem\",\"position\":2,\"name\":\"Lancement de USE4FOREST : coop\u00e9ration europ\u00e9enne face aux incendies de for\u00eat\"}]},{\"@type\":\"WebSite\",\"@id\":\"https:\/\/interreg-sudoe.eu\/fr\/#website\",\"url\":\"https:\/\/interreg-sudoe.eu\/fr\/\",\"name\":\"Interreg Sudoe\",\"description\":\"Interreg Sudoe\",\"publisher\":{\"@id\":\"https:\/\/interreg-sudoe.eu\/fr\/#organization\"},\"alternateName\":\"Interreg Sudoe\",\"potentialAction\":[{\"@type\":\"SearchAction\",\"target\":{\"@type\":\"EntryPoint\",\"urlTemplate\":\"https:\/\/interreg-sudoe.eu\/fr\/?s={search_term_string}\"},\"query-input\":{\"@type\":\"PropertyValueSpecification\",\"valueRequired\":true,\"valueName\":\"search_term_string\"}}],\"inLanguage\":\"fr-FR\"},{\"@type\":\"Organization\",\"@id\":\"https:\/\/interreg-sudoe.eu\/fr\/#organization\",\"name\":\"Interreg Sudoe\",\"alternateName\":\"Interreg Sudoe\",\"url\":\"https:\/\/interreg-sudoe.eu\/fr\/\",\"logo\":{\"@type\":\"ImageObject\",\"inLanguage\":\"fr-FR\",\"@id\":\"https:\/\/interreg-sudoe.eu\/fr\/#\/schema\/logo\/image\/\",\"url\":\"https:\/\/interreg-sudoe.eu\/wp-content\/uploads\/2024\/03\/logo-interreg.png\",\"contentUrl\":\"https:\/\/interreg-sudoe.eu\/wp-content\/uploads\/2024\/03\/logo-interreg.png\",\"width\":1200,\"height\":675,\"caption\":\"Interreg Sudoe\"},\"image\":{\"@id\":\"https:\/\/interreg-sudoe.eu\/fr\/#\/schema\/logo\/image\/\"},\"sameAs\":[\"https:\/\/www.facebook.com\/interregsudoe\",\"https:\/\/x.com\/Sudoe5\",\"https:\/\/www.youtube.com\/channel\/UCeGx2edoB32beRc9dbKA2vw\",\"https:\/\/www.linkedin.com\/company\/interreg-sudoe-programme\/\",\"https:\/\/www.flickr.com\/photos\/148704685@N06\/\"]}]}<\/script>\n<!-- \/ Yoast SEO plugin. -->","yoast_head_json":{"title":"Lancement de USE4FOREST : coop\u00e9ration europ\u00e9enne face aux incendies de for\u00eat - Interreg Sudoe","robots":{"index":"index","follow":"follow","max-snippet":"max-snippet:-1","max-image-preview":"max-image-preview:large","max-video-preview":"max-video-preview:-1"},"canonical":"https:\/\/interreg-sudoe.eu\/fr\/noticia-proyecto\/lancement-de-use4forest-cooperation-europeenne-face-aux-incendies-de-foret\/","og_locale":"fr_FR","og_type":"article","og_title":"Lancement de USE4FOREST : coop\u00e9ration europ\u00e9enne face aux incendies de for\u00eat - Interreg Sudoe","og_description":"L\u2019Espagne, la France et le Portugal coop\u00e8rent dans le cadre d\u2019un projet commun pour la pr\u00e9vention des incendies de for\u00eat.","og_url":"https:\/\/interreg-sudoe.eu\/fr\/noticia-proyecto\/lancement-de-use4forest-cooperation-europeenne-face-aux-incendies-de-foret\/","og_site_name":"Interreg Sudoe","article_publisher":"https:\/\/www.facebook.com\/interregsudoe","article_modified_time":"2026-03-27T09:59:28+00:00","og_image":[{"width":1080,"height":1350,"url":"https:\/\/interreg-sudoe.eu\/wp-content\/uploads\/2026\/03\/1.jpg","type":"image\/jpeg"}],"twitter_card":"summary_large_image","twitter_site":"@Sudoe5","twitter_misc":{"Dur\u00e9e de lecture estim\u00e9e":"1 minute"},"schema":{"@context":"https:\/\/schema.org","@graph":[{"@type":"WebPage","@id":"https:\/\/interreg-sudoe.eu\/fr\/noticia-proyecto\/lancement-de-use4forest-cooperation-europeenne-face-aux-incendies-de-foret\/","url":"https:\/\/interreg-sudoe.eu\/fr\/noticia-proyecto\/lancement-de-use4forest-cooperation-europeenne-face-aux-incendies-de-foret\/","name":"Lancement de USE4FOREST : coop\u00e9ration europ\u00e9enne face aux incendies de for\u00eat - Interreg Sudoe","isPartOf":{"@id":"https:\/\/interreg-sudoe.eu\/fr\/#website"},"primaryImageOfPage":{"@id":"https:\/\/interreg-sudoe.eu\/fr\/noticia-proyecto\/lancement-de-use4forest-cooperation-europeenne-face-aux-incendies-de-foret\/#primaryimage"},"image":{"@id":"https:\/\/interreg-sudoe.eu\/fr\/noticia-proyecto\/lancement-de-use4forest-cooperation-europeenne-face-aux-incendies-de-foret\/#primaryimage"},"thumbnailUrl":"https:\/\/interreg-sudoe.eu\/wp-content\/uploads\/2026\/03\/1.jpg","datePublished":"2024-07-08T08:15:24+00:00","dateModified":"2026-03-27T09:59:28+00:00","breadcrumb":{"@id":"https:\/\/interreg-sudoe.eu\/fr\/noticia-proyecto\/lancement-de-use4forest-cooperation-europeenne-face-aux-incendies-de-foret\/#breadcrumb"},"inLanguage":"fr-FR","potentialAction":[{"@type":"ReadAction","target":["https:\/\/interreg-sudoe.eu\/fr\/noticia-proyecto\/lancement-de-use4forest-cooperation-europeenne-face-aux-incendies-de-foret\/"]}]},{"@type":"ImageObject","inLanguage":"fr-FR","@id":"https:\/\/interreg-sudoe.eu\/fr\/noticia-proyecto\/lancement-de-use4forest-cooperation-europeenne-face-aux-incendies-de-foret\/#primaryimage","url":"https:\/\/interreg-sudoe.eu\/wp-content\/uploads\/2026\/03\/1.jpg","contentUrl":"https:\/\/interreg-sudoe.eu\/wp-content\/uploads\/2026\/03\/1.jpg","width":1080,"height":1350},{"@type":"BreadcrumbList","@id":"https:\/\/interreg-sudoe.eu\/fr\/noticia-proyecto\/lancement-de-use4forest-cooperation-europeenne-face-aux-incendies-de-foret\/#breadcrumb","itemListElement":[{"@type":"ListItem","position":1,"name":"Home","item":"https:\/\/interreg-sudoe.eu\/fr\/"},{"@type":"ListItem","position":2,"name":"Lancement de USE4FOREST : coop\u00e9ration europ\u00e9enne face aux incendies de for\u00eat"}]},{"@type":"WebSite","@id":"https:\/\/interreg-sudoe.eu\/fr\/#website","url":"https:\/\/interreg-sudoe.eu\/fr\/","name":"Interreg Sudoe","description":"Interreg Sudoe","publisher":{"@id":"https:\/\/interreg-sudoe.eu\/fr\/#organization"},"alternateName":"Interreg Sudoe","potentialAction":[{"@type":"SearchAction","target":{"@type":"EntryPoint","urlTemplate":"https:\/\/interreg-sudoe.eu\/fr\/?s={search_term_string}"},"query-input":{"@type":"PropertyValueSpecification","valueRequired":true,"valueName":"search_term_string"}}],"inLanguage":"fr-FR"},{"@type":"Organization","@id":"https:\/\/interreg-sudoe.eu\/fr\/#organization","name":"Interreg Sudoe","alternateName":"Interreg Sudoe","url":"https:\/\/interreg-sudoe.eu\/fr\/","logo":{"@type":"ImageObject","inLanguage":"fr-FR","@id":"https:\/\/interreg-sudoe.eu\/fr\/#\/schema\/logo\/image\/","url":"https:\/\/interreg-sudoe.eu\/wp-content\/uploads\/2024\/03\/logo-interreg.png","contentUrl":"https:\/\/interreg-sudoe.eu\/wp-content\/uploads\/2024\/03\/logo-interreg.png","width":1200,"height":675,"caption":"Interreg Sudoe"},"image":{"@id":"https:\/\/interreg-sudoe.eu\/fr\/#\/schema\/logo\/image\/"},"sameAs":["https:\/\/www.facebook.com\/interregsudoe","https:\/\/x.com\/Sudoe5","https:\/\/www.youtube.com\/channel\/UCeGx2edoB32beRc9dbKA2vw","https:\/\/www.linkedin.com\/company\/interreg-sudoe-programme\/","https:\/\/www.flickr.com\/photos\/148704685@N06\/"]}]}},"_links":{"self":[{"href":"https:\/\/interreg-sudoe.eu\/fr\/wp-json\/wp\/v2\/noticia-proyecto\/62883","targetHints":{"allow":["GET"]}}],"collection":[{"href":"https:\/\/interreg-sudoe.eu\/fr\/wp-json\/wp\/v2\/noticia-proyecto"}],"about":[{"href":"https:\/\/interreg-sudoe.eu\/fr\/wp-json\/wp\/v2\/types\/noticia-proyecto"}],"author":[{"embeddable":true,"href":"https:\/\/interreg-sudoe.eu\/fr\/wp-json\/wp\/v2\/users\/6728"}],"wp:featuredmedia":[{"embeddable":true,"href":"https:\/\/interreg-sudoe.eu\/fr\/wp-json\/wp\/v2\/media\/62866"}],"wp:attachment":[{"href":"https:\/\/interreg-sudoe.eu\/fr\/wp-json\/wp\/v2\/media?parent=62883"}],"curies":[{"name":"wp","href":"https:\/\/api.w.org\/{rel}","templated":true}]}}