{"id":63944,"date":"2026-04-15T11:29:40","date_gmt":"2026-04-15T09:29:40","guid":{"rendered":"https:\/\/interreg-sudoe.eu\/?post_type=noticia-proyecto&#038;p=63944"},"modified":"2026-04-16T12:49:41","modified_gmt":"2026-04-16T10:49:41","slug":"presentation-du-projet-use4forest-a-o-barco-de-valdeorras","status":"publish","type":"noticia-proyecto","link":"https:\/\/interreg-sudoe.eu\/fr\/noticia-proyecto\/presentation-du-projet-use4forest-a-o-barco-de-valdeorras\/","title":{"rendered":"Pr\u00e9sentation du projet USE4FOREST \u00e0 O Barco de Valdeorras"},"content":{"rendered":"<p data-start=\"3152\" data-end=\"3301\">Le 15 avril 2026 a eu lieu \u00e0 O Barco de Valdeorras la pr\u00e9sentation du projet USE4FOREST, port\u00e9 par <span class=\"hover:entity-accent entity-underline inline cursor-pointer align-baseline\"><span class=\"whitespace-normal\">Eixo Atl\u00e1ntico<\/span><\/span>.<\/p>\n<p data-start=\"3303\" data-end=\"3470\">L\u2019initiative d\u00e9veloppera une exp\u00e9rience pilote de \u00ab pare-feux productifs \u00bb, bas\u00e9e sur la gestion int\u00e9gr\u00e9e des parcelles et la valorisation durable de leurs ressources.<\/p>\n<p data-start=\"3472\" data-end=\"3820\">Le programme de formation, qui se d\u00e9roulera d\u2019avril \u00e0 juin 2026 au Vivero de Empresas du <span class=\"hover:entity-accent entity-underline inline cursor-pointer align-baseline\"><span class=\"whitespace-normal\">Concello de O Barco de Valdeorras<\/span><\/span>, comprend des modules de mycologie, replantation de ch\u00e2taigniers, culture de plantes aromatiques et m\u00e9dicinales, apiculture et sylvopastoralisme, ainsi qu\u2019un module transversal d\u2019entrepreneuriat et de valorisation rurale.<\/p>\n<p data-start=\"3822\" data-end=\"4093\">Lors de l\u2019\u00e9v\u00e9nement ont particip\u00e9 le maire de O Barco de Valdeorras, Aurentino Alonso ; le d\u00e9put\u00e9 \u00e0 la Dynamisation du Milieu Rural de la <span class=\"hover:entity-accent entity-underline inline cursor-pointer align-baseline\"><span class=\"whitespace-normal\">Diputaci\u00f3n de Ourense<\/span><\/span>, Xos\u00e9 Miguel P\u00e9rez Blecua ; et le responsable du d\u00e9partement Agrotech de Sinerxia, Pablo Condo.<\/p>\n<p data-start=\"4095\" data-end=\"4269\">\ud83d\udce2 Consultez l\u2019article :<br data-start=\"4119\" data-end=\"4122\" \/><a class=\"decorated-link\" href=\"https:\/\/www.galiciapress.es\/articulo\/movimientos\/2026-04-15\/5845499-montes-barco-convierten-aulas-gracias-eixo-cortafuegos-productivos-use4forest\" target=\"_new\" rel=\"noopener\" data-start=\"4122\" data-end=\"4267\">https:\/\/www.galiciapress.es\/articulo\/movimientos\/2026-04-15\/5845499-montes-barco-convierten-aulas-gracias-eixo-cortafuegos-productivos-use4forest<\/a><\/p>\n<p data-start=\"4271\" data-end=\"4320\" data-is-last-node=\"\" data-is-only-node=\"\">USE4FOREST : For\u00eats g\u00e9r\u00e9es, territoires prot\u00e9g\u00e9s.<\/p>\n<p data-start=\"4271\" data-end=\"4320\" data-is-last-node=\"\" data-is-only-node=\"\">\n<p data-start=\"1109\" data-end=\"1164\" data-is-last-node=\"\" data-is-only-node=\"\"><img fetchpriority=\"high\" decoding=\"async\" class=\"alignnone size-full wp-image-62878\" src=\"https:\/\/interreg-sudoe.eu\/wp-content\/uploads\/2026\/03\/Faldon-U4F.jpg\" alt=\"\" width=\"1980\" height=\"275\" srcset=\"https:\/\/interreg-sudoe.eu\/wp-content\/uploads\/2026\/03\/Faldon-U4F.jpg 1980w, https:\/\/interreg-sudoe.eu\/wp-content\/uploads\/2026\/03\/Faldon-U4F-300x42.jpg 300w, https:\/\/interreg-sudoe.eu\/wp-content\/uploads\/2026\/03\/Faldon-U4F-1024x142.jpg 1024w, https:\/\/interreg-sudoe.eu\/wp-content\/uploads\/2026\/03\/Faldon-U4F-768x107.jpg 768w, https:\/\/interreg-sudoe.eu\/wp-content\/uploads\/2026\/03\/Faldon-U4F-1536x213.jpg 1536w\" sizes=\"(max-width: 1980px) 100vw, 1980px\" \/><\/p>\n","protected":false},"excerpt":{"rendered":"<p>USE4FOREST mise sur les \u00ab pare-feux productifs \u00bb comme outil pour pr\u00e9venir les incendies et dynamiser le territoire rural.<\/p>\n","protected":false},"author":6728,"featured_media":63943,"parent":0,"template":"","meta":{"_acf_changed":false,"content-type":"","_monsterinsights_skip_tracking":false,"_monsterinsights_sitenote_active":false,"_monsterinsights_sitenote_note":"","_monsterinsights_sitenote_category":0},"class_list":["post-63944","noticia-proyecto","type-noticia-proyecto","status-publish","has-post-thumbnail","hentry"],"acf":[],"yoast_head":"<!-- This site is optimized with the Yoast SEO plugin v27.4 - https:\/\/yoast.com\/product\/yoast-seo-wordpress\/ -->\n<title>Pr\u00e9sentation du projet USE4FOREST \u00e0 O Barco de Valdeorras - Interreg Sudoe<\/title>\n<meta name=\"robots\" content=\"index, follow, max-snippet:-1, max-image-preview:large, max-video-preview:-1\" \/>\n<link rel=\"canonical\" href=\"https:\/\/interreg-sudoe.eu\/fr\/noticia-proyecto\/presentation-du-projet-use4forest-a-o-barco-de-valdeorras\/\" \/>\n<meta property=\"og:locale\" content=\"fr_FR\" \/>\n<meta property=\"og:type\" content=\"article\" \/>\n<meta property=\"og:title\" content=\"Pr\u00e9sentation du projet USE4FOREST \u00e0 O Barco de Valdeorras - Interreg Sudoe\" \/>\n<meta property=\"og:description\" content=\"USE4FOREST mise sur les \u00ab pare-feux productifs \u00bb comme outil pour pr\u00e9venir les incendies et dynamiser le territoire rural.\" \/>\n<meta property=\"og:url\" content=\"https:\/\/interreg-sudoe.eu\/fr\/noticia-proyecto\/presentation-du-projet-use4forest-a-o-barco-de-valdeorras\/\" \/>\n<meta property=\"og:site_name\" content=\"Interreg Sudoe\" \/>\n<meta property=\"article:publisher\" content=\"https:\/\/www.facebook.com\/interregsudoe\" \/>\n<meta property=\"article:modified_time\" content=\"2026-04-16T10:49:41+00:00\" \/>\n<meta property=\"og:image\" content=\"https:\/\/interreg-sudoe.eu\/wp-content\/uploads\/2026\/04\/37.jpg\" \/>\n\t<meta property=\"og:image:width\" content=\"1080\" \/>\n\t<meta property=\"og:image:height\" content=\"1350\" \/>\n\t<meta property=\"og:image:type\" content=\"image\/jpeg\" \/>\n<meta name=\"twitter:card\" content=\"summary_large_image\" \/>\n<meta name=\"twitter:site\" content=\"@Sudoe5\" \/>\n<meta name=\"twitter:label1\" content=\"Dur\u00e9e de lecture estim\u00e9e\" \/>\n\t<meta name=\"twitter:data1\" content=\"1 minute\" \/>\n<script type=\"application\/ld+json\" class=\"yoast-schema-graph\">{\"@context\":\"https:\\\/\\\/schema.org\",\"@graph\":[{\"@type\":\"WebPage\",\"@id\":\"https:\\\/\\\/interreg-sudoe.eu\\\/fr\\\/noticia-proyecto\\\/presentation-du-projet-use4forest-a-o-barco-de-valdeorras\\\/\",\"url\":\"https:\\\/\\\/interreg-sudoe.eu\\\/fr\\\/noticia-proyecto\\\/presentation-du-projet-use4forest-a-o-barco-de-valdeorras\\\/\",\"name\":\"Pr\u00e9sentation du projet USE4FOREST \u00e0 O Barco de Valdeorras - Interreg Sudoe\",\"isPartOf\":{\"@id\":\"https:\\\/\\\/interreg-sudoe.eu\\\/fr\\\/#website\"},\"primaryImageOfPage\":{\"@id\":\"https:\\\/\\\/interreg-sudoe.eu\\\/fr\\\/noticia-proyecto\\\/presentation-du-projet-use4forest-a-o-barco-de-valdeorras\\\/#primaryimage\"},\"image\":{\"@id\":\"https:\\\/\\\/interreg-sudoe.eu\\\/fr\\\/noticia-proyecto\\\/presentation-du-projet-use4forest-a-o-barco-de-valdeorras\\\/#primaryimage\"},\"thumbnailUrl\":\"https:\\\/\\\/interreg-sudoe.eu\\\/wp-content\\\/uploads\\\/2026\\\/04\\\/37.jpg\",\"datePublished\":\"2026-04-15T09:29:40+00:00\",\"dateModified\":\"2026-04-16T10:49:41+00:00\",\"breadcrumb\":{\"@id\":\"https:\\\/\\\/interreg-sudoe.eu\\\/fr\\\/noticia-proyecto\\\/presentation-du-projet-use4forest-a-o-barco-de-valdeorras\\\/#breadcrumb\"},\"inLanguage\":\"fr-FR\",\"potentialAction\":[{\"@type\":\"ReadAction\",\"target\":[\"https:\\\/\\\/interreg-sudoe.eu\\\/fr\\\/noticia-proyecto\\\/presentation-du-projet-use4forest-a-o-barco-de-valdeorras\\\/\"]}]},{\"@type\":\"ImageObject\",\"inLanguage\":\"fr-FR\",\"@id\":\"https:\\\/\\\/interreg-sudoe.eu\\\/fr\\\/noticia-proyecto\\\/presentation-du-projet-use4forest-a-o-barco-de-valdeorras\\\/#primaryimage\",\"url\":\"https:\\\/\\\/interreg-sudoe.eu\\\/wp-content\\\/uploads\\\/2026\\\/04\\\/37.jpg\",\"contentUrl\":\"https:\\\/\\\/interreg-sudoe.eu\\\/wp-content\\\/uploads\\\/2026\\\/04\\\/37.jpg\",\"width\":1080,\"height\":1350},{\"@type\":\"BreadcrumbList\",\"@id\":\"https:\\\/\\\/interreg-sudoe.eu\\\/fr\\\/noticia-proyecto\\\/presentation-du-projet-use4forest-a-o-barco-de-valdeorras\\\/#breadcrumb\",\"itemListElement\":[{\"@type\":\"ListItem\",\"position\":1,\"name\":\"Home\",\"item\":\"https:\\\/\\\/interreg-sudoe.eu\\\/fr\\\/\"},{\"@type\":\"ListItem\",\"position\":2,\"name\":\"Pr\u00e9sentation du projet USE4FOREST \u00e0 O Barco de Valdeorras\"}]},{\"@type\":\"WebSite\",\"@id\":\"https:\\\/\\\/interreg-sudoe.eu\\\/fr\\\/#website\",\"url\":\"https:\\\/\\\/interreg-sudoe.eu\\\/fr\\\/\",\"name\":\"Interreg Sudoe\",\"description\":\"Interreg Sudoe\",\"publisher\":{\"@id\":\"https:\\\/\\\/interreg-sudoe.eu\\\/fr\\\/#organization\"},\"alternateName\":\"Interreg Sudoe\",\"potentialAction\":[{\"@type\":\"SearchAction\",\"target\":{\"@type\":\"EntryPoint\",\"urlTemplate\":\"https:\\\/\\\/interreg-sudoe.eu\\\/fr\\\/?s={search_term_string}\"},\"query-input\":{\"@type\":\"PropertyValueSpecification\",\"valueRequired\":true,\"valueName\":\"search_term_string\"}}],\"inLanguage\":\"fr-FR\"},{\"@type\":\"Organization\",\"@id\":\"https:\\\/\\\/interreg-sudoe.eu\\\/fr\\\/#organization\",\"name\":\"Interreg Sudoe\",\"alternateName\":\"Interreg Sudoe\",\"url\":\"https:\\\/\\\/interreg-sudoe.eu\\\/fr\\\/\",\"logo\":{\"@type\":\"ImageObject\",\"inLanguage\":\"fr-FR\",\"@id\":\"https:\\\/\\\/interreg-sudoe.eu\\\/fr\\\/#\\\/schema\\\/logo\\\/image\\\/\",\"url\":\"https:\\\/\\\/interreg-sudoe.eu\\\/wp-content\\\/uploads\\\/2024\\\/03\\\/logo-interreg.png\",\"contentUrl\":\"https:\\\/\\\/interreg-sudoe.eu\\\/wp-content\\\/uploads\\\/2024\\\/03\\\/logo-interreg.png\",\"width\":1200,\"height\":675,\"caption\":\"Interreg Sudoe\"},\"image\":{\"@id\":\"https:\\\/\\\/interreg-sudoe.eu\\\/fr\\\/#\\\/schema\\\/logo\\\/image\\\/\"},\"sameAs\":[\"https:\\\/\\\/www.facebook.com\\\/interregsudoe\",\"https:\\\/\\\/x.com\\\/Sudoe5\",\"https:\\\/\\\/www.youtube.com\\\/channel\\\/UCeGx2edoB32beRc9dbKA2vw\",\"https:\\\/\\\/www.linkedin.com\\\/company\\\/interreg-sudoe-programme\\\/\",\"https:\\\/\\\/www.flickr.com\\\/photos\\\/148704685@N06\\\/\"]}]}<\/script>\n<!-- \/ Yoast SEO plugin. -->","yoast_head_json":{"title":"Pr\u00e9sentation du projet USE4FOREST \u00e0 O Barco de Valdeorras - Interreg Sudoe","robots":{"index":"index","follow":"follow","max-snippet":"max-snippet:-1","max-image-preview":"max-image-preview:large","max-video-preview":"max-video-preview:-1"},"canonical":"https:\/\/interreg-sudoe.eu\/fr\/noticia-proyecto\/presentation-du-projet-use4forest-a-o-barco-de-valdeorras\/","og_locale":"fr_FR","og_type":"article","og_title":"Pr\u00e9sentation du projet USE4FOREST \u00e0 O Barco de Valdeorras - Interreg Sudoe","og_description":"USE4FOREST mise sur les \u00ab pare-feux productifs \u00bb comme outil pour pr\u00e9venir les incendies et dynamiser le territoire rural.","og_url":"https:\/\/interreg-sudoe.eu\/fr\/noticia-proyecto\/presentation-du-projet-use4forest-a-o-barco-de-valdeorras\/","og_site_name":"Interreg Sudoe","article_publisher":"https:\/\/www.facebook.com\/interregsudoe","article_modified_time":"2026-04-16T10:49:41+00:00","og_image":[{"width":1080,"height":1350,"url":"https:\/\/interreg-sudoe.eu\/wp-content\/uploads\/2026\/04\/37.jpg","type":"image\/jpeg"}],"twitter_card":"summary_large_image","twitter_site":"@Sudoe5","twitter_misc":{"Dur\u00e9e de lecture estim\u00e9e":"1 minute"},"schema":{"@context":"https:\/\/schema.org","@graph":[{"@type":"WebPage","@id":"https:\/\/interreg-sudoe.eu\/fr\/noticia-proyecto\/presentation-du-projet-use4forest-a-o-barco-de-valdeorras\/","url":"https:\/\/interreg-sudoe.eu\/fr\/noticia-proyecto\/presentation-du-projet-use4forest-a-o-barco-de-valdeorras\/","name":"Pr\u00e9sentation du projet USE4FOREST \u00e0 O Barco de Valdeorras - Interreg Sudoe","isPartOf":{"@id":"https:\/\/interreg-sudoe.eu\/fr\/#website"},"primaryImageOfPage":{"@id":"https:\/\/interreg-sudoe.eu\/fr\/noticia-proyecto\/presentation-du-projet-use4forest-a-o-barco-de-valdeorras\/#primaryimage"},"image":{"@id":"https:\/\/interreg-sudoe.eu\/fr\/noticia-proyecto\/presentation-du-projet-use4forest-a-o-barco-de-valdeorras\/#primaryimage"},"thumbnailUrl":"https:\/\/interreg-sudoe.eu\/wp-content\/uploads\/2026\/04\/37.jpg","datePublished":"2026-04-15T09:29:40+00:00","dateModified":"2026-04-16T10:49:41+00:00","breadcrumb":{"@id":"https:\/\/interreg-sudoe.eu\/fr\/noticia-proyecto\/presentation-du-projet-use4forest-a-o-barco-de-valdeorras\/#breadcrumb"},"inLanguage":"fr-FR","potentialAction":[{"@type":"ReadAction","target":["https:\/\/interreg-sudoe.eu\/fr\/noticia-proyecto\/presentation-du-projet-use4forest-a-o-barco-de-valdeorras\/"]}]},{"@type":"ImageObject","inLanguage":"fr-FR","@id":"https:\/\/interreg-sudoe.eu\/fr\/noticia-proyecto\/presentation-du-projet-use4forest-a-o-barco-de-valdeorras\/#primaryimage","url":"https:\/\/interreg-sudoe.eu\/wp-content\/uploads\/2026\/04\/37.jpg","contentUrl":"https:\/\/interreg-sudoe.eu\/wp-content\/uploads\/2026\/04\/37.jpg","width":1080,"height":1350},{"@type":"BreadcrumbList","@id":"https:\/\/interreg-sudoe.eu\/fr\/noticia-proyecto\/presentation-du-projet-use4forest-a-o-barco-de-valdeorras\/#breadcrumb","itemListElement":[{"@type":"ListItem","position":1,"name":"Home","item":"https:\/\/interreg-sudoe.eu\/fr\/"},{"@type":"ListItem","position":2,"name":"Pr\u00e9sentation du projet USE4FOREST \u00e0 O Barco de Valdeorras"}]},{"@type":"WebSite","@id":"https:\/\/interreg-sudoe.eu\/fr\/#website","url":"https:\/\/interreg-sudoe.eu\/fr\/","name":"Interreg Sudoe","description":"Interreg Sudoe","publisher":{"@id":"https:\/\/interreg-sudoe.eu\/fr\/#organization"},"alternateName":"Interreg Sudoe","potentialAction":[{"@type":"SearchAction","target":{"@type":"EntryPoint","urlTemplate":"https:\/\/interreg-sudoe.eu\/fr\/?s={search_term_string}"},"query-input":{"@type":"PropertyValueSpecification","valueRequired":true,"valueName":"search_term_string"}}],"inLanguage":"fr-FR"},{"@type":"Organization","@id":"https:\/\/interreg-sudoe.eu\/fr\/#organization","name":"Interreg Sudoe","alternateName":"Interreg Sudoe","url":"https:\/\/interreg-sudoe.eu\/fr\/","logo":{"@type":"ImageObject","inLanguage":"fr-FR","@id":"https:\/\/interreg-sudoe.eu\/fr\/#\/schema\/logo\/image\/","url":"https:\/\/interreg-sudoe.eu\/wp-content\/uploads\/2024\/03\/logo-interreg.png","contentUrl":"https:\/\/interreg-sudoe.eu\/wp-content\/uploads\/2024\/03\/logo-interreg.png","width":1200,"height":675,"caption":"Interreg Sudoe"},"image":{"@id":"https:\/\/interreg-sudoe.eu\/fr\/#\/schema\/logo\/image\/"},"sameAs":["https:\/\/www.facebook.com\/interregsudoe","https:\/\/x.com\/Sudoe5","https:\/\/www.youtube.com\/channel\/UCeGx2edoB32beRc9dbKA2vw","https:\/\/www.linkedin.com\/company\/interreg-sudoe-programme\/","https:\/\/www.flickr.com\/photos\/148704685@N06\/"]}]}},"_links":{"self":[{"href":"https:\/\/interreg-sudoe.eu\/fr\/wp-json\/wp\/v2\/noticia-proyecto\/63944","targetHints":{"allow":["GET"]}}],"collection":[{"href":"https:\/\/interreg-sudoe.eu\/fr\/wp-json\/wp\/v2\/noticia-proyecto"}],"about":[{"href":"https:\/\/interreg-sudoe.eu\/fr\/wp-json\/wp\/v2\/types\/noticia-proyecto"}],"author":[{"embeddable":true,"href":"https:\/\/interreg-sudoe.eu\/fr\/wp-json\/wp\/v2\/users\/6728"}],"wp:featuredmedia":[{"embeddable":true,"href":"https:\/\/interreg-sudoe.eu\/fr\/wp-json\/wp\/v2\/media\/63943"}],"wp:attachment":[{"href":"https:\/\/interreg-sudoe.eu\/fr\/wp-json\/wp\/v2\/media?parent=63944"}],"curies":[{"name":"wp","href":"https:\/\/api.w.org\/{rel}","templated":true}]}}