{"id":64233,"date":"2026-04-16T10:36:39","date_gmt":"2026-04-16T08:36:39","guid":{"rendered":"https:\/\/interreg-sudoe.eu\/?post_type=noticia-proyecto&#038;p=64233"},"modified":"2026-04-22T16:35:03","modified_gmt":"2026-04-22T14:35:03","slug":"le-projet-revital-a-ete-presente-a-plus-de-30-professionnels-lors-dun-atelier-sur-les-exosquelettes-et-la-neuroreadaptation-a-zamora","status":"publish","type":"noticia-proyecto","link":"https:\/\/interreg-sudoe.eu\/fr\/noticia-proyecto\/le-projet-revital-a-ete-presente-a-plus-de-30-professionnels-lors-dun-atelier-sur-les-exosquelettes-et-la-neuroreadaptation-a-zamora\/","title":{"rendered":"Le projet REVITAL a \u00e9t\u00e9 pr\u00e9sent\u00e9 \u00e0 plus de 30 professionnels lors d&rsquo;un atelier sur les exosquelettes et la neuror\u00e9adaptation \u00e0 Zamora"},"content":{"rendered":"<p><span data-sheets-root=\"1\">Le projet REVITAL a \u00e9t\u00e9 pr\u00e9sent\u00e9 \u00e0 plus de 30 professionnels des secteurs social et de la sant\u00e9 lors de l&rsquo;atelier \u00ab\u00a0Exosquelettes et neuror\u00e9adaptation\u00a0\u00bb, qui s&rsquo;est tenu le mardi 14 avril au P\u00f4le d&rsquo;innovation technologique La Aldehuela \u00e0 Zamora. La pr\u00e9sentation a suscit\u00e9 un vif int\u00e9r\u00eat en raison de son approche novatrice appliqu\u00e9e aux zones rurales.<\/p>\n<p>La session \u00e9tait anim\u00e9e par Sergio Mart\u00edn, responsable de la communication du projet au sein du Cluster SIVI (l&rsquo;entit\u00e9 charg\u00e9e de la coordination et de la communication), en collaboration avec Abigail Azpeleta, chef de projet \u00e0 la Fondation San Cebri\u00e1n (actuellement connue sous le nom de \u00ab\u00a0BRIAN\u00a0\u00bb), Cristina Mena, physioth\u00e9rapeute au sein de la m\u00eame organisation, et \u00cd\u00f1igo Urkidi, directeur des op\u00e9rations et associ\u00e9 fondateur de la soci\u00e9t\u00e9 Gogoa.<\/p>\n<p>Au cours de la pr\u00e9sentation, l&rsquo;\u00e9quipe a partag\u00e9 une \u00e9valuation pr\u00e9liminaire de la situation en milieu rural, abordant les principaux obstacles \u00e0 l&rsquo;acc\u00e8s aux services de r\u00e9adaptation et aux services sociaux et de sant\u00e9. Sur la base de cette analyse, les objectifs du projet ont \u00e9t\u00e9 pr\u00e9cis\u00e9s, ax\u00e9s sur l&rsquo;am\u00e9lioration de la qualit\u00e9 de vie des personnes \u00e2g\u00e9es et d\u00e9pendantes, ainsi que sur le d\u00e9veloppement socio-\u00e9conomique de ces r\u00e9gions.<\/span><\/p>\n<figure class=\"wp-block-embed is-type-video is-provider-youtube wp-block-embed-youtube wp-embed-aspect-16-9 wp-has-aspect-ratio\">\n<div class=\"wp-block-embed__wrapper\"><iframe title=\"Semana de &quot;Exoesqueletos y Neurorrehabilitaci\u00f3n&quot; en el Hub la Aldehuela\" src=\"https:\/\/www.youtube.com\/embed\/m4Vyh5ADVR4?feature=oembed\" width=\"1200\" height=\"675\" frameborder=\"0\" allowfullscreen=\"allowfullscreen\" data-mce-fragment=\"1\"><\/iframe><\/div>\n<\/figure>\n<h2 class=\"wp-block-heading\"><span data-sheets-root=\"1\">Int\u00e9gration de technologies de pointe telles que les exosquelettes<br \/>\n<\/span><\/h2>\n<p><span data-sheets-root=\"1\">Par ailleurs, les axes de changement que REVITAL entend promouvoir ont \u00e9t\u00e9 explor\u00e9s en profondeur, notamment l&rsquo;int\u00e9gration de services de t\u00e9l\u00e9sant\u00e9 et de t\u00e9l\u00e9r\u00e9adaptation avanc\u00e9s, s&rsquo;appuyant sur des technologies innovantes. Dans ce contexte, les membres du consortium ont \u00e9t\u00e9 pr\u00e9sent\u00e9s, ainsi que les solutions technologiques mises en \u0153uvre \u2013 dont les exosquelettes appliqu\u00e9s \u00e0 la neuror\u00e9adaptation \u2013 et le d\u00e9veloppement des projets pilotes, illustr\u00e9s par des exemples techniques, des retours d&rsquo;exp\u00e9rience et des donn\u00e9es pertinentes issues du processus suivi.<\/p>\n<p>Lors de ce forum, REVITAL a r\u00e9affirm\u00e9 son statut d&rsquo;initiative strat\u00e9gique visant \u00e0 revitaliser les zones rurales du sud-ouest de l&rsquo;Europe en combinant innovation technologique et d\u00e9veloppement local. Gr\u00e2ce \u00e0 la mise en place de services de soins cliniques et de r\u00e9adaptation \u00e0 distance, le projet vise non seulement \u00e0 am\u00e9liorer les soins de sant\u00e9, mais aussi \u00e0 cr\u00e9er des emplois qualifi\u00e9s, \u00e0 attirer des r\u00e9sidents et \u00e0 favoriser un mod\u00e8le de croissance durable pour ces r\u00e9gions.<\/p>\n<p>Gr\u00e2ce \u00e0 cette pr\u00e9sentation, le projet renforce sa visibilit\u00e9 aupr\u00e8s des professionnels du secteur, consolidant ainsi son engagement en faveur d&rsquo;un avenir o\u00f9 les zones rurales non seulement pr\u00e9servent leur population, mais deviennent \u00e9galement des p\u00f4les d&rsquo;opportunit\u00e9s, d&rsquo;innovation et de bien-\u00eatre.<\/span><\/p>\n<figure class=\"wp-block-gallery has-nested-images columns-default is-cropped wp-block-gallery-1 is-layout-flex wp-block-gallery-is-layout-flex\">\n<figure class=\"wp-block-image size-large\"><img fetchpriority=\"high\" decoding=\"async\" class=\"wp-image-10177\" src=\"https:\/\/clustersivi.org\/wp-content\/uploads\/2026\/04\/image00038-1-1024x768.jpeg\" sizes=\"(max-width: 1024px) 100vw, 1024px\" srcset=\"https:\/\/clustersivi.org\/wp-content\/uploads\/2026\/04\/image00038-1-1024x768.jpeg 1024w, https:\/\/clustersivi.org\/wp-content\/uploads\/2026\/04\/image00038-1-300x225.jpeg 300w, https:\/\/clustersivi.org\/wp-content\/uploads\/2026\/04\/image00038-1-768x576.jpeg 768w, https:\/\/clustersivi.org\/wp-content\/uploads\/2026\/04\/image00038-1-1536x1152.jpeg 1536w, https:\/\/clustersivi.org\/wp-content\/uploads\/2026\/04\/image00038-1-2048x1536.jpeg 2048w\" alt=\"\" width=\"1024\" height=\"768\" data-id=\"10177\" \/><\/figure>\n<figure class=\"wp-block-image size-large\"><img decoding=\"async\" class=\"wp-image-10176\" src=\"https:\/\/clustersivi.org\/wp-content\/uploads\/2026\/04\/image00037-1-1024x768.jpeg\" sizes=\"(max-width: 1024px) 100vw, 1024px\" srcset=\"https:\/\/clustersivi.org\/wp-content\/uploads\/2026\/04\/image00037-1-1024x768.jpeg 1024w, https:\/\/clustersivi.org\/wp-content\/uploads\/2026\/04\/image00037-1-300x225.jpeg 300w, https:\/\/clustersivi.org\/wp-content\/uploads\/2026\/04\/image00037-1-768x576.jpeg 768w, https:\/\/clustersivi.org\/wp-content\/uploads\/2026\/04\/image00037-1-1536x1152.jpeg 1536w, https:\/\/clustersivi.org\/wp-content\/uploads\/2026\/04\/image00037-1-2048x1536.jpeg 2048w\" alt=\"El proyecto REVITAL se expone en un taller en Zamora\" width=\"1024\" height=\"768\" data-id=\"10176\" \/><\/figure>\n<figure class=\"wp-block-image size-large\"><img decoding=\"async\" class=\"wp-image-10179\" src=\"https:\/\/clustersivi.org\/wp-content\/uploads\/2026\/04\/image00032-1-1024x768.jpeg\" sizes=\"(max-width: 1024px) 100vw, 1024px\" srcset=\"https:\/\/clustersivi.org\/wp-content\/uploads\/2026\/04\/image00032-1-1024x768.jpeg 1024w, https:\/\/clustersivi.org\/wp-content\/uploads\/2026\/04\/image00032-1-300x225.jpeg 300w, https:\/\/clustersivi.org\/wp-content\/uploads\/2026\/04\/image00032-1-768x576.jpeg 768w, https:\/\/clustersivi.org\/wp-content\/uploads\/2026\/04\/image00032-1-1536x1152.jpeg 1536w, https:\/\/clustersivi.org\/wp-content\/uploads\/2026\/04\/image00032-1-2048x1536.jpeg 2048w\" alt=\"\" width=\"1024\" height=\"768\" data-id=\"10179\" \/><\/figure>\n<figure class=\"wp-block-image size-large\"><img loading=\"lazy\" decoding=\"async\" class=\"wp-image-10166\" src=\"https:\/\/clustersivi.org\/wp-content\/uploads\/2026\/04\/image00048-1024x768.jpeg\" sizes=\"(max-width: 1024px) 100vw, 1024px\" srcset=\"https:\/\/clustersivi.org\/wp-content\/uploads\/2026\/04\/image00048-1024x768.jpeg 1024w, https:\/\/clustersivi.org\/wp-content\/uploads\/2026\/04\/image00048-300x225.jpeg 300w, https:\/\/clustersivi.org\/wp-content\/uploads\/2026\/04\/image00048-768x576.jpeg 768w, https:\/\/clustersivi.org\/wp-content\/uploads\/2026\/04\/image00048-1536x1152.jpeg 1536w, https:\/\/clustersivi.org\/wp-content\/uploads\/2026\/04\/image00048-2048x1536.jpeg 2048w\" alt=\"\" width=\"1024\" height=\"768\" data-id=\"10166\" \/><\/figure>\n<figure class=\"wp-block-image size-large\"><img loading=\"lazy\" decoding=\"async\" class=\"wp-image-10180\" src=\"https:\/\/clustersivi.org\/wp-content\/uploads\/2026\/04\/image00051-1-1024x768.jpeg\" sizes=\"(max-width: 1024px) 100vw, 1024px\" srcset=\"https:\/\/clustersivi.org\/wp-content\/uploads\/2026\/04\/image00051-1-1024x768.jpeg 1024w, https:\/\/clustersivi.org\/wp-content\/uploads\/2026\/04\/image00051-1-300x225.jpeg 300w, https:\/\/clustersivi.org\/wp-content\/uploads\/2026\/04\/image00051-1-768x576.jpeg 768w, https:\/\/clustersivi.org\/wp-content\/uploads\/2026\/04\/image00051-1-1536x1152.jpeg 1536w, https:\/\/clustersivi.org\/wp-content\/uploads\/2026\/04\/image00051-1-2048x1536.jpeg 2048w\" alt=\"\" width=\"1024\" height=\"768\" data-id=\"10180\" \/><\/figure>\n<\/figure>\n<h2 class=\"wp-block-heading\"><span data-sheets-root=\"1\">Consortium du projet REVITAL<br \/>\n<\/span><\/h2>\n<p>Le <a href=\"https:\/\/clustersivi.org\/\" target=\"_blank\" rel=\"noreferrer noopener\">Cl\u00faster Soluciones Innovadoras para la Vida Independiente (SIVI)<\/a> <span data-sheets-root=\"1\">coordonne ce projet, financ\u00e9 par Interreg-Sudoe. Ce consortium r\u00e9unit la<\/span> <a href=\"https:\/\/www.jcyl.es\/web\/jcyl\/Portada\/es\/Plantilla100DirectorioPortada\/1248366924958\/0\/1284448289528\/DirectorioPadre\" target=\"_blank\" rel=\"noreferrer noopener\">Gerencia de Servicios Sociales de Castilla y Le\u00f3n<\/a>,\u00a0<a href=\"https:\/\/www.fundacionsancebrian.com\/portal\/\" target=\"_blank\" rel=\"noreferrer noopener\">Fundaci\u00f3n San Cebri\u00e1n<\/a>,\u00a0<a href=\"https:\/\/www.gogoa.eu\/\" target=\"_blank\" rel=\"noreferrer noopener\">GOGOA Mobility Robots<\/a>,\u00a0<a href=\"https:\/\/www.estia.fr\/\" target=\"_blank\" rel=\"noreferrer noopener\">\u00c9cole Sup\u00e9rieure des Technologies Industrielles Avanc\u00e9es (ESTIA)<\/a>,\u00a0<a href=\"https:\/\/www.deusto.es\/es\/inicio\" target=\"_blank\" rel=\"noreferrer noopener\">Universidad de DEUSTO<\/a>,\u00a0<a href=\"https:\/\/www.eps-garazi.fr\/\" target=\"_blank\" rel=\"noreferrer noopener\">Etablissement Public de Sant\u00e9 de GARAZI<\/a>,\u00a0<a href=\"https:\/\/www.aebb.pt\/\" target=\"_blank\" rel=\"noreferrer noopener\">Associa\u00e7\u00e3o Empresarial da Beira Baixa (AEBB)<\/a> et\u00a0 <a href=\"https:\/\/www.ipcb.pt\/\" target=\"_blank\" rel=\"noreferrer noopener\">l&rsquo;Instituto Polit\u00e9cnico de Castelo Branco (IPCB)<\/a>.<\/p>\n","protected":false},"excerpt":{"rendered":"<p>Le projet REVITAL a \u00e9t\u00e9 pr\u00e9sent\u00e9 \u00e0 plus de 30 professionnels des secteurs social et de la sant\u00e9 lors de l&rsquo;atelier \u00ab\u00a0Exosquelettes et neuror\u00e9adaptation\u00a0\u00bb, qui s&rsquo;est tenu le mardi 14 avril au P\u00f4le d&rsquo;innovation technologique La Aldehuela \u00e0 Zamora. La pr\u00e9sentation a suscit\u00e9 un vif int\u00e9r\u00eat en raison de son approche novatrice appliqu\u00e9e aux zones [&hellip;]<\/p>\n","protected":false},"author":6552,"featured_media":63931,"parent":0,"template":"","meta":{"_acf_changed":false,"content-type":"","_monsterinsights_skip_tracking":false,"_monsterinsights_sitenote_active":false,"_monsterinsights_sitenote_note":"","_monsterinsights_sitenote_category":0},"class_list":["post-64233","noticia-proyecto","type-noticia-proyecto","status-publish","has-post-thumbnail","hentry"],"acf":[],"yoast_head":"<!-- This site is optimized with the Yoast SEO plugin v27.4 - https:\/\/yoast.com\/product\/yoast-seo-wordpress\/ -->\n<title>Le projet REVITAL a \u00e9t\u00e9 pr\u00e9sent\u00e9 \u00e0 plus de 30 professionnels lors d&#039;un atelier sur les exosquelettes et la neuror\u00e9adaptation \u00e0 Zamora - Interreg Sudoe<\/title>\n<meta name=\"robots\" content=\"index, follow, max-snippet:-1, max-image-preview:large, max-video-preview:-1\" \/>\n<link rel=\"canonical\" href=\"https:\/\/interreg-sudoe.eu\/fr\/noticia-proyecto\/le-projet-revital-a-ete-presente-a-plus-de-30-professionnels-lors-dun-atelier-sur-les-exosquelettes-et-la-neuroreadaptation-a-zamora\/\" \/>\n<meta property=\"og:locale\" content=\"fr_FR\" \/>\n<meta property=\"og:type\" content=\"article\" \/>\n<meta property=\"og:title\" content=\"Le projet REVITAL a \u00e9t\u00e9 pr\u00e9sent\u00e9 \u00e0 plus de 30 professionnels lors d&#039;un atelier sur les exosquelettes et la neuror\u00e9adaptation \u00e0 Zamora - Interreg Sudoe\" \/>\n<meta property=\"og:description\" content=\"Le projet REVITAL a \u00e9t\u00e9 pr\u00e9sent\u00e9 \u00e0 plus de 30 professionnels des secteurs social et de la sant\u00e9 lors de l&rsquo;atelier \u00ab\u00a0Exosquelettes et neuror\u00e9adaptation\u00a0\u00bb, qui s&rsquo;est tenu le mardi 14 avril au P\u00f4le d&rsquo;innovation technologique La Aldehuela \u00e0 Zamora. La pr\u00e9sentation a suscit\u00e9 un vif int\u00e9r\u00eat en raison de son approche novatrice appliqu\u00e9e aux zones [&hellip;]\" \/>\n<meta property=\"og:url\" content=\"https:\/\/interreg-sudoe.eu\/fr\/noticia-proyecto\/le-projet-revital-a-ete-presente-a-plus-de-30-professionnels-lors-dun-atelier-sur-les-exosquelettes-et-la-neuroreadaptation-a-zamora\/\" \/>\n<meta property=\"og:site_name\" content=\"Interreg Sudoe\" \/>\n<meta property=\"article:publisher\" content=\"https:\/\/www.facebook.com\/interregsudoe\" \/>\n<meta property=\"article:modified_time\" content=\"2026-04-22T14:35:03+00:00\" \/>\n<meta property=\"og:image\" content=\"https:\/\/interreg-sudoe.eu\/wp-content\/uploads\/2026\/04\/EL-PROYECTO-REVITAL-SE-EXPONE.jpg\" \/>\n\t<meta property=\"og:image:width\" content=\"1127\" \/>\n\t<meta property=\"og:image:height\" content=\"708\" \/>\n\t<meta property=\"og:image:type\" content=\"image\/jpeg\" \/>\n<meta name=\"twitter:card\" content=\"summary_large_image\" \/>\n<meta name=\"twitter:site\" content=\"@Sudoe5\" \/>\n<meta name=\"twitter:label1\" content=\"Dur\u00e9e de lecture estim\u00e9e\" \/>\n\t<meta name=\"twitter:data1\" content=\"3 minutes\" \/>\n<script type=\"application\/ld+json\" class=\"yoast-schema-graph\">{\"@context\":\"https:\\\/\\\/schema.org\",\"@graph\":[{\"@type\":\"WebPage\",\"@id\":\"https:\\\/\\\/interreg-sudoe.eu\\\/fr\\\/noticia-proyecto\\\/le-projet-revital-a-ete-presente-a-plus-de-30-professionnels-lors-dun-atelier-sur-les-exosquelettes-et-la-neuroreadaptation-a-zamora\\\/\",\"url\":\"https:\\\/\\\/interreg-sudoe.eu\\\/fr\\\/noticia-proyecto\\\/le-projet-revital-a-ete-presente-a-plus-de-30-professionnels-lors-dun-atelier-sur-les-exosquelettes-et-la-neuroreadaptation-a-zamora\\\/\",\"name\":\"Le projet REVITAL a \u00e9t\u00e9 pr\u00e9sent\u00e9 \u00e0 plus de 30 professionnels lors d'un atelier sur les exosquelettes et la neuror\u00e9adaptation \u00e0 Zamora - Interreg Sudoe\",\"isPartOf\":{\"@id\":\"https:\\\/\\\/interreg-sudoe.eu\\\/fr\\\/#website\"},\"primaryImageOfPage\":{\"@id\":\"https:\\\/\\\/interreg-sudoe.eu\\\/fr\\\/noticia-proyecto\\\/le-projet-revital-a-ete-presente-a-plus-de-30-professionnels-lors-dun-atelier-sur-les-exosquelettes-et-la-neuroreadaptation-a-zamora\\\/#primaryimage\"},\"image\":{\"@id\":\"https:\\\/\\\/interreg-sudoe.eu\\\/fr\\\/noticia-proyecto\\\/le-projet-revital-a-ete-presente-a-plus-de-30-professionnels-lors-dun-atelier-sur-les-exosquelettes-et-la-neuroreadaptation-a-zamora\\\/#primaryimage\"},\"thumbnailUrl\":\"https:\\\/\\\/interreg-sudoe.eu\\\/wp-content\\\/uploads\\\/2026\\\/04\\\/EL-PROYECTO-REVITAL-SE-EXPONE.jpg\",\"datePublished\":\"2026-04-16T08:36:39+00:00\",\"dateModified\":\"2026-04-22T14:35:03+00:00\",\"breadcrumb\":{\"@id\":\"https:\\\/\\\/interreg-sudoe.eu\\\/fr\\\/noticia-proyecto\\\/le-projet-revital-a-ete-presente-a-plus-de-30-professionnels-lors-dun-atelier-sur-les-exosquelettes-et-la-neuroreadaptation-a-zamora\\\/#breadcrumb\"},\"inLanguage\":\"fr-FR\",\"potentialAction\":[{\"@type\":\"ReadAction\",\"target\":[\"https:\\\/\\\/interreg-sudoe.eu\\\/fr\\\/noticia-proyecto\\\/le-projet-revital-a-ete-presente-a-plus-de-30-professionnels-lors-dun-atelier-sur-les-exosquelettes-et-la-neuroreadaptation-a-zamora\\\/\"]}]},{\"@type\":\"ImageObject\",\"inLanguage\":\"fr-FR\",\"@id\":\"https:\\\/\\\/interreg-sudoe.eu\\\/fr\\\/noticia-proyecto\\\/le-projet-revital-a-ete-presente-a-plus-de-30-professionnels-lors-dun-atelier-sur-les-exosquelettes-et-la-neuroreadaptation-a-zamora\\\/#primaryimage\",\"url\":\"https:\\\/\\\/interreg-sudoe.eu\\\/wp-content\\\/uploads\\\/2026\\\/04\\\/EL-PROYECTO-REVITAL-SE-EXPONE.jpg\",\"contentUrl\":\"https:\\\/\\\/interreg-sudoe.eu\\\/wp-content\\\/uploads\\\/2026\\\/04\\\/EL-PROYECTO-REVITAL-SE-EXPONE.jpg\",\"width\":1127,\"height\":708,\"caption\":\"El proyecto REVITAL se expone ante m\u00e1s de 30 profesionales en un taller sobre Exoesqueletos y Neurorrehabilitaci\u00f3n en Zamora\"},{\"@type\":\"BreadcrumbList\",\"@id\":\"https:\\\/\\\/interreg-sudoe.eu\\\/fr\\\/noticia-proyecto\\\/le-projet-revital-a-ete-presente-a-plus-de-30-professionnels-lors-dun-atelier-sur-les-exosquelettes-et-la-neuroreadaptation-a-zamora\\\/#breadcrumb\",\"itemListElement\":[{\"@type\":\"ListItem\",\"position\":1,\"name\":\"Home\",\"item\":\"https:\\\/\\\/interreg-sudoe.eu\\\/fr\\\/\"},{\"@type\":\"ListItem\",\"position\":2,\"name\":\"Le projet REVITAL a \u00e9t\u00e9 pr\u00e9sent\u00e9 \u00e0 plus de 30 professionnels lors d&#8217;un atelier sur les exosquelettes et la neuror\u00e9adaptation \u00e0 Zamora\"}]},{\"@type\":\"WebSite\",\"@id\":\"https:\\\/\\\/interreg-sudoe.eu\\\/fr\\\/#website\",\"url\":\"https:\\\/\\\/interreg-sudoe.eu\\\/fr\\\/\",\"name\":\"Interreg Sudoe\",\"description\":\"Interreg Sudoe\",\"publisher\":{\"@id\":\"https:\\\/\\\/interreg-sudoe.eu\\\/fr\\\/#organization\"},\"alternateName\":\"Interreg Sudoe\",\"potentialAction\":[{\"@type\":\"SearchAction\",\"target\":{\"@type\":\"EntryPoint\",\"urlTemplate\":\"https:\\\/\\\/interreg-sudoe.eu\\\/fr\\\/?s={search_term_string}\"},\"query-input\":{\"@type\":\"PropertyValueSpecification\",\"valueRequired\":true,\"valueName\":\"search_term_string\"}}],\"inLanguage\":\"fr-FR\"},{\"@type\":\"Organization\",\"@id\":\"https:\\\/\\\/interreg-sudoe.eu\\\/fr\\\/#organization\",\"name\":\"Interreg Sudoe\",\"alternateName\":\"Interreg Sudoe\",\"url\":\"https:\\\/\\\/interreg-sudoe.eu\\\/fr\\\/\",\"logo\":{\"@type\":\"ImageObject\",\"inLanguage\":\"fr-FR\",\"@id\":\"https:\\\/\\\/interreg-sudoe.eu\\\/fr\\\/#\\\/schema\\\/logo\\\/image\\\/\",\"url\":\"https:\\\/\\\/interreg-sudoe.eu\\\/wp-content\\\/uploads\\\/2024\\\/03\\\/logo-interreg.png\",\"contentUrl\":\"https:\\\/\\\/interreg-sudoe.eu\\\/wp-content\\\/uploads\\\/2024\\\/03\\\/logo-interreg.png\",\"width\":1200,\"height\":675,\"caption\":\"Interreg Sudoe\"},\"image\":{\"@id\":\"https:\\\/\\\/interreg-sudoe.eu\\\/fr\\\/#\\\/schema\\\/logo\\\/image\\\/\"},\"sameAs\":[\"https:\\\/\\\/www.facebook.com\\\/interregsudoe\",\"https:\\\/\\\/x.com\\\/Sudoe5\",\"https:\\\/\\\/www.youtube.com\\\/channel\\\/UCeGx2edoB32beRc9dbKA2vw\",\"https:\\\/\\\/www.linkedin.com\\\/company\\\/interreg-sudoe-programme\\\/\",\"https:\\\/\\\/www.flickr.com\\\/photos\\\/148704685@N06\\\/\"]}]}<\/script>\n<!-- \/ Yoast SEO plugin. -->","yoast_head_json":{"title":"Le projet REVITAL a \u00e9t\u00e9 pr\u00e9sent\u00e9 \u00e0 plus de 30 professionnels lors d'un atelier sur les exosquelettes et la neuror\u00e9adaptation \u00e0 Zamora - Interreg Sudoe","robots":{"index":"index","follow":"follow","max-snippet":"max-snippet:-1","max-image-preview":"max-image-preview:large","max-video-preview":"max-video-preview:-1"},"canonical":"https:\/\/interreg-sudoe.eu\/fr\/noticia-proyecto\/le-projet-revital-a-ete-presente-a-plus-de-30-professionnels-lors-dun-atelier-sur-les-exosquelettes-et-la-neuroreadaptation-a-zamora\/","og_locale":"fr_FR","og_type":"article","og_title":"Le projet REVITAL a \u00e9t\u00e9 pr\u00e9sent\u00e9 \u00e0 plus de 30 professionnels lors d'un atelier sur les exosquelettes et la neuror\u00e9adaptation \u00e0 Zamora - Interreg Sudoe","og_description":"Le projet REVITAL a \u00e9t\u00e9 pr\u00e9sent\u00e9 \u00e0 plus de 30 professionnels des secteurs social et de la sant\u00e9 lors de l&rsquo;atelier \u00ab\u00a0Exosquelettes et neuror\u00e9adaptation\u00a0\u00bb, qui s&rsquo;est tenu le mardi 14 avril au P\u00f4le d&rsquo;innovation technologique La Aldehuela \u00e0 Zamora. La pr\u00e9sentation a suscit\u00e9 un vif int\u00e9r\u00eat en raison de son approche novatrice appliqu\u00e9e aux zones [&hellip;]","og_url":"https:\/\/interreg-sudoe.eu\/fr\/noticia-proyecto\/le-projet-revital-a-ete-presente-a-plus-de-30-professionnels-lors-dun-atelier-sur-les-exosquelettes-et-la-neuroreadaptation-a-zamora\/","og_site_name":"Interreg Sudoe","article_publisher":"https:\/\/www.facebook.com\/interregsudoe","article_modified_time":"2026-04-22T14:35:03+00:00","og_image":[{"width":1127,"height":708,"url":"https:\/\/interreg-sudoe.eu\/wp-content\/uploads\/2026\/04\/EL-PROYECTO-REVITAL-SE-EXPONE.jpg","type":"image\/jpeg"}],"twitter_card":"summary_large_image","twitter_site":"@Sudoe5","twitter_misc":{"Dur\u00e9e de lecture estim\u00e9e":"3 minutes"},"schema":{"@context":"https:\/\/schema.org","@graph":[{"@type":"WebPage","@id":"https:\/\/interreg-sudoe.eu\/fr\/noticia-proyecto\/le-projet-revital-a-ete-presente-a-plus-de-30-professionnels-lors-dun-atelier-sur-les-exosquelettes-et-la-neuroreadaptation-a-zamora\/","url":"https:\/\/interreg-sudoe.eu\/fr\/noticia-proyecto\/le-projet-revital-a-ete-presente-a-plus-de-30-professionnels-lors-dun-atelier-sur-les-exosquelettes-et-la-neuroreadaptation-a-zamora\/","name":"Le projet REVITAL a \u00e9t\u00e9 pr\u00e9sent\u00e9 \u00e0 plus de 30 professionnels lors d'un atelier sur les exosquelettes et la neuror\u00e9adaptation \u00e0 Zamora - Interreg Sudoe","isPartOf":{"@id":"https:\/\/interreg-sudoe.eu\/fr\/#website"},"primaryImageOfPage":{"@id":"https:\/\/interreg-sudoe.eu\/fr\/noticia-proyecto\/le-projet-revital-a-ete-presente-a-plus-de-30-professionnels-lors-dun-atelier-sur-les-exosquelettes-et-la-neuroreadaptation-a-zamora\/#primaryimage"},"image":{"@id":"https:\/\/interreg-sudoe.eu\/fr\/noticia-proyecto\/le-projet-revital-a-ete-presente-a-plus-de-30-professionnels-lors-dun-atelier-sur-les-exosquelettes-et-la-neuroreadaptation-a-zamora\/#primaryimage"},"thumbnailUrl":"https:\/\/interreg-sudoe.eu\/wp-content\/uploads\/2026\/04\/EL-PROYECTO-REVITAL-SE-EXPONE.jpg","datePublished":"2026-04-16T08:36:39+00:00","dateModified":"2026-04-22T14:35:03+00:00","breadcrumb":{"@id":"https:\/\/interreg-sudoe.eu\/fr\/noticia-proyecto\/le-projet-revital-a-ete-presente-a-plus-de-30-professionnels-lors-dun-atelier-sur-les-exosquelettes-et-la-neuroreadaptation-a-zamora\/#breadcrumb"},"inLanguage":"fr-FR","potentialAction":[{"@type":"ReadAction","target":["https:\/\/interreg-sudoe.eu\/fr\/noticia-proyecto\/le-projet-revital-a-ete-presente-a-plus-de-30-professionnels-lors-dun-atelier-sur-les-exosquelettes-et-la-neuroreadaptation-a-zamora\/"]}]},{"@type":"ImageObject","inLanguage":"fr-FR","@id":"https:\/\/interreg-sudoe.eu\/fr\/noticia-proyecto\/le-projet-revital-a-ete-presente-a-plus-de-30-professionnels-lors-dun-atelier-sur-les-exosquelettes-et-la-neuroreadaptation-a-zamora\/#primaryimage","url":"https:\/\/interreg-sudoe.eu\/wp-content\/uploads\/2026\/04\/EL-PROYECTO-REVITAL-SE-EXPONE.jpg","contentUrl":"https:\/\/interreg-sudoe.eu\/wp-content\/uploads\/2026\/04\/EL-PROYECTO-REVITAL-SE-EXPONE.jpg","width":1127,"height":708,"caption":"El proyecto REVITAL se expone ante m\u00e1s de 30 profesionales en un taller sobre Exoesqueletos y Neurorrehabilitaci\u00f3n en Zamora"},{"@type":"BreadcrumbList","@id":"https:\/\/interreg-sudoe.eu\/fr\/noticia-proyecto\/le-projet-revital-a-ete-presente-a-plus-de-30-professionnels-lors-dun-atelier-sur-les-exosquelettes-et-la-neuroreadaptation-a-zamora\/#breadcrumb","itemListElement":[{"@type":"ListItem","position":1,"name":"Home","item":"https:\/\/interreg-sudoe.eu\/fr\/"},{"@type":"ListItem","position":2,"name":"Le projet REVITAL a \u00e9t\u00e9 pr\u00e9sent\u00e9 \u00e0 plus de 30 professionnels lors d&#8217;un atelier sur les exosquelettes et la neuror\u00e9adaptation \u00e0 Zamora"}]},{"@type":"WebSite","@id":"https:\/\/interreg-sudoe.eu\/fr\/#website","url":"https:\/\/interreg-sudoe.eu\/fr\/","name":"Interreg Sudoe","description":"Interreg Sudoe","publisher":{"@id":"https:\/\/interreg-sudoe.eu\/fr\/#organization"},"alternateName":"Interreg Sudoe","potentialAction":[{"@type":"SearchAction","target":{"@type":"EntryPoint","urlTemplate":"https:\/\/interreg-sudoe.eu\/fr\/?s={search_term_string}"},"query-input":{"@type":"PropertyValueSpecification","valueRequired":true,"valueName":"search_term_string"}}],"inLanguage":"fr-FR"},{"@type":"Organization","@id":"https:\/\/interreg-sudoe.eu\/fr\/#organization","name":"Interreg Sudoe","alternateName":"Interreg Sudoe","url":"https:\/\/interreg-sudoe.eu\/fr\/","logo":{"@type":"ImageObject","inLanguage":"fr-FR","@id":"https:\/\/interreg-sudoe.eu\/fr\/#\/schema\/logo\/image\/","url":"https:\/\/interreg-sudoe.eu\/wp-content\/uploads\/2024\/03\/logo-interreg.png","contentUrl":"https:\/\/interreg-sudoe.eu\/wp-content\/uploads\/2024\/03\/logo-interreg.png","width":1200,"height":675,"caption":"Interreg Sudoe"},"image":{"@id":"https:\/\/interreg-sudoe.eu\/fr\/#\/schema\/logo\/image\/"},"sameAs":["https:\/\/www.facebook.com\/interregsudoe","https:\/\/x.com\/Sudoe5","https:\/\/www.youtube.com\/channel\/UCeGx2edoB32beRc9dbKA2vw","https:\/\/www.linkedin.com\/company\/interreg-sudoe-programme\/","https:\/\/www.flickr.com\/photos\/148704685@N06\/"]}]}},"_links":{"self":[{"href":"https:\/\/interreg-sudoe.eu\/fr\/wp-json\/wp\/v2\/noticia-proyecto\/64233","targetHints":{"allow":["GET"]}}],"collection":[{"href":"https:\/\/interreg-sudoe.eu\/fr\/wp-json\/wp\/v2\/noticia-proyecto"}],"about":[{"href":"https:\/\/interreg-sudoe.eu\/fr\/wp-json\/wp\/v2\/types\/noticia-proyecto"}],"author":[{"embeddable":true,"href":"https:\/\/interreg-sudoe.eu\/fr\/wp-json\/wp\/v2\/users\/6552"}],"wp:featuredmedia":[{"embeddable":true,"href":"https:\/\/interreg-sudoe.eu\/fr\/wp-json\/wp\/v2\/media\/63931"}],"wp:attachment":[{"href":"https:\/\/interreg-sudoe.eu\/fr\/wp-json\/wp\/v2\/media?parent=64233"}],"curies":[{"name":"wp","href":"https:\/\/api.w.org\/{rel}","templated":true}]}}