{"id":64240,"date":"2026-04-17T09:50:49","date_gmt":"2026-04-17T07:50:49","guid":{"rendered":"https:\/\/interreg-sudoe.eu\/?post_type=noticia-proyecto&#038;p=64240"},"modified":"2026-04-22T17:01:19","modified_gmt":"2026-04-22T15:01:19","slug":"lipcb-presente-revital-au-4e-congres-age-com-sur-les-defis-du-vieillissement","status":"publish","type":"noticia-proyecto","link":"https:\/\/interreg-sudoe.eu\/fr\/noticia-proyecto\/lipcb-presente-revital-au-4e-congres-age-com-sur-les-defis-du-vieillissement\/","title":{"rendered":"L&rsquo;IPCB pr\u00e9sente REVITAL au 4e congr\u00e8s AGE.COM sur les d\u00e9fis du vieillissement"},"content":{"rendered":"<p><span data-sheets-root=\"1\">Le projet REVITAL \u00e9tait pr\u00e9sent au 4e congr\u00e8s AGE.COM, confirmant ainsi sa position parmi les initiatives les plus pertinentes en mati\u00e8re de vieillissement en milieu rural. Sa participation a \u00e9t\u00e9 rendue possible gr\u00e2ce \u00e0 l&rsquo;Escola Superior de Sa\u00fade Dr. Lopes Dias (ESALD), rattach\u00e9e \u00e0 l&rsquo;Institut Polytechnique de Castelo Branco, qui a promu le projet en l&rsquo;int\u00e9grant \u00e0 la session d&rsquo;affichage du congr\u00e8s.<\/p>\n<p>L&rsquo;affiche pr\u00e9sent\u00e9e synth\u00e9tise les travaux men\u00e9s dans le cadre de REVITAL, qui vise \u00e0 r\u00e9pondre aux enjeux du vieillissement et du d\u00e9peuplement des zones rurales de la r\u00e9gion SUDOE, telles que la Beira Baixa (Portugal), la Castille-et-Le\u00f3n (Espagne) et le Pays basque fran\u00e7ais. Ces r\u00e9gions sont caract\u00e9ris\u00e9es par un vieillissement d\u00e9mographique marqu\u00e9 et un acc\u00e8s limit\u00e9 aux services sociaux et de sant\u00e9, situation exacerb\u00e9e par la pand\u00e9mie de COVID-19, notamment pour les personnes \u00e2g\u00e9es et d\u00e9pendantes.<\/p>\n<p>Dans ce contexte, REVITAL propose une solution innovante fond\u00e9e sur la mise en \u0153uvre de services de t\u00e9l\u00e9assistance et de t\u00e9l\u00e9r\u00e9adaptation, alliant innovation technologique et coh\u00e9sion sociale.<\/span><\/p>\n<h2 class=\"wp-block-heading\"><span data-sheets-root=\"1\">Contenu de l&rsquo;affiche pr\u00e9sent\u00e9e au 4e Congr\u00e8s AGE.COM<br \/>\n<\/span><\/h2>\n<div class=\"wp-block-image\">\n<figure class=\"alignright size-large is-resized\"><img fetchpriority=\"high\" decoding=\"async\" class=\"wp-image-10203\" src=\"https:\/\/clustersivi.org\/wp-content\/uploads\/2026\/04\/Portada-4o-Congresso-AGE.COM_-829x1024.jpg\" sizes=\"(max-width: 829px) 100vw, 829px\" srcset=\"https:\/\/clustersivi.org\/wp-content\/uploads\/2026\/04\/Portada-4o-Congresso-AGE.COM_-829x1024.jpg 829w, https:\/\/clustersivi.org\/wp-content\/uploads\/2026\/04\/Portada-4o-Congresso-AGE.COM_-243x300.jpg 243w, https:\/\/clustersivi.org\/wp-content\/uploads\/2026\/04\/Portada-4o-Congresso-AGE.COM_-768x949.jpg 768w, https:\/\/clustersivi.org\/wp-content\/uploads\/2026\/04\/Portada-4o-Congresso-AGE.COM_-1244x1536.jpg 1244w, https:\/\/clustersivi.org\/wp-content\/uploads\/2026\/04\/Portada-4o-Congresso-AGE.COM_.jpg 1658w\" alt=\"\" width=\"545\" height=\"673\" \/><\/figure>\n<\/div>\n<p><span data-sheets-root=\"1\">L&rsquo;objectif principal du projet est de fournir des soins de physioth\u00e9rapie et de r\u00e9adaptation neurologique aux adultes atteints d&rsquo;affections neurologiques chroniques et r\u00e9sidant dans des zones rurales peu peupl\u00e9es. \u00c0 cette fin, un mod\u00e8le hybride combinant soins en pr\u00e9sentiel et t\u00e9l\u00e9r\u00e9adaptation est mis en \u0153uvre au Portugal. Sa viabilit\u00e9 en tant que strat\u00e9gie de d\u00e9veloppement socio-\u00e9conomique et sanitaire, ainsi que de maintien de la population, est actuellement \u00e9valu\u00e9e.<\/p>\n<p>La m\u00e9thodologie de l&rsquo;\u00e9tude repose sur une \u00e9tude pilote exploratoire utilisant une approche mixte (quantitative et qualitative). Cette \u00e9tude a \u00e9t\u00e9 men\u00e9e \u00e0 la clinique universitaire ESALD (IPCB) et au domicile des participants dans la r\u00e9gion de Beira Baixa. L&rsquo;\u00e9chantillon comprend 25 adultes de plus de 18 ans, autonomes et atteints d&rsquo;affections neurologiques chroniques. Les outils d&rsquo;\u00e9valuation utilis\u00e9s incluent le Mini-Mental State Examination (MMSE), le questionnaire de sant\u00e9 SF-36v2, le Health Assessment Questionnaire (version courte), l&rsquo;\u00e9chelle USE (utilit\u00e9, satisfaction et facilit\u00e9 d&rsquo;utilisation) et un questionnaire sociod\u00e9mographique.<\/p>\n<p>Parmi les r\u00e9sultats attendus, le projet vise \u00e0 d\u00e9montrer l&rsquo;efficacit\u00e9 de la t\u00e9l\u00e9r\u00e9adaptation pour am\u00e9liorer la fonctionnalit\u00e9 et la qualit\u00e9 de vie des participants, ainsi qu&rsquo;\u00e0 identifier les obstacles et les facteurs favorisant l&rsquo;adoption des technologies dans les soins de sant\u00e9 en milieu rural. \u00c0 terme, le projet cherche \u00e0 d\u00e9montrer que l&rsquo;int\u00e9gration de solutions technologiques aux services de r\u00e9adaptation peut am\u00e9liorer l&rsquo;acc\u00e8s aux soins, cr\u00e9er des emplois qualifi\u00e9s et contribuer \u00e0 la revitalisation socio-\u00e9conomique des zones \u00e0 faible densit\u00e9 de population.<\/p>\n<p>Consultez l&rsquo;affiche du projet REVITAL \u00e0 l&rsquo;adresse suivante\u00a0: <a href=\"https:\/\/eu-central-1.linodeobjects.com\/evt4-media\/documents\/4Age.comm_Livro_de_resumos_3Fev.pdf\" target=\"_blank\" rel=\"noopener\">https:\/\/eu-central-1.linodeobjects.com\/evt4-media\/documents\/4Age.comm_Livro_de_resumos_3Fev.pdf<\/a> (pages 16 et 17 \/ 17 et 18 du PDF).<\/span><\/p>\n<h2 class=\"wp-block-heading\"><span data-sheets-root=\"1\">L&rsquo;IPCB, responsable du projet pilote REVITAL au Portugal.<br \/>\n<\/span><\/h2>\n<p><span data-sheets-root=\"1\">\u00c0 cet \u00e9gard, l&rsquo;Institut Polytechnique de Castelo Branco (IPCB) a pilot\u00e9 le projet REVITAL au Portugal, avec des r\u00e9sultats significatifs\u00a0: 20 personnes accompagn\u00e9es, 209 s\u00e9ances individuelles r\u00e9alis\u00e9es et un \u00e2ge moyen des participants de 69\u00a0ans.<\/p>\n<p>La conf\u00e9rence o\u00f9 ce travail a \u00e9t\u00e9 pr\u00e9sent\u00e9, organis\u00e9e par l&rsquo;Unit\u00e9 de Recherche Interdisciplinaire \u2013 Communaut\u00e9s du Vieillissement Fonctionnel (Age.Comm) de l&rsquo;IPCB, visait \u00e0 approfondir le d\u00e9bat sur les enjeux du vieillissement dans la soci\u00e9t\u00e9 contemporaine. Sous le th\u00e8me \u00ab Les d\u00e9fis du vieillissement : cr\u00e9ativit\u00e9, connectivit\u00e9 et inclusion \u00bb, l&rsquo;\u00e9v\u00e9nement a envisag\u00e9 le vieillissement non comme un probl\u00e8me, mais comme une opportunit\u00e9 pour le d\u00e9veloppement de communaut\u00e9s durables et innovantes.<\/p>\n<p>Du 13 au 15 novembre 2025, cette rencontre internationale et interdisciplinaire a r\u00e9uni chercheurs, professionnels et d\u00e9cideurs politiques afin d&rsquo;analyser les multiples dimensions du vieillissement et de r\u00e9fl\u00e9chir \u00e0 de nouvelles strat\u00e9gies pour faire face aux transformations d\u00e9mographiques et sociales actuelles.<\/span><\/p>\n<h2 class=\"wp-block-heading\"><span data-sheets-root=\"1\">Consortium du projet REVITAL<br \/>\n<\/span><\/h2>\n<p>Le\u00a0<a href=\"https:\/\/clustersivi.org\/\" target=\"_blank\" rel=\"noreferrer noopener\">Cl\u00faster Soluciones Innovadoras para la Vida Independiente (SIVI)<\/a>\u00a0<span data-sheets-root=\"1\">coordonne ce projet, financ\u00e9 par Interreg-Sudoe. Ce consortium r\u00e9unit la<\/span>\u00a0<a href=\"https:\/\/www.jcyl.es\/web\/jcyl\/Portada\/es\/Plantilla100DirectorioPortada\/1248366924958\/0\/1284448289528\/DirectorioPadre\" target=\"_blank\" rel=\"noreferrer noopener\">Gerencia de Servicios Sociales de Castilla y Le\u00f3n<\/a>,\u00a0<a href=\"https:\/\/www.fundacionsancebrian.com\/portal\/\" target=\"_blank\" rel=\"noreferrer noopener\">Fundaci\u00f3n San Cebri\u00e1n<\/a>,\u00a0<a href=\"https:\/\/www.gogoa.eu\/\" target=\"_blank\" rel=\"noreferrer noopener\">GOGOA Mobility Robots<\/a>,\u00a0<a href=\"https:\/\/www.estia.fr\/\" target=\"_blank\" rel=\"noreferrer noopener\">\u00c9cole Sup\u00e9rieure des Technologies Industrielles Avanc\u00e9es (ESTIA)<\/a>,\u00a0<a href=\"https:\/\/www.deusto.es\/es\/inicio\" target=\"_blank\" rel=\"noreferrer noopener\">Universidad de DEUSTO<\/a>,\u00a0<a href=\"https:\/\/www.eps-garazi.fr\/\" target=\"_blank\" rel=\"noreferrer noopener\">Etablissement Public de Sant\u00e9 de GARAZI<\/a>,\u00a0<a href=\"https:\/\/www.aebb.pt\/\" target=\"_blank\" rel=\"noreferrer noopener\">Associa\u00e7\u00e3o Empresarial da Beira Baixa (AEBB)<\/a>\u00a0et\u00a0\u00a0<a href=\"https:\/\/www.ipcb.pt\/\" target=\"_blank\" rel=\"noreferrer noopener\">l\u2019Instituto Polit\u00e9cnico de Castelo Branco (IPCB)<\/a>.<\/p>\n","protected":false},"excerpt":{"rendered":"<p>Le projet REVITAL \u00e9tait pr\u00e9sent au 4e congr\u00e8s AGE.COM, confirmant ainsi sa position parmi les initiatives les plus pertinentes en mati\u00e8re de vieillissement en milieu rural. Sa participation a \u00e9t\u00e9 rendue possible gr\u00e2ce \u00e0 l&rsquo;Escola Superior de Sa\u00fade Dr. Lopes Dias (ESALD), rattach\u00e9e \u00e0 l&rsquo;Institut Polytechnique de Castelo Branco, qui a promu le projet en [&hellip;]<\/p>\n","protected":false},"author":6552,"featured_media":63987,"parent":0,"template":"","meta":{"_acf_changed":false,"content-type":"","_monsterinsights_skip_tracking":false,"_monsterinsights_sitenote_active":false,"_monsterinsights_sitenote_note":"","_monsterinsights_sitenote_category":0},"class_list":["post-64240","noticia-proyecto","type-noticia-proyecto","status-publish","has-post-thumbnail","hentry"],"acf":[],"yoast_head":"<!-- This site is optimized with the Yoast SEO plugin v27.4 - https:\/\/yoast.com\/product\/yoast-seo-wordpress\/ -->\n<title>L&#039;IPCB pr\u00e9sente REVITAL au 4e congr\u00e8s AGE.COM sur les d\u00e9fis du vieillissement - Interreg Sudoe<\/title>\n<meta name=\"robots\" content=\"index, follow, max-snippet:-1, max-image-preview:large, max-video-preview:-1\" \/>\n<link rel=\"canonical\" href=\"https:\/\/interreg-sudoe.eu\/fr\/noticia-proyecto\/lipcb-presente-revital-au-4e-congres-age-com-sur-les-defis-du-vieillissement\/\" \/>\n<meta property=\"og:locale\" content=\"fr_FR\" \/>\n<meta property=\"og:type\" content=\"article\" \/>\n<meta property=\"og:title\" content=\"L&#039;IPCB pr\u00e9sente REVITAL au 4e congr\u00e8s AGE.COM sur les d\u00e9fis du vieillissement - Interreg Sudoe\" \/>\n<meta property=\"og:description\" content=\"Le projet REVITAL \u00e9tait pr\u00e9sent au 4e congr\u00e8s AGE.COM, confirmant ainsi sa position parmi les initiatives les plus pertinentes en mati\u00e8re de vieillissement en milieu rural. Sa participation a \u00e9t\u00e9 rendue possible gr\u00e2ce \u00e0 l&rsquo;Escola Superior de Sa\u00fade Dr. Lopes Dias (ESALD), rattach\u00e9e \u00e0 l&rsquo;Institut Polytechnique de Castelo Branco, qui a promu le projet en [&hellip;]\" \/>\n<meta property=\"og:url\" content=\"https:\/\/interreg-sudoe.eu\/fr\/noticia-proyecto\/lipcb-presente-revital-au-4e-congres-age-com-sur-les-defis-du-vieillissement\/\" \/>\n<meta property=\"og:site_name\" content=\"Interreg Sudoe\" \/>\n<meta property=\"article:publisher\" content=\"https:\/\/www.facebook.com\/interregsudoe\" \/>\n<meta property=\"article:modified_time\" content=\"2026-04-22T15:01:19+00:00\" \/>\n<meta property=\"og:image\" content=\"https:\/\/interreg-sudoe.eu\/wp-content\/uploads\/2026\/04\/4o-Congresso-AGE.COM_.jpg\" \/>\n\t<meta property=\"og:image:width\" content=\"1980\" \/>\n\t<meta property=\"og:image:height\" content=\"1485\" \/>\n\t<meta property=\"og:image:type\" content=\"image\/jpeg\" \/>\n<meta name=\"twitter:card\" content=\"summary_large_image\" \/>\n<meta name=\"twitter:site\" content=\"@Sudoe5\" \/>\n<meta name=\"twitter:label1\" content=\"Dur\u00e9e de lecture estim\u00e9e\" \/>\n\t<meta name=\"twitter:data1\" content=\"4 minutes\" \/>\n<script type=\"application\/ld+json\" class=\"yoast-schema-graph\">{\"@context\":\"https:\\\/\\\/schema.org\",\"@graph\":[{\"@type\":\"WebPage\",\"@id\":\"https:\\\/\\\/interreg-sudoe.eu\\\/fr\\\/noticia-proyecto\\\/lipcb-presente-revital-au-4e-congres-age-com-sur-les-defis-du-vieillissement\\\/\",\"url\":\"https:\\\/\\\/interreg-sudoe.eu\\\/fr\\\/noticia-proyecto\\\/lipcb-presente-revital-au-4e-congres-age-com-sur-les-defis-du-vieillissement\\\/\",\"name\":\"L'IPCB pr\u00e9sente REVITAL au 4e congr\u00e8s AGE.COM sur les d\u00e9fis du vieillissement - Interreg Sudoe\",\"isPartOf\":{\"@id\":\"https:\\\/\\\/interreg-sudoe.eu\\\/fr\\\/#website\"},\"primaryImageOfPage\":{\"@id\":\"https:\\\/\\\/interreg-sudoe.eu\\\/fr\\\/noticia-proyecto\\\/lipcb-presente-revital-au-4e-congres-age-com-sur-les-defis-du-vieillissement\\\/#primaryimage\"},\"image\":{\"@id\":\"https:\\\/\\\/interreg-sudoe.eu\\\/fr\\\/noticia-proyecto\\\/lipcb-presente-revital-au-4e-congres-age-com-sur-les-defis-du-vieillissement\\\/#primaryimage\"},\"thumbnailUrl\":\"https:\\\/\\\/interreg-sudoe.eu\\\/wp-content\\\/uploads\\\/2026\\\/04\\\/4o-Congresso-AGE.COM_.jpg\",\"datePublished\":\"2026-04-17T07:50:49+00:00\",\"dateModified\":\"2026-04-22T15:01:19+00:00\",\"breadcrumb\":{\"@id\":\"https:\\\/\\\/interreg-sudoe.eu\\\/fr\\\/noticia-proyecto\\\/lipcb-presente-revital-au-4e-congres-age-com-sur-les-defis-du-vieillissement\\\/#breadcrumb\"},\"inLanguage\":\"fr-FR\",\"potentialAction\":[{\"@type\":\"ReadAction\",\"target\":[\"https:\\\/\\\/interreg-sudoe.eu\\\/fr\\\/noticia-proyecto\\\/lipcb-presente-revital-au-4e-congres-age-com-sur-les-defis-du-vieillissement\\\/\"]}]},{\"@type\":\"ImageObject\",\"inLanguage\":\"fr-FR\",\"@id\":\"https:\\\/\\\/interreg-sudoe.eu\\\/fr\\\/noticia-proyecto\\\/lipcb-presente-revital-au-4e-congres-age-com-sur-les-defis-du-vieillissement\\\/#primaryimage\",\"url\":\"https:\\\/\\\/interreg-sudoe.eu\\\/wp-content\\\/uploads\\\/2026\\\/04\\\/4o-Congresso-AGE.COM_.jpg\",\"contentUrl\":\"https:\\\/\\\/interreg-sudoe.eu\\\/wp-content\\\/uploads\\\/2026\\\/04\\\/4o-Congresso-AGE.COM_.jpg\",\"width\":1980,\"height\":1485,\"caption\":\"IPCB lleva REVITAL al 4\u00ba Congresso AGE.COM sobre Desaf\u00edos del Envejecimiento\"},{\"@type\":\"BreadcrumbList\",\"@id\":\"https:\\\/\\\/interreg-sudoe.eu\\\/fr\\\/noticia-proyecto\\\/lipcb-presente-revital-au-4e-congres-age-com-sur-les-defis-du-vieillissement\\\/#breadcrumb\",\"itemListElement\":[{\"@type\":\"ListItem\",\"position\":1,\"name\":\"Home\",\"item\":\"https:\\\/\\\/interreg-sudoe.eu\\\/fr\\\/\"},{\"@type\":\"ListItem\",\"position\":2,\"name\":\"L&#8217;IPCB pr\u00e9sente REVITAL au 4e congr\u00e8s AGE.COM sur les d\u00e9fis du vieillissement\"}]},{\"@type\":\"WebSite\",\"@id\":\"https:\\\/\\\/interreg-sudoe.eu\\\/fr\\\/#website\",\"url\":\"https:\\\/\\\/interreg-sudoe.eu\\\/fr\\\/\",\"name\":\"Interreg Sudoe\",\"description\":\"Interreg Sudoe\",\"publisher\":{\"@id\":\"https:\\\/\\\/interreg-sudoe.eu\\\/fr\\\/#organization\"},\"alternateName\":\"Interreg Sudoe\",\"potentialAction\":[{\"@type\":\"SearchAction\",\"target\":{\"@type\":\"EntryPoint\",\"urlTemplate\":\"https:\\\/\\\/interreg-sudoe.eu\\\/fr\\\/?s={search_term_string}\"},\"query-input\":{\"@type\":\"PropertyValueSpecification\",\"valueRequired\":true,\"valueName\":\"search_term_string\"}}],\"inLanguage\":\"fr-FR\"},{\"@type\":\"Organization\",\"@id\":\"https:\\\/\\\/interreg-sudoe.eu\\\/fr\\\/#organization\",\"name\":\"Interreg Sudoe\",\"alternateName\":\"Interreg Sudoe\",\"url\":\"https:\\\/\\\/interreg-sudoe.eu\\\/fr\\\/\",\"logo\":{\"@type\":\"ImageObject\",\"inLanguage\":\"fr-FR\",\"@id\":\"https:\\\/\\\/interreg-sudoe.eu\\\/fr\\\/#\\\/schema\\\/logo\\\/image\\\/\",\"url\":\"https:\\\/\\\/interreg-sudoe.eu\\\/wp-content\\\/uploads\\\/2024\\\/03\\\/logo-interreg.png\",\"contentUrl\":\"https:\\\/\\\/interreg-sudoe.eu\\\/wp-content\\\/uploads\\\/2024\\\/03\\\/logo-interreg.png\",\"width\":1200,\"height\":675,\"caption\":\"Interreg Sudoe\"},\"image\":{\"@id\":\"https:\\\/\\\/interreg-sudoe.eu\\\/fr\\\/#\\\/schema\\\/logo\\\/image\\\/\"},\"sameAs\":[\"https:\\\/\\\/www.facebook.com\\\/interregsudoe\",\"https:\\\/\\\/x.com\\\/Sudoe5\",\"https:\\\/\\\/www.youtube.com\\\/channel\\\/UCeGx2edoB32beRc9dbKA2vw\",\"https:\\\/\\\/www.linkedin.com\\\/company\\\/interreg-sudoe-programme\\\/\",\"https:\\\/\\\/www.flickr.com\\\/photos\\\/148704685@N06\\\/\"]}]}<\/script>\n<!-- \/ Yoast SEO plugin. -->","yoast_head_json":{"title":"L'IPCB pr\u00e9sente REVITAL au 4e congr\u00e8s AGE.COM sur les d\u00e9fis du vieillissement - Interreg Sudoe","robots":{"index":"index","follow":"follow","max-snippet":"max-snippet:-1","max-image-preview":"max-image-preview:large","max-video-preview":"max-video-preview:-1"},"canonical":"https:\/\/interreg-sudoe.eu\/fr\/noticia-proyecto\/lipcb-presente-revital-au-4e-congres-age-com-sur-les-defis-du-vieillissement\/","og_locale":"fr_FR","og_type":"article","og_title":"L'IPCB pr\u00e9sente REVITAL au 4e congr\u00e8s AGE.COM sur les d\u00e9fis du vieillissement - Interreg Sudoe","og_description":"Le projet REVITAL \u00e9tait pr\u00e9sent au 4e congr\u00e8s AGE.COM, confirmant ainsi sa position parmi les initiatives les plus pertinentes en mati\u00e8re de vieillissement en milieu rural. Sa participation a \u00e9t\u00e9 rendue possible gr\u00e2ce \u00e0 l&rsquo;Escola Superior de Sa\u00fade Dr. Lopes Dias (ESALD), rattach\u00e9e \u00e0 l&rsquo;Institut Polytechnique de Castelo Branco, qui a promu le projet en [&hellip;]","og_url":"https:\/\/interreg-sudoe.eu\/fr\/noticia-proyecto\/lipcb-presente-revital-au-4e-congres-age-com-sur-les-defis-du-vieillissement\/","og_site_name":"Interreg Sudoe","article_publisher":"https:\/\/www.facebook.com\/interregsudoe","article_modified_time":"2026-04-22T15:01:19+00:00","og_image":[{"width":1980,"height":1485,"url":"https:\/\/interreg-sudoe.eu\/wp-content\/uploads\/2026\/04\/4o-Congresso-AGE.COM_.jpg","type":"image\/jpeg"}],"twitter_card":"summary_large_image","twitter_site":"@Sudoe5","twitter_misc":{"Dur\u00e9e de lecture estim\u00e9e":"4 minutes"},"schema":{"@context":"https:\/\/schema.org","@graph":[{"@type":"WebPage","@id":"https:\/\/interreg-sudoe.eu\/fr\/noticia-proyecto\/lipcb-presente-revital-au-4e-congres-age-com-sur-les-defis-du-vieillissement\/","url":"https:\/\/interreg-sudoe.eu\/fr\/noticia-proyecto\/lipcb-presente-revital-au-4e-congres-age-com-sur-les-defis-du-vieillissement\/","name":"L'IPCB pr\u00e9sente REVITAL au 4e congr\u00e8s AGE.COM sur les d\u00e9fis du vieillissement - Interreg Sudoe","isPartOf":{"@id":"https:\/\/interreg-sudoe.eu\/fr\/#website"},"primaryImageOfPage":{"@id":"https:\/\/interreg-sudoe.eu\/fr\/noticia-proyecto\/lipcb-presente-revital-au-4e-congres-age-com-sur-les-defis-du-vieillissement\/#primaryimage"},"image":{"@id":"https:\/\/interreg-sudoe.eu\/fr\/noticia-proyecto\/lipcb-presente-revital-au-4e-congres-age-com-sur-les-defis-du-vieillissement\/#primaryimage"},"thumbnailUrl":"https:\/\/interreg-sudoe.eu\/wp-content\/uploads\/2026\/04\/4o-Congresso-AGE.COM_.jpg","datePublished":"2026-04-17T07:50:49+00:00","dateModified":"2026-04-22T15:01:19+00:00","breadcrumb":{"@id":"https:\/\/interreg-sudoe.eu\/fr\/noticia-proyecto\/lipcb-presente-revital-au-4e-congres-age-com-sur-les-defis-du-vieillissement\/#breadcrumb"},"inLanguage":"fr-FR","potentialAction":[{"@type":"ReadAction","target":["https:\/\/interreg-sudoe.eu\/fr\/noticia-proyecto\/lipcb-presente-revital-au-4e-congres-age-com-sur-les-defis-du-vieillissement\/"]}]},{"@type":"ImageObject","inLanguage":"fr-FR","@id":"https:\/\/interreg-sudoe.eu\/fr\/noticia-proyecto\/lipcb-presente-revital-au-4e-congres-age-com-sur-les-defis-du-vieillissement\/#primaryimage","url":"https:\/\/interreg-sudoe.eu\/wp-content\/uploads\/2026\/04\/4o-Congresso-AGE.COM_.jpg","contentUrl":"https:\/\/interreg-sudoe.eu\/wp-content\/uploads\/2026\/04\/4o-Congresso-AGE.COM_.jpg","width":1980,"height":1485,"caption":"IPCB lleva REVITAL al 4\u00ba Congresso AGE.COM sobre Desaf\u00edos del Envejecimiento"},{"@type":"BreadcrumbList","@id":"https:\/\/interreg-sudoe.eu\/fr\/noticia-proyecto\/lipcb-presente-revital-au-4e-congres-age-com-sur-les-defis-du-vieillissement\/#breadcrumb","itemListElement":[{"@type":"ListItem","position":1,"name":"Home","item":"https:\/\/interreg-sudoe.eu\/fr\/"},{"@type":"ListItem","position":2,"name":"L&#8217;IPCB pr\u00e9sente REVITAL au 4e congr\u00e8s AGE.COM sur les d\u00e9fis du vieillissement"}]},{"@type":"WebSite","@id":"https:\/\/interreg-sudoe.eu\/fr\/#website","url":"https:\/\/interreg-sudoe.eu\/fr\/","name":"Interreg Sudoe","description":"Interreg Sudoe","publisher":{"@id":"https:\/\/interreg-sudoe.eu\/fr\/#organization"},"alternateName":"Interreg Sudoe","potentialAction":[{"@type":"SearchAction","target":{"@type":"EntryPoint","urlTemplate":"https:\/\/interreg-sudoe.eu\/fr\/?s={search_term_string}"},"query-input":{"@type":"PropertyValueSpecification","valueRequired":true,"valueName":"search_term_string"}}],"inLanguage":"fr-FR"},{"@type":"Organization","@id":"https:\/\/interreg-sudoe.eu\/fr\/#organization","name":"Interreg Sudoe","alternateName":"Interreg Sudoe","url":"https:\/\/interreg-sudoe.eu\/fr\/","logo":{"@type":"ImageObject","inLanguage":"fr-FR","@id":"https:\/\/interreg-sudoe.eu\/fr\/#\/schema\/logo\/image\/","url":"https:\/\/interreg-sudoe.eu\/wp-content\/uploads\/2024\/03\/logo-interreg.png","contentUrl":"https:\/\/interreg-sudoe.eu\/wp-content\/uploads\/2024\/03\/logo-interreg.png","width":1200,"height":675,"caption":"Interreg Sudoe"},"image":{"@id":"https:\/\/interreg-sudoe.eu\/fr\/#\/schema\/logo\/image\/"},"sameAs":["https:\/\/www.facebook.com\/interregsudoe","https:\/\/x.com\/Sudoe5","https:\/\/www.youtube.com\/channel\/UCeGx2edoB32beRc9dbKA2vw","https:\/\/www.linkedin.com\/company\/interreg-sudoe-programme\/","https:\/\/www.flickr.com\/photos\/148704685@N06\/"]}]}},"_links":{"self":[{"href":"https:\/\/interreg-sudoe.eu\/fr\/wp-json\/wp\/v2\/noticia-proyecto\/64240","targetHints":{"allow":["GET"]}}],"collection":[{"href":"https:\/\/interreg-sudoe.eu\/fr\/wp-json\/wp\/v2\/noticia-proyecto"}],"about":[{"href":"https:\/\/interreg-sudoe.eu\/fr\/wp-json\/wp\/v2\/types\/noticia-proyecto"}],"author":[{"embeddable":true,"href":"https:\/\/interreg-sudoe.eu\/fr\/wp-json\/wp\/v2\/users\/6552"}],"wp:featuredmedia":[{"embeddable":true,"href":"https:\/\/interreg-sudoe.eu\/fr\/wp-json\/wp\/v2\/media\/63987"}],"wp:attachment":[{"href":"https:\/\/interreg-sudoe.eu\/fr\/wp-json\/wp\/v2\/media?parent=64240"}],"curies":[{"name":"wp","href":"https:\/\/api.w.org\/{rel}","templated":true}]}}