{"id":64343,"date":"2026-04-23T17:05:03","date_gmt":"2026-04-23T15:05:03","guid":{"rendered":"https:\/\/interreg-sudoe.eu\/?post_type=noticia-proyecto&#038;p=64343"},"modified":"2026-04-23T17:10:47","modified_gmt":"2026-04-23T15:10:47","slug":"la-rencontre-newpower-en-navarre-renforce-le-lien-entre-recherche-et-application-en-bioeconomie","status":"publish","type":"noticia-proyecto","link":"https:\/\/interreg-sudoe.eu\/fr\/noticia-proyecto\/la-rencontre-newpower-en-navarre-renforce-le-lien-entre-recherche-et-application-en-bioeconomie\/","title":{"rendered":"La rencontre NEWPOWER en Navarre renforce le lien entre recherche et application en bio\u00e9conomie"},"content":{"rendered":"<p data-start=\"1965\" data-end=\"2233\">Le 17 mars, le projet NEWPOWER a organis\u00e9 au Centro Europeo de Empresas e Innovaci\u00f3n de Navarra (CEIN), \u00e0 No\u00e1in, une rencontre consacr\u00e9e \u00e0 l\u2019innovation et \u00e0 la valorisation durable des r\u00e9sidus agroforestiers, dans le cadre de la 5e r\u00e9union en pr\u00e9sentiel du consortium.<\/p>\n<p data-start=\"2235\" data-end=\"2508\">Cette journ\u00e9e a r\u00e9uni chercheurs, entreprises et acteurs de l\u2019\u00e9cosyst\u00e8me de l\u2019innovation afin de partager les avanc\u00e9es et les approches li\u00e9es \u00e0 la transformation de la biomasse en produits \u00e0 valeur ajout\u00e9e, en mettant l\u2019accent sur leur application dans des contextes r\u00e9els.<\/p>\n<p data-start=\"762\" data-end=\"1007\"><img fetchpriority=\"high\" decoding=\"async\" class=\"wp-image-64340 size-large aligncenter\" src=\"https:\/\/interreg-sudoe.eu\/wp-content\/uploads\/2026\/04\/40-1024x682.jpg\" alt=\"\" width=\"800\" height=\"533\" srcset=\"https:\/\/interreg-sudoe.eu\/wp-content\/uploads\/2026\/04\/40-1024x682.jpg 1024w, https:\/\/interreg-sudoe.eu\/wp-content\/uploads\/2026\/04\/40-300x200.jpg 300w, https:\/\/interreg-sudoe.eu\/wp-content\/uploads\/2026\/04\/40-768x512.jpg 768w, https:\/\/interreg-sudoe.eu\/wp-content\/uploads\/2026\/04\/40-1536x1023.jpg 1536w, https:\/\/interreg-sudoe.eu\/wp-content\/uploads\/2026\/04\/40.jpg 1600w\" sizes=\"(max-width: 800px) 100vw, 800px\" \/><\/p>\n<h3 data-section-id=\"1rzmpx9\" data-start=\"2515\" data-end=\"2569\">Un espace d\u2019\u00e9change entre recherche et industrie<\/h3>\n<p data-start=\"2571\" data-end=\"2785\">Au cours de la rencontre, les partenaires du projet ont pr\u00e9sent\u00e9 leurs r\u00e9sultats et leurs travaux en cours, en abordant \u00e0 la fois le d\u00e9veloppement de technologies et leur potentiel de mise \u00e0 l\u2019\u00e9chelle industrielle.<\/p>\n<p data-start=\"2787\" data-end=\"2965\">La participation d\u2019acteurs externes a permis d\u2019ouvrir le dialogue vers le tissu productif, favorisant les \u00e9changes et l\u2019identification de nouvelles opportunit\u00e9s de collaboration.<\/p>\n<h3 data-section-id=\"1y68ymy\" data-start=\"2972\" data-end=\"3019\">Dans le cadre de la r\u00e9union du consortium<\/h3>\n<p data-start=\"3021\" data-end=\"3274\">L\u2019\u00e9v\u00e9nement s\u2019inscrivait dans la 5e r\u00e9union en pr\u00e9sentiel du consortium NEWPOWER, qui s\u2019est tenue les 17 et 18 mars, durant laquelle les partenaires ont poursuivi les travaux de coordination technique et la planification des prochaines \u00e9tapes du projet.<\/p>\n<p data-start=\"3276\" data-end=\"3441\">Ces sessions permettent d\u2019aligner les avanc\u00e9es, de partager les r\u00e9sultats et de renforcer la coop\u00e9ration entre les \u00e9quipes du Portugal, de l\u2019Espagne et de la France.<\/p>\n<p><img decoding=\"async\" class=\"aligncenter wp-image-64341 size-large\" src=\"https:\/\/interreg-sudoe.eu\/wp-content\/uploads\/2026\/04\/42-1024x682.jpg\" alt=\"\" width=\"800\" height=\"533\" srcset=\"https:\/\/interreg-sudoe.eu\/wp-content\/uploads\/2026\/04\/42-1024x682.jpg 1024w, https:\/\/interreg-sudoe.eu\/wp-content\/uploads\/2026\/04\/42-300x200.jpg 300w, https:\/\/interreg-sudoe.eu\/wp-content\/uploads\/2026\/04\/42-768x512.jpg 768w, https:\/\/interreg-sudoe.eu\/wp-content\/uploads\/2026\/04\/42-1536x1023.jpg 1536w, https:\/\/interreg-sudoe.eu\/wp-content\/uploads\/2026\/04\/42.jpg 1600w\" sizes=\"(max-width: 800px) 100vw, 800px\" \/><\/p>\n<p data-start=\"1990\" data-end=\"2100\">Ce type d\u2019initiative renforce l\u2019approche du projet NEWPOWER, visant \u00e0 rapprocher la recherche de ses applications concr\u00e8tes et \u00e0 encourager les synergies entre les diff\u00e9rents acteurs de la bio\u00e9conomie circulaire.<\/p>\n<p data-start=\"246\" data-end=\"356\">Vous pouvez suivre l\u2019\u00e9volution du projet \u00e0 travers les canaux officiels de NEWPOWER sur <a href=\"https:\/\/www.linkedin.com\/showcase\/newpower-sudoe\">LinkedIn<\/a> et <a href=\"https:\/\/www.instagram.com\/newpower_sudoe\/\">Instagram<\/a>.<\/p>\n<p data-start=\"358\" data-end=\"412\" data-is-last-node=\"\" data-is-only-node=\"\"><strong>L\u2019avenir l\u2019exige. Rejoignez la r\u00e9volution circulaire !<\/strong><\/p>\n<p>&nbsp;<\/p>\n<p><img decoding=\"async\" class=\"wp-image-40732 aligncenter\" src=\"https:\/\/interreg-sudoe.eu\/wp-content\/uploads\/2024\/10\/Disseny-sense-titol-1-e1728409348308-300x51.png\" alt=\"\" width=\"1435\" height=\"244\" srcset=\"https:\/\/interreg-sudoe.eu\/wp-content\/uploads\/2024\/10\/Disseny-sense-titol-1-e1728409348308-300x51.png 300w, https:\/\/interreg-sudoe.eu\/wp-content\/uploads\/2024\/10\/Disseny-sense-titol-1-e1728409348308-768x132.png 768w, https:\/\/interreg-sudoe.eu\/wp-content\/uploads\/2024\/10\/Disseny-sense-titol-1-e1728409348308.png 851w\" sizes=\"(max-width: 1435px) 100vw, 1435px\" \/><\/p>\n","protected":false},"excerpt":{"rendered":"<p>Le 17 mars, le projet NEWPOWER a organis\u00e9 au Centro Europeo de Empresas e Innovaci\u00f3n de Navarra (CEIN), \u00e0 No\u00e1in, une rencontre consacr\u00e9e \u00e0 l\u2019innovation et \u00e0 la valorisation durable des r\u00e9sidus agroforestiers, dans le cadre de la 5e r\u00e9union en pr\u00e9sentiel du consortium. Cette journ\u00e9e a r\u00e9uni chercheurs, entreprises et acteurs de l\u2019\u00e9cosyst\u00e8me de [&hellip;]<\/p>\n","protected":false},"author":4986,"featured_media":0,"parent":0,"template":"","meta":{"_acf_changed":false,"content-type":"","_monsterinsights_skip_tracking":false,"_monsterinsights_sitenote_active":false,"_monsterinsights_sitenote_note":"","_monsterinsights_sitenote_category":0},"class_list":["post-64343","noticia-proyecto","type-noticia-proyecto","status-publish","hentry"],"acf":[],"yoast_head":"<!-- This site is optimized with the Yoast SEO plugin v27.2 - https:\/\/yoast.com\/product\/yoast-seo-wordpress\/ -->\n<title>La rencontre NEWPOWER en Navarre renforce le lien entre recherche et application en bio\u00e9conomie - Interreg Sudoe<\/title>\n<meta name=\"robots\" content=\"index, follow, max-snippet:-1, max-image-preview:large, max-video-preview:-1\" \/>\n<link rel=\"canonical\" href=\"https:\/\/interreg-sudoe.eu\/fr\/noticia-proyecto\/la-rencontre-newpower-en-navarre-renforce-le-lien-entre-recherche-et-application-en-bioeconomie\/\" \/>\n<meta property=\"og:locale\" content=\"fr_FR\" \/>\n<meta property=\"og:type\" content=\"article\" \/>\n<meta property=\"og:title\" content=\"La rencontre NEWPOWER en Navarre renforce le lien entre recherche et application en bio\u00e9conomie - Interreg Sudoe\" \/>\n<meta property=\"og:description\" content=\"Le 17 mars, le projet NEWPOWER a organis\u00e9 au Centro Europeo de Empresas e Innovaci\u00f3n de Navarra (CEIN), \u00e0 No\u00e1in, une rencontre consacr\u00e9e \u00e0 l\u2019innovation et \u00e0 la valorisation durable des r\u00e9sidus agroforestiers, dans le cadre de la 5e r\u00e9union en pr\u00e9sentiel du consortium. Cette journ\u00e9e a r\u00e9uni chercheurs, entreprises et acteurs de l\u2019\u00e9cosyst\u00e8me de [&hellip;]\" \/>\n<meta property=\"og:url\" content=\"https:\/\/interreg-sudoe.eu\/fr\/noticia-proyecto\/la-rencontre-newpower-en-navarre-renforce-le-lien-entre-recherche-et-application-en-bioeconomie\/\" \/>\n<meta property=\"og:site_name\" content=\"Interreg Sudoe\" \/>\n<meta property=\"article:publisher\" content=\"https:\/\/www.facebook.com\/interregsudoe\" \/>\n<meta property=\"article:modified_time\" content=\"2026-04-23T15:10:47+00:00\" \/>\n<meta property=\"og:image\" content=\"https:\/\/interreg-sudoe.eu\/wp-content\/uploads\/2026\/04\/40.jpg\" \/>\n\t<meta property=\"og:image:width\" content=\"1600\" \/>\n\t<meta property=\"og:image:height\" content=\"1066\" \/>\n\t<meta property=\"og:image:type\" content=\"image\/jpeg\" \/>\n<meta name=\"twitter:card\" content=\"summary_large_image\" \/>\n<meta name=\"twitter:site\" content=\"@Sudoe5\" \/>\n<meta name=\"twitter:label1\" content=\"Dur\u00e9e de lecture estim\u00e9e\" \/>\n\t<meta name=\"twitter:data1\" content=\"2 minutes\" \/>\n<script type=\"application\/ld+json\" class=\"yoast-schema-graph\">{\"@context\":\"https:\/\/schema.org\",\"@graph\":[{\"@type\":\"WebPage\",\"@id\":\"https:\/\/interreg-sudoe.eu\/fr\/noticia-proyecto\/la-rencontre-newpower-en-navarre-renforce-le-lien-entre-recherche-et-application-en-bioeconomie\/\",\"url\":\"https:\/\/interreg-sudoe.eu\/fr\/noticia-proyecto\/la-rencontre-newpower-en-navarre-renforce-le-lien-entre-recherche-et-application-en-bioeconomie\/\",\"name\":\"La rencontre NEWPOWER en Navarre renforce le lien entre recherche et application en bio\u00e9conomie - Interreg Sudoe\",\"isPartOf\":{\"@id\":\"https:\/\/interreg-sudoe.eu\/fr\/#website\"},\"primaryImageOfPage\":{\"@id\":\"https:\/\/interreg-sudoe.eu\/fr\/noticia-proyecto\/la-rencontre-newpower-en-navarre-renforce-le-lien-entre-recherche-et-application-en-bioeconomie\/#primaryimage\"},\"image\":{\"@id\":\"https:\/\/interreg-sudoe.eu\/fr\/noticia-proyecto\/la-rencontre-newpower-en-navarre-renforce-le-lien-entre-recherche-et-application-en-bioeconomie\/#primaryimage\"},\"thumbnailUrl\":\"https:\/\/interreg-sudoe.eu\/wp-content\/uploads\/2026\/04\/40-1024x682.jpg\",\"datePublished\":\"2026-04-23T15:05:03+00:00\",\"dateModified\":\"2026-04-23T15:10:47+00:00\",\"breadcrumb\":{\"@id\":\"https:\/\/interreg-sudoe.eu\/fr\/noticia-proyecto\/la-rencontre-newpower-en-navarre-renforce-le-lien-entre-recherche-et-application-en-bioeconomie\/#breadcrumb\"},\"inLanguage\":\"fr-FR\",\"potentialAction\":[{\"@type\":\"ReadAction\",\"target\":[\"https:\/\/interreg-sudoe.eu\/fr\/noticia-proyecto\/la-rencontre-newpower-en-navarre-renforce-le-lien-entre-recherche-et-application-en-bioeconomie\/\"]}]},{\"@type\":\"ImageObject\",\"inLanguage\":\"fr-FR\",\"@id\":\"https:\/\/interreg-sudoe.eu\/fr\/noticia-proyecto\/la-rencontre-newpower-en-navarre-renforce-le-lien-entre-recherche-et-application-en-bioeconomie\/#primaryimage\",\"url\":\"https:\/\/interreg-sudoe.eu\/wp-content\/uploads\/2026\/04\/40-1024x682.jpg\",\"contentUrl\":\"https:\/\/interreg-sudoe.eu\/wp-content\/uploads\/2026\/04\/40-1024x682.jpg\"},{\"@type\":\"BreadcrumbList\",\"@id\":\"https:\/\/interreg-sudoe.eu\/fr\/noticia-proyecto\/la-rencontre-newpower-en-navarre-renforce-le-lien-entre-recherche-et-application-en-bioeconomie\/#breadcrumb\",\"itemListElement\":[{\"@type\":\"ListItem\",\"position\":1,\"name\":\"Home\",\"item\":\"https:\/\/interreg-sudoe.eu\/fr\/\"},{\"@type\":\"ListItem\",\"position\":2,\"name\":\"La rencontre NEWPOWER en Navarre renforce le lien entre recherche et application en bio\u00e9conomie\"}]},{\"@type\":\"WebSite\",\"@id\":\"https:\/\/interreg-sudoe.eu\/fr\/#website\",\"url\":\"https:\/\/interreg-sudoe.eu\/fr\/\",\"name\":\"Interreg Sudoe\",\"description\":\"Interreg Sudoe\",\"publisher\":{\"@id\":\"https:\/\/interreg-sudoe.eu\/fr\/#organization\"},\"alternateName\":\"Interreg Sudoe\",\"potentialAction\":[{\"@type\":\"SearchAction\",\"target\":{\"@type\":\"EntryPoint\",\"urlTemplate\":\"https:\/\/interreg-sudoe.eu\/fr\/?s={search_term_string}\"},\"query-input\":{\"@type\":\"PropertyValueSpecification\",\"valueRequired\":true,\"valueName\":\"search_term_string\"}}],\"inLanguage\":\"fr-FR\"},{\"@type\":\"Organization\",\"@id\":\"https:\/\/interreg-sudoe.eu\/fr\/#organization\",\"name\":\"Interreg Sudoe\",\"alternateName\":\"Interreg Sudoe\",\"url\":\"https:\/\/interreg-sudoe.eu\/fr\/\",\"logo\":{\"@type\":\"ImageObject\",\"inLanguage\":\"fr-FR\",\"@id\":\"https:\/\/interreg-sudoe.eu\/fr\/#\/schema\/logo\/image\/\",\"url\":\"https:\/\/interreg-sudoe.eu\/wp-content\/uploads\/2024\/03\/logo-interreg.png\",\"contentUrl\":\"https:\/\/interreg-sudoe.eu\/wp-content\/uploads\/2024\/03\/logo-interreg.png\",\"width\":1200,\"height\":675,\"caption\":\"Interreg Sudoe\"},\"image\":{\"@id\":\"https:\/\/interreg-sudoe.eu\/fr\/#\/schema\/logo\/image\/\"},\"sameAs\":[\"https:\/\/www.facebook.com\/interregsudoe\",\"https:\/\/x.com\/Sudoe5\",\"https:\/\/www.youtube.com\/channel\/UCeGx2edoB32beRc9dbKA2vw\",\"https:\/\/www.linkedin.com\/company\/interreg-sudoe-programme\/\",\"https:\/\/www.flickr.com\/photos\/148704685@N06\/\"]}]}<\/script>\n<!-- \/ Yoast SEO plugin. -->","yoast_head_json":{"title":"La rencontre NEWPOWER en Navarre renforce le lien entre recherche et application en bio\u00e9conomie - Interreg Sudoe","robots":{"index":"index","follow":"follow","max-snippet":"max-snippet:-1","max-image-preview":"max-image-preview:large","max-video-preview":"max-video-preview:-1"},"canonical":"https:\/\/interreg-sudoe.eu\/fr\/noticia-proyecto\/la-rencontre-newpower-en-navarre-renforce-le-lien-entre-recherche-et-application-en-bioeconomie\/","og_locale":"fr_FR","og_type":"article","og_title":"La rencontre NEWPOWER en Navarre renforce le lien entre recherche et application en bio\u00e9conomie - Interreg Sudoe","og_description":"Le 17 mars, le projet NEWPOWER a organis\u00e9 au Centro Europeo de Empresas e Innovaci\u00f3n de Navarra (CEIN), \u00e0 No\u00e1in, une rencontre consacr\u00e9e \u00e0 l\u2019innovation et \u00e0 la valorisation durable des r\u00e9sidus agroforestiers, dans le cadre de la 5e r\u00e9union en pr\u00e9sentiel du consortium. Cette journ\u00e9e a r\u00e9uni chercheurs, entreprises et acteurs de l\u2019\u00e9cosyst\u00e8me de [&hellip;]","og_url":"https:\/\/interreg-sudoe.eu\/fr\/noticia-proyecto\/la-rencontre-newpower-en-navarre-renforce-le-lien-entre-recherche-et-application-en-bioeconomie\/","og_site_name":"Interreg Sudoe","article_publisher":"https:\/\/www.facebook.com\/interregsudoe","article_modified_time":"2026-04-23T15:10:47+00:00","og_image":[{"width":1600,"height":1066,"url":"https:\/\/interreg-sudoe.eu\/wp-content\/uploads\/2026\/04\/40.jpg","type":"image\/jpeg"}],"twitter_card":"summary_large_image","twitter_site":"@Sudoe5","twitter_misc":{"Dur\u00e9e de lecture estim\u00e9e":"2 minutes"},"schema":{"@context":"https:\/\/schema.org","@graph":[{"@type":"WebPage","@id":"https:\/\/interreg-sudoe.eu\/fr\/noticia-proyecto\/la-rencontre-newpower-en-navarre-renforce-le-lien-entre-recherche-et-application-en-bioeconomie\/","url":"https:\/\/interreg-sudoe.eu\/fr\/noticia-proyecto\/la-rencontre-newpower-en-navarre-renforce-le-lien-entre-recherche-et-application-en-bioeconomie\/","name":"La rencontre NEWPOWER en Navarre renforce le lien entre recherche et application en bio\u00e9conomie - Interreg Sudoe","isPartOf":{"@id":"https:\/\/interreg-sudoe.eu\/fr\/#website"},"primaryImageOfPage":{"@id":"https:\/\/interreg-sudoe.eu\/fr\/noticia-proyecto\/la-rencontre-newpower-en-navarre-renforce-le-lien-entre-recherche-et-application-en-bioeconomie\/#primaryimage"},"image":{"@id":"https:\/\/interreg-sudoe.eu\/fr\/noticia-proyecto\/la-rencontre-newpower-en-navarre-renforce-le-lien-entre-recherche-et-application-en-bioeconomie\/#primaryimage"},"thumbnailUrl":"https:\/\/interreg-sudoe.eu\/wp-content\/uploads\/2026\/04\/40-1024x682.jpg","datePublished":"2026-04-23T15:05:03+00:00","dateModified":"2026-04-23T15:10:47+00:00","breadcrumb":{"@id":"https:\/\/interreg-sudoe.eu\/fr\/noticia-proyecto\/la-rencontre-newpower-en-navarre-renforce-le-lien-entre-recherche-et-application-en-bioeconomie\/#breadcrumb"},"inLanguage":"fr-FR","potentialAction":[{"@type":"ReadAction","target":["https:\/\/interreg-sudoe.eu\/fr\/noticia-proyecto\/la-rencontre-newpower-en-navarre-renforce-le-lien-entre-recherche-et-application-en-bioeconomie\/"]}]},{"@type":"ImageObject","inLanguage":"fr-FR","@id":"https:\/\/interreg-sudoe.eu\/fr\/noticia-proyecto\/la-rencontre-newpower-en-navarre-renforce-le-lien-entre-recherche-et-application-en-bioeconomie\/#primaryimage","url":"https:\/\/interreg-sudoe.eu\/wp-content\/uploads\/2026\/04\/40-1024x682.jpg","contentUrl":"https:\/\/interreg-sudoe.eu\/wp-content\/uploads\/2026\/04\/40-1024x682.jpg"},{"@type":"BreadcrumbList","@id":"https:\/\/interreg-sudoe.eu\/fr\/noticia-proyecto\/la-rencontre-newpower-en-navarre-renforce-le-lien-entre-recherche-et-application-en-bioeconomie\/#breadcrumb","itemListElement":[{"@type":"ListItem","position":1,"name":"Home","item":"https:\/\/interreg-sudoe.eu\/fr\/"},{"@type":"ListItem","position":2,"name":"La rencontre NEWPOWER en Navarre renforce le lien entre recherche et application en bio\u00e9conomie"}]},{"@type":"WebSite","@id":"https:\/\/interreg-sudoe.eu\/fr\/#website","url":"https:\/\/interreg-sudoe.eu\/fr\/","name":"Interreg Sudoe","description":"Interreg Sudoe","publisher":{"@id":"https:\/\/interreg-sudoe.eu\/fr\/#organization"},"alternateName":"Interreg Sudoe","potentialAction":[{"@type":"SearchAction","target":{"@type":"EntryPoint","urlTemplate":"https:\/\/interreg-sudoe.eu\/fr\/?s={search_term_string}"},"query-input":{"@type":"PropertyValueSpecification","valueRequired":true,"valueName":"search_term_string"}}],"inLanguage":"fr-FR"},{"@type":"Organization","@id":"https:\/\/interreg-sudoe.eu\/fr\/#organization","name":"Interreg Sudoe","alternateName":"Interreg Sudoe","url":"https:\/\/interreg-sudoe.eu\/fr\/","logo":{"@type":"ImageObject","inLanguage":"fr-FR","@id":"https:\/\/interreg-sudoe.eu\/fr\/#\/schema\/logo\/image\/","url":"https:\/\/interreg-sudoe.eu\/wp-content\/uploads\/2024\/03\/logo-interreg.png","contentUrl":"https:\/\/interreg-sudoe.eu\/wp-content\/uploads\/2024\/03\/logo-interreg.png","width":1200,"height":675,"caption":"Interreg Sudoe"},"image":{"@id":"https:\/\/interreg-sudoe.eu\/fr\/#\/schema\/logo\/image\/"},"sameAs":["https:\/\/www.facebook.com\/interregsudoe","https:\/\/x.com\/Sudoe5","https:\/\/www.youtube.com\/channel\/UCeGx2edoB32beRc9dbKA2vw","https:\/\/www.linkedin.com\/company\/interreg-sudoe-programme\/","https:\/\/www.flickr.com\/photos\/148704685@N06\/"]}]}},"_links":{"self":[{"href":"https:\/\/interreg-sudoe.eu\/fr\/wp-json\/wp\/v2\/noticia-proyecto\/64343","targetHints":{"allow":["GET"]}}],"collection":[{"href":"https:\/\/interreg-sudoe.eu\/fr\/wp-json\/wp\/v2\/noticia-proyecto"}],"about":[{"href":"https:\/\/interreg-sudoe.eu\/fr\/wp-json\/wp\/v2\/types\/noticia-proyecto"}],"author":[{"embeddable":true,"href":"https:\/\/interreg-sudoe.eu\/fr\/wp-json\/wp\/v2\/users\/4986"}],"wp:attachment":[{"href":"https:\/\/interreg-sudoe.eu\/fr\/wp-json\/wp\/v2\/media?parent=64343"}],"curies":[{"name":"wp","href":"https:\/\/api.w.org\/{rel}","templated":true}]}}