{"id":64740,"date":"2026-04-08T13:06:27","date_gmt":"2026-04-08T11:06:27","guid":{"rendered":"https:\/\/interreg-sudoe.eu\/?post_type=noticia-proyecto&#038;p=64740"},"modified":"2026-04-28T09:58:23","modified_gmt":"2026-04-28T07:58:23","slug":"i-rewater-en-une-minute-gestion-durable-de-leau-pour-lagriculture-irriguee","status":"publish","type":"noticia-proyecto","link":"https:\/\/interreg-sudoe.eu\/fr\/noticia-proyecto\/i-rewater-en-une-minute-gestion-durable-de-leau-pour-lagriculture-irriguee\/","title":{"rendered":"I-ReWater en une minute : gestion durable de l\u2019eau pour l\u2019agriculture irrigu\u00e9e"},"content":{"rendered":"<p data-start=\"83\" data-end=\"411\">Donner une nouvelle vie \u00e0 l\u2019eau r\u00e9g\u00e9n\u00e9r\u00e9e, c\u2019est investir dans l\u2019avenir \u2014 mais aussi dans le pr\u00e9sent \u2014 du secteur agricole. Tel est l\u2019objectif du projet I-ReWater, une initiative cofinanc\u00e9e par le programme Interreg Sudoe, qui promeut une gestion plus durable des ressources en eau dans l\u2019agriculture irrigu\u00e9e de l\u2019espace SUDOE.<\/p>\n<p data-section-id=\"p8m47e\" data-start=\"413\" data-end=\"450\"><strong>Une vid\u00e9o pour d\u00e9couvrir le projet<br \/>\n<\/strong>Gr\u00e2ce \u00e0 cette vid\u00e9o, I-ReWater pr\u00e9sente de mani\u00e8re claire et dynamique les principaux d\u00e9fis et objectifs du projet, centr\u00e9s sur la r\u00e9utilisation de l\u2019eau r\u00e9g\u00e9n\u00e9r\u00e9e comme ressource strat\u00e9gique pour le secteur agricole.<\/p>\n<p data-start=\"671\" data-end=\"925\">L\u2019initiative vise \u00e0 promouvoir des solutions innovantes permettant d\u2019am\u00e9liorer l\u2019efficacit\u00e9 de l\u2019utilisation de l\u2019eau, de renforcer la r\u00e9silience des territoires face au changement climatique et de progresser vers des mod\u00e8les de production plus durables.<\/p>\n<p data-section-id=\"ivscli\" data-start=\"927\" data-end=\"961\"><strong>Disponible en plusieurs langues<br \/>\n<\/strong>La vid\u00e9o est disponible en espagnol et peut \u00e9galement \u00eatre consult\u00e9e en portugais, fran\u00e7ais et anglais sur la cha\u00eene YouTube officielle du projet.<\/p>\n<p>&nbsp;<\/p>\n<p style=\"text-align: center;\"><iframe title=\"YouTube video player\" src=\"https:\/\/www.youtube.com\/embed\/1N2nxytb6kY?si=z2RrU1q7HLJLzuBx\" width=\"560\" height=\"315\" frameborder=\"0\" allowfullscreen=\"allowfullscreen\"><\/iframe><\/p>\n<p>&nbsp;<\/p>\n<p data-section-id=\"d3hwf0\" data-start=\"1111\" data-end=\"1154\"><strong>Engagement pour l\u2019avenir de l\u2019irrigation<br \/>\n<\/strong>I-ReWater \u0153uvre pour d\u00e9montrer qu\u2019une gestion responsable de l\u2019eau est essentielle pour garantir la comp\u00e9titivit\u00e9 du secteur agricole et la durabilit\u00e9 des ressources naturelles dans l\u2019espace SUDOE.<\/p>\n","protected":false},"excerpt":{"rendered":"<p>I-ReWater pr\u00e9sente une vid\u00e9o informative qui r\u00e9sume les principaux objectifs du projet et son engagement en faveur de la r\u00e9utilisation de l\u2019eau r\u00e9g\u00e9n\u00e9r\u00e9e dans l\u2019agriculture irrigu\u00e9e. Cette production audiovisuelle est disponible en espagnol, portugais, fran\u00e7ais et anglais.<\/p>\n","protected":false},"author":4973,"featured_media":64561,"parent":0,"template":"","meta":{"_acf_changed":false,"content-type":"","_monsterinsights_skip_tracking":false,"_monsterinsights_sitenote_active":false,"_monsterinsights_sitenote_note":"","_monsterinsights_sitenote_category":0},"class_list":["post-64740","noticia-proyecto","type-noticia-proyecto","status-publish","has-post-thumbnail","hentry"],"acf":[],"yoast_head":"<!-- This site is optimized with the Yoast SEO plugin v27.4 - https:\/\/yoast.com\/product\/yoast-seo-wordpress\/ -->\n<title>I-ReWater en une minute : gestion durable de l\u2019eau pour l\u2019agriculture irrigu\u00e9e - Interreg Sudoe<\/title>\n<meta name=\"robots\" content=\"index, follow, max-snippet:-1, max-image-preview:large, max-video-preview:-1\" \/>\n<link rel=\"canonical\" href=\"https:\/\/interreg-sudoe.eu\/fr\/noticia-proyecto\/i-rewater-en-une-minute-gestion-durable-de-leau-pour-lagriculture-irriguee\/\" \/>\n<meta property=\"og:locale\" content=\"fr_FR\" \/>\n<meta property=\"og:type\" content=\"article\" \/>\n<meta property=\"og:title\" content=\"I-ReWater en une minute : gestion durable de l\u2019eau pour l\u2019agriculture irrigu\u00e9e - Interreg Sudoe\" \/>\n<meta property=\"og:description\" content=\"I-ReWater pr\u00e9sente une vid\u00e9o informative qui r\u00e9sume les principaux objectifs du projet et son engagement en faveur de la r\u00e9utilisation de l\u2019eau r\u00e9g\u00e9n\u00e9r\u00e9e dans l\u2019agriculture irrigu\u00e9e. Cette production audiovisuelle est disponible en espagnol, portugais, fran\u00e7ais et anglais.\" \/>\n<meta property=\"og:url\" content=\"https:\/\/interreg-sudoe.eu\/fr\/noticia-proyecto\/i-rewater-en-une-minute-gestion-durable-de-leau-pour-lagriculture-irriguee\/\" \/>\n<meta property=\"og:site_name\" content=\"Interreg Sudoe\" \/>\n<meta property=\"article:publisher\" content=\"https:\/\/www.facebook.com\/interregsudoe\" \/>\n<meta property=\"article:modified_time\" content=\"2026-04-28T07:58:23+00:00\" \/>\n<meta property=\"og:image\" content=\"https:\/\/interreg-sudoe.eu\/wp-content\/uploads\/2026\/04\/Captura-de-pantalla-2026-04-27-a-las-13.07.38.jpg\" \/>\n\t<meta property=\"og:image:width\" content=\"1980\" \/>\n\t<meta property=\"og:image:height\" content=\"1107\" \/>\n\t<meta property=\"og:image:type\" content=\"image\/jpeg\" \/>\n<meta name=\"twitter:card\" content=\"summary_large_image\" \/>\n<meta name=\"twitter:site\" content=\"@Sudoe5\" \/>\n<meta name=\"twitter:label1\" content=\"Dur\u00e9e de lecture estim\u00e9e\" \/>\n\t<meta name=\"twitter:data1\" content=\"1 minute\" \/>\n<script type=\"application\/ld+json\" class=\"yoast-schema-graph\">{\"@context\":\"https:\\\/\\\/schema.org\",\"@graph\":[{\"@type\":\"WebPage\",\"@id\":\"https:\\\/\\\/interreg-sudoe.eu\\\/fr\\\/noticia-proyecto\\\/i-rewater-en-une-minute-gestion-durable-de-leau-pour-lagriculture-irriguee\\\/\",\"url\":\"https:\\\/\\\/interreg-sudoe.eu\\\/fr\\\/noticia-proyecto\\\/i-rewater-en-une-minute-gestion-durable-de-leau-pour-lagriculture-irriguee\\\/\",\"name\":\"I-ReWater en une minute : gestion durable de l\u2019eau pour l\u2019agriculture irrigu\u00e9e - Interreg Sudoe\",\"isPartOf\":{\"@id\":\"https:\\\/\\\/interreg-sudoe.eu\\\/fr\\\/#website\"},\"primaryImageOfPage\":{\"@id\":\"https:\\\/\\\/interreg-sudoe.eu\\\/fr\\\/noticia-proyecto\\\/i-rewater-en-une-minute-gestion-durable-de-leau-pour-lagriculture-irriguee\\\/#primaryimage\"},\"image\":{\"@id\":\"https:\\\/\\\/interreg-sudoe.eu\\\/fr\\\/noticia-proyecto\\\/i-rewater-en-une-minute-gestion-durable-de-leau-pour-lagriculture-irriguee\\\/#primaryimage\"},\"thumbnailUrl\":\"https:\\\/\\\/interreg-sudoe.eu\\\/wp-content\\\/uploads\\\/2026\\\/04\\\/Captura-de-pantalla-2026-04-27-a-las-13.07.38.jpg\",\"datePublished\":\"2026-04-08T11:06:27+00:00\",\"dateModified\":\"2026-04-28T07:58:23+00:00\",\"breadcrumb\":{\"@id\":\"https:\\\/\\\/interreg-sudoe.eu\\\/fr\\\/noticia-proyecto\\\/i-rewater-en-une-minute-gestion-durable-de-leau-pour-lagriculture-irriguee\\\/#breadcrumb\"},\"inLanguage\":\"fr-FR\",\"potentialAction\":[{\"@type\":\"ReadAction\",\"target\":[\"https:\\\/\\\/interreg-sudoe.eu\\\/fr\\\/noticia-proyecto\\\/i-rewater-en-une-minute-gestion-durable-de-leau-pour-lagriculture-irriguee\\\/\"]}]},{\"@type\":\"ImageObject\",\"inLanguage\":\"fr-FR\",\"@id\":\"https:\\\/\\\/interreg-sudoe.eu\\\/fr\\\/noticia-proyecto\\\/i-rewater-en-une-minute-gestion-durable-de-leau-pour-lagriculture-irriguee\\\/#primaryimage\",\"url\":\"https:\\\/\\\/interreg-sudoe.eu\\\/wp-content\\\/uploads\\\/2026\\\/04\\\/Captura-de-pantalla-2026-04-27-a-las-13.07.38.jpg\",\"contentUrl\":\"https:\\\/\\\/interreg-sudoe.eu\\\/wp-content\\\/uploads\\\/2026\\\/04\\\/Captura-de-pantalla-2026-04-27-a-las-13.07.38.jpg\",\"width\":1980,\"height\":1107,\"caption\":\"Screenshot\"},{\"@type\":\"BreadcrumbList\",\"@id\":\"https:\\\/\\\/interreg-sudoe.eu\\\/fr\\\/noticia-proyecto\\\/i-rewater-en-une-minute-gestion-durable-de-leau-pour-lagriculture-irriguee\\\/#breadcrumb\",\"itemListElement\":[{\"@type\":\"ListItem\",\"position\":1,\"name\":\"Home\",\"item\":\"https:\\\/\\\/interreg-sudoe.eu\\\/fr\\\/\"},{\"@type\":\"ListItem\",\"position\":2,\"name\":\"I-ReWater en une minute : gestion durable de l\u2019eau pour l\u2019agriculture irrigu\u00e9e\"}]},{\"@type\":\"WebSite\",\"@id\":\"https:\\\/\\\/interreg-sudoe.eu\\\/fr\\\/#website\",\"url\":\"https:\\\/\\\/interreg-sudoe.eu\\\/fr\\\/\",\"name\":\"Interreg Sudoe\",\"description\":\"Interreg Sudoe\",\"publisher\":{\"@id\":\"https:\\\/\\\/interreg-sudoe.eu\\\/fr\\\/#organization\"},\"alternateName\":\"Interreg Sudoe\",\"potentialAction\":[{\"@type\":\"SearchAction\",\"target\":{\"@type\":\"EntryPoint\",\"urlTemplate\":\"https:\\\/\\\/interreg-sudoe.eu\\\/fr\\\/?s={search_term_string}\"},\"query-input\":{\"@type\":\"PropertyValueSpecification\",\"valueRequired\":true,\"valueName\":\"search_term_string\"}}],\"inLanguage\":\"fr-FR\"},{\"@type\":\"Organization\",\"@id\":\"https:\\\/\\\/interreg-sudoe.eu\\\/fr\\\/#organization\",\"name\":\"Interreg Sudoe\",\"alternateName\":\"Interreg Sudoe\",\"url\":\"https:\\\/\\\/interreg-sudoe.eu\\\/fr\\\/\",\"logo\":{\"@type\":\"ImageObject\",\"inLanguage\":\"fr-FR\",\"@id\":\"https:\\\/\\\/interreg-sudoe.eu\\\/fr\\\/#\\\/schema\\\/logo\\\/image\\\/\",\"url\":\"https:\\\/\\\/interreg-sudoe.eu\\\/wp-content\\\/uploads\\\/2024\\\/03\\\/logo-interreg.png\",\"contentUrl\":\"https:\\\/\\\/interreg-sudoe.eu\\\/wp-content\\\/uploads\\\/2024\\\/03\\\/logo-interreg.png\",\"width\":1200,\"height\":675,\"caption\":\"Interreg Sudoe\"},\"image\":{\"@id\":\"https:\\\/\\\/interreg-sudoe.eu\\\/fr\\\/#\\\/schema\\\/logo\\\/image\\\/\"},\"sameAs\":[\"https:\\\/\\\/www.facebook.com\\\/interregsudoe\",\"https:\\\/\\\/x.com\\\/Sudoe5\",\"https:\\\/\\\/www.youtube.com\\\/channel\\\/UCeGx2edoB32beRc9dbKA2vw\",\"https:\\\/\\\/www.linkedin.com\\\/company\\\/interreg-sudoe-programme\\\/\",\"https:\\\/\\\/www.flickr.com\\\/photos\\\/148704685@N06\\\/\"]}]}<\/script>\n<!-- \/ Yoast SEO plugin. -->","yoast_head_json":{"title":"I-ReWater en une minute : gestion durable de l\u2019eau pour l\u2019agriculture irrigu\u00e9e - Interreg Sudoe","robots":{"index":"index","follow":"follow","max-snippet":"max-snippet:-1","max-image-preview":"max-image-preview:large","max-video-preview":"max-video-preview:-1"},"canonical":"https:\/\/interreg-sudoe.eu\/fr\/noticia-proyecto\/i-rewater-en-une-minute-gestion-durable-de-leau-pour-lagriculture-irriguee\/","og_locale":"fr_FR","og_type":"article","og_title":"I-ReWater en une minute : gestion durable de l\u2019eau pour l\u2019agriculture irrigu\u00e9e - Interreg Sudoe","og_description":"I-ReWater pr\u00e9sente une vid\u00e9o informative qui r\u00e9sume les principaux objectifs du projet et son engagement en faveur de la r\u00e9utilisation de l\u2019eau r\u00e9g\u00e9n\u00e9r\u00e9e dans l\u2019agriculture irrigu\u00e9e. Cette production audiovisuelle est disponible en espagnol, portugais, fran\u00e7ais et anglais.","og_url":"https:\/\/interreg-sudoe.eu\/fr\/noticia-proyecto\/i-rewater-en-une-minute-gestion-durable-de-leau-pour-lagriculture-irriguee\/","og_site_name":"Interreg Sudoe","article_publisher":"https:\/\/www.facebook.com\/interregsudoe","article_modified_time":"2026-04-28T07:58:23+00:00","og_image":[{"width":1980,"height":1107,"url":"https:\/\/interreg-sudoe.eu\/wp-content\/uploads\/2026\/04\/Captura-de-pantalla-2026-04-27-a-las-13.07.38.jpg","type":"image\/jpeg"}],"twitter_card":"summary_large_image","twitter_site":"@Sudoe5","twitter_misc":{"Dur\u00e9e de lecture estim\u00e9e":"1 minute"},"schema":{"@context":"https:\/\/schema.org","@graph":[{"@type":"WebPage","@id":"https:\/\/interreg-sudoe.eu\/fr\/noticia-proyecto\/i-rewater-en-une-minute-gestion-durable-de-leau-pour-lagriculture-irriguee\/","url":"https:\/\/interreg-sudoe.eu\/fr\/noticia-proyecto\/i-rewater-en-une-minute-gestion-durable-de-leau-pour-lagriculture-irriguee\/","name":"I-ReWater en une minute : gestion durable de l\u2019eau pour l\u2019agriculture irrigu\u00e9e - Interreg Sudoe","isPartOf":{"@id":"https:\/\/interreg-sudoe.eu\/fr\/#website"},"primaryImageOfPage":{"@id":"https:\/\/interreg-sudoe.eu\/fr\/noticia-proyecto\/i-rewater-en-une-minute-gestion-durable-de-leau-pour-lagriculture-irriguee\/#primaryimage"},"image":{"@id":"https:\/\/interreg-sudoe.eu\/fr\/noticia-proyecto\/i-rewater-en-une-minute-gestion-durable-de-leau-pour-lagriculture-irriguee\/#primaryimage"},"thumbnailUrl":"https:\/\/interreg-sudoe.eu\/wp-content\/uploads\/2026\/04\/Captura-de-pantalla-2026-04-27-a-las-13.07.38.jpg","datePublished":"2026-04-08T11:06:27+00:00","dateModified":"2026-04-28T07:58:23+00:00","breadcrumb":{"@id":"https:\/\/interreg-sudoe.eu\/fr\/noticia-proyecto\/i-rewater-en-une-minute-gestion-durable-de-leau-pour-lagriculture-irriguee\/#breadcrumb"},"inLanguage":"fr-FR","potentialAction":[{"@type":"ReadAction","target":["https:\/\/interreg-sudoe.eu\/fr\/noticia-proyecto\/i-rewater-en-une-minute-gestion-durable-de-leau-pour-lagriculture-irriguee\/"]}]},{"@type":"ImageObject","inLanguage":"fr-FR","@id":"https:\/\/interreg-sudoe.eu\/fr\/noticia-proyecto\/i-rewater-en-une-minute-gestion-durable-de-leau-pour-lagriculture-irriguee\/#primaryimage","url":"https:\/\/interreg-sudoe.eu\/wp-content\/uploads\/2026\/04\/Captura-de-pantalla-2026-04-27-a-las-13.07.38.jpg","contentUrl":"https:\/\/interreg-sudoe.eu\/wp-content\/uploads\/2026\/04\/Captura-de-pantalla-2026-04-27-a-las-13.07.38.jpg","width":1980,"height":1107,"caption":"Screenshot"},{"@type":"BreadcrumbList","@id":"https:\/\/interreg-sudoe.eu\/fr\/noticia-proyecto\/i-rewater-en-une-minute-gestion-durable-de-leau-pour-lagriculture-irriguee\/#breadcrumb","itemListElement":[{"@type":"ListItem","position":1,"name":"Home","item":"https:\/\/interreg-sudoe.eu\/fr\/"},{"@type":"ListItem","position":2,"name":"I-ReWater en une minute : gestion durable de l\u2019eau pour l\u2019agriculture irrigu\u00e9e"}]},{"@type":"WebSite","@id":"https:\/\/interreg-sudoe.eu\/fr\/#website","url":"https:\/\/interreg-sudoe.eu\/fr\/","name":"Interreg Sudoe","description":"Interreg Sudoe","publisher":{"@id":"https:\/\/interreg-sudoe.eu\/fr\/#organization"},"alternateName":"Interreg Sudoe","potentialAction":[{"@type":"SearchAction","target":{"@type":"EntryPoint","urlTemplate":"https:\/\/interreg-sudoe.eu\/fr\/?s={search_term_string}"},"query-input":{"@type":"PropertyValueSpecification","valueRequired":true,"valueName":"search_term_string"}}],"inLanguage":"fr-FR"},{"@type":"Organization","@id":"https:\/\/interreg-sudoe.eu\/fr\/#organization","name":"Interreg Sudoe","alternateName":"Interreg Sudoe","url":"https:\/\/interreg-sudoe.eu\/fr\/","logo":{"@type":"ImageObject","inLanguage":"fr-FR","@id":"https:\/\/interreg-sudoe.eu\/fr\/#\/schema\/logo\/image\/","url":"https:\/\/interreg-sudoe.eu\/wp-content\/uploads\/2024\/03\/logo-interreg.png","contentUrl":"https:\/\/interreg-sudoe.eu\/wp-content\/uploads\/2024\/03\/logo-interreg.png","width":1200,"height":675,"caption":"Interreg Sudoe"},"image":{"@id":"https:\/\/interreg-sudoe.eu\/fr\/#\/schema\/logo\/image\/"},"sameAs":["https:\/\/www.facebook.com\/interregsudoe","https:\/\/x.com\/Sudoe5","https:\/\/www.youtube.com\/channel\/UCeGx2edoB32beRc9dbKA2vw","https:\/\/www.linkedin.com\/company\/interreg-sudoe-programme\/","https:\/\/www.flickr.com\/photos\/148704685@N06\/"]}]}},"_links":{"self":[{"href":"https:\/\/interreg-sudoe.eu\/fr\/wp-json\/wp\/v2\/noticia-proyecto\/64740","targetHints":{"allow":["GET"]}}],"collection":[{"href":"https:\/\/interreg-sudoe.eu\/fr\/wp-json\/wp\/v2\/noticia-proyecto"}],"about":[{"href":"https:\/\/interreg-sudoe.eu\/fr\/wp-json\/wp\/v2\/types\/noticia-proyecto"}],"author":[{"embeddable":true,"href":"https:\/\/interreg-sudoe.eu\/fr\/wp-json\/wp\/v2\/users\/4973"}],"wp:featuredmedia":[{"embeddable":true,"href":"https:\/\/interreg-sudoe.eu\/fr\/wp-json\/wp\/v2\/media\/64561"}],"wp:attachment":[{"href":"https:\/\/interreg-sudoe.eu\/fr\/wp-json\/wp\/v2\/media?parent=64740"}],"curies":[{"name":"wp","href":"https:\/\/api.w.org\/{rel}","templated":true}]}}