{"id":64768,"date":"2026-04-28T10:12:45","date_gmt":"2026-04-28T08:12:45","guid":{"rendered":"https:\/\/interreg-sudoe.eu\/noticia-proyecto\/jornada-de-sensibilizacion-del-proyecto-i-rewater-en-el-campus-terra-de-lugo\/"},"modified":"2026-04-28T10:39:55","modified_gmt":"2026-04-28T08:39:55","slug":"journee-de-sensibilisation-du-projet-i-rewater-au-campus-terra-de-lugo","status":"publish","type":"noticia-proyecto","link":"https:\/\/interreg-sudoe.eu\/fr\/noticia-proyecto\/journee-de-sensibilisation-du-projet-i-rewater-au-campus-terra-de-lugo\/","title":{"rendered":"Journ\u00e9e de sensibilisation du projet I-ReWater au Campus Terra de Lugo"},"content":{"rendered":"<p data-start=\"2106\" data-end=\"2613\">Le projet I-ReWater, cofinanc\u00e9 par le programme Interreg Sudoe, a organis\u00e9 une nouvelle journ\u00e9e de sensibilisation au <a href=\"https:\/\/www.usc.gal\/gl\/campusterra\">Campus Terra de Lugo<\/a> de l\u2019Universit\u00e9 de Saint-Jacques-de-Compostelle, \u00e0 la Caf\u00e9t\u00e9ria des Humanit\u00e9s du Complexo Docente. Cette activit\u00e9 a permis de rapprocher la communaut\u00e9 universitaire des principaux objectifs du projet, centr\u00e9s sur la gestion durable des ressources en eau dans l\u2019agriculture irrigu\u00e9e et sur la valorisation de l\u2019eau r\u00e9g\u00e9n\u00e9r\u00e9e comme ressource strat\u00e9gique pour le secteur.<\/p>\n<p data-start=\"2106\" data-end=\"2613\">\n<p data-start=\"2615\" data-end=\"2668\" data-section-id=\"18bru48\"><strong>Sensibilisation \u00e0 l\u2019utilisation de l\u2019eau r\u00e9g\u00e9n\u00e9r\u00e9e<br \/>\n<\/strong>Au cours de la session, les principales caract\u00e9ristiques de l\u2019eau r\u00e9g\u00e9n\u00e9r\u00e9e ont \u00e9t\u00e9 pr\u00e9sent\u00e9es, ainsi que ses applications possibles en agriculture, en soulignant son potentiel pour favoriser une utilisation plus efficace et durable de l\u2019eau dans un contexte marqu\u00e9 par les d\u00e9fis climatiques et la n\u00e9cessit\u00e9 d\u2019optimiser les ressources disponibles.<\/p>\n<p data-start=\"2615\" data-end=\"2668\" data-section-id=\"18bru48\">\n<p data-start=\"3019\" data-end=\"3107\" data-section-id=\"1d0m7yf\"><strong>D\u00e9gustation de bi\u00e8res exp\u00e9rimentales \u00e9labor\u00e9es avec du houblon issu des sites pilotes<\/strong><\/p>\n<p><img fetchpriority=\"high\" decoding=\"async\" class=\"wp-image-64764 aligncenter\" src=\"https:\/\/interreg-sudoe.eu\/wp-content\/uploads\/2026\/04\/I-ReWater_JornadaSensibilizacionCampusTerra02-1.jpg\" alt=\"\" width=\"551\" height=\"734\" srcset=\"https:\/\/interreg-sudoe.eu\/wp-content\/uploads\/2026\/04\/I-ReWater_JornadaSensibilizacionCampusTerra02-1.jpg 1280w, https:\/\/interreg-sudoe.eu\/wp-content\/uploads\/2026\/04\/I-ReWater_JornadaSensibilizacionCampusTerra02-1-225x300.jpg 225w, https:\/\/interreg-sudoe.eu\/wp-content\/uploads\/2026\/04\/I-ReWater_JornadaSensibilizacionCampusTerra02-1-768x1024.jpg 768w, https:\/\/interreg-sudoe.eu\/wp-content\/uploads\/2026\/04\/I-ReWater_JornadaSensibilizacionCampusTerra02-1-1152x1536.jpg 1152w\" sizes=\"(max-width: 551px) 100vw, 551px\" \/><\/p>\n<p>&nbsp;<\/p>\n<p data-start=\"3109\" data-end=\"3438\">Dans le cadre de la journ\u00e9e, les participants ont pris part \u00e0 une d\u00e9gustation de bi\u00e8res exp\u00e9rimentales \u00e9labor\u00e9es par la brasserie artisanale \u00e9cologique <a href=\"https:\/\/bubela.gal\/castellano\/\">Bubela Artes\u00e1<\/a>. Ces bi\u00e8res ont \u00e9t\u00e9 produites avec du houblon provenant de deux actions pilotes du projet, situ\u00e9es \u00e0 Presedo et Cubillos del Sil, correspondant \u00e0 la campagne 2025.<\/p>\n<p data-start=\"3109\" data-end=\"3438\">\n<p data-start=\"3440\" data-end=\"3484\" data-section-id=\"1cdy9ki\"><strong>Collaboration et participation des jeunes<br \/>\n<\/strong>La Fondation remercie Iker Falc\u00f3n Caz\u00e1s pour sa collaboration \u00e0 la coorganisation de cette activit\u00e9, men\u00e9e dans le cadre du <a href=\"https:\/\/www.interregyouth.com\/\">programme Interreg Volunteer Youth<\/a>. Gr\u00e2ce \u00e0 des initiatives comme celle-ci, I-ReWater continue de promouvoir des actions de sensibilisation et de participation afin de rapprocher l\u2019innovation, la durabilit\u00e9 et l\u2019utilisation responsable de l\u2019eau des citoyens.<\/p>\n","protected":false},"excerpt":{"rendered":"<p>Le projet I-ReWater a organis\u00e9 une journ\u00e9e de sensibilisation au Campus Terra de Lugo afin de faire conna\u00eetre le potentiel de l\u2019eau r\u00e9g\u00e9n\u00e9r\u00e9e dans l\u2019agriculture irrigu\u00e9e. L\u2019activit\u00e9 comprenait \u00e9galement une d\u00e9gustation de bi\u00e8res exp\u00e9rimentales \u00e9labor\u00e9es avec du houblon issu des actions pilotes du projet.<\/p>\n","protected":false},"author":4973,"featured_media":64763,"parent":0,"template":"","meta":{"_acf_changed":false,"content-type":"","_monsterinsights_skip_tracking":false,"_monsterinsights_sitenote_active":false,"_monsterinsights_sitenote_note":"","_monsterinsights_sitenote_category":0},"class_list":["post-64768","noticia-proyecto","type-noticia-proyecto","status-publish","has-post-thumbnail","hentry"],"acf":[],"yoast_head":"<!-- This site is optimized with the Yoast SEO plugin v27.4 - https:\/\/yoast.com\/product\/yoast-seo-wordpress\/ -->\n<title>Journ\u00e9e de sensibilisation du projet I-ReWater au Campus Terra de Lugo - Interreg Sudoe<\/title>\n<meta name=\"robots\" content=\"index, follow, max-snippet:-1, max-image-preview:large, max-video-preview:-1\" \/>\n<link rel=\"canonical\" href=\"https:\/\/interreg-sudoe.eu\/fr\/noticia-proyecto\/journee-de-sensibilisation-du-projet-i-rewater-au-campus-terra-de-lugo\/\" \/>\n<meta property=\"og:locale\" content=\"fr_FR\" \/>\n<meta property=\"og:type\" content=\"article\" \/>\n<meta property=\"og:title\" content=\"Journ\u00e9e de sensibilisation du projet I-ReWater au Campus Terra de Lugo - Interreg Sudoe\" \/>\n<meta property=\"og:description\" content=\"Le projet I-ReWater a organis\u00e9 une journ\u00e9e de sensibilisation au Campus Terra de Lugo afin de faire conna\u00eetre le potentiel de l\u2019eau r\u00e9g\u00e9n\u00e9r\u00e9e dans l\u2019agriculture irrigu\u00e9e. L\u2019activit\u00e9 comprenait \u00e9galement une d\u00e9gustation de bi\u00e8res exp\u00e9rimentales \u00e9labor\u00e9es avec du houblon issu des actions pilotes du projet.\" \/>\n<meta property=\"og:url\" content=\"https:\/\/interreg-sudoe.eu\/fr\/noticia-proyecto\/journee-de-sensibilisation-du-projet-i-rewater-au-campus-terra-de-lugo\/\" \/>\n<meta property=\"og:site_name\" content=\"Interreg Sudoe\" \/>\n<meta property=\"article:publisher\" content=\"https:\/\/www.facebook.com\/interregsudoe\" \/>\n<meta property=\"article:modified_time\" content=\"2026-04-28T08:39:55+00:00\" \/>\n<meta property=\"og:image\" content=\"https:\/\/interreg-sudoe.eu\/wp-content\/uploads\/2026\/04\/Diseno-sin-titulo-2-1.jpg\" \/>\n\t<meta property=\"og:image:width\" content=\"1140\" \/>\n\t<meta property=\"og:image:height\" content=\"640\" \/>\n\t<meta property=\"og:image:type\" content=\"image\/jpeg\" \/>\n<meta name=\"twitter:card\" content=\"summary_large_image\" \/>\n<meta name=\"twitter:site\" content=\"@Sudoe5\" \/>\n<meta name=\"twitter:label1\" content=\"Dur\u00e9e de lecture estim\u00e9e\" \/>\n\t<meta name=\"twitter:data1\" content=\"1 minute\" \/>\n<script type=\"application\/ld+json\" class=\"yoast-schema-graph\">{\"@context\":\"https:\\\/\\\/schema.org\",\"@graph\":[{\"@type\":\"WebPage\",\"@id\":\"https:\\\/\\\/interreg-sudoe.eu\\\/fr\\\/noticia-proyecto\\\/journee-de-sensibilisation-du-projet-i-rewater-au-campus-terra-de-lugo\\\/\",\"url\":\"https:\\\/\\\/interreg-sudoe.eu\\\/fr\\\/noticia-proyecto\\\/journee-de-sensibilisation-du-projet-i-rewater-au-campus-terra-de-lugo\\\/\",\"name\":\"Journ\u00e9e de sensibilisation du projet I-ReWater au Campus Terra de Lugo - Interreg Sudoe\",\"isPartOf\":{\"@id\":\"https:\\\/\\\/interreg-sudoe.eu\\\/fr\\\/#website\"},\"primaryImageOfPage\":{\"@id\":\"https:\\\/\\\/interreg-sudoe.eu\\\/fr\\\/noticia-proyecto\\\/journee-de-sensibilisation-du-projet-i-rewater-au-campus-terra-de-lugo\\\/#primaryimage\"},\"image\":{\"@id\":\"https:\\\/\\\/interreg-sudoe.eu\\\/fr\\\/noticia-proyecto\\\/journee-de-sensibilisation-du-projet-i-rewater-au-campus-terra-de-lugo\\\/#primaryimage\"},\"thumbnailUrl\":\"https:\\\/\\\/interreg-sudoe.eu\\\/wp-content\\\/uploads\\\/2026\\\/04\\\/Diseno-sin-titulo-2-1.jpg\",\"datePublished\":\"2026-04-28T08:12:45+00:00\",\"dateModified\":\"2026-04-28T08:39:55+00:00\",\"breadcrumb\":{\"@id\":\"https:\\\/\\\/interreg-sudoe.eu\\\/fr\\\/noticia-proyecto\\\/journee-de-sensibilisation-du-projet-i-rewater-au-campus-terra-de-lugo\\\/#breadcrumb\"},\"inLanguage\":\"fr-FR\",\"potentialAction\":[{\"@type\":\"ReadAction\",\"target\":[\"https:\\\/\\\/interreg-sudoe.eu\\\/fr\\\/noticia-proyecto\\\/journee-de-sensibilisation-du-projet-i-rewater-au-campus-terra-de-lugo\\\/\"]}]},{\"@type\":\"ImageObject\",\"inLanguage\":\"fr-FR\",\"@id\":\"https:\\\/\\\/interreg-sudoe.eu\\\/fr\\\/noticia-proyecto\\\/journee-de-sensibilisation-du-projet-i-rewater-au-campus-terra-de-lugo\\\/#primaryimage\",\"url\":\"https:\\\/\\\/interreg-sudoe.eu\\\/wp-content\\\/uploads\\\/2026\\\/04\\\/Diseno-sin-titulo-2-1.jpg\",\"contentUrl\":\"https:\\\/\\\/interreg-sudoe.eu\\\/wp-content\\\/uploads\\\/2026\\\/04\\\/Diseno-sin-titulo-2-1.jpg\",\"width\":1140,\"height\":640},{\"@type\":\"BreadcrumbList\",\"@id\":\"https:\\\/\\\/interreg-sudoe.eu\\\/fr\\\/noticia-proyecto\\\/journee-de-sensibilisation-du-projet-i-rewater-au-campus-terra-de-lugo\\\/#breadcrumb\",\"itemListElement\":[{\"@type\":\"ListItem\",\"position\":1,\"name\":\"Home\",\"item\":\"https:\\\/\\\/interreg-sudoe.eu\\\/fr\\\/\"},{\"@type\":\"ListItem\",\"position\":2,\"name\":\"Journ\u00e9e de sensibilisation du projet I-ReWater au Campus Terra de Lugo\"}]},{\"@type\":\"WebSite\",\"@id\":\"https:\\\/\\\/interreg-sudoe.eu\\\/fr\\\/#website\",\"url\":\"https:\\\/\\\/interreg-sudoe.eu\\\/fr\\\/\",\"name\":\"Interreg Sudoe\",\"description\":\"Interreg Sudoe\",\"publisher\":{\"@id\":\"https:\\\/\\\/interreg-sudoe.eu\\\/fr\\\/#organization\"},\"alternateName\":\"Interreg Sudoe\",\"potentialAction\":[{\"@type\":\"SearchAction\",\"target\":{\"@type\":\"EntryPoint\",\"urlTemplate\":\"https:\\\/\\\/interreg-sudoe.eu\\\/fr\\\/?s={search_term_string}\"},\"query-input\":{\"@type\":\"PropertyValueSpecification\",\"valueRequired\":true,\"valueName\":\"search_term_string\"}}],\"inLanguage\":\"fr-FR\"},{\"@type\":\"Organization\",\"@id\":\"https:\\\/\\\/interreg-sudoe.eu\\\/fr\\\/#organization\",\"name\":\"Interreg Sudoe\",\"alternateName\":\"Interreg Sudoe\",\"url\":\"https:\\\/\\\/interreg-sudoe.eu\\\/fr\\\/\",\"logo\":{\"@type\":\"ImageObject\",\"inLanguage\":\"fr-FR\",\"@id\":\"https:\\\/\\\/interreg-sudoe.eu\\\/fr\\\/#\\\/schema\\\/logo\\\/image\\\/\",\"url\":\"https:\\\/\\\/interreg-sudoe.eu\\\/wp-content\\\/uploads\\\/2024\\\/03\\\/logo-interreg.png\",\"contentUrl\":\"https:\\\/\\\/interreg-sudoe.eu\\\/wp-content\\\/uploads\\\/2024\\\/03\\\/logo-interreg.png\",\"width\":1200,\"height\":675,\"caption\":\"Interreg Sudoe\"},\"image\":{\"@id\":\"https:\\\/\\\/interreg-sudoe.eu\\\/fr\\\/#\\\/schema\\\/logo\\\/image\\\/\"},\"sameAs\":[\"https:\\\/\\\/www.facebook.com\\\/interregsudoe\",\"https:\\\/\\\/x.com\\\/Sudoe5\",\"https:\\\/\\\/www.youtube.com\\\/channel\\\/UCeGx2edoB32beRc9dbKA2vw\",\"https:\\\/\\\/www.linkedin.com\\\/company\\\/interreg-sudoe-programme\\\/\",\"https:\\\/\\\/www.flickr.com\\\/photos\\\/148704685@N06\\\/\"]}]}<\/script>\n<!-- \/ Yoast SEO plugin. -->","yoast_head_json":{"title":"Journ\u00e9e de sensibilisation du projet I-ReWater au Campus Terra de Lugo - Interreg Sudoe","robots":{"index":"index","follow":"follow","max-snippet":"max-snippet:-1","max-image-preview":"max-image-preview:large","max-video-preview":"max-video-preview:-1"},"canonical":"https:\/\/interreg-sudoe.eu\/fr\/noticia-proyecto\/journee-de-sensibilisation-du-projet-i-rewater-au-campus-terra-de-lugo\/","og_locale":"fr_FR","og_type":"article","og_title":"Journ\u00e9e de sensibilisation du projet I-ReWater au Campus Terra de Lugo - Interreg Sudoe","og_description":"Le projet I-ReWater a organis\u00e9 une journ\u00e9e de sensibilisation au Campus Terra de Lugo afin de faire conna\u00eetre le potentiel de l\u2019eau r\u00e9g\u00e9n\u00e9r\u00e9e dans l\u2019agriculture irrigu\u00e9e. L\u2019activit\u00e9 comprenait \u00e9galement une d\u00e9gustation de bi\u00e8res exp\u00e9rimentales \u00e9labor\u00e9es avec du houblon issu des actions pilotes du projet.","og_url":"https:\/\/interreg-sudoe.eu\/fr\/noticia-proyecto\/journee-de-sensibilisation-du-projet-i-rewater-au-campus-terra-de-lugo\/","og_site_name":"Interreg Sudoe","article_publisher":"https:\/\/www.facebook.com\/interregsudoe","article_modified_time":"2026-04-28T08:39:55+00:00","og_image":[{"width":1140,"height":640,"url":"https:\/\/interreg-sudoe.eu\/wp-content\/uploads\/2026\/04\/Diseno-sin-titulo-2-1.jpg","type":"image\/jpeg"}],"twitter_card":"summary_large_image","twitter_site":"@Sudoe5","twitter_misc":{"Dur\u00e9e de lecture estim\u00e9e":"1 minute"},"schema":{"@context":"https:\/\/schema.org","@graph":[{"@type":"WebPage","@id":"https:\/\/interreg-sudoe.eu\/fr\/noticia-proyecto\/journee-de-sensibilisation-du-projet-i-rewater-au-campus-terra-de-lugo\/","url":"https:\/\/interreg-sudoe.eu\/fr\/noticia-proyecto\/journee-de-sensibilisation-du-projet-i-rewater-au-campus-terra-de-lugo\/","name":"Journ\u00e9e de sensibilisation du projet I-ReWater au Campus Terra de Lugo - Interreg Sudoe","isPartOf":{"@id":"https:\/\/interreg-sudoe.eu\/fr\/#website"},"primaryImageOfPage":{"@id":"https:\/\/interreg-sudoe.eu\/fr\/noticia-proyecto\/journee-de-sensibilisation-du-projet-i-rewater-au-campus-terra-de-lugo\/#primaryimage"},"image":{"@id":"https:\/\/interreg-sudoe.eu\/fr\/noticia-proyecto\/journee-de-sensibilisation-du-projet-i-rewater-au-campus-terra-de-lugo\/#primaryimage"},"thumbnailUrl":"https:\/\/interreg-sudoe.eu\/wp-content\/uploads\/2026\/04\/Diseno-sin-titulo-2-1.jpg","datePublished":"2026-04-28T08:12:45+00:00","dateModified":"2026-04-28T08:39:55+00:00","breadcrumb":{"@id":"https:\/\/interreg-sudoe.eu\/fr\/noticia-proyecto\/journee-de-sensibilisation-du-projet-i-rewater-au-campus-terra-de-lugo\/#breadcrumb"},"inLanguage":"fr-FR","potentialAction":[{"@type":"ReadAction","target":["https:\/\/interreg-sudoe.eu\/fr\/noticia-proyecto\/journee-de-sensibilisation-du-projet-i-rewater-au-campus-terra-de-lugo\/"]}]},{"@type":"ImageObject","inLanguage":"fr-FR","@id":"https:\/\/interreg-sudoe.eu\/fr\/noticia-proyecto\/journee-de-sensibilisation-du-projet-i-rewater-au-campus-terra-de-lugo\/#primaryimage","url":"https:\/\/interreg-sudoe.eu\/wp-content\/uploads\/2026\/04\/Diseno-sin-titulo-2-1.jpg","contentUrl":"https:\/\/interreg-sudoe.eu\/wp-content\/uploads\/2026\/04\/Diseno-sin-titulo-2-1.jpg","width":1140,"height":640},{"@type":"BreadcrumbList","@id":"https:\/\/interreg-sudoe.eu\/fr\/noticia-proyecto\/journee-de-sensibilisation-du-projet-i-rewater-au-campus-terra-de-lugo\/#breadcrumb","itemListElement":[{"@type":"ListItem","position":1,"name":"Home","item":"https:\/\/interreg-sudoe.eu\/fr\/"},{"@type":"ListItem","position":2,"name":"Journ\u00e9e de sensibilisation du projet I-ReWater au Campus Terra de Lugo"}]},{"@type":"WebSite","@id":"https:\/\/interreg-sudoe.eu\/fr\/#website","url":"https:\/\/interreg-sudoe.eu\/fr\/","name":"Interreg Sudoe","description":"Interreg Sudoe","publisher":{"@id":"https:\/\/interreg-sudoe.eu\/fr\/#organization"},"alternateName":"Interreg Sudoe","potentialAction":[{"@type":"SearchAction","target":{"@type":"EntryPoint","urlTemplate":"https:\/\/interreg-sudoe.eu\/fr\/?s={search_term_string}"},"query-input":{"@type":"PropertyValueSpecification","valueRequired":true,"valueName":"search_term_string"}}],"inLanguage":"fr-FR"},{"@type":"Organization","@id":"https:\/\/interreg-sudoe.eu\/fr\/#organization","name":"Interreg Sudoe","alternateName":"Interreg Sudoe","url":"https:\/\/interreg-sudoe.eu\/fr\/","logo":{"@type":"ImageObject","inLanguage":"fr-FR","@id":"https:\/\/interreg-sudoe.eu\/fr\/#\/schema\/logo\/image\/","url":"https:\/\/interreg-sudoe.eu\/wp-content\/uploads\/2024\/03\/logo-interreg.png","contentUrl":"https:\/\/interreg-sudoe.eu\/wp-content\/uploads\/2024\/03\/logo-interreg.png","width":1200,"height":675,"caption":"Interreg Sudoe"},"image":{"@id":"https:\/\/interreg-sudoe.eu\/fr\/#\/schema\/logo\/image\/"},"sameAs":["https:\/\/www.facebook.com\/interregsudoe","https:\/\/x.com\/Sudoe5","https:\/\/www.youtube.com\/channel\/UCeGx2edoB32beRc9dbKA2vw","https:\/\/www.linkedin.com\/company\/interreg-sudoe-programme\/","https:\/\/www.flickr.com\/photos\/148704685@N06\/"]}]}},"_links":{"self":[{"href":"https:\/\/interreg-sudoe.eu\/fr\/wp-json\/wp\/v2\/noticia-proyecto\/64768","targetHints":{"allow":["GET"]}}],"collection":[{"href":"https:\/\/interreg-sudoe.eu\/fr\/wp-json\/wp\/v2\/noticia-proyecto"}],"about":[{"href":"https:\/\/interreg-sudoe.eu\/fr\/wp-json\/wp\/v2\/types\/noticia-proyecto"}],"author":[{"embeddable":true,"href":"https:\/\/interreg-sudoe.eu\/fr\/wp-json\/wp\/v2\/users\/4973"}],"wp:featuredmedia":[{"embeddable":true,"href":"https:\/\/interreg-sudoe.eu\/fr\/wp-json\/wp\/v2\/media\/64763"}],"wp:attachment":[{"href":"https:\/\/interreg-sudoe.eu\/fr\/wp-json\/wp\/v2\/media?parent=64768"}],"curies":[{"name":"wp","href":"https:\/\/api.w.org\/{rel}","templated":true}]}}