{"id":64812,"date":"2026-04-28T11:02:23","date_gmt":"2026-04-28T09:02:23","guid":{"rendered":"https:\/\/interreg-sudoe.eu\/noticia-proyecto\/i-rewater-refuerza-su-presencia-en-eventos-sectoriales-sobre-innovacion-y-reutilizacion-del-agua\/"},"modified":"2026-04-28T11:54:51","modified_gmt":"2026-04-28T09:54:51","slug":"i-rewater-renforce-sa-presence-lors-d-evenements-sectoriels-sur-l-innovation-et-la-reutilisation-de-l-eau","status":"publish","type":"noticia-proyecto","link":"https:\/\/interreg-sudoe.eu\/fr\/noticia-proyecto\/i-rewater-renforce-sa-presence-lors-d-evenements-sectoriels-sur-l-innovation-et-la-reutilisation-de-l-eau\/","title":{"rendered":"I-ReWater renforce sa pr\u00e9sence lors d\u2019\u00e9v\u00e9nements sectoriels sur l\u2019innovation et la r\u00e9utilisation de l\u2019eau"},"content":{"rendered":"<p data-start=\"3153\" data-end=\"3631\">Le projet I-ReWater continue de diffuser ses avanc\u00e9es et ses r\u00e9sultats gr\u00e2ce \u00e0 sa participation \u00e0 des rencontres techniques et \u00e0 des forums sp\u00e9cialis\u00e9s li\u00e9s \u00e0 la gestion durable de l\u2019eau et \u00e0 l\u2019innovation dans le secteur agroalimentaire. Au cours du mois de mars, des repr\u00e9sentants du consortium participent \u00e0 diff\u00e9rents \u00e9v\u00e9nements de r\u00e9f\u00e9rence en Espagne et au Portugal afin de pr\u00e9senter les travaux men\u00e9s autour de l\u2019utilisation de l\u2019eau r\u00e9g\u00e9n\u00e9r\u00e9e dans l\u2019agriculture irrigu\u00e9e.<\/p>\n<p data-section-id=\"p3sr1u\" data-start=\"3633\" data-end=\"3700\"><strong>18 mars : participation au VIII Water Innovation Day \u00e0 Barcelone<br \/>\n<\/strong>Le mercredi 18 mars, Pablo Est\u00e9vez Torrado, de <a href=\"https:\/\/gestagua.es\/\">Gestagua<\/a>, participe au <a href=\"https:\/\/cwp.cat\/en\/esdeveniment\/viii-water-innovation-day-3\/\">VIII Water Innovation Day<\/a>, rencontre annuelle du secteur de l\u2019eau organis\u00e9e par le <a href=\"https:\/\/cwp.cat\/es\/incio\/\">Catalan Water Partnership<\/a> et tenue \u00e0 l\u2019Auditorium du CosmoCaixa de Barcelone. Dans ce cadre, il pr\u00e9sente les recherches d\u00e9velopp\u00e9es par I-ReWater lors de la session \u00ab Elevator pitch de projets de R&amp;D pour l\u2019utilisation durable de l\u2019eau \u00bb, consacr\u00e9e aux initiatives innovantes visant \u00e0 am\u00e9liorer l\u2019efficacit\u00e9 hydrique.<\/p>\n<p data-section-id=\"uyb0k5\" data-start=\"4174\" data-end=\"4274\"><strong>25 mars : webinaire sur la r\u00e9g\u00e9n\u00e9ration et la r\u00e9utilisation de l\u2019eau dans le secteur vitivinicole<br \/>\n<\/strong>Le mercredi 25 mars, Javier Cancela, coordinateur du projet I-ReWater, participera au webinaire \u00ab R\u00e9g\u00e9n\u00e9ration et r\u00e9utilisation de l\u2019eau dans le secteur du vin \u00bb, organis\u00e9 par la <a href=\"https:\/\/www.ptvino.com\/es\/inicio\/\">Plateforme Technologique du Vin<\/a> en collaboration avec <a href=\"https:\/\/interprofesionaldelvino.es\/\">l\u2019Interprofession du Vin d\u2019Espagne<\/a> et <a href=\"https:\/\/www.caixabank.es\/empresa\/agrobank\/agrobank_es.html\">AgroBank<\/a>. Lors de son intervention, il pr\u00e9sentera les principales avanc\u00e9es du projet li\u00e9es \u00e0 l\u2019utilisation de l\u2019eau r\u00e9g\u00e9n\u00e9r\u00e9e dans l\u2019agriculture irrigu\u00e9e, avec une attention particuli\u00e8re port\u00e9e aux trois sites pilotes viticoles situ\u00e9s en :<\/p>\n<ul data-start=\"4788\" data-end=\"4865\">\n<li data-section-id=\"dkljdp\" data-start=\"4788\" data-end=\"4811\">Alentejo (Portugal)<\/li>\n<li data-section-id=\"1hz66wb\" data-start=\"4812\" data-end=\"4844\">Occitanie (sud de la France)<\/li>\n<li data-section-id=\"4dk500\" data-start=\"4845\" data-end=\"4865\">La Rioja (Espagne)<\/li>\n<\/ul>\n<p data-start=\"4867\" data-end=\"5004\">Ces actions pilotes sont port\u00e9es par les partenaires <a href=\"https:\/\/www.iniav.pt\/\">INIAV<\/a>, <a href=\"https:\/\/www.inrae.fr\/centres\/occitanie-montpellier\">INRAE Occitanie-Montpellier<\/a> et <a href=\"https:\/\/www.icvv.es\/\">l\u2019Institut des Sciences de la Vigne et du Vin<\/a>.<\/p>\n<p data-section-id=\"1p1rb5h\" data-start=\"5006\" data-end=\"5094\"><strong>Mars : journ\u00e9e technique sur la gestion efficace de l\u2019eau d\u2019irrigation en viticulture<br \/>\n<\/strong>Par ailleurs, au cours du mois de mars, Javier Cancela participe \u00e9galement \u00e0 l\u2019une des sessions de la formation \u00ab Gest\u00e3o Eficiente da \u00c1gua de Rega na Viticultura \u00bb, organis\u00e9e par <a href=\"https:\/\/www.ipvc.pt\/en\/ipvc\/escolas-ipvc\/escola-superior-agraria\/\">l\u2019\u00c9cole Sup\u00e9rieure d\u2019Agriculture de l\u2019Institut Polytechnique de Viana do Castelo<\/a>, dans le cadre de l\u2019ann\u00e9e acad\u00e9mique 2025\/26.<\/p>\n<p data-start=\"5403\" data-end=\"5631\">Lors de cette journ\u00e9e, la r\u00e9utilisation de l\u2019eau en viticulture occupe une place centrale dans les pr\u00e9sentations li\u00e9es au projet I-ReWater, mettant en valeur de nouvelles strat\u00e9gies pour une production vitivinicole plus durable.<\/p>\n<p data-section-id=\"17qsatz\" data-start=\"5633\" data-end=\"5675\"><strong>Diffusion et transfert de connaissances<br \/>\n<\/strong>Par sa pr\u00e9sence \u00e0 ce type de rencontres, I-ReWater r\u00e9affirme son engagement en faveur du transfert de connaissances, de la coop\u00e9ration internationale et de la promotion de solutions innovantes pour l\u2019utilisation durable des ressources en eau dans l\u2019espace SUDOE.<\/p>\n","protected":false},"excerpt":{"rendered":"<p>Au cours du mois de mars, le projet I-ReWater participe \u00e0 plusieurs \u00e9v\u00e9nements sectoriels en Espagne et au Portugal afin de diffuser ses avanc\u00e9es en mati\u00e8re d\u2019innovation hydrique et de r\u00e9utilisation de l\u2019eau. Ces actions renforcent son engagement en faveur du transfert de connaissances et de l\u2019agriculture durable.<\/p>\n","protected":false},"author":4973,"featured_media":64780,"parent":0,"template":"","meta":{"_acf_changed":false,"content-type":"","_monsterinsights_skip_tracking":false,"_monsterinsights_sitenote_active":false,"_monsterinsights_sitenote_note":"","_monsterinsights_sitenote_category":0},"class_list":["post-64812","noticia-proyecto","type-noticia-proyecto","status-publish","has-post-thumbnail","hentry"],"acf":[],"yoast_head":"<!-- This site is optimized with the Yoast SEO plugin v27.4 - https:\/\/yoast.com\/product\/yoast-seo-wordpress\/ -->\n<title>I-ReWater renforce sa pr\u00e9sence lors d\u2019\u00e9v\u00e9nements sectoriels sur l\u2019innovation et la r\u00e9utilisation de l\u2019eau - Interreg Sudoe<\/title>\n<meta name=\"robots\" content=\"index, follow, max-snippet:-1, max-image-preview:large, max-video-preview:-1\" \/>\n<link rel=\"canonical\" href=\"https:\/\/interreg-sudoe.eu\/fr\/noticia-proyecto\/i-rewater-renforce-sa-presence-lors-d-evenements-sectoriels-sur-l-innovation-et-la-reutilisation-de-l-eau\/\" \/>\n<meta property=\"og:locale\" content=\"fr_FR\" \/>\n<meta property=\"og:type\" content=\"article\" \/>\n<meta property=\"og:title\" content=\"I-ReWater renforce sa pr\u00e9sence lors d\u2019\u00e9v\u00e9nements sectoriels sur l\u2019innovation et la r\u00e9utilisation de l\u2019eau - Interreg Sudoe\" \/>\n<meta property=\"og:description\" content=\"Au cours du mois de mars, le projet I-ReWater participe \u00e0 plusieurs \u00e9v\u00e9nements sectoriels en Espagne et au Portugal afin de diffuser ses avanc\u00e9es en mati\u00e8re d\u2019innovation hydrique et de r\u00e9utilisation de l\u2019eau. Ces actions renforcent son engagement en faveur du transfert de connaissances et de l\u2019agriculture durable.\" \/>\n<meta property=\"og:url\" content=\"https:\/\/interreg-sudoe.eu\/fr\/noticia-proyecto\/i-rewater-renforce-sa-presence-lors-d-evenements-sectoriels-sur-l-innovation-et-la-reutilisation-de-l-eau\/\" \/>\n<meta property=\"og:site_name\" content=\"Interreg Sudoe\" \/>\n<meta property=\"article:publisher\" content=\"https:\/\/www.facebook.com\/interregsudoe\" \/>\n<meta property=\"article:modified_time\" content=\"2026-04-28T09:54:51+00:00\" \/>\n<meta property=\"og:image\" content=\"https:\/\/interreg-sudoe.eu\/wp-content\/uploads\/2026\/04\/webinar.jpeg\" \/>\n\t<meta property=\"og:image:width\" content=\"1189\" \/>\n\t<meta property=\"og:image:height\" content=\"788\" \/>\n\t<meta property=\"og:image:type\" content=\"image\/jpeg\" \/>\n<meta name=\"twitter:card\" content=\"summary_large_image\" \/>\n<meta name=\"twitter:site\" content=\"@Sudoe5\" \/>\n<meta name=\"twitter:label1\" content=\"Dur\u00e9e de lecture estim\u00e9e\" \/>\n\t<meta name=\"twitter:data1\" content=\"2 minutes\" \/>\n<script type=\"application\/ld+json\" class=\"yoast-schema-graph\">{\"@context\":\"https:\\\/\\\/schema.org\",\"@graph\":[{\"@type\":\"WebPage\",\"@id\":\"https:\\\/\\\/interreg-sudoe.eu\\\/fr\\\/noticia-proyecto\\\/i-rewater-renforce-sa-presence-lors-d-evenements-sectoriels-sur-l-innovation-et-la-reutilisation-de-l-eau\\\/\",\"url\":\"https:\\\/\\\/interreg-sudoe.eu\\\/fr\\\/noticia-proyecto\\\/i-rewater-renforce-sa-presence-lors-d-evenements-sectoriels-sur-l-innovation-et-la-reutilisation-de-l-eau\\\/\",\"name\":\"I-ReWater renforce sa pr\u00e9sence lors d\u2019\u00e9v\u00e9nements sectoriels sur l\u2019innovation et la r\u00e9utilisation de l\u2019eau - Interreg Sudoe\",\"isPartOf\":{\"@id\":\"https:\\\/\\\/interreg-sudoe.eu\\\/fr\\\/#website\"},\"primaryImageOfPage\":{\"@id\":\"https:\\\/\\\/interreg-sudoe.eu\\\/fr\\\/noticia-proyecto\\\/i-rewater-renforce-sa-presence-lors-d-evenements-sectoriels-sur-l-innovation-et-la-reutilisation-de-l-eau\\\/#primaryimage\"},\"image\":{\"@id\":\"https:\\\/\\\/interreg-sudoe.eu\\\/fr\\\/noticia-proyecto\\\/i-rewater-renforce-sa-presence-lors-d-evenements-sectoriels-sur-l-innovation-et-la-reutilisation-de-l-eau\\\/#primaryimage\"},\"thumbnailUrl\":\"https:\\\/\\\/interreg-sudoe.eu\\\/wp-content\\\/uploads\\\/2026\\\/04\\\/webinar.jpeg\",\"datePublished\":\"2026-04-28T09:02:23+00:00\",\"dateModified\":\"2026-04-28T09:54:51+00:00\",\"breadcrumb\":{\"@id\":\"https:\\\/\\\/interreg-sudoe.eu\\\/fr\\\/noticia-proyecto\\\/i-rewater-renforce-sa-presence-lors-d-evenements-sectoriels-sur-l-innovation-et-la-reutilisation-de-l-eau\\\/#breadcrumb\"},\"inLanguage\":\"fr-FR\",\"potentialAction\":[{\"@type\":\"ReadAction\",\"target\":[\"https:\\\/\\\/interreg-sudoe.eu\\\/fr\\\/noticia-proyecto\\\/i-rewater-renforce-sa-presence-lors-d-evenements-sectoriels-sur-l-innovation-et-la-reutilisation-de-l-eau\\\/\"]}]},{\"@type\":\"ImageObject\",\"inLanguage\":\"fr-FR\",\"@id\":\"https:\\\/\\\/interreg-sudoe.eu\\\/fr\\\/noticia-proyecto\\\/i-rewater-renforce-sa-presence-lors-d-evenements-sectoriels-sur-l-innovation-et-la-reutilisation-de-l-eau\\\/#primaryimage\",\"url\":\"https:\\\/\\\/interreg-sudoe.eu\\\/wp-content\\\/uploads\\\/2026\\\/04\\\/webinar.jpeg\",\"contentUrl\":\"https:\\\/\\\/interreg-sudoe.eu\\\/wp-content\\\/uploads\\\/2026\\\/04\\\/webinar.jpeg\",\"width\":1189,\"height\":788},{\"@type\":\"BreadcrumbList\",\"@id\":\"https:\\\/\\\/interreg-sudoe.eu\\\/fr\\\/noticia-proyecto\\\/i-rewater-renforce-sa-presence-lors-d-evenements-sectoriels-sur-l-innovation-et-la-reutilisation-de-l-eau\\\/#breadcrumb\",\"itemListElement\":[{\"@type\":\"ListItem\",\"position\":1,\"name\":\"Home\",\"item\":\"https:\\\/\\\/interreg-sudoe.eu\\\/fr\\\/\"},{\"@type\":\"ListItem\",\"position\":2,\"name\":\"I-ReWater renforce sa pr\u00e9sence lors d\u2019\u00e9v\u00e9nements sectoriels sur l\u2019innovation et la r\u00e9utilisation de l\u2019eau\"}]},{\"@type\":\"WebSite\",\"@id\":\"https:\\\/\\\/interreg-sudoe.eu\\\/fr\\\/#website\",\"url\":\"https:\\\/\\\/interreg-sudoe.eu\\\/fr\\\/\",\"name\":\"Interreg Sudoe\",\"description\":\"Interreg Sudoe\",\"publisher\":{\"@id\":\"https:\\\/\\\/interreg-sudoe.eu\\\/fr\\\/#organization\"},\"alternateName\":\"Interreg Sudoe\",\"potentialAction\":[{\"@type\":\"SearchAction\",\"target\":{\"@type\":\"EntryPoint\",\"urlTemplate\":\"https:\\\/\\\/interreg-sudoe.eu\\\/fr\\\/?s={search_term_string}\"},\"query-input\":{\"@type\":\"PropertyValueSpecification\",\"valueRequired\":true,\"valueName\":\"search_term_string\"}}],\"inLanguage\":\"fr-FR\"},{\"@type\":\"Organization\",\"@id\":\"https:\\\/\\\/interreg-sudoe.eu\\\/fr\\\/#organization\",\"name\":\"Interreg Sudoe\",\"alternateName\":\"Interreg Sudoe\",\"url\":\"https:\\\/\\\/interreg-sudoe.eu\\\/fr\\\/\",\"logo\":{\"@type\":\"ImageObject\",\"inLanguage\":\"fr-FR\",\"@id\":\"https:\\\/\\\/interreg-sudoe.eu\\\/fr\\\/#\\\/schema\\\/logo\\\/image\\\/\",\"url\":\"https:\\\/\\\/interreg-sudoe.eu\\\/wp-content\\\/uploads\\\/2024\\\/03\\\/logo-interreg.png\",\"contentUrl\":\"https:\\\/\\\/interreg-sudoe.eu\\\/wp-content\\\/uploads\\\/2024\\\/03\\\/logo-interreg.png\",\"width\":1200,\"height\":675,\"caption\":\"Interreg Sudoe\"},\"image\":{\"@id\":\"https:\\\/\\\/interreg-sudoe.eu\\\/fr\\\/#\\\/schema\\\/logo\\\/image\\\/\"},\"sameAs\":[\"https:\\\/\\\/www.facebook.com\\\/interregsudoe\",\"https:\\\/\\\/x.com\\\/Sudoe5\",\"https:\\\/\\\/www.youtube.com\\\/channel\\\/UCeGx2edoB32beRc9dbKA2vw\",\"https:\\\/\\\/www.linkedin.com\\\/company\\\/interreg-sudoe-programme\\\/\",\"https:\\\/\\\/www.flickr.com\\\/photos\\\/148704685@N06\\\/\"]}]}<\/script>\n<!-- \/ Yoast SEO plugin. -->","yoast_head_json":{"title":"I-ReWater renforce sa pr\u00e9sence lors d\u2019\u00e9v\u00e9nements sectoriels sur l\u2019innovation et la r\u00e9utilisation de l\u2019eau - Interreg Sudoe","robots":{"index":"index","follow":"follow","max-snippet":"max-snippet:-1","max-image-preview":"max-image-preview:large","max-video-preview":"max-video-preview:-1"},"canonical":"https:\/\/interreg-sudoe.eu\/fr\/noticia-proyecto\/i-rewater-renforce-sa-presence-lors-d-evenements-sectoriels-sur-l-innovation-et-la-reutilisation-de-l-eau\/","og_locale":"fr_FR","og_type":"article","og_title":"I-ReWater renforce sa pr\u00e9sence lors d\u2019\u00e9v\u00e9nements sectoriels sur l\u2019innovation et la r\u00e9utilisation de l\u2019eau - Interreg Sudoe","og_description":"Au cours du mois de mars, le projet I-ReWater participe \u00e0 plusieurs \u00e9v\u00e9nements sectoriels en Espagne et au Portugal afin de diffuser ses avanc\u00e9es en mati\u00e8re d\u2019innovation hydrique et de r\u00e9utilisation de l\u2019eau. Ces actions renforcent son engagement en faveur du transfert de connaissances et de l\u2019agriculture durable.","og_url":"https:\/\/interreg-sudoe.eu\/fr\/noticia-proyecto\/i-rewater-renforce-sa-presence-lors-d-evenements-sectoriels-sur-l-innovation-et-la-reutilisation-de-l-eau\/","og_site_name":"Interreg Sudoe","article_publisher":"https:\/\/www.facebook.com\/interregsudoe","article_modified_time":"2026-04-28T09:54:51+00:00","og_image":[{"width":1189,"height":788,"url":"https:\/\/interreg-sudoe.eu\/wp-content\/uploads\/2026\/04\/webinar.jpeg","type":"image\/jpeg"}],"twitter_card":"summary_large_image","twitter_site":"@Sudoe5","twitter_misc":{"Dur\u00e9e de lecture estim\u00e9e":"2 minutes"},"schema":{"@context":"https:\/\/schema.org","@graph":[{"@type":"WebPage","@id":"https:\/\/interreg-sudoe.eu\/fr\/noticia-proyecto\/i-rewater-renforce-sa-presence-lors-d-evenements-sectoriels-sur-l-innovation-et-la-reutilisation-de-l-eau\/","url":"https:\/\/interreg-sudoe.eu\/fr\/noticia-proyecto\/i-rewater-renforce-sa-presence-lors-d-evenements-sectoriels-sur-l-innovation-et-la-reutilisation-de-l-eau\/","name":"I-ReWater renforce sa pr\u00e9sence lors d\u2019\u00e9v\u00e9nements sectoriels sur l\u2019innovation et la r\u00e9utilisation de l\u2019eau - Interreg Sudoe","isPartOf":{"@id":"https:\/\/interreg-sudoe.eu\/fr\/#website"},"primaryImageOfPage":{"@id":"https:\/\/interreg-sudoe.eu\/fr\/noticia-proyecto\/i-rewater-renforce-sa-presence-lors-d-evenements-sectoriels-sur-l-innovation-et-la-reutilisation-de-l-eau\/#primaryimage"},"image":{"@id":"https:\/\/interreg-sudoe.eu\/fr\/noticia-proyecto\/i-rewater-renforce-sa-presence-lors-d-evenements-sectoriels-sur-l-innovation-et-la-reutilisation-de-l-eau\/#primaryimage"},"thumbnailUrl":"https:\/\/interreg-sudoe.eu\/wp-content\/uploads\/2026\/04\/webinar.jpeg","datePublished":"2026-04-28T09:02:23+00:00","dateModified":"2026-04-28T09:54:51+00:00","breadcrumb":{"@id":"https:\/\/interreg-sudoe.eu\/fr\/noticia-proyecto\/i-rewater-renforce-sa-presence-lors-d-evenements-sectoriels-sur-l-innovation-et-la-reutilisation-de-l-eau\/#breadcrumb"},"inLanguage":"fr-FR","potentialAction":[{"@type":"ReadAction","target":["https:\/\/interreg-sudoe.eu\/fr\/noticia-proyecto\/i-rewater-renforce-sa-presence-lors-d-evenements-sectoriels-sur-l-innovation-et-la-reutilisation-de-l-eau\/"]}]},{"@type":"ImageObject","inLanguage":"fr-FR","@id":"https:\/\/interreg-sudoe.eu\/fr\/noticia-proyecto\/i-rewater-renforce-sa-presence-lors-d-evenements-sectoriels-sur-l-innovation-et-la-reutilisation-de-l-eau\/#primaryimage","url":"https:\/\/interreg-sudoe.eu\/wp-content\/uploads\/2026\/04\/webinar.jpeg","contentUrl":"https:\/\/interreg-sudoe.eu\/wp-content\/uploads\/2026\/04\/webinar.jpeg","width":1189,"height":788},{"@type":"BreadcrumbList","@id":"https:\/\/interreg-sudoe.eu\/fr\/noticia-proyecto\/i-rewater-renforce-sa-presence-lors-d-evenements-sectoriels-sur-l-innovation-et-la-reutilisation-de-l-eau\/#breadcrumb","itemListElement":[{"@type":"ListItem","position":1,"name":"Home","item":"https:\/\/interreg-sudoe.eu\/fr\/"},{"@type":"ListItem","position":2,"name":"I-ReWater renforce sa pr\u00e9sence lors d\u2019\u00e9v\u00e9nements sectoriels sur l\u2019innovation et la r\u00e9utilisation de l\u2019eau"}]},{"@type":"WebSite","@id":"https:\/\/interreg-sudoe.eu\/fr\/#website","url":"https:\/\/interreg-sudoe.eu\/fr\/","name":"Interreg Sudoe","description":"Interreg Sudoe","publisher":{"@id":"https:\/\/interreg-sudoe.eu\/fr\/#organization"},"alternateName":"Interreg Sudoe","potentialAction":[{"@type":"SearchAction","target":{"@type":"EntryPoint","urlTemplate":"https:\/\/interreg-sudoe.eu\/fr\/?s={search_term_string}"},"query-input":{"@type":"PropertyValueSpecification","valueRequired":true,"valueName":"search_term_string"}}],"inLanguage":"fr-FR"},{"@type":"Organization","@id":"https:\/\/interreg-sudoe.eu\/fr\/#organization","name":"Interreg Sudoe","alternateName":"Interreg Sudoe","url":"https:\/\/interreg-sudoe.eu\/fr\/","logo":{"@type":"ImageObject","inLanguage":"fr-FR","@id":"https:\/\/interreg-sudoe.eu\/fr\/#\/schema\/logo\/image\/","url":"https:\/\/interreg-sudoe.eu\/wp-content\/uploads\/2024\/03\/logo-interreg.png","contentUrl":"https:\/\/interreg-sudoe.eu\/wp-content\/uploads\/2024\/03\/logo-interreg.png","width":1200,"height":675,"caption":"Interreg Sudoe"},"image":{"@id":"https:\/\/interreg-sudoe.eu\/fr\/#\/schema\/logo\/image\/"},"sameAs":["https:\/\/www.facebook.com\/interregsudoe","https:\/\/x.com\/Sudoe5","https:\/\/www.youtube.com\/channel\/UCeGx2edoB32beRc9dbKA2vw","https:\/\/www.linkedin.com\/company\/interreg-sudoe-programme\/","https:\/\/www.flickr.com\/photos\/148704685@N06\/"]}]}},"_links":{"self":[{"href":"https:\/\/interreg-sudoe.eu\/fr\/wp-json\/wp\/v2\/noticia-proyecto\/64812","targetHints":{"allow":["GET"]}}],"collection":[{"href":"https:\/\/interreg-sudoe.eu\/fr\/wp-json\/wp\/v2\/noticia-proyecto"}],"about":[{"href":"https:\/\/interreg-sudoe.eu\/fr\/wp-json\/wp\/v2\/types\/noticia-proyecto"}],"author":[{"embeddable":true,"href":"https:\/\/interreg-sudoe.eu\/fr\/wp-json\/wp\/v2\/users\/4973"}],"wp:featuredmedia":[{"embeddable":true,"href":"https:\/\/interreg-sudoe.eu\/fr\/wp-json\/wp\/v2\/media\/64780"}],"wp:attachment":[{"href":"https:\/\/interreg-sudoe.eu\/fr\/wp-json\/wp\/v2\/media?parent=64812"}],"curies":[{"name":"wp","href":"https:\/\/api.w.org\/{rel}","templated":true}]}}