{"id":64832,"date":"2026-04-28T12:02:32","date_gmt":"2026-04-28T10:02:32","guid":{"rendered":"https:\/\/interreg-sudoe.eu\/noticia-proyecto\/el-proyecto-geneus-se-posiciona-en-el-debate-cientifico-europeo-sobre-atencion-geriatrica-y-neuroquirurgica\/"},"modified":"2026-04-28T12:06:22","modified_gmt":"2026-04-28T10:06:22","slug":"el-proyecto-geneus-se-posiciona-en-el-debate-cientifico-europeo-sobre-atencion-geriatrica-y-neuroquirurgica","status":"publish","type":"noticia-proyecto","link":"https:\/\/interreg-sudoe.eu\/fr\/noticia-proyecto\/el-proyecto-geneus-se-posiciona-en-el-debate-cientifico-europeo-sobre-atencion-geriatrica-y-neuroquirurgica\/","title":{"rendered":"Le projet GENEUS se positionne dans le d\u00e9bat scientifique europ\u00e9en sur les soins g\u00e9riatriques et neurochirurgicaux"},"content":{"rendered":"<p>L\u2019\u00e9quipe du projet GENEUS a r\u00e9cemment publi\u00e9 une contribution scientifique dans la revue European Geriatric Medicine sous la forme d\u2019une <a href=\"https:\/\/link.springer.com\/epdf\/10.1007\/s41999-026-01475-1?sharing_token=ZDLHRj6_RKD9ORyaFR_B-Pe4RwlQNchNByi7wbcMAY7-pwbI7HmNgIP-SQDfYlwk-LheybFXbHEnRAsKS0i9Bsvo6f9rjLRqEaeom4_ZaBc1if1YCRaymMuB0_XdrPDMXno6OZFWuA3Gkb6o0L3kwEeOHUoGuaTXDDm7i8g37PU%3D\">Letter to the Editor<\/a>, un format de publication acad\u00e9mique bref, index\u00e9 et citable, particuli\u00e8rement reconnu comme un exercice d\u2019analyse critique et de positionnement scientifique.<br \/>\nLe texte a \u00e9t\u00e9 r\u00e9dig\u00e9 en r\u00e9ponse directe \u00e0 l\u2019article \u00ab\u202fCollaborative care pathways in geriatrics and neurosurgery: a scoping review of current practices\u202f\u00bb de Jesuyajolu et\u202fal., qui analyse l\u2019\u00e9tat actuel des parcours de soins collaboratifs entre la g\u00e9riatrie et la neurochirurgie.<\/p>\n<p><strong>GENEUS comme r\u00e9ponse potentielle aux lacunes identifi\u00e9es<\/strong><\/p>\n<p>Dans leur lettre, les auteurs de GENEUS reconnaissent la pertinence de l\u2019article cientifique publi\u00e9 et en soulignent les principales conclusions, tout en mettant en \u00e9vidence des limites structurelles de la litt\u00e9rature existante, telles que la forte h\u00e9t\u00e9rog\u00e9n\u00e9it\u00e9 des mod\u00e8les d\u00e9crits et le manque de standardisation des processus de soins.<br \/>\nEn r\u00e9ponse \u00e0 ces lacunes, ils pr\u00e9sentent le projet GENEUS comme une initiative visant \u00e0 promouvoir des mod\u00e8les collaboratifs plus structur\u00e9s, comparables et centr\u00e9s sur la personne \u00e2g\u00e9e, contribuant ainsi \u00e0 la production de donn\u00e9es transf\u00e9rables entre diff\u00e9rents syst\u00e8mes de sant\u00e9. Dans cette perspective, GENEUS participe \u00e0 l\u2019harmonisation des parcours de soins g\u00e9riatriques\u2011neurochirurgicaux au Portugal, en Espagne et en France, en \u00e9vitant la multiplication de protocoles isol\u00e9s et en privil\u00e9giant une approche transnationale et collaborative.<br \/>\nGENEUS propose \u00e9galement un changement clair de paradigme\u202f: passer d\u2019un mod\u00e8le centr\u00e9 sur la maladie et l\u2019\u00e9pisode chirurgical \u00e0 un mod\u00e8le centr\u00e9 sur la personne \u00e2g\u00e9e, avec une attention particuli\u00e8re port\u00e9e \u00e0 la pr\u00e9vention de la d\u00e9pendance iatrog\u00e8ne, un ph\u00e9nom\u00e8ne fr\u00e9quent chez les patients neurochirurgicaux \u00e2g\u00e9s, notamment associ\u00e9 \u00e0 des facteurs tels que l\u2019immobilisation prolong\u00e9e.<br \/>\n\u00c0 cette fin, le projet d\u00e9veloppe une \u00ab\u202fbo\u00eete \u00e0 outils\u202f\u00bb op\u00e9rationnelle et reproductible, permettant l\u2019\u00e9valuation syst\u00e9matique des principaux syndromes g\u00e9riatriques et la mise en \u0153uvre d\u2019interventions cibl\u00e9es visant \u00e0 pr\u00e9server les capacit\u00e9s fonctionnelles.<\/p>\n<p><strong>Valeur strat\u00e9gique pour le projet<\/strong><\/p>\n<p>Bien que cette contribution ne constitue pas une recherche originale, elle demeure une production scientifique index\u00e9e et citable, renfor\u00e7ant le leadership intellectuel du consortium et positionnant GENEUS au sein du d\u00e9bat scientifique europ\u00e9en en g\u00e9riatrie et en neurochirurgie. Dans un contexte de vieillissement d\u00e9mographique croissant et complexe, le projet r\u00e9pond \u00e0 un besoin urgent de structuration de la collaboration entre g\u00e9riatrie et neurochirurgie, dont l\u2019int\u00e9gration r\u00e9ciproque constitue \u00e0 la fois une n\u00e9cessit\u00e9 clinique et une opportunit\u00e9 strat\u00e9gique. GENEUS vise \u00e0 harmoniser les parcours de soins sur les territoires SUDOE, en d\u00e9ployant une bo\u00eete \u00e0 outils op\u00e9rationnelle utilisable en amont, pendant et en aval de l\u2019hospitalisation, et en favorisant son adoption par les \u00e9tablissements de sant\u00e9 et les autorit\u00e9s sanitaires. Au-del\u00e0 de la neurochirurgie, le projet se positionne comme un laboratoire de soins int\u00e9gr\u00e9s pour les personnes \u00e2g\u00e9es, produisant des mod\u00e8les g\u00e9riatriques transf\u00e9rables et reproductibles afin d\u2019adapter les syst\u00e8mes de sant\u00e9 au vieillissement de la population \u00e0 travers les diff\u00e9rentes disciplines en Europe.<\/p>\n","protected":false},"excerpt":{"rendered":"<p>L\u2019\u00e9quipe du projet GENEUS a r\u00e9cemment publi\u00e9 une contribution scientifique dans la revue European Geriatric Medicine sous la forme d\u2019une Letter to the Editor, un format de publication acad\u00e9mique bref, index\u00e9 et citable, particuli\u00e8rement reconnu comme un exercice d\u2019analyse critique et de positionnement scientifique.<\/p>\n","protected":false},"author":4918,"featured_media":64825,"parent":0,"template":"","meta":{"_acf_changed":false,"content-type":"","_monsterinsights_skip_tracking":false,"_monsterinsights_sitenote_active":false,"_monsterinsights_sitenote_note":"","_monsterinsights_sitenote_category":0},"class_list":["post-64832","noticia-proyecto","type-noticia-proyecto","status-publish","has-post-thumbnail","hentry"],"acf":[],"yoast_head":"<!-- This site is optimized with the Yoast SEO plugin v27.4 - https:\/\/yoast.com\/product\/yoast-seo-wordpress\/ -->\n<title>Le projet GENEUS se positionne dans le d\u00e9bat scientifique europ\u00e9en sur les soins g\u00e9riatriques et neurochirurgicaux - Interreg Sudoe<\/title>\n<meta name=\"robots\" content=\"index, follow, max-snippet:-1, max-image-preview:large, max-video-preview:-1\" \/>\n<link rel=\"canonical\" href=\"https:\/\/interreg-sudoe.eu\/fr\/noticia-proyecto\/el-proyecto-geneus-se-posiciona-en-el-debate-cientifico-europeo-sobre-atencion-geriatrica-y-neuroquirurgica\/\" \/>\n<meta property=\"og:locale\" content=\"fr_FR\" \/>\n<meta property=\"og:type\" content=\"article\" \/>\n<meta property=\"og:title\" content=\"Le projet GENEUS se positionne dans le d\u00e9bat scientifique europ\u00e9en sur les soins g\u00e9riatriques et neurochirurgicaux - Interreg Sudoe\" \/>\n<meta property=\"og:description\" content=\"L\u2019\u00e9quipe du projet GENEUS a r\u00e9cemment publi\u00e9 une contribution scientifique dans la revue European Geriatric Medicine sous la forme d\u2019une Letter to the Editor, un format de publication acad\u00e9mique bref, index\u00e9 et citable, particuli\u00e8rement reconnu comme un exercice d\u2019analyse critique et de positionnement scientifique.\" \/>\n<meta property=\"og:url\" content=\"https:\/\/interreg-sudoe.eu\/fr\/noticia-proyecto\/el-proyecto-geneus-se-posiciona-en-el-debate-cientifico-europeo-sobre-atencion-geriatrica-y-neuroquirurgica\/\" \/>\n<meta property=\"og:site_name\" content=\"Interreg Sudoe\" \/>\n<meta property=\"article:publisher\" content=\"https:\/\/www.facebook.com\/interregsudoe\" \/>\n<meta property=\"article:modified_time\" content=\"2026-04-28T10:06:22+00:00\" \/>\n<meta property=\"og:image\" content=\"https:\/\/interreg-sudoe.eu\/wp-content\/uploads\/2026\/04\/geneus-paper.jpg\" \/>\n\t<meta property=\"og:image:width\" content=\"1326\" \/>\n\t<meta property=\"og:image:height\" content=\"832\" \/>\n\t<meta property=\"og:image:type\" content=\"image\/jpeg\" \/>\n<meta name=\"twitter:card\" content=\"summary_large_image\" \/>\n<meta name=\"twitter:site\" content=\"@Sudoe5\" \/>\n<meta name=\"twitter:label1\" content=\"Dur\u00e9e de lecture estim\u00e9e\" \/>\n\t<meta name=\"twitter:data1\" content=\"3 minutes\" \/>\n<script type=\"application\/ld+json\" class=\"yoast-schema-graph\">{\"@context\":\"https:\\\/\\\/schema.org\",\"@graph\":[{\"@type\":\"WebPage\",\"@id\":\"https:\\\/\\\/interreg-sudoe.eu\\\/fr\\\/noticia-proyecto\\\/el-proyecto-geneus-se-posiciona-en-el-debate-cientifico-europeo-sobre-atencion-geriatrica-y-neuroquirurgica\\\/\",\"url\":\"https:\\\/\\\/interreg-sudoe.eu\\\/fr\\\/noticia-proyecto\\\/el-proyecto-geneus-se-posiciona-en-el-debate-cientifico-europeo-sobre-atencion-geriatrica-y-neuroquirurgica\\\/\",\"name\":\"Le projet GENEUS se positionne dans le d\u00e9bat scientifique europ\u00e9en sur les soins g\u00e9riatriques et neurochirurgicaux - Interreg Sudoe\",\"isPartOf\":{\"@id\":\"https:\\\/\\\/interreg-sudoe.eu\\\/fr\\\/#website\"},\"primaryImageOfPage\":{\"@id\":\"https:\\\/\\\/interreg-sudoe.eu\\\/fr\\\/noticia-proyecto\\\/el-proyecto-geneus-se-posiciona-en-el-debate-cientifico-europeo-sobre-atencion-geriatrica-y-neuroquirurgica\\\/#primaryimage\"},\"image\":{\"@id\":\"https:\\\/\\\/interreg-sudoe.eu\\\/fr\\\/noticia-proyecto\\\/el-proyecto-geneus-se-posiciona-en-el-debate-cientifico-europeo-sobre-atencion-geriatrica-y-neuroquirurgica\\\/#primaryimage\"},\"thumbnailUrl\":\"https:\\\/\\\/interreg-sudoe.eu\\\/wp-content\\\/uploads\\\/2026\\\/04\\\/geneus-paper.jpg\",\"datePublished\":\"2026-04-28T10:02:32+00:00\",\"dateModified\":\"2026-04-28T10:06:22+00:00\",\"breadcrumb\":{\"@id\":\"https:\\\/\\\/interreg-sudoe.eu\\\/fr\\\/noticia-proyecto\\\/el-proyecto-geneus-se-posiciona-en-el-debate-cientifico-europeo-sobre-atencion-geriatrica-y-neuroquirurgica\\\/#breadcrumb\"},\"inLanguage\":\"fr-FR\",\"potentialAction\":[{\"@type\":\"ReadAction\",\"target\":[\"https:\\\/\\\/interreg-sudoe.eu\\\/fr\\\/noticia-proyecto\\\/el-proyecto-geneus-se-posiciona-en-el-debate-cientifico-europeo-sobre-atencion-geriatrica-y-neuroquirurgica\\\/\"]}]},{\"@type\":\"ImageObject\",\"inLanguage\":\"fr-FR\",\"@id\":\"https:\\\/\\\/interreg-sudoe.eu\\\/fr\\\/noticia-proyecto\\\/el-proyecto-geneus-se-posiciona-en-el-debate-cientifico-europeo-sobre-atencion-geriatrica-y-neuroquirurgica\\\/#primaryimage\",\"url\":\"https:\\\/\\\/interreg-sudoe.eu\\\/wp-content\\\/uploads\\\/2026\\\/04\\\/geneus-paper.jpg\",\"contentUrl\":\"https:\\\/\\\/interreg-sudoe.eu\\\/wp-content\\\/uploads\\\/2026\\\/04\\\/geneus-paper.jpg\",\"width\":1326,\"height\":832},{\"@type\":\"BreadcrumbList\",\"@id\":\"https:\\\/\\\/interreg-sudoe.eu\\\/fr\\\/noticia-proyecto\\\/el-proyecto-geneus-se-posiciona-en-el-debate-cientifico-europeo-sobre-atencion-geriatrica-y-neuroquirurgica\\\/#breadcrumb\",\"itemListElement\":[{\"@type\":\"ListItem\",\"position\":1,\"name\":\"Home\",\"item\":\"https:\\\/\\\/interreg-sudoe.eu\\\/fr\\\/\"},{\"@type\":\"ListItem\",\"position\":2,\"name\":\"Le projet GENEUS se positionne dans le d\u00e9bat scientifique europ\u00e9en sur les soins g\u00e9riatriques et neurochirurgicaux\"}]},{\"@type\":\"WebSite\",\"@id\":\"https:\\\/\\\/interreg-sudoe.eu\\\/fr\\\/#website\",\"url\":\"https:\\\/\\\/interreg-sudoe.eu\\\/fr\\\/\",\"name\":\"Interreg Sudoe\",\"description\":\"Interreg Sudoe\",\"publisher\":{\"@id\":\"https:\\\/\\\/interreg-sudoe.eu\\\/fr\\\/#organization\"},\"alternateName\":\"Interreg Sudoe\",\"potentialAction\":[{\"@type\":\"SearchAction\",\"target\":{\"@type\":\"EntryPoint\",\"urlTemplate\":\"https:\\\/\\\/interreg-sudoe.eu\\\/fr\\\/?s={search_term_string}\"},\"query-input\":{\"@type\":\"PropertyValueSpecification\",\"valueRequired\":true,\"valueName\":\"search_term_string\"}}],\"inLanguage\":\"fr-FR\"},{\"@type\":\"Organization\",\"@id\":\"https:\\\/\\\/interreg-sudoe.eu\\\/fr\\\/#organization\",\"name\":\"Interreg Sudoe\",\"alternateName\":\"Interreg Sudoe\",\"url\":\"https:\\\/\\\/interreg-sudoe.eu\\\/fr\\\/\",\"logo\":{\"@type\":\"ImageObject\",\"inLanguage\":\"fr-FR\",\"@id\":\"https:\\\/\\\/interreg-sudoe.eu\\\/fr\\\/#\\\/schema\\\/logo\\\/image\\\/\",\"url\":\"https:\\\/\\\/interreg-sudoe.eu\\\/wp-content\\\/uploads\\\/2024\\\/03\\\/logo-interreg.png\",\"contentUrl\":\"https:\\\/\\\/interreg-sudoe.eu\\\/wp-content\\\/uploads\\\/2024\\\/03\\\/logo-interreg.png\",\"width\":1200,\"height\":675,\"caption\":\"Interreg Sudoe\"},\"image\":{\"@id\":\"https:\\\/\\\/interreg-sudoe.eu\\\/fr\\\/#\\\/schema\\\/logo\\\/image\\\/\"},\"sameAs\":[\"https:\\\/\\\/www.facebook.com\\\/interregsudoe\",\"https:\\\/\\\/x.com\\\/Sudoe5\",\"https:\\\/\\\/www.youtube.com\\\/channel\\\/UCeGx2edoB32beRc9dbKA2vw\",\"https:\\\/\\\/www.linkedin.com\\\/company\\\/interreg-sudoe-programme\\\/\",\"https:\\\/\\\/www.flickr.com\\\/photos\\\/148704685@N06\\\/\"]}]}<\/script>\n<!-- \/ Yoast SEO plugin. -->","yoast_head_json":{"title":"Le projet GENEUS se positionne dans le d\u00e9bat scientifique europ\u00e9en sur les soins g\u00e9riatriques et neurochirurgicaux - Interreg Sudoe","robots":{"index":"index","follow":"follow","max-snippet":"max-snippet:-1","max-image-preview":"max-image-preview:large","max-video-preview":"max-video-preview:-1"},"canonical":"https:\/\/interreg-sudoe.eu\/fr\/noticia-proyecto\/el-proyecto-geneus-se-posiciona-en-el-debate-cientifico-europeo-sobre-atencion-geriatrica-y-neuroquirurgica\/","og_locale":"fr_FR","og_type":"article","og_title":"Le projet GENEUS se positionne dans le d\u00e9bat scientifique europ\u00e9en sur les soins g\u00e9riatriques et neurochirurgicaux - Interreg Sudoe","og_description":"L\u2019\u00e9quipe du projet GENEUS a r\u00e9cemment publi\u00e9 une contribution scientifique dans la revue European Geriatric Medicine sous la forme d\u2019une Letter to the Editor, un format de publication acad\u00e9mique bref, index\u00e9 et citable, particuli\u00e8rement reconnu comme un exercice d\u2019analyse critique et de positionnement scientifique.","og_url":"https:\/\/interreg-sudoe.eu\/fr\/noticia-proyecto\/el-proyecto-geneus-se-posiciona-en-el-debate-cientifico-europeo-sobre-atencion-geriatrica-y-neuroquirurgica\/","og_site_name":"Interreg Sudoe","article_publisher":"https:\/\/www.facebook.com\/interregsudoe","article_modified_time":"2026-04-28T10:06:22+00:00","og_image":[{"width":1326,"height":832,"url":"https:\/\/interreg-sudoe.eu\/wp-content\/uploads\/2026\/04\/geneus-paper.jpg","type":"image\/jpeg"}],"twitter_card":"summary_large_image","twitter_site":"@Sudoe5","twitter_misc":{"Dur\u00e9e de lecture estim\u00e9e":"3 minutes"},"schema":{"@context":"https:\/\/schema.org","@graph":[{"@type":"WebPage","@id":"https:\/\/interreg-sudoe.eu\/fr\/noticia-proyecto\/el-proyecto-geneus-se-posiciona-en-el-debate-cientifico-europeo-sobre-atencion-geriatrica-y-neuroquirurgica\/","url":"https:\/\/interreg-sudoe.eu\/fr\/noticia-proyecto\/el-proyecto-geneus-se-posiciona-en-el-debate-cientifico-europeo-sobre-atencion-geriatrica-y-neuroquirurgica\/","name":"Le projet GENEUS se positionne dans le d\u00e9bat scientifique europ\u00e9en sur les soins g\u00e9riatriques et neurochirurgicaux - Interreg Sudoe","isPartOf":{"@id":"https:\/\/interreg-sudoe.eu\/fr\/#website"},"primaryImageOfPage":{"@id":"https:\/\/interreg-sudoe.eu\/fr\/noticia-proyecto\/el-proyecto-geneus-se-posiciona-en-el-debate-cientifico-europeo-sobre-atencion-geriatrica-y-neuroquirurgica\/#primaryimage"},"image":{"@id":"https:\/\/interreg-sudoe.eu\/fr\/noticia-proyecto\/el-proyecto-geneus-se-posiciona-en-el-debate-cientifico-europeo-sobre-atencion-geriatrica-y-neuroquirurgica\/#primaryimage"},"thumbnailUrl":"https:\/\/interreg-sudoe.eu\/wp-content\/uploads\/2026\/04\/geneus-paper.jpg","datePublished":"2026-04-28T10:02:32+00:00","dateModified":"2026-04-28T10:06:22+00:00","breadcrumb":{"@id":"https:\/\/interreg-sudoe.eu\/fr\/noticia-proyecto\/el-proyecto-geneus-se-posiciona-en-el-debate-cientifico-europeo-sobre-atencion-geriatrica-y-neuroquirurgica\/#breadcrumb"},"inLanguage":"fr-FR","potentialAction":[{"@type":"ReadAction","target":["https:\/\/interreg-sudoe.eu\/fr\/noticia-proyecto\/el-proyecto-geneus-se-posiciona-en-el-debate-cientifico-europeo-sobre-atencion-geriatrica-y-neuroquirurgica\/"]}]},{"@type":"ImageObject","inLanguage":"fr-FR","@id":"https:\/\/interreg-sudoe.eu\/fr\/noticia-proyecto\/el-proyecto-geneus-se-posiciona-en-el-debate-cientifico-europeo-sobre-atencion-geriatrica-y-neuroquirurgica\/#primaryimage","url":"https:\/\/interreg-sudoe.eu\/wp-content\/uploads\/2026\/04\/geneus-paper.jpg","contentUrl":"https:\/\/interreg-sudoe.eu\/wp-content\/uploads\/2026\/04\/geneus-paper.jpg","width":1326,"height":832},{"@type":"BreadcrumbList","@id":"https:\/\/interreg-sudoe.eu\/fr\/noticia-proyecto\/el-proyecto-geneus-se-posiciona-en-el-debate-cientifico-europeo-sobre-atencion-geriatrica-y-neuroquirurgica\/#breadcrumb","itemListElement":[{"@type":"ListItem","position":1,"name":"Home","item":"https:\/\/interreg-sudoe.eu\/fr\/"},{"@type":"ListItem","position":2,"name":"Le projet GENEUS se positionne dans le d\u00e9bat scientifique europ\u00e9en sur les soins g\u00e9riatriques et neurochirurgicaux"}]},{"@type":"WebSite","@id":"https:\/\/interreg-sudoe.eu\/fr\/#website","url":"https:\/\/interreg-sudoe.eu\/fr\/","name":"Interreg Sudoe","description":"Interreg Sudoe","publisher":{"@id":"https:\/\/interreg-sudoe.eu\/fr\/#organization"},"alternateName":"Interreg Sudoe","potentialAction":[{"@type":"SearchAction","target":{"@type":"EntryPoint","urlTemplate":"https:\/\/interreg-sudoe.eu\/fr\/?s={search_term_string}"},"query-input":{"@type":"PropertyValueSpecification","valueRequired":true,"valueName":"search_term_string"}}],"inLanguage":"fr-FR"},{"@type":"Organization","@id":"https:\/\/interreg-sudoe.eu\/fr\/#organization","name":"Interreg Sudoe","alternateName":"Interreg Sudoe","url":"https:\/\/interreg-sudoe.eu\/fr\/","logo":{"@type":"ImageObject","inLanguage":"fr-FR","@id":"https:\/\/interreg-sudoe.eu\/fr\/#\/schema\/logo\/image\/","url":"https:\/\/interreg-sudoe.eu\/wp-content\/uploads\/2024\/03\/logo-interreg.png","contentUrl":"https:\/\/interreg-sudoe.eu\/wp-content\/uploads\/2024\/03\/logo-interreg.png","width":1200,"height":675,"caption":"Interreg Sudoe"},"image":{"@id":"https:\/\/interreg-sudoe.eu\/fr\/#\/schema\/logo\/image\/"},"sameAs":["https:\/\/www.facebook.com\/interregsudoe","https:\/\/x.com\/Sudoe5","https:\/\/www.youtube.com\/channel\/UCeGx2edoB32beRc9dbKA2vw","https:\/\/www.linkedin.com\/company\/interreg-sudoe-programme\/","https:\/\/www.flickr.com\/photos\/148704685@N06\/"]}]}},"_links":{"self":[{"href":"https:\/\/interreg-sudoe.eu\/fr\/wp-json\/wp\/v2\/noticia-proyecto\/64832","targetHints":{"allow":["GET"]}}],"collection":[{"href":"https:\/\/interreg-sudoe.eu\/fr\/wp-json\/wp\/v2\/noticia-proyecto"}],"about":[{"href":"https:\/\/interreg-sudoe.eu\/fr\/wp-json\/wp\/v2\/types\/noticia-proyecto"}],"author":[{"embeddable":true,"href":"https:\/\/interreg-sudoe.eu\/fr\/wp-json\/wp\/v2\/users\/4918"}],"wp:featuredmedia":[{"embeddable":true,"href":"https:\/\/interreg-sudoe.eu\/fr\/wp-json\/wp\/v2\/media\/64825"}],"wp:attachment":[{"href":"https:\/\/interreg-sudoe.eu\/fr\/wp-json\/wp\/v2\/media?parent=64832"}],"curies":[{"name":"wp","href":"https:\/\/api.w.org\/{rel}","templated":true}]}}