{"id":64840,"date":"2026-04-28T12:05:17","date_gmt":"2026-04-28T10:05:17","guid":{"rendered":"https:\/\/interreg-sudoe.eu\/noticia-proyecto\/el-grupo-citic-de-la-universidade-da-coruna-acerca-el-reposicionamiento-de-farmacos-a-estudiantes-de-codema-y-sagrados-corazones-en-el-marco-del-proyecto-repo-sudoe\/"},"modified":"2026-04-28T12:09:27","modified_gmt":"2026-04-28T10:09:27","slug":"el-grupo-citic-de-la-universidade-da-coruna-acerca-el-reposicionamiento-de-farmacos-a-estudiantes-de-codema-y-sagrados-corazones-en-el-marco-del-proyecto-repo-sudoe","status":"publish","type":"noticia-proyecto","link":"https:\/\/interreg-sudoe.eu\/fr\/noticia-proyecto\/el-grupo-citic-de-la-universidade-da-coruna-acerca-el-reposicionamiento-de-farmacos-a-estudiantes-de-codema-y-sagrados-corazones-en-el-marco-del-proyecto-repo-sudoe\/","title":{"rendered":"Le groupe CITIC de l\u2019Universit\u00e9 de La Corogne sensibilise des \u00e9l\u00e8ves du CODEMA et des Sagrados Corazones au repositionnement des m\u00e9dicaments dans le cadre du projet RePo-SUDOE"},"content":{"rendered":"<p data-start=\"4682\" data-end=\"4983\">Le projet europ\u00e9en <strong data-start=\"4701\" data-end=\"4756\">RePo-SUDOE (Drug Repurposing for the Effective and Accelerated Development of Medicines in the SUDOE Region)<\/strong> poursuit ses actions de diffusion scientifique dans les \u00e9tablissements scolaires afin de rapprocher la bioinformatique et le repositionnement des m\u00e9dicaments des \u00e9l\u00e8ves du secondaire et du baccalaur\u00e9at en fili\u00e8re biosanitaire.<\/p>\n<p data-start=\"4985\" data-end=\"5254\">Les sessions ont \u00e9t\u00e9 assur\u00e9es par le groupe <strong data-start=\"5029\" data-end=\"5098\"><a href=\"https:\/\/citic.udc.es\/\" target=\"_blank\" rel=\"noopener\">CITIC<\/a> (Centro de Investigaci\u00f3n TIC de l\u2019<a href=\"https:\/\/www.udc.es\/\" target=\"_blank\" rel=\"noopener\">Universit\u00e9 de La Corogne<\/a>)<\/strong>, partenaire du consortium du projet, dans les \u00e9tablissements <strong data-start=\"5160\" data-end=\"5197\">coll\u00e8ge Coraz\u00f3n de Mar\u00eda (CODEMA)<\/strong> et <strong data-start=\"5201\" data-end=\"5231\">coll\u00e8ge Sagrados Corazones<\/strong>, r\u00e9unissant 98 \u00e9l\u00e8ves.<\/p>\n<p data-start=\"5256\" data-end=\"5380\">Au CODEMA, 60 \u00e9l\u00e8ves de 4e et de 1re ont particip\u00e9. \u00c0 Sagrados Corazones, 38 \u00e9l\u00e8ves de 1re ont \u00e9t\u00e9 r\u00e9partis en deux groupes.<\/p>\n<p data-start=\"5382\" data-end=\"5697\">Les sessions ont pr\u00e9sent\u00e9 le repositionnement des m\u00e9dicaments comme strat\u00e9gie visant \u00e0 identifier de nouvelles indications th\u00e9rapeutiques pour des m\u00e9dicaments existants, un axe central du projet RePo-SUDOE. Des notions de bioinformatique appliqu\u00e9es \u00e0 l\u2019analyse de donn\u00e9es biom\u00e9dicales ont \u00e9galement \u00e9t\u00e9 introduites.<\/p>\n<p data-start=\"5699\" data-end=\"5955\">Des outils d\u00e9velopp\u00e9s dans le projet, tels que <strong data-start=\"5746\" data-end=\"5758\">Repo-bot<\/strong> et l\u2019environnement virtuel <strong data-start=\"5786\" data-end=\"5798\">RePo-VRE<\/strong>, ont \u00e9t\u00e9 pr\u00e9sent\u00e9s afin de favoriser l\u2019acc\u00e8s aux donn\u00e9es et la recherche collaborative. Le caract\u00e8re interdisciplinaire du domaine a \u00e9galement \u00e9t\u00e9 soulign\u00e9.<\/p>\n","protected":false},"excerpt":{"rendered":"<p>Le projet europ\u00e9en RePo-SUDOE (Drug Repurposing for the Effective and Accelerated Development of Medicines in the SUDOE Region) poursuit ses actions de diffusion scientifique dans les \u00e9tablissements scolaires afin de rapprocher la bioinformatique et le repositionnement des m\u00e9dicaments des \u00e9l\u00e8ves du secondaire et du baccalaur\u00e9at en fili\u00e8re biosanitaire. Les sessions ont \u00e9t\u00e9 assur\u00e9es par le [&hellip;]<\/p>\n","protected":false},"author":4919,"featured_media":64834,"parent":0,"template":"","meta":{"_acf_changed":false,"content-type":"","_monsterinsights_skip_tracking":false,"_monsterinsights_sitenote_active":false,"_monsterinsights_sitenote_note":"","_monsterinsights_sitenote_category":0},"class_list":["post-64840","noticia-proyecto","type-noticia-proyecto","status-publish","has-post-thumbnail","hentry"],"acf":[],"yoast_head":"<!-- This site is optimized with the Yoast SEO plugin v27.4 - https:\/\/yoast.com\/product\/yoast-seo-wordpress\/ -->\n<title>Le groupe CITIC de l\u2019Universit\u00e9 de La Corogne sensibilise des \u00e9l\u00e8ves du CODEMA et des Sagrados Corazones au repositionnement des m\u00e9dicaments dans le cadre du projet RePo-SUDOE - Interreg Sudoe<\/title>\n<meta name=\"robots\" content=\"index, follow, max-snippet:-1, max-image-preview:large, max-video-preview:-1\" \/>\n<link rel=\"canonical\" href=\"https:\/\/interreg-sudoe.eu\/fr\/noticia-proyecto\/el-grupo-citic-de-la-universidade-da-coruna-acerca-el-reposicionamiento-de-farmacos-a-estudiantes-de-codema-y-sagrados-corazones-en-el-marco-del-proyecto-repo-sudoe\/\" \/>\n<meta property=\"og:locale\" content=\"fr_FR\" \/>\n<meta property=\"og:type\" content=\"article\" \/>\n<meta property=\"og:title\" content=\"Le groupe CITIC de l\u2019Universit\u00e9 de La Corogne sensibilise des \u00e9l\u00e8ves du CODEMA et des Sagrados Corazones au repositionnement des m\u00e9dicaments dans le cadre du projet RePo-SUDOE - Interreg Sudoe\" \/>\n<meta property=\"og:description\" content=\"Le projet europ\u00e9en RePo-SUDOE (Drug Repurposing for the Effective and Accelerated Development of Medicines in the SUDOE Region) poursuit ses actions de diffusion scientifique dans les \u00e9tablissements scolaires afin de rapprocher la bioinformatique et le repositionnement des m\u00e9dicaments des \u00e9l\u00e8ves du secondaire et du baccalaur\u00e9at en fili\u00e8re biosanitaire. Les sessions ont \u00e9t\u00e9 assur\u00e9es par le [&hellip;]\" \/>\n<meta property=\"og:url\" content=\"https:\/\/interreg-sudoe.eu\/fr\/noticia-proyecto\/el-grupo-citic-de-la-universidade-da-coruna-acerca-el-reposicionamiento-de-farmacos-a-estudiantes-de-codema-y-sagrados-corazones-en-el-marco-del-proyecto-repo-sudoe\/\" \/>\n<meta property=\"og:site_name\" content=\"Interreg Sudoe\" \/>\n<meta property=\"article:publisher\" content=\"https:\/\/www.facebook.com\/interregsudoe\" \/>\n<meta property=\"article:modified_time\" content=\"2026-04-28T10:09:27+00:00\" \/>\n<meta property=\"og:image\" content=\"https:\/\/interreg-sudoe.eu\/wp-content\/uploads\/2026\/04\/RePo-SUDOE.jpeg\" \/>\n\t<meta property=\"og:image:width\" content=\"1600\" \/>\n\t<meta property=\"og:image:height\" content=\"739\" \/>\n\t<meta property=\"og:image:type\" content=\"image\/jpeg\" \/>\n<meta name=\"twitter:card\" content=\"summary_large_image\" \/>\n<meta name=\"twitter:site\" content=\"@Sudoe5\" \/>\n<meta name=\"twitter:label1\" content=\"Dur\u00e9e de lecture estim\u00e9e\" \/>\n\t<meta name=\"twitter:data1\" content=\"1 minute\" \/>\n<script type=\"application\/ld+json\" class=\"yoast-schema-graph\">{\"@context\":\"https:\\\/\\\/schema.org\",\"@graph\":[{\"@type\":\"WebPage\",\"@id\":\"https:\\\/\\\/interreg-sudoe.eu\\\/fr\\\/noticia-proyecto\\\/el-grupo-citic-de-la-universidade-da-coruna-acerca-el-reposicionamiento-de-farmacos-a-estudiantes-de-codema-y-sagrados-corazones-en-el-marco-del-proyecto-repo-sudoe\\\/\",\"url\":\"https:\\\/\\\/interreg-sudoe.eu\\\/fr\\\/noticia-proyecto\\\/el-grupo-citic-de-la-universidade-da-coruna-acerca-el-reposicionamiento-de-farmacos-a-estudiantes-de-codema-y-sagrados-corazones-en-el-marco-del-proyecto-repo-sudoe\\\/\",\"name\":\"Le groupe CITIC de l\u2019Universit\u00e9 de La Corogne sensibilise des \u00e9l\u00e8ves du CODEMA et des Sagrados Corazones au repositionnement des m\u00e9dicaments dans le cadre du projet RePo-SUDOE - Interreg Sudoe\",\"isPartOf\":{\"@id\":\"https:\\\/\\\/interreg-sudoe.eu\\\/fr\\\/#website\"},\"primaryImageOfPage\":{\"@id\":\"https:\\\/\\\/interreg-sudoe.eu\\\/fr\\\/noticia-proyecto\\\/el-grupo-citic-de-la-universidade-da-coruna-acerca-el-reposicionamiento-de-farmacos-a-estudiantes-de-codema-y-sagrados-corazones-en-el-marco-del-proyecto-repo-sudoe\\\/#primaryimage\"},\"image\":{\"@id\":\"https:\\\/\\\/interreg-sudoe.eu\\\/fr\\\/noticia-proyecto\\\/el-grupo-citic-de-la-universidade-da-coruna-acerca-el-reposicionamiento-de-farmacos-a-estudiantes-de-codema-y-sagrados-corazones-en-el-marco-del-proyecto-repo-sudoe\\\/#primaryimage\"},\"thumbnailUrl\":\"https:\\\/\\\/interreg-sudoe.eu\\\/wp-content\\\/uploads\\\/2026\\\/04\\\/RePo-SUDOE.jpeg\",\"datePublished\":\"2026-04-28T10:05:17+00:00\",\"dateModified\":\"2026-04-28T10:09:27+00:00\",\"breadcrumb\":{\"@id\":\"https:\\\/\\\/interreg-sudoe.eu\\\/fr\\\/noticia-proyecto\\\/el-grupo-citic-de-la-universidade-da-coruna-acerca-el-reposicionamiento-de-farmacos-a-estudiantes-de-codema-y-sagrados-corazones-en-el-marco-del-proyecto-repo-sudoe\\\/#breadcrumb\"},\"inLanguage\":\"fr-FR\",\"potentialAction\":[{\"@type\":\"ReadAction\",\"target\":[\"https:\\\/\\\/interreg-sudoe.eu\\\/fr\\\/noticia-proyecto\\\/el-grupo-citic-de-la-universidade-da-coruna-acerca-el-reposicionamiento-de-farmacos-a-estudiantes-de-codema-y-sagrados-corazones-en-el-marco-del-proyecto-repo-sudoe\\\/\"]}]},{\"@type\":\"ImageObject\",\"inLanguage\":\"fr-FR\",\"@id\":\"https:\\\/\\\/interreg-sudoe.eu\\\/fr\\\/noticia-proyecto\\\/el-grupo-citic-de-la-universidade-da-coruna-acerca-el-reposicionamiento-de-farmacos-a-estudiantes-de-codema-y-sagrados-corazones-en-el-marco-del-proyecto-repo-sudoe\\\/#primaryimage\",\"url\":\"https:\\\/\\\/interreg-sudoe.eu\\\/wp-content\\\/uploads\\\/2026\\\/04\\\/RePo-SUDOE.jpeg\",\"contentUrl\":\"https:\\\/\\\/interreg-sudoe.eu\\\/wp-content\\\/uploads\\\/2026\\\/04\\\/RePo-SUDOE.jpeg\",\"width\":1600,\"height\":739},{\"@type\":\"BreadcrumbList\",\"@id\":\"https:\\\/\\\/interreg-sudoe.eu\\\/fr\\\/noticia-proyecto\\\/el-grupo-citic-de-la-universidade-da-coruna-acerca-el-reposicionamiento-de-farmacos-a-estudiantes-de-codema-y-sagrados-corazones-en-el-marco-del-proyecto-repo-sudoe\\\/#breadcrumb\",\"itemListElement\":[{\"@type\":\"ListItem\",\"position\":1,\"name\":\"Home\",\"item\":\"https:\\\/\\\/interreg-sudoe.eu\\\/fr\\\/\"},{\"@type\":\"ListItem\",\"position\":2,\"name\":\"Le groupe CITIC de l\u2019Universit\u00e9 de La Corogne sensibilise des \u00e9l\u00e8ves du CODEMA et des Sagrados Corazones au repositionnement des m\u00e9dicaments dans le cadre du projet RePo-SUDOE\"}]},{\"@type\":\"WebSite\",\"@id\":\"https:\\\/\\\/interreg-sudoe.eu\\\/fr\\\/#website\",\"url\":\"https:\\\/\\\/interreg-sudoe.eu\\\/fr\\\/\",\"name\":\"Interreg Sudoe\",\"description\":\"Interreg Sudoe\",\"publisher\":{\"@id\":\"https:\\\/\\\/interreg-sudoe.eu\\\/fr\\\/#organization\"},\"alternateName\":\"Interreg Sudoe\",\"potentialAction\":[{\"@type\":\"SearchAction\",\"target\":{\"@type\":\"EntryPoint\",\"urlTemplate\":\"https:\\\/\\\/interreg-sudoe.eu\\\/fr\\\/?s={search_term_string}\"},\"query-input\":{\"@type\":\"PropertyValueSpecification\",\"valueRequired\":true,\"valueName\":\"search_term_string\"}}],\"inLanguage\":\"fr-FR\"},{\"@type\":\"Organization\",\"@id\":\"https:\\\/\\\/interreg-sudoe.eu\\\/fr\\\/#organization\",\"name\":\"Interreg Sudoe\",\"alternateName\":\"Interreg Sudoe\",\"url\":\"https:\\\/\\\/interreg-sudoe.eu\\\/fr\\\/\",\"logo\":{\"@type\":\"ImageObject\",\"inLanguage\":\"fr-FR\",\"@id\":\"https:\\\/\\\/interreg-sudoe.eu\\\/fr\\\/#\\\/schema\\\/logo\\\/image\\\/\",\"url\":\"https:\\\/\\\/interreg-sudoe.eu\\\/wp-content\\\/uploads\\\/2024\\\/03\\\/logo-interreg.png\",\"contentUrl\":\"https:\\\/\\\/interreg-sudoe.eu\\\/wp-content\\\/uploads\\\/2024\\\/03\\\/logo-interreg.png\",\"width\":1200,\"height\":675,\"caption\":\"Interreg Sudoe\"},\"image\":{\"@id\":\"https:\\\/\\\/interreg-sudoe.eu\\\/fr\\\/#\\\/schema\\\/logo\\\/image\\\/\"},\"sameAs\":[\"https:\\\/\\\/www.facebook.com\\\/interregsudoe\",\"https:\\\/\\\/x.com\\\/Sudoe5\",\"https:\\\/\\\/www.youtube.com\\\/channel\\\/UCeGx2edoB32beRc9dbKA2vw\",\"https:\\\/\\\/www.linkedin.com\\\/company\\\/interreg-sudoe-programme\\\/\",\"https:\\\/\\\/www.flickr.com\\\/photos\\\/148704685@N06\\\/\"]}]}<\/script>\n<!-- \/ Yoast SEO plugin. -->","yoast_head_json":{"title":"Le groupe CITIC de l\u2019Universit\u00e9 de La Corogne sensibilise des \u00e9l\u00e8ves du CODEMA et des Sagrados Corazones au repositionnement des m\u00e9dicaments dans le cadre du projet RePo-SUDOE - Interreg Sudoe","robots":{"index":"index","follow":"follow","max-snippet":"max-snippet:-1","max-image-preview":"max-image-preview:large","max-video-preview":"max-video-preview:-1"},"canonical":"https:\/\/interreg-sudoe.eu\/fr\/noticia-proyecto\/el-grupo-citic-de-la-universidade-da-coruna-acerca-el-reposicionamiento-de-farmacos-a-estudiantes-de-codema-y-sagrados-corazones-en-el-marco-del-proyecto-repo-sudoe\/","og_locale":"fr_FR","og_type":"article","og_title":"Le groupe CITIC de l\u2019Universit\u00e9 de La Corogne sensibilise des \u00e9l\u00e8ves du CODEMA et des Sagrados Corazones au repositionnement des m\u00e9dicaments dans le cadre du projet RePo-SUDOE - Interreg Sudoe","og_description":"Le projet europ\u00e9en RePo-SUDOE (Drug Repurposing for the Effective and Accelerated Development of Medicines in the SUDOE Region) poursuit ses actions de diffusion scientifique dans les \u00e9tablissements scolaires afin de rapprocher la bioinformatique et le repositionnement des m\u00e9dicaments des \u00e9l\u00e8ves du secondaire et du baccalaur\u00e9at en fili\u00e8re biosanitaire. Les sessions ont \u00e9t\u00e9 assur\u00e9es par le [&hellip;]","og_url":"https:\/\/interreg-sudoe.eu\/fr\/noticia-proyecto\/el-grupo-citic-de-la-universidade-da-coruna-acerca-el-reposicionamiento-de-farmacos-a-estudiantes-de-codema-y-sagrados-corazones-en-el-marco-del-proyecto-repo-sudoe\/","og_site_name":"Interreg Sudoe","article_publisher":"https:\/\/www.facebook.com\/interregsudoe","article_modified_time":"2026-04-28T10:09:27+00:00","og_image":[{"width":1600,"height":739,"url":"https:\/\/interreg-sudoe.eu\/wp-content\/uploads\/2026\/04\/RePo-SUDOE.jpeg","type":"image\/jpeg"}],"twitter_card":"summary_large_image","twitter_site":"@Sudoe5","twitter_misc":{"Dur\u00e9e de lecture estim\u00e9e":"1 minute"},"schema":{"@context":"https:\/\/schema.org","@graph":[{"@type":"WebPage","@id":"https:\/\/interreg-sudoe.eu\/fr\/noticia-proyecto\/el-grupo-citic-de-la-universidade-da-coruna-acerca-el-reposicionamiento-de-farmacos-a-estudiantes-de-codema-y-sagrados-corazones-en-el-marco-del-proyecto-repo-sudoe\/","url":"https:\/\/interreg-sudoe.eu\/fr\/noticia-proyecto\/el-grupo-citic-de-la-universidade-da-coruna-acerca-el-reposicionamiento-de-farmacos-a-estudiantes-de-codema-y-sagrados-corazones-en-el-marco-del-proyecto-repo-sudoe\/","name":"Le groupe CITIC de l\u2019Universit\u00e9 de La Corogne sensibilise des \u00e9l\u00e8ves du CODEMA et des Sagrados Corazones au repositionnement des m\u00e9dicaments dans le cadre du projet RePo-SUDOE - Interreg Sudoe","isPartOf":{"@id":"https:\/\/interreg-sudoe.eu\/fr\/#website"},"primaryImageOfPage":{"@id":"https:\/\/interreg-sudoe.eu\/fr\/noticia-proyecto\/el-grupo-citic-de-la-universidade-da-coruna-acerca-el-reposicionamiento-de-farmacos-a-estudiantes-de-codema-y-sagrados-corazones-en-el-marco-del-proyecto-repo-sudoe\/#primaryimage"},"image":{"@id":"https:\/\/interreg-sudoe.eu\/fr\/noticia-proyecto\/el-grupo-citic-de-la-universidade-da-coruna-acerca-el-reposicionamiento-de-farmacos-a-estudiantes-de-codema-y-sagrados-corazones-en-el-marco-del-proyecto-repo-sudoe\/#primaryimage"},"thumbnailUrl":"https:\/\/interreg-sudoe.eu\/wp-content\/uploads\/2026\/04\/RePo-SUDOE.jpeg","datePublished":"2026-04-28T10:05:17+00:00","dateModified":"2026-04-28T10:09:27+00:00","breadcrumb":{"@id":"https:\/\/interreg-sudoe.eu\/fr\/noticia-proyecto\/el-grupo-citic-de-la-universidade-da-coruna-acerca-el-reposicionamiento-de-farmacos-a-estudiantes-de-codema-y-sagrados-corazones-en-el-marco-del-proyecto-repo-sudoe\/#breadcrumb"},"inLanguage":"fr-FR","potentialAction":[{"@type":"ReadAction","target":["https:\/\/interreg-sudoe.eu\/fr\/noticia-proyecto\/el-grupo-citic-de-la-universidade-da-coruna-acerca-el-reposicionamiento-de-farmacos-a-estudiantes-de-codema-y-sagrados-corazones-en-el-marco-del-proyecto-repo-sudoe\/"]}]},{"@type":"ImageObject","inLanguage":"fr-FR","@id":"https:\/\/interreg-sudoe.eu\/fr\/noticia-proyecto\/el-grupo-citic-de-la-universidade-da-coruna-acerca-el-reposicionamiento-de-farmacos-a-estudiantes-de-codema-y-sagrados-corazones-en-el-marco-del-proyecto-repo-sudoe\/#primaryimage","url":"https:\/\/interreg-sudoe.eu\/wp-content\/uploads\/2026\/04\/RePo-SUDOE.jpeg","contentUrl":"https:\/\/interreg-sudoe.eu\/wp-content\/uploads\/2026\/04\/RePo-SUDOE.jpeg","width":1600,"height":739},{"@type":"BreadcrumbList","@id":"https:\/\/interreg-sudoe.eu\/fr\/noticia-proyecto\/el-grupo-citic-de-la-universidade-da-coruna-acerca-el-reposicionamiento-de-farmacos-a-estudiantes-de-codema-y-sagrados-corazones-en-el-marco-del-proyecto-repo-sudoe\/#breadcrumb","itemListElement":[{"@type":"ListItem","position":1,"name":"Home","item":"https:\/\/interreg-sudoe.eu\/fr\/"},{"@type":"ListItem","position":2,"name":"Le groupe CITIC de l\u2019Universit\u00e9 de La Corogne sensibilise des \u00e9l\u00e8ves du CODEMA et des Sagrados Corazones au repositionnement des m\u00e9dicaments dans le cadre du projet RePo-SUDOE"}]},{"@type":"WebSite","@id":"https:\/\/interreg-sudoe.eu\/fr\/#website","url":"https:\/\/interreg-sudoe.eu\/fr\/","name":"Interreg Sudoe","description":"Interreg Sudoe","publisher":{"@id":"https:\/\/interreg-sudoe.eu\/fr\/#organization"},"alternateName":"Interreg Sudoe","potentialAction":[{"@type":"SearchAction","target":{"@type":"EntryPoint","urlTemplate":"https:\/\/interreg-sudoe.eu\/fr\/?s={search_term_string}"},"query-input":{"@type":"PropertyValueSpecification","valueRequired":true,"valueName":"search_term_string"}}],"inLanguage":"fr-FR"},{"@type":"Organization","@id":"https:\/\/interreg-sudoe.eu\/fr\/#organization","name":"Interreg Sudoe","alternateName":"Interreg Sudoe","url":"https:\/\/interreg-sudoe.eu\/fr\/","logo":{"@type":"ImageObject","inLanguage":"fr-FR","@id":"https:\/\/interreg-sudoe.eu\/fr\/#\/schema\/logo\/image\/","url":"https:\/\/interreg-sudoe.eu\/wp-content\/uploads\/2024\/03\/logo-interreg.png","contentUrl":"https:\/\/interreg-sudoe.eu\/wp-content\/uploads\/2024\/03\/logo-interreg.png","width":1200,"height":675,"caption":"Interreg Sudoe"},"image":{"@id":"https:\/\/interreg-sudoe.eu\/fr\/#\/schema\/logo\/image\/"},"sameAs":["https:\/\/www.facebook.com\/interregsudoe","https:\/\/x.com\/Sudoe5","https:\/\/www.youtube.com\/channel\/UCeGx2edoB32beRc9dbKA2vw","https:\/\/www.linkedin.com\/company\/interreg-sudoe-programme\/","https:\/\/www.flickr.com\/photos\/148704685@N06\/"]}]}},"_links":{"self":[{"href":"https:\/\/interreg-sudoe.eu\/fr\/wp-json\/wp\/v2\/noticia-proyecto\/64840","targetHints":{"allow":["GET"]}}],"collection":[{"href":"https:\/\/interreg-sudoe.eu\/fr\/wp-json\/wp\/v2\/noticia-proyecto"}],"about":[{"href":"https:\/\/interreg-sudoe.eu\/fr\/wp-json\/wp\/v2\/types\/noticia-proyecto"}],"author":[{"embeddable":true,"href":"https:\/\/interreg-sudoe.eu\/fr\/wp-json\/wp\/v2\/users\/4919"}],"wp:featuredmedia":[{"embeddable":true,"href":"https:\/\/interreg-sudoe.eu\/fr\/wp-json\/wp\/v2\/media\/64834"}],"wp:attachment":[{"href":"https:\/\/interreg-sudoe.eu\/fr\/wp-json\/wp\/v2\/media?parent=64840"}],"curies":[{"name":"wp","href":"https:\/\/api.w.org\/{rel}","templated":true}]}}