{"id":64882,"date":"2026-04-28T12:14:24","date_gmt":"2026-04-28T10:14:24","guid":{"rendered":"https:\/\/interreg-sudoe.eu\/noticia-proyecto\/i-rewater-encara-en-2026-el-ultimo-ano-de-ejecucion-con-una-intensa-agenda-de-eventos-internacionales\/"},"modified":"2026-04-28T13:13:15","modified_gmt":"2026-04-28T11:13:15","slug":"i-rewater-entame-en-2026-sa-derniere-annee-de-mise-en-oeuvre-avec-un-intense-agenda-d-evenements-internationaux","status":"publish","type":"noticia-proyecto","link":"https:\/\/interreg-sudoe.eu\/fr\/noticia-proyecto\/i-rewater-entame-en-2026-sa-derniere-annee-de-mise-en-oeuvre-avec-un-intense-agenda-d-evenements-internationaux\/","title":{"rendered":"I-ReWater entame en 2026 sa derni\u00e8re ann\u00e9e de mise en \u0153uvre avec un intense agenda d\u2019\u00e9v\u00e9nements internationaux"},"content":{"rendered":"<p data-start=\"3657\" data-end=\"3917\">Le projet I-ReWater aborde en 2026 sa troisi\u00e8me et derni\u00e8re ann\u00e9e de mise en \u0153uvre avec un calendrier marqu\u00e9 par des r\u00e9unions strat\u00e9giques, des congr\u00e8s internationaux et des actions de diffusion destin\u00e9es \u00e0 consolider les r\u00e9sultats obtenus durant l\u2019initiative.<\/p>\n<p data-start=\"3919\" data-end=\"4122\">Tout au long de l\u2019ann\u00e9e, le consortium m\u00e8nera diff\u00e9rentes activit\u00e9s cl\u00e9s li\u00e9es \u00e0 la gestion durable de l\u2019eau dans l\u2019agriculture irrigu\u00e9e et \u00e0 l\u2019utilisation de l\u2019eau urbaine r\u00e9g\u00e9n\u00e9r\u00e9e dans l\u2019espace SUDOE.<\/p>\n<p data-start=\"4124\" data-end=\"4193\" data-section-id=\"9w3m75\"><strong>Juin : r\u00e9unions de coordination et congr\u00e8s international \u00e0 Madrid<br \/>\n<\/strong>Les 15 et 16 juin, se tiendra \u00e0 Madrid la cinqui\u00e8me r\u00e9union du consortium, une r\u00e9union de travail centr\u00e9e sur la coordination finale des actions et la planification de la cl\u00f4ture du projet.<\/p>\n<p data-start=\"4394\" data-end=\"4577\">Ensuite, du 17 au 19 juin, se d\u00e9roulera \u00e0 San Fernando de Henares (Madrid) le <a href=\"https:\/\/interreg-sudoe.eu\/fr\/evento-proyecto\/i-rewater-ii-congreso-reuse-euromed-sobre-reutilizacion-del-agua\/\">IIe Congr\u00e8s REUSE-EuroMed-2026<\/a>, un rendez-vous de r\u00e9f\u00e9rence en mati\u00e8re de r\u00e9utilisation de l\u2019eau.<\/p>\n<p data-start=\"4579\" data-end=\"4886\">Dans le cadre de ce congr\u00e8s, est pr\u00e9vue la pr\u00e9sentation officielle du Hub I-ReWater et du syst\u00e8me DSS (Decision Support System), des outils d\u00e9velopp\u00e9s pour faciliter l\u2019acc\u00e8s aux connaissances g\u00e9n\u00e9r\u00e9es et soutenir la prise de d\u00e9cision en mati\u00e8re d\u2019irrigation et de r\u00e9utilisation des ressources hydriques.<\/p>\n<p data-start=\"4888\" data-end=\"4937\" data-section-id=\"3a9ucw\"><strong>Octobre : pr\u00e9sence internationale \u00e0 Marseille<br \/>\n<\/strong>Du 12 au 17 octobre, des repr\u00e9sentants du projet participeront au <a href=\"https:\/\/icidcongress2026.org\/\">26th ICID International Congress \u2013 Eau, Agriculture et Territoires<\/a>, qui se tiendra \u00e0 Marseille (France).<\/p>\n<p data-start=\"5119\" data-end=\"5323\">Cet \u00e9v\u00e9nement international r\u00e9unira des sp\u00e9cialistes et des organismes li\u00e9s \u00e0 l\u2019eau, \u00e0 l\u2019agriculture et \u00e0 l\u2019am\u00e9nagement du territoire, offrant un espace strat\u00e9gique pour partager l\u2019exp\u00e9rience d\u2019I-ReWater.<\/p>\n<p data-start=\"5325\" data-end=\"5372\" data-section-id=\"q1amua\">Novembre : cl\u00f4ture institutionnelle \u00e0 \u00c9vora<br \/>\nLes 17 et 18 novembre, la ville d\u2019\u00c9vora (Portugal) accueillera la sixi\u00e8me r\u00e9union du consortium, l\u2019une des derni\u00e8res rencontres en pr\u00e9sentiel du projet.<\/p>\n<p data-start=\"5536\" data-end=\"5582\">Durant cette p\u00e9riode, sont \u00e9galement pr\u00e9vues :<\/p>\n<ul data-start=\"5584\" data-end=\"5789\">\n<li data-start=\"5584\" data-end=\"5707\" data-section-id=\"1v8kwmy\">La pr\u00e9sentation aux autorit\u00e9s publiques de la Strat\u00e9gie transnationale d\u2019utilisation de l\u2019eau r\u00e9g\u00e9n\u00e9r\u00e9e d\u2019I-ReWater<\/li>\n<li data-start=\"5708\" data-end=\"5789\" data-section-id=\"1rabpdi\">La pr\u00e9sentation du <a href=\"https:\/\/cpf.gencat.cat\/en\/cpf_03_linies_actuacio\/cpf_transferencia_coneixement\/cpf_projectes_europeus\/cpf_life_demorgest\/actuacions-difusio\/CPF_Informe-Layman\/\">Layman\u2019s Report<\/a>, document final de diffusion du projet<\/li>\n<\/ul>\n<p data-start=\"5791\" data-end=\"5854\" data-section-id=\"1388vv2\"><strong>Journ\u00e9es portes ouvertes sur les 15 sites pilotes du projet<br \/>\n<\/strong>Tout au long de l\u2019ann\u00e9e 2026, des journ\u00e9es portes ouvertes et des actions de sensibilisation seront organis\u00e9es sur les 15 sites pilotes de d\u00e9monstration situ\u00e9s en Espagne, au Portugal et en France.<\/p>\n<p data-start=\"6059\" data-end=\"6270\">Ces actions permettront de rapprocher professionnels, administrations et citoyens des avanc\u00e9es obtenues sur diff\u00e9rentes cultures, notamment la vigne, le houblon, l\u2019amandier, l\u2019olivier et les cultures horticoles.<\/p>\n<p data-start=\"6059\" data-end=\"6270\"><strong>Un projet strat\u00e9gique pour l\u2019espace SUDOE<br \/>\n<\/strong>I-ReWater a \u00e9t\u00e9 approuv\u00e9 lors du premier appel \u00e0 projets du programme Interreg Sudoe 2021-2027 et dispose d\u2019un budget de plus de 2,2 millions d\u2019euros, cofinanc\u00e9 \u00e0 75 % par le FEDER.<\/p>\n<p data-start=\"6510\" data-end=\"6897\">Entre 2024 et 2026, le projet \u0153uvre \u00e0 am\u00e9liorer la gestion des ressources hydriques en agriculture gr\u00e2ce \u00e0 l\u2019int\u00e9gration s\u00fbre et durable de l\u2019eau urbaine r\u00e9g\u00e9n\u00e9r\u00e9e. Comme r\u00e9sultat final, sera pr\u00e9sent\u00e9e la Strat\u00e9gie d\u2019utilisation de l\u2019eau r\u00e9g\u00e9n\u00e9r\u00e9e pour l\u2019irrigation dans l\u2019espace SUDOE, ainsi qu\u2019un Hub de connaissances en acc\u00e8s libre regroupant l\u2019ensemble des r\u00e9sultats obtenus.<\/p>\n","protected":false},"excerpt":{"rendered":"<p>Le projet I-ReWater entame en 2026 sa derni\u00e8re ann\u00e9e de mise en \u0153uvre avec un agenda marqu\u00e9 par des congr\u00e8s internationaux, des r\u00e9unions strat\u00e9giques et des actions de diffusion en Espagne, au Portugal et en France. Ce calendrier permettra de pr\u00e9senter les principaux r\u00e9sultats et outils d\u00e9velopp\u00e9s par l\u2019initiative.<\/p>\n","protected":false},"author":4973,"featured_media":64884,"parent":0,"template":"","meta":{"_acf_changed":false,"content-type":"","_monsterinsights_skip_tracking":false,"_monsterinsights_sitenote_active":false,"_monsterinsights_sitenote_note":"","_monsterinsights_sitenote_category":0},"class_list":["post-64882","noticia-proyecto","type-noticia-proyecto","status-publish","has-post-thumbnail","hentry"],"acf":[],"yoast_head":"<!-- This site is optimized with the Yoast SEO plugin v27.4 - https:\/\/yoast.com\/product\/yoast-seo-wordpress\/ -->\n<title>I-ReWater entame en 2026 sa derni\u00e8re ann\u00e9e de mise en \u0153uvre avec un intense agenda d\u2019\u00e9v\u00e9nements internationaux - Interreg Sudoe<\/title>\n<meta name=\"robots\" content=\"index, follow, max-snippet:-1, max-image-preview:large, max-video-preview:-1\" \/>\n<link rel=\"canonical\" href=\"https:\/\/interreg-sudoe.eu\/fr\/noticia-proyecto\/i-rewater-entame-en-2026-sa-derniere-annee-de-mise-en-oeuvre-avec-un-intense-agenda-d-evenements-internationaux\/\" \/>\n<meta property=\"og:locale\" content=\"fr_FR\" \/>\n<meta property=\"og:type\" content=\"article\" \/>\n<meta property=\"og:title\" content=\"I-ReWater entame en 2026 sa derni\u00e8re ann\u00e9e de mise en \u0153uvre avec un intense agenda d\u2019\u00e9v\u00e9nements internationaux - Interreg Sudoe\" \/>\n<meta property=\"og:description\" content=\"Le projet I-ReWater entame en 2026 sa derni\u00e8re ann\u00e9e de mise en \u0153uvre avec un agenda marqu\u00e9 par des congr\u00e8s internationaux, des r\u00e9unions strat\u00e9giques et des actions de diffusion en Espagne, au Portugal et en France. Ce calendrier permettra de pr\u00e9senter les principaux r\u00e9sultats et outils d\u00e9velopp\u00e9s par l\u2019initiative.\" \/>\n<meta property=\"og:url\" content=\"https:\/\/interreg-sudoe.eu\/fr\/noticia-proyecto\/i-rewater-entame-en-2026-sa-derniere-annee-de-mise-en-oeuvre-avec-un-intense-agenda-d-evenements-internationaux\/\" \/>\n<meta property=\"og:site_name\" content=\"Interreg Sudoe\" \/>\n<meta property=\"article:publisher\" content=\"https:\/\/www.facebook.com\/interregsudoe\" \/>\n<meta property=\"article:modified_time\" content=\"2026-04-28T11:13:15+00:00\" \/>\n<meta property=\"og:image\" content=\"https:\/\/interreg-sudoe.eu\/wp-content\/uploads\/2026\/04\/I-ReWater-Portada-H-web-1140-x-640-px-3.jpg\" \/>\n\t<meta property=\"og:image:width\" content=\"1140\" \/>\n\t<meta property=\"og:image:height\" content=\"640\" \/>\n\t<meta property=\"og:image:type\" content=\"image\/jpeg\" \/>\n<meta name=\"twitter:card\" content=\"summary_large_image\" \/>\n<meta name=\"twitter:site\" content=\"@Sudoe5\" \/>\n<meta name=\"twitter:label1\" content=\"Dur\u00e9e de lecture estim\u00e9e\" \/>\n\t<meta name=\"twitter:data1\" content=\"3 minutes\" \/>\n<script type=\"application\/ld+json\" class=\"yoast-schema-graph\">{\"@context\":\"https:\\\/\\\/schema.org\",\"@graph\":[{\"@type\":\"WebPage\",\"@id\":\"https:\\\/\\\/interreg-sudoe.eu\\\/fr\\\/noticia-proyecto\\\/i-rewater-entame-en-2026-sa-derniere-annee-de-mise-en-oeuvre-avec-un-intense-agenda-d-evenements-internationaux\\\/\",\"url\":\"https:\\\/\\\/interreg-sudoe.eu\\\/fr\\\/noticia-proyecto\\\/i-rewater-entame-en-2026-sa-derniere-annee-de-mise-en-oeuvre-avec-un-intense-agenda-d-evenements-internationaux\\\/\",\"name\":\"I-ReWater entame en 2026 sa derni\u00e8re ann\u00e9e de mise en \u0153uvre avec un intense agenda d\u2019\u00e9v\u00e9nements internationaux - Interreg Sudoe\",\"isPartOf\":{\"@id\":\"https:\\\/\\\/interreg-sudoe.eu\\\/fr\\\/#website\"},\"primaryImageOfPage\":{\"@id\":\"https:\\\/\\\/interreg-sudoe.eu\\\/fr\\\/noticia-proyecto\\\/i-rewater-entame-en-2026-sa-derniere-annee-de-mise-en-oeuvre-avec-un-intense-agenda-d-evenements-internationaux\\\/#primaryimage\"},\"image\":{\"@id\":\"https:\\\/\\\/interreg-sudoe.eu\\\/fr\\\/noticia-proyecto\\\/i-rewater-entame-en-2026-sa-derniere-annee-de-mise-en-oeuvre-avec-un-intense-agenda-d-evenements-internationaux\\\/#primaryimage\"},\"thumbnailUrl\":\"https:\\\/\\\/interreg-sudoe.eu\\\/wp-content\\\/uploads\\\/2026\\\/04\\\/I-ReWater-Portada-H-web-1140-x-640-px-3.jpg\",\"datePublished\":\"2026-04-28T10:14:24+00:00\",\"dateModified\":\"2026-04-28T11:13:15+00:00\",\"breadcrumb\":{\"@id\":\"https:\\\/\\\/interreg-sudoe.eu\\\/fr\\\/noticia-proyecto\\\/i-rewater-entame-en-2026-sa-derniere-annee-de-mise-en-oeuvre-avec-un-intense-agenda-d-evenements-internationaux\\\/#breadcrumb\"},\"inLanguage\":\"fr-FR\",\"potentialAction\":[{\"@type\":\"ReadAction\",\"target\":[\"https:\\\/\\\/interreg-sudoe.eu\\\/fr\\\/noticia-proyecto\\\/i-rewater-entame-en-2026-sa-derniere-annee-de-mise-en-oeuvre-avec-un-intense-agenda-d-evenements-internationaux\\\/\"]}]},{\"@type\":\"ImageObject\",\"inLanguage\":\"fr-FR\",\"@id\":\"https:\\\/\\\/interreg-sudoe.eu\\\/fr\\\/noticia-proyecto\\\/i-rewater-entame-en-2026-sa-derniere-annee-de-mise-en-oeuvre-avec-un-intense-agenda-d-evenements-internationaux\\\/#primaryimage\",\"url\":\"https:\\\/\\\/interreg-sudoe.eu\\\/wp-content\\\/uploads\\\/2026\\\/04\\\/I-ReWater-Portada-H-web-1140-x-640-px-3.jpg\",\"contentUrl\":\"https:\\\/\\\/interreg-sudoe.eu\\\/wp-content\\\/uploads\\\/2026\\\/04\\\/I-ReWater-Portada-H-web-1140-x-640-px-3.jpg\",\"width\":1140,\"height\":640},{\"@type\":\"BreadcrumbList\",\"@id\":\"https:\\\/\\\/interreg-sudoe.eu\\\/fr\\\/noticia-proyecto\\\/i-rewater-entame-en-2026-sa-derniere-annee-de-mise-en-oeuvre-avec-un-intense-agenda-d-evenements-internationaux\\\/#breadcrumb\",\"itemListElement\":[{\"@type\":\"ListItem\",\"position\":1,\"name\":\"Home\",\"item\":\"https:\\\/\\\/interreg-sudoe.eu\\\/fr\\\/\"},{\"@type\":\"ListItem\",\"position\":2,\"name\":\"I-ReWater entame en 2026 sa derni\u00e8re ann\u00e9e de mise en \u0153uvre avec un intense agenda d\u2019\u00e9v\u00e9nements internationaux\"}]},{\"@type\":\"WebSite\",\"@id\":\"https:\\\/\\\/interreg-sudoe.eu\\\/fr\\\/#website\",\"url\":\"https:\\\/\\\/interreg-sudoe.eu\\\/fr\\\/\",\"name\":\"Interreg Sudoe\",\"description\":\"Interreg Sudoe\",\"publisher\":{\"@id\":\"https:\\\/\\\/interreg-sudoe.eu\\\/fr\\\/#organization\"},\"alternateName\":\"Interreg Sudoe\",\"potentialAction\":[{\"@type\":\"SearchAction\",\"target\":{\"@type\":\"EntryPoint\",\"urlTemplate\":\"https:\\\/\\\/interreg-sudoe.eu\\\/fr\\\/?s={search_term_string}\"},\"query-input\":{\"@type\":\"PropertyValueSpecification\",\"valueRequired\":true,\"valueName\":\"search_term_string\"}}],\"inLanguage\":\"fr-FR\"},{\"@type\":\"Organization\",\"@id\":\"https:\\\/\\\/interreg-sudoe.eu\\\/fr\\\/#organization\",\"name\":\"Interreg Sudoe\",\"alternateName\":\"Interreg Sudoe\",\"url\":\"https:\\\/\\\/interreg-sudoe.eu\\\/fr\\\/\",\"logo\":{\"@type\":\"ImageObject\",\"inLanguage\":\"fr-FR\",\"@id\":\"https:\\\/\\\/interreg-sudoe.eu\\\/fr\\\/#\\\/schema\\\/logo\\\/image\\\/\",\"url\":\"https:\\\/\\\/interreg-sudoe.eu\\\/wp-content\\\/uploads\\\/2024\\\/03\\\/logo-interreg.png\",\"contentUrl\":\"https:\\\/\\\/interreg-sudoe.eu\\\/wp-content\\\/uploads\\\/2024\\\/03\\\/logo-interreg.png\",\"width\":1200,\"height\":675,\"caption\":\"Interreg Sudoe\"},\"image\":{\"@id\":\"https:\\\/\\\/interreg-sudoe.eu\\\/fr\\\/#\\\/schema\\\/logo\\\/image\\\/\"},\"sameAs\":[\"https:\\\/\\\/www.facebook.com\\\/interregsudoe\",\"https:\\\/\\\/x.com\\\/Sudoe5\",\"https:\\\/\\\/www.youtube.com\\\/channel\\\/UCeGx2edoB32beRc9dbKA2vw\",\"https:\\\/\\\/www.linkedin.com\\\/company\\\/interreg-sudoe-programme\\\/\",\"https:\\\/\\\/www.flickr.com\\\/photos\\\/148704685@N06\\\/\"]}]}<\/script>\n<!-- \/ Yoast SEO plugin. -->","yoast_head_json":{"title":"I-ReWater entame en 2026 sa derni\u00e8re ann\u00e9e de mise en \u0153uvre avec un intense agenda d\u2019\u00e9v\u00e9nements internationaux - Interreg Sudoe","robots":{"index":"index","follow":"follow","max-snippet":"max-snippet:-1","max-image-preview":"max-image-preview:large","max-video-preview":"max-video-preview:-1"},"canonical":"https:\/\/interreg-sudoe.eu\/fr\/noticia-proyecto\/i-rewater-entame-en-2026-sa-derniere-annee-de-mise-en-oeuvre-avec-un-intense-agenda-d-evenements-internationaux\/","og_locale":"fr_FR","og_type":"article","og_title":"I-ReWater entame en 2026 sa derni\u00e8re ann\u00e9e de mise en \u0153uvre avec un intense agenda d\u2019\u00e9v\u00e9nements internationaux - Interreg Sudoe","og_description":"Le projet I-ReWater entame en 2026 sa derni\u00e8re ann\u00e9e de mise en \u0153uvre avec un agenda marqu\u00e9 par des congr\u00e8s internationaux, des r\u00e9unions strat\u00e9giques et des actions de diffusion en Espagne, au Portugal et en France. Ce calendrier permettra de pr\u00e9senter les principaux r\u00e9sultats et outils d\u00e9velopp\u00e9s par l\u2019initiative.","og_url":"https:\/\/interreg-sudoe.eu\/fr\/noticia-proyecto\/i-rewater-entame-en-2026-sa-derniere-annee-de-mise-en-oeuvre-avec-un-intense-agenda-d-evenements-internationaux\/","og_site_name":"Interreg Sudoe","article_publisher":"https:\/\/www.facebook.com\/interregsudoe","article_modified_time":"2026-04-28T11:13:15+00:00","og_image":[{"width":1140,"height":640,"url":"https:\/\/interreg-sudoe.eu\/wp-content\/uploads\/2026\/04\/I-ReWater-Portada-H-web-1140-x-640-px-3.jpg","type":"image\/jpeg"}],"twitter_card":"summary_large_image","twitter_site":"@Sudoe5","twitter_misc":{"Dur\u00e9e de lecture estim\u00e9e":"3 minutes"},"schema":{"@context":"https:\/\/schema.org","@graph":[{"@type":"WebPage","@id":"https:\/\/interreg-sudoe.eu\/fr\/noticia-proyecto\/i-rewater-entame-en-2026-sa-derniere-annee-de-mise-en-oeuvre-avec-un-intense-agenda-d-evenements-internationaux\/","url":"https:\/\/interreg-sudoe.eu\/fr\/noticia-proyecto\/i-rewater-entame-en-2026-sa-derniere-annee-de-mise-en-oeuvre-avec-un-intense-agenda-d-evenements-internationaux\/","name":"I-ReWater entame en 2026 sa derni\u00e8re ann\u00e9e de mise en \u0153uvre avec un intense agenda d\u2019\u00e9v\u00e9nements internationaux - Interreg Sudoe","isPartOf":{"@id":"https:\/\/interreg-sudoe.eu\/fr\/#website"},"primaryImageOfPage":{"@id":"https:\/\/interreg-sudoe.eu\/fr\/noticia-proyecto\/i-rewater-entame-en-2026-sa-derniere-annee-de-mise-en-oeuvre-avec-un-intense-agenda-d-evenements-internationaux\/#primaryimage"},"image":{"@id":"https:\/\/interreg-sudoe.eu\/fr\/noticia-proyecto\/i-rewater-entame-en-2026-sa-derniere-annee-de-mise-en-oeuvre-avec-un-intense-agenda-d-evenements-internationaux\/#primaryimage"},"thumbnailUrl":"https:\/\/interreg-sudoe.eu\/wp-content\/uploads\/2026\/04\/I-ReWater-Portada-H-web-1140-x-640-px-3.jpg","datePublished":"2026-04-28T10:14:24+00:00","dateModified":"2026-04-28T11:13:15+00:00","breadcrumb":{"@id":"https:\/\/interreg-sudoe.eu\/fr\/noticia-proyecto\/i-rewater-entame-en-2026-sa-derniere-annee-de-mise-en-oeuvre-avec-un-intense-agenda-d-evenements-internationaux\/#breadcrumb"},"inLanguage":"fr-FR","potentialAction":[{"@type":"ReadAction","target":["https:\/\/interreg-sudoe.eu\/fr\/noticia-proyecto\/i-rewater-entame-en-2026-sa-derniere-annee-de-mise-en-oeuvre-avec-un-intense-agenda-d-evenements-internationaux\/"]}]},{"@type":"ImageObject","inLanguage":"fr-FR","@id":"https:\/\/interreg-sudoe.eu\/fr\/noticia-proyecto\/i-rewater-entame-en-2026-sa-derniere-annee-de-mise-en-oeuvre-avec-un-intense-agenda-d-evenements-internationaux\/#primaryimage","url":"https:\/\/interreg-sudoe.eu\/wp-content\/uploads\/2026\/04\/I-ReWater-Portada-H-web-1140-x-640-px-3.jpg","contentUrl":"https:\/\/interreg-sudoe.eu\/wp-content\/uploads\/2026\/04\/I-ReWater-Portada-H-web-1140-x-640-px-3.jpg","width":1140,"height":640},{"@type":"BreadcrumbList","@id":"https:\/\/interreg-sudoe.eu\/fr\/noticia-proyecto\/i-rewater-entame-en-2026-sa-derniere-annee-de-mise-en-oeuvre-avec-un-intense-agenda-d-evenements-internationaux\/#breadcrumb","itemListElement":[{"@type":"ListItem","position":1,"name":"Home","item":"https:\/\/interreg-sudoe.eu\/fr\/"},{"@type":"ListItem","position":2,"name":"I-ReWater entame en 2026 sa derni\u00e8re ann\u00e9e de mise en \u0153uvre avec un intense agenda d\u2019\u00e9v\u00e9nements internationaux"}]},{"@type":"WebSite","@id":"https:\/\/interreg-sudoe.eu\/fr\/#website","url":"https:\/\/interreg-sudoe.eu\/fr\/","name":"Interreg Sudoe","description":"Interreg Sudoe","publisher":{"@id":"https:\/\/interreg-sudoe.eu\/fr\/#organization"},"alternateName":"Interreg Sudoe","potentialAction":[{"@type":"SearchAction","target":{"@type":"EntryPoint","urlTemplate":"https:\/\/interreg-sudoe.eu\/fr\/?s={search_term_string}"},"query-input":{"@type":"PropertyValueSpecification","valueRequired":true,"valueName":"search_term_string"}}],"inLanguage":"fr-FR"},{"@type":"Organization","@id":"https:\/\/interreg-sudoe.eu\/fr\/#organization","name":"Interreg Sudoe","alternateName":"Interreg Sudoe","url":"https:\/\/interreg-sudoe.eu\/fr\/","logo":{"@type":"ImageObject","inLanguage":"fr-FR","@id":"https:\/\/interreg-sudoe.eu\/fr\/#\/schema\/logo\/image\/","url":"https:\/\/interreg-sudoe.eu\/wp-content\/uploads\/2024\/03\/logo-interreg.png","contentUrl":"https:\/\/interreg-sudoe.eu\/wp-content\/uploads\/2024\/03\/logo-interreg.png","width":1200,"height":675,"caption":"Interreg Sudoe"},"image":{"@id":"https:\/\/interreg-sudoe.eu\/fr\/#\/schema\/logo\/image\/"},"sameAs":["https:\/\/www.facebook.com\/interregsudoe","https:\/\/x.com\/Sudoe5","https:\/\/www.youtube.com\/channel\/UCeGx2edoB32beRc9dbKA2vw","https:\/\/www.linkedin.com\/company\/interreg-sudoe-programme\/","https:\/\/www.flickr.com\/photos\/148704685@N06\/"]}]}},"_links":{"self":[{"href":"https:\/\/interreg-sudoe.eu\/fr\/wp-json\/wp\/v2\/noticia-proyecto\/64882","targetHints":{"allow":["GET"]}}],"collection":[{"href":"https:\/\/interreg-sudoe.eu\/fr\/wp-json\/wp\/v2\/noticia-proyecto"}],"about":[{"href":"https:\/\/interreg-sudoe.eu\/fr\/wp-json\/wp\/v2\/types\/noticia-proyecto"}],"author":[{"embeddable":true,"href":"https:\/\/interreg-sudoe.eu\/fr\/wp-json\/wp\/v2\/users\/4973"}],"wp:featuredmedia":[{"embeddable":true,"href":"https:\/\/interreg-sudoe.eu\/fr\/wp-json\/wp\/v2\/media\/64884"}],"wp:attachment":[{"href":"https:\/\/interreg-sudoe.eu\/fr\/wp-json\/wp\/v2\/media?parent=64882"}],"curies":[{"name":"wp","href":"https:\/\/api.w.org\/{rel}","templated":true}]}}