{"id":64956,"date":"2026-04-29T13:08:08","date_gmt":"2026-04-29T11:08:08","guid":{"rendered":"https:\/\/interreg-sudoe.eu\/?post_type=noticia-proyecto&#038;p=64956"},"modified":"2026-04-29T13:09:26","modified_gmt":"2026-04-29T11:09:26","slug":"seance-de-travail-a-ribes-de-freser-sur-le-patrimoine-de-la-vallee-de-ribes","status":"publish","type":"noticia-proyecto","link":"https:\/\/interreg-sudoe.eu\/fr\/noticia-proyecto\/seance-de-travail-a-ribes-de-freser-sur-le-patrimoine-de-la-vallee-de-ribes\/","title":{"rendered":"S\u00e9ance de travail \u00e0 Ribes de Freser sur le patrimoine de la Vall\u00e9e de Ribes"},"content":{"rendered":"<p>Cette semaine, une premi\u00e8re r\u00e9union s&rsquo;est tenue \u00e0 Ribes de Freser avec diff\u00e9rents acteurs locaux, cette fois-ci dot\u00e9s d&rsquo;une solide expertise technique, dans le cadre du projet RESPIRA. L&rsquo;objectif de cette s\u00e9ance \u00e9tait de recueillir les points de vue locaux sur la gestion du patrimoine et le tourisme dans la Vall\u00e9e de Ribes.<\/p>\n<p>Cette journ\u00e9e a principalement servi de point de rencontre aux professionnels et aux organisations \u0153uvrant au niveau local. Au cours de cette s\u00e9ance, la n\u00e9cessit\u00e9 de renforcer les espaces d&rsquo;\u00e9change pour coordonner les actions futures a \u00e9t\u00e9 confirm\u00e9e, et des propositions li\u00e9es \u00e0 l&rsquo;histoire de la Vall\u00e9e, telles que l&rsquo;h\u00e9ritage du projet d&rsquo;\u00e9comus\u00e9e, ont \u00e9t\u00e9 r\u00e9examin\u00e9es afin d&rsquo;en assurer la p\u00e9rennit\u00e9.<\/p>\n<p>Sur le plan analytique, les risques de banalisation des r\u00e9cits patrimoniaux et la n\u00e9cessit\u00e9 d&rsquo;actualiser ces discours pour les rendre plus accessibles aux publics d&rsquo;aujourd&rsquo;hui ont \u00e9t\u00e9 abord\u00e9s. Gr\u00e2ce \u00e0 des activit\u00e9s participatives, les participants ont soulign\u00e9 l&rsquo;importance de s\u00e9lectionner les \u00e9l\u00e9ments cl\u00e9s permettant de comprendre la richesse du territoire sans en alt\u00e9rer l&rsquo;essence.<br \/>\nLes informations recueillies lors de cette s\u00e9ance sont en cours de traitement en vue de leur int\u00e9gration dans la m\u00e9thodologie du projet. Une deuxi\u00e8me session avec de nouveaux participants est pr\u00e9vue pour l&rsquo;automne afin de compl\u00e9ter cette \u00e9valuation avant la r\u00e9union des partenaires du projet RESPIRA \u00e0 N\u00faria.<\/p>\n","protected":false},"excerpt":{"rendered":"<p>Cette semaine, une premi\u00e8re r\u00e9union s&rsquo;est tenue \u00e0 Ribes de Freser avec diff\u00e9rents acteurs locaux, cette fois-ci dot\u00e9s d&rsquo;une solide expertise technique, dans le cadre du projet RESPIRA. L&rsquo;objectif de cette s\u00e9ance \u00e9tait de recueillir les points de vue locaux sur la gestion du patrimoine et le tourisme dans la Vall\u00e9e de Ribes. Cette journ\u00e9e [&hellip;]<\/p>\n","protected":false},"author":6642,"featured_media":64954,"parent":0,"template":"","meta":{"_acf_changed":false,"content-type":"","_monsterinsights_skip_tracking":false,"_monsterinsights_sitenote_active":false,"_monsterinsights_sitenote_note":"","_monsterinsights_sitenote_category":0},"class_list":["post-64956","noticia-proyecto","type-noticia-proyecto","status-publish","has-post-thumbnail","hentry"],"acf":[],"yoast_head":"<!-- This site is optimized with the Yoast SEO plugin v27.4 - https:\/\/yoast.com\/product\/yoast-seo-wordpress\/ -->\n<title>S\u00e9ance de travail \u00e0 Ribes de Freser sur le patrimoine de la Vall\u00e9e de Ribes - Interreg Sudoe<\/title>\n<meta name=\"robots\" content=\"index, follow, max-snippet:-1, max-image-preview:large, max-video-preview:-1\" \/>\n<link rel=\"canonical\" href=\"https:\/\/interreg-sudoe.eu\/fr\/noticia-proyecto\/seance-de-travail-a-ribes-de-freser-sur-le-patrimoine-de-la-vallee-de-ribes\/\" \/>\n<meta property=\"og:locale\" content=\"fr_FR\" \/>\n<meta property=\"og:type\" content=\"article\" \/>\n<meta property=\"og:title\" content=\"S\u00e9ance de travail \u00e0 Ribes de Freser sur le patrimoine de la Vall\u00e9e de Ribes - Interreg Sudoe\" \/>\n<meta property=\"og:description\" content=\"Cette semaine, une premi\u00e8re r\u00e9union s&rsquo;est tenue \u00e0 Ribes de Freser avec diff\u00e9rents acteurs locaux, cette fois-ci dot\u00e9s d&rsquo;une solide expertise technique, dans le cadre du projet RESPIRA. L&rsquo;objectif de cette s\u00e9ance \u00e9tait de recueillir les points de vue locaux sur la gestion du patrimoine et le tourisme dans la Vall\u00e9e de Ribes. Cette journ\u00e9e [&hellip;]\" \/>\n<meta property=\"og:url\" content=\"https:\/\/interreg-sudoe.eu\/fr\/noticia-proyecto\/seance-de-travail-a-ribes-de-freser-sur-le-patrimoine-de-la-vallee-de-ribes\/\" \/>\n<meta property=\"og:site_name\" content=\"Interreg Sudoe\" \/>\n<meta property=\"article:publisher\" content=\"https:\/\/www.facebook.com\/interregsudoe\" \/>\n<meta property=\"article:modified_time\" content=\"2026-04-29T11:09:26+00:00\" \/>\n<meta property=\"og:image\" content=\"https:\/\/interreg-sudoe.eu\/wp-content\/uploads\/2026\/04\/respiraribesreunioagents.jpg\" \/>\n\t<meta property=\"og:image:width\" content=\"1980\" \/>\n\t<meta property=\"og:image:height\" content=\"1485\" \/>\n\t<meta property=\"og:image:type\" content=\"image\/jpeg\" \/>\n<meta name=\"twitter:card\" content=\"summary_large_image\" \/>\n<meta name=\"twitter:site\" content=\"@Sudoe5\" \/>\n<meta name=\"twitter:label1\" content=\"Dur\u00e9e de lecture estim\u00e9e\" \/>\n\t<meta name=\"twitter:data1\" content=\"1 minute\" \/>\n<script type=\"application\/ld+json\" class=\"yoast-schema-graph\">{\"@context\":\"https:\\\/\\\/schema.org\",\"@graph\":[{\"@type\":\"WebPage\",\"@id\":\"https:\\\/\\\/interreg-sudoe.eu\\\/fr\\\/noticia-proyecto\\\/seance-de-travail-a-ribes-de-freser-sur-le-patrimoine-de-la-vallee-de-ribes\\\/\",\"url\":\"https:\\\/\\\/interreg-sudoe.eu\\\/fr\\\/noticia-proyecto\\\/seance-de-travail-a-ribes-de-freser-sur-le-patrimoine-de-la-vallee-de-ribes\\\/\",\"name\":\"S\u00e9ance de travail \u00e0 Ribes de Freser sur le patrimoine de la Vall\u00e9e de Ribes - Interreg Sudoe\",\"isPartOf\":{\"@id\":\"https:\\\/\\\/interreg-sudoe.eu\\\/fr\\\/#website\"},\"primaryImageOfPage\":{\"@id\":\"https:\\\/\\\/interreg-sudoe.eu\\\/fr\\\/noticia-proyecto\\\/seance-de-travail-a-ribes-de-freser-sur-le-patrimoine-de-la-vallee-de-ribes\\\/#primaryimage\"},\"image\":{\"@id\":\"https:\\\/\\\/interreg-sudoe.eu\\\/fr\\\/noticia-proyecto\\\/seance-de-travail-a-ribes-de-freser-sur-le-patrimoine-de-la-vallee-de-ribes\\\/#primaryimage\"},\"thumbnailUrl\":\"https:\\\/\\\/interreg-sudoe.eu\\\/wp-content\\\/uploads\\\/2026\\\/04\\\/respiraribesreunioagents.jpg\",\"datePublished\":\"2026-04-29T11:08:08+00:00\",\"dateModified\":\"2026-04-29T11:09:26+00:00\",\"breadcrumb\":{\"@id\":\"https:\\\/\\\/interreg-sudoe.eu\\\/fr\\\/noticia-proyecto\\\/seance-de-travail-a-ribes-de-freser-sur-le-patrimoine-de-la-vallee-de-ribes\\\/#breadcrumb\"},\"inLanguage\":\"fr-FR\",\"potentialAction\":[{\"@type\":\"ReadAction\",\"target\":[\"https:\\\/\\\/interreg-sudoe.eu\\\/fr\\\/noticia-proyecto\\\/seance-de-travail-a-ribes-de-freser-sur-le-patrimoine-de-la-vallee-de-ribes\\\/\"]}]},{\"@type\":\"ImageObject\",\"inLanguage\":\"fr-FR\",\"@id\":\"https:\\\/\\\/interreg-sudoe.eu\\\/fr\\\/noticia-proyecto\\\/seance-de-travail-a-ribes-de-freser-sur-le-patrimoine-de-la-vallee-de-ribes\\\/#primaryimage\",\"url\":\"https:\\\/\\\/interreg-sudoe.eu\\\/wp-content\\\/uploads\\\/2026\\\/04\\\/respiraribesreunioagents.jpg\",\"contentUrl\":\"https:\\\/\\\/interreg-sudoe.eu\\\/wp-content\\\/uploads\\\/2026\\\/04\\\/respiraribesreunioagents.jpg\",\"width\":1980,\"height\":1485},{\"@type\":\"BreadcrumbList\",\"@id\":\"https:\\\/\\\/interreg-sudoe.eu\\\/fr\\\/noticia-proyecto\\\/seance-de-travail-a-ribes-de-freser-sur-le-patrimoine-de-la-vallee-de-ribes\\\/#breadcrumb\",\"itemListElement\":[{\"@type\":\"ListItem\",\"position\":1,\"name\":\"Home\",\"item\":\"https:\\\/\\\/interreg-sudoe.eu\\\/fr\\\/\"},{\"@type\":\"ListItem\",\"position\":2,\"name\":\"S\u00e9ance de travail \u00e0 Ribes de Freser sur le patrimoine de la Vall\u00e9e de Ribes\"}]},{\"@type\":\"WebSite\",\"@id\":\"https:\\\/\\\/interreg-sudoe.eu\\\/fr\\\/#website\",\"url\":\"https:\\\/\\\/interreg-sudoe.eu\\\/fr\\\/\",\"name\":\"Interreg Sudoe\",\"description\":\"Interreg Sudoe\",\"publisher\":{\"@id\":\"https:\\\/\\\/interreg-sudoe.eu\\\/fr\\\/#organization\"},\"alternateName\":\"Interreg Sudoe\",\"potentialAction\":[{\"@type\":\"SearchAction\",\"target\":{\"@type\":\"EntryPoint\",\"urlTemplate\":\"https:\\\/\\\/interreg-sudoe.eu\\\/fr\\\/?s={search_term_string}\"},\"query-input\":{\"@type\":\"PropertyValueSpecification\",\"valueRequired\":true,\"valueName\":\"search_term_string\"}}],\"inLanguage\":\"fr-FR\"},{\"@type\":\"Organization\",\"@id\":\"https:\\\/\\\/interreg-sudoe.eu\\\/fr\\\/#organization\",\"name\":\"Interreg Sudoe\",\"alternateName\":\"Interreg Sudoe\",\"url\":\"https:\\\/\\\/interreg-sudoe.eu\\\/fr\\\/\",\"logo\":{\"@type\":\"ImageObject\",\"inLanguage\":\"fr-FR\",\"@id\":\"https:\\\/\\\/interreg-sudoe.eu\\\/fr\\\/#\\\/schema\\\/logo\\\/image\\\/\",\"url\":\"https:\\\/\\\/interreg-sudoe.eu\\\/wp-content\\\/uploads\\\/2024\\\/03\\\/logo-interreg.png\",\"contentUrl\":\"https:\\\/\\\/interreg-sudoe.eu\\\/wp-content\\\/uploads\\\/2024\\\/03\\\/logo-interreg.png\",\"width\":1200,\"height\":675,\"caption\":\"Interreg Sudoe\"},\"image\":{\"@id\":\"https:\\\/\\\/interreg-sudoe.eu\\\/fr\\\/#\\\/schema\\\/logo\\\/image\\\/\"},\"sameAs\":[\"https:\\\/\\\/www.facebook.com\\\/interregsudoe\",\"https:\\\/\\\/x.com\\\/Sudoe5\",\"https:\\\/\\\/www.youtube.com\\\/channel\\\/UCeGx2edoB32beRc9dbKA2vw\",\"https:\\\/\\\/www.linkedin.com\\\/company\\\/interreg-sudoe-programme\\\/\",\"https:\\\/\\\/www.flickr.com\\\/photos\\\/148704685@N06\\\/\"]}]}<\/script>\n<!-- \/ Yoast SEO plugin. -->","yoast_head_json":{"title":"S\u00e9ance de travail \u00e0 Ribes de Freser sur le patrimoine de la Vall\u00e9e de Ribes - Interreg Sudoe","robots":{"index":"index","follow":"follow","max-snippet":"max-snippet:-1","max-image-preview":"max-image-preview:large","max-video-preview":"max-video-preview:-1"},"canonical":"https:\/\/interreg-sudoe.eu\/fr\/noticia-proyecto\/seance-de-travail-a-ribes-de-freser-sur-le-patrimoine-de-la-vallee-de-ribes\/","og_locale":"fr_FR","og_type":"article","og_title":"S\u00e9ance de travail \u00e0 Ribes de Freser sur le patrimoine de la Vall\u00e9e de Ribes - Interreg Sudoe","og_description":"Cette semaine, une premi\u00e8re r\u00e9union s&rsquo;est tenue \u00e0 Ribes de Freser avec diff\u00e9rents acteurs locaux, cette fois-ci dot\u00e9s d&rsquo;une solide expertise technique, dans le cadre du projet RESPIRA. L&rsquo;objectif de cette s\u00e9ance \u00e9tait de recueillir les points de vue locaux sur la gestion du patrimoine et le tourisme dans la Vall\u00e9e de Ribes. Cette journ\u00e9e [&hellip;]","og_url":"https:\/\/interreg-sudoe.eu\/fr\/noticia-proyecto\/seance-de-travail-a-ribes-de-freser-sur-le-patrimoine-de-la-vallee-de-ribes\/","og_site_name":"Interreg Sudoe","article_publisher":"https:\/\/www.facebook.com\/interregsudoe","article_modified_time":"2026-04-29T11:09:26+00:00","og_image":[{"width":1980,"height":1485,"url":"https:\/\/interreg-sudoe.eu\/wp-content\/uploads\/2026\/04\/respiraribesreunioagents.jpg","type":"image\/jpeg"}],"twitter_card":"summary_large_image","twitter_site":"@Sudoe5","twitter_misc":{"Dur\u00e9e de lecture estim\u00e9e":"1 minute"},"schema":{"@context":"https:\/\/schema.org","@graph":[{"@type":"WebPage","@id":"https:\/\/interreg-sudoe.eu\/fr\/noticia-proyecto\/seance-de-travail-a-ribes-de-freser-sur-le-patrimoine-de-la-vallee-de-ribes\/","url":"https:\/\/interreg-sudoe.eu\/fr\/noticia-proyecto\/seance-de-travail-a-ribes-de-freser-sur-le-patrimoine-de-la-vallee-de-ribes\/","name":"S\u00e9ance de travail \u00e0 Ribes de Freser sur le patrimoine de la Vall\u00e9e de Ribes - Interreg Sudoe","isPartOf":{"@id":"https:\/\/interreg-sudoe.eu\/fr\/#website"},"primaryImageOfPage":{"@id":"https:\/\/interreg-sudoe.eu\/fr\/noticia-proyecto\/seance-de-travail-a-ribes-de-freser-sur-le-patrimoine-de-la-vallee-de-ribes\/#primaryimage"},"image":{"@id":"https:\/\/interreg-sudoe.eu\/fr\/noticia-proyecto\/seance-de-travail-a-ribes-de-freser-sur-le-patrimoine-de-la-vallee-de-ribes\/#primaryimage"},"thumbnailUrl":"https:\/\/interreg-sudoe.eu\/wp-content\/uploads\/2026\/04\/respiraribesreunioagents.jpg","datePublished":"2026-04-29T11:08:08+00:00","dateModified":"2026-04-29T11:09:26+00:00","breadcrumb":{"@id":"https:\/\/interreg-sudoe.eu\/fr\/noticia-proyecto\/seance-de-travail-a-ribes-de-freser-sur-le-patrimoine-de-la-vallee-de-ribes\/#breadcrumb"},"inLanguage":"fr-FR","potentialAction":[{"@type":"ReadAction","target":["https:\/\/interreg-sudoe.eu\/fr\/noticia-proyecto\/seance-de-travail-a-ribes-de-freser-sur-le-patrimoine-de-la-vallee-de-ribes\/"]}]},{"@type":"ImageObject","inLanguage":"fr-FR","@id":"https:\/\/interreg-sudoe.eu\/fr\/noticia-proyecto\/seance-de-travail-a-ribes-de-freser-sur-le-patrimoine-de-la-vallee-de-ribes\/#primaryimage","url":"https:\/\/interreg-sudoe.eu\/wp-content\/uploads\/2026\/04\/respiraribesreunioagents.jpg","contentUrl":"https:\/\/interreg-sudoe.eu\/wp-content\/uploads\/2026\/04\/respiraribesreunioagents.jpg","width":1980,"height":1485},{"@type":"BreadcrumbList","@id":"https:\/\/interreg-sudoe.eu\/fr\/noticia-proyecto\/seance-de-travail-a-ribes-de-freser-sur-le-patrimoine-de-la-vallee-de-ribes\/#breadcrumb","itemListElement":[{"@type":"ListItem","position":1,"name":"Home","item":"https:\/\/interreg-sudoe.eu\/fr\/"},{"@type":"ListItem","position":2,"name":"S\u00e9ance de travail \u00e0 Ribes de Freser sur le patrimoine de la Vall\u00e9e de Ribes"}]},{"@type":"WebSite","@id":"https:\/\/interreg-sudoe.eu\/fr\/#website","url":"https:\/\/interreg-sudoe.eu\/fr\/","name":"Interreg Sudoe","description":"Interreg Sudoe","publisher":{"@id":"https:\/\/interreg-sudoe.eu\/fr\/#organization"},"alternateName":"Interreg Sudoe","potentialAction":[{"@type":"SearchAction","target":{"@type":"EntryPoint","urlTemplate":"https:\/\/interreg-sudoe.eu\/fr\/?s={search_term_string}"},"query-input":{"@type":"PropertyValueSpecification","valueRequired":true,"valueName":"search_term_string"}}],"inLanguage":"fr-FR"},{"@type":"Organization","@id":"https:\/\/interreg-sudoe.eu\/fr\/#organization","name":"Interreg Sudoe","alternateName":"Interreg Sudoe","url":"https:\/\/interreg-sudoe.eu\/fr\/","logo":{"@type":"ImageObject","inLanguage":"fr-FR","@id":"https:\/\/interreg-sudoe.eu\/fr\/#\/schema\/logo\/image\/","url":"https:\/\/interreg-sudoe.eu\/wp-content\/uploads\/2024\/03\/logo-interreg.png","contentUrl":"https:\/\/interreg-sudoe.eu\/wp-content\/uploads\/2024\/03\/logo-interreg.png","width":1200,"height":675,"caption":"Interreg Sudoe"},"image":{"@id":"https:\/\/interreg-sudoe.eu\/fr\/#\/schema\/logo\/image\/"},"sameAs":["https:\/\/www.facebook.com\/interregsudoe","https:\/\/x.com\/Sudoe5","https:\/\/www.youtube.com\/channel\/UCeGx2edoB32beRc9dbKA2vw","https:\/\/www.linkedin.com\/company\/interreg-sudoe-programme\/","https:\/\/www.flickr.com\/photos\/148704685@N06\/"]}]}},"_links":{"self":[{"href":"https:\/\/interreg-sudoe.eu\/fr\/wp-json\/wp\/v2\/noticia-proyecto\/64956","targetHints":{"allow":["GET"]}}],"collection":[{"href":"https:\/\/interreg-sudoe.eu\/fr\/wp-json\/wp\/v2\/noticia-proyecto"}],"about":[{"href":"https:\/\/interreg-sudoe.eu\/fr\/wp-json\/wp\/v2\/types\/noticia-proyecto"}],"author":[{"embeddable":true,"href":"https:\/\/interreg-sudoe.eu\/fr\/wp-json\/wp\/v2\/users\/6642"}],"wp:featuredmedia":[{"embeddable":true,"href":"https:\/\/interreg-sudoe.eu\/fr\/wp-json\/wp\/v2\/media\/64954"}],"wp:attachment":[{"href":"https:\/\/interreg-sudoe.eu\/fr\/wp-json\/wp\/v2\/media?parent=64956"}],"curies":[{"name":"wp","href":"https:\/\/api.w.org\/{rel}","templated":true}]}}