{"id":64969,"date":"2026-04-29T13:17:54","date_gmt":"2026-04-29T11:17:54","guid":{"rendered":"https:\/\/interreg-sudoe.eu\/noticia-proyecto\/bio4res-reune-en-solsona-lleida-a-personas-expertas-europeas-para-avanzar-en-la-prevencion-de-incendios-forestales-mediante-la-valorizacion-de-la-biomasa\/"},"modified":"2026-04-29T13:20:09","modified_gmt":"2026-04-29T11:20:09","slug":"bio4res-reune-en-solsona-lleida-a-personas-expertas-europeas-para-avanzar-en-la-prevencion-de-incendios-forestales-mediante-la-valorizacion-de-la-biomasa","status":"publish","type":"noticia-proyecto","link":"https:\/\/interreg-sudoe.eu\/fr\/noticia-proyecto\/bio4res-reune-en-solsona-lleida-a-personas-expertas-europeas-para-avanzar-en-la-prevencion-de-incendios-forestales-mediante-la-valorizacion-de-la-biomasa\/","title":{"rendered":"BIO4RES rassemble \u00e0 Solsona (L\u00e9rida) des experts europ\u00e9ens afin de faire progresser la pr\u00e9vention des incendies de for\u00eat gr\u00e2ce \u00e0 la valorisation de la biomasse"},"content":{"rendered":"<p>Les 24 et 25 mars, le <strong>Centre de science et de technologie foresti\u00e8res de Catalogne (CTFC)<\/strong> a accueilli le s\u00e9minaire transnational et l&rsquo;atelier de transfert du projet Interreg SUDOE BIO4RES, une initiative europ\u00e9enne visant \u00e0 am\u00e9liorer la pr\u00e9vention et la gestion des risques d&rsquo;incendies de for\u00eat gr\u00e2ce \u00e0 la valorisation de la biomasse.<\/p>\n<p>La rencontre a r\u00e9uni pr\u00e8s de 30 participants, parmi lesquels des experts, des techniciens et des repr\u00e9sentants institutionnels <strong>d&rsquo;Espagne, de France et du Portugal<\/strong>, qui ont partag\u00e9 leurs r\u00e9sultats, leurs exp\u00e9riences et leurs approches innovantes afin de progresser vers une gestion foresti\u00e8re plus efficace, durable et adapt\u00e9e au contexte climatique actuel.<\/p>\n<p>La journ\u00e9e a \u00e9t\u00e9 inaugur\u00e9e par <strong>Adriano Raddi, responsable du programme Bio\u00e9conomie et gouvernance et chef du groupe Exploitation foresti\u00e8re et biomasse du CTFC<\/strong>, qui a mis en avant le r\u00f4le du centre en tant qu&rsquo;institution publique de recherche et de transfert technologique en mati\u00e8re de gestion foresti\u00e8re durable. Fort de plus de 25 ans d&rsquo;exp\u00e9rience, le CTFC est rattach\u00e9 \u00e0 la Generalitat de Catalunya et fait partie du r\u00e9seau CERCA.<\/p>\n<p>Au cours de son intervention, les grandes lignes du projet BIO4RES ont \u00e9t\u00e9 pr\u00e9sent\u00e9es. Ce projet a pour objectif d\u2019am\u00e9liorer la pr\u00e9vention et la gestion des risques d\u2019incendie dans les for\u00eats de la zone SUDOE gr\u00e2ce \u00e0 la valorisation de la biomasse foresti\u00e8re, contribuant ainsi \u00e0 renforcer la r\u00e9silience des \u00e9cosyst\u00e8mes sans compromettre leurs services environnementaux, sociaux et \u00e9conomiques.<\/p>\n<p>Le projet <strong>est pilot\u00e9 par Nasuvinsa (Navarre)<\/strong> et b\u00e9n\u00e9ficie de la participation du <strong>CTFC (Catalogne)<\/strong>, de <strong>l&rsquo;Union des communes foresti\u00e8res du Grand Sud (France)<\/strong>, <strong>Estera Innovation (France)<\/strong> et la <strong>Comunidade Intermunicipal do T\u00e2mega e Sousa (Portugal)<\/strong>, consolidant ainsi un r\u00e9seau de coop\u00e9ration territoriale essentiel pour relever ensemble les d\u00e9fis forestiers dans le sud de l&rsquo;Europe.<\/p>\n<p>Sur le plan technique, <strong>le chercheur Gianni Picchi (CNR-IBE)<\/strong> a soulign\u00e9 la n\u00e9cessit\u00e9 d\u2019agir sur l\u2019accumulation de biomasse \u00ab comme axe central de la pr\u00e9vention des incendies \u00bb, dans un contexte marqu\u00e9 par la s\u00e9cheresse, la hausse des temp\u00e9ratures et l\u2019absence de gestion foresti\u00e8re. M. Picchi a plaid\u00e9 en faveur d\u2019une approche adapt\u00e9e \u00e0 chaque territoire, combinant des outils tels que le p\u00e2turage, le feu dirig\u00e9 ou la sylviculture pr\u00e9ventive, et a soulign\u00e9 \u00ab le r\u00f4le de la m\u00e9canisation pour am\u00e9liorer l\u2019efficacit\u00e9 et faciliter la r\u00e9cup\u00e9ration de la biomasse \u00bb.<\/p>\n<p>Le s\u00e9minaire a \u00e9galement permis de pr\u00e9senter des mod\u00e8les territoriaux innovants, tels que le <strong>projet \u00ab Bosques del Vall\u00e8s \u00bb<\/strong>, pr\u00e9sent\u00e9 par <strong>Laura Oliver<\/strong>, conseill\u00e8re charg\u00e9e de l&rsquo;urgence climatique, et <strong>Nat\u00e0lia Tierno<\/strong>, responsable des services techniques du d\u00e9partement de dynamisation territoriale du Consell Comarcal del Vall\u00e8s Occidental. Cette initiative encourage l&rsquo;utilisation de la biomasse comme ressource \u00e9nerg\u00e9tique de proximit\u00e9, \u00ab en promouvant les \u00e9nergies renouvelables, en r\u00e9duisant les \u00e9missions et en renfor\u00e7ant le d\u00e9veloppement local gr\u00e2ce \u00e0 de nouvelles formules de gouvernance publique \u00bb.<\/p>\n<p>De m\u00eame, <strong>Ignasi Castell\u00f3<\/strong>, ancien responsable du Bureau technique municipal de pr\u00e9vention des incendies de for\u00eat de la D\u00e9putation de Barcelone, a pr\u00e9sent\u00e9 une r\u00e9flexion sur les principaux d\u00e9fis structurels li\u00e9s \u00e0 la gestion des incendies de for\u00eat, soulignant notamment la fragmentation de la propri\u00e9t\u00e9, le manque de rentabilit\u00e9 du secteur et le manque de coordination institutionnelle comme \u00e9tant parmi les principaux d\u00e9fis. Castell\u00f3 a d\u00e9fendu \u00ab la n\u00e9cessit\u00e9 de donner la priorit\u00e9 \u00e0 la gestion technique, \u00e0 la planification \u00e0 long terme et \u00e0 la pr\u00e9vention active fond\u00e9e sur la gestion du combustible forestier \u00bb.<\/p>\n<p>La rencontre a mis en \u00e9vidence <strong>l&rsquo;importance de la coop\u00e9ration europ\u00e9enne et du transfert de connaissances<\/strong> en tant qu&rsquo;outils cl\u00e9s pour faire face \u00e0 un risque croissant d&rsquo;incendies de for\u00eat dans le contexte du changement climatique.<\/p>\n","protected":false},"excerpt":{"rendered":"<p>Cette rencontre a permis de pr\u00e9senter l&rsquo;\u00e9tat d&rsquo;avancement du projet, d&rsquo;\u00e9changer des exp\u00e9riences entre les territoires et d&rsquo;\u00e9tudier des solutions innovantes visant \u00e0 am\u00e9liorer la gestion foresti\u00e8re et \u00e0 r\u00e9duire les risques d&rsquo;incendie dans la r\u00e9gion SUDOE<\/p>\n","protected":false},"author":5373,"featured_media":64967,"parent":0,"template":"","meta":{"_acf_changed":false,"content-type":"","_monsterinsights_skip_tracking":false,"_monsterinsights_sitenote_active":false,"_monsterinsights_sitenote_note":"","_monsterinsights_sitenote_category":0},"class_list":["post-64969","noticia-proyecto","type-noticia-proyecto","status-publish","has-post-thumbnail","hentry"],"acf":[],"yoast_head":"<!-- This site is optimized with the Yoast SEO plugin v27.4 - https:\/\/yoast.com\/product\/yoast-seo-wordpress\/ -->\n<title>BIO4RES rassemble \u00e0 Solsona (L\u00e9rida) des experts europ\u00e9ens afin de faire progresser la pr\u00e9vention des incendies de for\u00eat gr\u00e2ce \u00e0 la valorisation de la biomasse - Interreg Sudoe<\/title>\n<meta name=\"robots\" content=\"index, follow, max-snippet:-1, max-image-preview:large, max-video-preview:-1\" \/>\n<link rel=\"canonical\" href=\"https:\/\/interreg-sudoe.eu\/fr\/noticia-proyecto\/bio4res-reune-en-solsona-lleida-a-personas-expertas-europeas-para-avanzar-en-la-prevencion-de-incendios-forestales-mediante-la-valorizacion-de-la-biomasa\/\" \/>\n<meta property=\"og:locale\" content=\"fr_FR\" \/>\n<meta property=\"og:type\" content=\"article\" \/>\n<meta property=\"og:title\" content=\"BIO4RES rassemble \u00e0 Solsona (L\u00e9rida) des experts europ\u00e9ens afin de faire progresser la pr\u00e9vention des incendies de for\u00eat gr\u00e2ce \u00e0 la valorisation de la biomasse - Interreg Sudoe\" \/>\n<meta property=\"og:description\" content=\"Cette rencontre a permis de pr\u00e9senter l&#039;\u00e9tat d&#039;avancement du projet, d&#039;\u00e9changer des exp\u00e9riences entre les territoires et d&#039;\u00e9tudier des solutions innovantes visant \u00e0 am\u00e9liorer la gestion foresti\u00e8re et \u00e0 r\u00e9duire les risques d&#039;incendie dans la r\u00e9gion SUDOE\" \/>\n<meta property=\"og:url\" content=\"https:\/\/interreg-sudoe.eu\/fr\/noticia-proyecto\/bio4res-reune-en-solsona-lleida-a-personas-expertas-europeas-para-avanzar-en-la-prevencion-de-incendios-forestales-mediante-la-valorizacion-de-la-biomasa\/\" \/>\n<meta property=\"og:site_name\" content=\"Interreg Sudoe\" \/>\n<meta property=\"article:publisher\" content=\"https:\/\/www.facebook.com\/interregsudoe\" \/>\n<meta property=\"article:modified_time\" content=\"2026-04-29T11:20:09+00:00\" \/>\n<meta property=\"og:image\" content=\"https:\/\/interreg-sudoe.eu\/wp-content\/uploads\/2026\/04\/bio4res-solsona-FOTO1.jpg\" \/>\n\t<meta property=\"og:image:width\" content=\"1980\" \/>\n\t<meta property=\"og:image:height\" content=\"1320\" \/>\n\t<meta property=\"og:image:type\" content=\"image\/jpeg\" \/>\n<meta name=\"twitter:card\" content=\"summary_large_image\" \/>\n<meta name=\"twitter:site\" content=\"@Sudoe5\" \/>\n<meta name=\"twitter:label1\" content=\"Dur\u00e9e de lecture estim\u00e9e\" \/>\n\t<meta name=\"twitter:data1\" content=\"3 minutes\" \/>\n<script type=\"application\/ld+json\" class=\"yoast-schema-graph\">{\"@context\":\"https:\\\/\\\/schema.org\",\"@graph\":[{\"@type\":\"WebPage\",\"@id\":\"https:\\\/\\\/interreg-sudoe.eu\\\/fr\\\/noticia-proyecto\\\/bio4res-reune-en-solsona-lleida-a-personas-expertas-europeas-para-avanzar-en-la-prevencion-de-incendios-forestales-mediante-la-valorizacion-de-la-biomasa\\\/\",\"url\":\"https:\\\/\\\/interreg-sudoe.eu\\\/fr\\\/noticia-proyecto\\\/bio4res-reune-en-solsona-lleida-a-personas-expertas-europeas-para-avanzar-en-la-prevencion-de-incendios-forestales-mediante-la-valorizacion-de-la-biomasa\\\/\",\"name\":\"BIO4RES rassemble \u00e0 Solsona (L\u00e9rida) des experts europ\u00e9ens afin de faire progresser la pr\u00e9vention des incendies de for\u00eat gr\u00e2ce \u00e0 la valorisation de la biomasse - Interreg Sudoe\",\"isPartOf\":{\"@id\":\"https:\\\/\\\/interreg-sudoe.eu\\\/fr\\\/#website\"},\"primaryImageOfPage\":{\"@id\":\"https:\\\/\\\/interreg-sudoe.eu\\\/fr\\\/noticia-proyecto\\\/bio4res-reune-en-solsona-lleida-a-personas-expertas-europeas-para-avanzar-en-la-prevencion-de-incendios-forestales-mediante-la-valorizacion-de-la-biomasa\\\/#primaryimage\"},\"image\":{\"@id\":\"https:\\\/\\\/interreg-sudoe.eu\\\/fr\\\/noticia-proyecto\\\/bio4res-reune-en-solsona-lleida-a-personas-expertas-europeas-para-avanzar-en-la-prevencion-de-incendios-forestales-mediante-la-valorizacion-de-la-biomasa\\\/#primaryimage\"},\"thumbnailUrl\":\"https:\\\/\\\/interreg-sudoe.eu\\\/wp-content\\\/uploads\\\/2026\\\/04\\\/bio4res-solsona-FOTO1.jpg\",\"datePublished\":\"2026-04-29T11:17:54+00:00\",\"dateModified\":\"2026-04-29T11:20:09+00:00\",\"breadcrumb\":{\"@id\":\"https:\\\/\\\/interreg-sudoe.eu\\\/fr\\\/noticia-proyecto\\\/bio4res-reune-en-solsona-lleida-a-personas-expertas-europeas-para-avanzar-en-la-prevencion-de-incendios-forestales-mediante-la-valorizacion-de-la-biomasa\\\/#breadcrumb\"},\"inLanguage\":\"fr-FR\",\"potentialAction\":[{\"@type\":\"ReadAction\",\"target\":[\"https:\\\/\\\/interreg-sudoe.eu\\\/fr\\\/noticia-proyecto\\\/bio4res-reune-en-solsona-lleida-a-personas-expertas-europeas-para-avanzar-en-la-prevencion-de-incendios-forestales-mediante-la-valorizacion-de-la-biomasa\\\/\"]}]},{\"@type\":\"ImageObject\",\"inLanguage\":\"fr-FR\",\"@id\":\"https:\\\/\\\/interreg-sudoe.eu\\\/fr\\\/noticia-proyecto\\\/bio4res-reune-en-solsona-lleida-a-personas-expertas-europeas-para-avanzar-en-la-prevencion-de-incendios-forestales-mediante-la-valorizacion-de-la-biomasa\\\/#primaryimage\",\"url\":\"https:\\\/\\\/interreg-sudoe.eu\\\/wp-content\\\/uploads\\\/2026\\\/04\\\/bio4res-solsona-FOTO1.jpg\",\"contentUrl\":\"https:\\\/\\\/interreg-sudoe.eu\\\/wp-content\\\/uploads\\\/2026\\\/04\\\/bio4res-solsona-FOTO1.jpg\",\"width\":1980,\"height\":1320},{\"@type\":\"BreadcrumbList\",\"@id\":\"https:\\\/\\\/interreg-sudoe.eu\\\/fr\\\/noticia-proyecto\\\/bio4res-reune-en-solsona-lleida-a-personas-expertas-europeas-para-avanzar-en-la-prevencion-de-incendios-forestales-mediante-la-valorizacion-de-la-biomasa\\\/#breadcrumb\",\"itemListElement\":[{\"@type\":\"ListItem\",\"position\":1,\"name\":\"Home\",\"item\":\"https:\\\/\\\/interreg-sudoe.eu\\\/fr\\\/\"},{\"@type\":\"ListItem\",\"position\":2,\"name\":\"BIO4RES rassemble \u00e0 Solsona (L\u00e9rida) des experts europ\u00e9ens afin de faire progresser la pr\u00e9vention des incendies de for\u00eat gr\u00e2ce \u00e0 la valorisation de la biomasse\"}]},{\"@type\":\"WebSite\",\"@id\":\"https:\\\/\\\/interreg-sudoe.eu\\\/fr\\\/#website\",\"url\":\"https:\\\/\\\/interreg-sudoe.eu\\\/fr\\\/\",\"name\":\"Interreg Sudoe\",\"description\":\"Interreg Sudoe\",\"publisher\":{\"@id\":\"https:\\\/\\\/interreg-sudoe.eu\\\/fr\\\/#organization\"},\"alternateName\":\"Interreg Sudoe\",\"potentialAction\":[{\"@type\":\"SearchAction\",\"target\":{\"@type\":\"EntryPoint\",\"urlTemplate\":\"https:\\\/\\\/interreg-sudoe.eu\\\/fr\\\/?s={search_term_string}\"},\"query-input\":{\"@type\":\"PropertyValueSpecification\",\"valueRequired\":true,\"valueName\":\"search_term_string\"}}],\"inLanguage\":\"fr-FR\"},{\"@type\":\"Organization\",\"@id\":\"https:\\\/\\\/interreg-sudoe.eu\\\/fr\\\/#organization\",\"name\":\"Interreg Sudoe\",\"alternateName\":\"Interreg Sudoe\",\"url\":\"https:\\\/\\\/interreg-sudoe.eu\\\/fr\\\/\",\"logo\":{\"@type\":\"ImageObject\",\"inLanguage\":\"fr-FR\",\"@id\":\"https:\\\/\\\/interreg-sudoe.eu\\\/fr\\\/#\\\/schema\\\/logo\\\/image\\\/\",\"url\":\"https:\\\/\\\/interreg-sudoe.eu\\\/wp-content\\\/uploads\\\/2024\\\/03\\\/logo-interreg.png\",\"contentUrl\":\"https:\\\/\\\/interreg-sudoe.eu\\\/wp-content\\\/uploads\\\/2024\\\/03\\\/logo-interreg.png\",\"width\":1200,\"height\":675,\"caption\":\"Interreg Sudoe\"},\"image\":{\"@id\":\"https:\\\/\\\/interreg-sudoe.eu\\\/fr\\\/#\\\/schema\\\/logo\\\/image\\\/\"},\"sameAs\":[\"https:\\\/\\\/www.facebook.com\\\/interregsudoe\",\"https:\\\/\\\/x.com\\\/Sudoe5\",\"https:\\\/\\\/www.youtube.com\\\/channel\\\/UCeGx2edoB32beRc9dbKA2vw\",\"https:\\\/\\\/www.linkedin.com\\\/company\\\/interreg-sudoe-programme\\\/\",\"https:\\\/\\\/www.flickr.com\\\/photos\\\/148704685@N06\\\/\"]}]}<\/script>\n<!-- \/ Yoast SEO plugin. -->","yoast_head_json":{"title":"BIO4RES rassemble \u00e0 Solsona (L\u00e9rida) des experts europ\u00e9ens afin de faire progresser la pr\u00e9vention des incendies de for\u00eat gr\u00e2ce \u00e0 la valorisation de la biomasse - Interreg Sudoe","robots":{"index":"index","follow":"follow","max-snippet":"max-snippet:-1","max-image-preview":"max-image-preview:large","max-video-preview":"max-video-preview:-1"},"canonical":"https:\/\/interreg-sudoe.eu\/fr\/noticia-proyecto\/bio4res-reune-en-solsona-lleida-a-personas-expertas-europeas-para-avanzar-en-la-prevencion-de-incendios-forestales-mediante-la-valorizacion-de-la-biomasa\/","og_locale":"fr_FR","og_type":"article","og_title":"BIO4RES rassemble \u00e0 Solsona (L\u00e9rida) des experts europ\u00e9ens afin de faire progresser la pr\u00e9vention des incendies de for\u00eat gr\u00e2ce \u00e0 la valorisation de la biomasse - Interreg Sudoe","og_description":"Cette rencontre a permis de pr\u00e9senter l'\u00e9tat d'avancement du projet, d'\u00e9changer des exp\u00e9riences entre les territoires et d'\u00e9tudier des solutions innovantes visant \u00e0 am\u00e9liorer la gestion foresti\u00e8re et \u00e0 r\u00e9duire les risques d'incendie dans la r\u00e9gion SUDOE","og_url":"https:\/\/interreg-sudoe.eu\/fr\/noticia-proyecto\/bio4res-reune-en-solsona-lleida-a-personas-expertas-europeas-para-avanzar-en-la-prevencion-de-incendios-forestales-mediante-la-valorizacion-de-la-biomasa\/","og_site_name":"Interreg Sudoe","article_publisher":"https:\/\/www.facebook.com\/interregsudoe","article_modified_time":"2026-04-29T11:20:09+00:00","og_image":[{"width":1980,"height":1320,"url":"https:\/\/interreg-sudoe.eu\/wp-content\/uploads\/2026\/04\/bio4res-solsona-FOTO1.jpg","type":"image\/jpeg"}],"twitter_card":"summary_large_image","twitter_site":"@Sudoe5","twitter_misc":{"Dur\u00e9e de lecture estim\u00e9e":"3 minutes"},"schema":{"@context":"https:\/\/schema.org","@graph":[{"@type":"WebPage","@id":"https:\/\/interreg-sudoe.eu\/fr\/noticia-proyecto\/bio4res-reune-en-solsona-lleida-a-personas-expertas-europeas-para-avanzar-en-la-prevencion-de-incendios-forestales-mediante-la-valorizacion-de-la-biomasa\/","url":"https:\/\/interreg-sudoe.eu\/fr\/noticia-proyecto\/bio4res-reune-en-solsona-lleida-a-personas-expertas-europeas-para-avanzar-en-la-prevencion-de-incendios-forestales-mediante-la-valorizacion-de-la-biomasa\/","name":"BIO4RES rassemble \u00e0 Solsona (L\u00e9rida) des experts europ\u00e9ens afin de faire progresser la pr\u00e9vention des incendies de for\u00eat gr\u00e2ce \u00e0 la valorisation de la biomasse - Interreg Sudoe","isPartOf":{"@id":"https:\/\/interreg-sudoe.eu\/fr\/#website"},"primaryImageOfPage":{"@id":"https:\/\/interreg-sudoe.eu\/fr\/noticia-proyecto\/bio4res-reune-en-solsona-lleida-a-personas-expertas-europeas-para-avanzar-en-la-prevencion-de-incendios-forestales-mediante-la-valorizacion-de-la-biomasa\/#primaryimage"},"image":{"@id":"https:\/\/interreg-sudoe.eu\/fr\/noticia-proyecto\/bio4res-reune-en-solsona-lleida-a-personas-expertas-europeas-para-avanzar-en-la-prevencion-de-incendios-forestales-mediante-la-valorizacion-de-la-biomasa\/#primaryimage"},"thumbnailUrl":"https:\/\/interreg-sudoe.eu\/wp-content\/uploads\/2026\/04\/bio4res-solsona-FOTO1.jpg","datePublished":"2026-04-29T11:17:54+00:00","dateModified":"2026-04-29T11:20:09+00:00","breadcrumb":{"@id":"https:\/\/interreg-sudoe.eu\/fr\/noticia-proyecto\/bio4res-reune-en-solsona-lleida-a-personas-expertas-europeas-para-avanzar-en-la-prevencion-de-incendios-forestales-mediante-la-valorizacion-de-la-biomasa\/#breadcrumb"},"inLanguage":"fr-FR","potentialAction":[{"@type":"ReadAction","target":["https:\/\/interreg-sudoe.eu\/fr\/noticia-proyecto\/bio4res-reune-en-solsona-lleida-a-personas-expertas-europeas-para-avanzar-en-la-prevencion-de-incendios-forestales-mediante-la-valorizacion-de-la-biomasa\/"]}]},{"@type":"ImageObject","inLanguage":"fr-FR","@id":"https:\/\/interreg-sudoe.eu\/fr\/noticia-proyecto\/bio4res-reune-en-solsona-lleida-a-personas-expertas-europeas-para-avanzar-en-la-prevencion-de-incendios-forestales-mediante-la-valorizacion-de-la-biomasa\/#primaryimage","url":"https:\/\/interreg-sudoe.eu\/wp-content\/uploads\/2026\/04\/bio4res-solsona-FOTO1.jpg","contentUrl":"https:\/\/interreg-sudoe.eu\/wp-content\/uploads\/2026\/04\/bio4res-solsona-FOTO1.jpg","width":1980,"height":1320},{"@type":"BreadcrumbList","@id":"https:\/\/interreg-sudoe.eu\/fr\/noticia-proyecto\/bio4res-reune-en-solsona-lleida-a-personas-expertas-europeas-para-avanzar-en-la-prevencion-de-incendios-forestales-mediante-la-valorizacion-de-la-biomasa\/#breadcrumb","itemListElement":[{"@type":"ListItem","position":1,"name":"Home","item":"https:\/\/interreg-sudoe.eu\/fr\/"},{"@type":"ListItem","position":2,"name":"BIO4RES rassemble \u00e0 Solsona (L\u00e9rida) des experts europ\u00e9ens afin de faire progresser la pr\u00e9vention des incendies de for\u00eat gr\u00e2ce \u00e0 la valorisation de la biomasse"}]},{"@type":"WebSite","@id":"https:\/\/interreg-sudoe.eu\/fr\/#website","url":"https:\/\/interreg-sudoe.eu\/fr\/","name":"Interreg Sudoe","description":"Interreg Sudoe","publisher":{"@id":"https:\/\/interreg-sudoe.eu\/fr\/#organization"},"alternateName":"Interreg Sudoe","potentialAction":[{"@type":"SearchAction","target":{"@type":"EntryPoint","urlTemplate":"https:\/\/interreg-sudoe.eu\/fr\/?s={search_term_string}"},"query-input":{"@type":"PropertyValueSpecification","valueRequired":true,"valueName":"search_term_string"}}],"inLanguage":"fr-FR"},{"@type":"Organization","@id":"https:\/\/interreg-sudoe.eu\/fr\/#organization","name":"Interreg Sudoe","alternateName":"Interreg Sudoe","url":"https:\/\/interreg-sudoe.eu\/fr\/","logo":{"@type":"ImageObject","inLanguage":"fr-FR","@id":"https:\/\/interreg-sudoe.eu\/fr\/#\/schema\/logo\/image\/","url":"https:\/\/interreg-sudoe.eu\/wp-content\/uploads\/2024\/03\/logo-interreg.png","contentUrl":"https:\/\/interreg-sudoe.eu\/wp-content\/uploads\/2024\/03\/logo-interreg.png","width":1200,"height":675,"caption":"Interreg Sudoe"},"image":{"@id":"https:\/\/interreg-sudoe.eu\/fr\/#\/schema\/logo\/image\/"},"sameAs":["https:\/\/www.facebook.com\/interregsudoe","https:\/\/x.com\/Sudoe5","https:\/\/www.youtube.com\/channel\/UCeGx2edoB32beRc9dbKA2vw","https:\/\/www.linkedin.com\/company\/interreg-sudoe-programme\/","https:\/\/www.flickr.com\/photos\/148704685@N06\/"]}]}},"_links":{"self":[{"href":"https:\/\/interreg-sudoe.eu\/fr\/wp-json\/wp\/v2\/noticia-proyecto\/64969","targetHints":{"allow":["GET"]}}],"collection":[{"href":"https:\/\/interreg-sudoe.eu\/fr\/wp-json\/wp\/v2\/noticia-proyecto"}],"about":[{"href":"https:\/\/interreg-sudoe.eu\/fr\/wp-json\/wp\/v2\/types\/noticia-proyecto"}],"author":[{"embeddable":true,"href":"https:\/\/interreg-sudoe.eu\/fr\/wp-json\/wp\/v2\/users\/5373"}],"wp:featuredmedia":[{"embeddable":true,"href":"https:\/\/interreg-sudoe.eu\/fr\/wp-json\/wp\/v2\/media\/64967"}],"wp:attachment":[{"href":"https:\/\/interreg-sudoe.eu\/fr\/wp-json\/wp\/v2\/media?parent=64969"}],"curies":[{"name":"wp","href":"https:\/\/api.w.org\/{rel}","templated":true}]}}