{"id":64981,"date":"2026-04-29T13:33:42","date_gmt":"2026-04-29T11:33:42","guid":{"rendered":"https:\/\/interreg-sudoe.eu\/noticia-proyecto\/bio4res-define-una-estrategia-innovadora-para-valorizar-la-biomasa-forestal-y-reforzar-la-prevencion-de-incendios-en-el-espacio-sudoe\/"},"modified":"2026-04-29T13:35:48","modified_gmt":"2026-04-29T11:35:48","slug":"bio4res-define-una-estrategia-innovadora-para-valorizar-la-biomasa-forestal-y-reforzar-la-prevencion-de-incendios-en-el-espacio-sudoe","status":"publish","type":"noticia-proyecto","link":"https:\/\/interreg-sudoe.eu\/fr\/noticia-proyecto\/bio4res-define-una-estrategia-innovadora-para-valorizar-la-biomasa-forestal-y-reforzar-la-prevencion-de-incendios-en-el-espacio-sudoe\/","title":{"rendered":"BIO4RES d\u00e9finit une strat\u00e9gie innovante visant \u00e0 valoriser la biomasse foresti\u00e8re et \u00e0 renforcer la pr\u00e9vention des incendies dans la r\u00e9gion SUDOE"},"content":{"rendered":"<p><strong>Le projet europ\u00e9en BIO4RES<\/strong> a pr\u00e9sent\u00e9 \u00e0 Solsona (Lleida) <strong>une strat\u00e9gie commune<\/strong> pour la valorisation \u00e9nerg\u00e9tique de la biomasse foresti\u00e8re, fruit de l&rsquo;analyse et du d\u00e9veloppement de <strong>quatre projets pilotes mis en \u0153uvre en Espagne, en France et au Portugal<\/strong>.<\/p>\n<p>Cette strat\u00e9gie part du constat que la biomasse foresti\u00e8re repr\u00e9sente une ressource \u00e0 fort potentiel encore sous-exploit\u00e9e dans l&rsquo;espace SUDOE. Son utilisation permet, simultan\u00e9ment, d&rsquo;am\u00e9liorer la gestion des for\u00eats, de r\u00e9duire le risque d&rsquo;incendies et de cr\u00e9er des opportunit\u00e9s \u00e9conomiques en milieu rural, tout en contribuant \u00e0 la transition \u00e9nerg\u00e9tique et \u00e0 la r\u00e9silience des \u00e9cosyst\u00e8mes.<\/p>\n<p>Le document propose une approche int\u00e9gr\u00e9e qui articule la cha\u00eene for\u00eat-bois-\u00e9nergie et <strong>repose sur trois grands piliers<\/strong> : la promotion de la production d&rsquo;\u00e9nergie renouvelable \u00e0 partir de biocarburants forestiers, la r\u00e9duction de la charge combustible dans les for\u00eats en tant que mesure pr\u00e9ventive contre les incendies, et le d\u00e9veloppement \u00e9conomique local par l&rsquo;activation de nouvelles cha\u00eenes de valeur li\u00e9es \u00e0 la biomasse.<\/p>\n<p>Parmi ses principaux objectifs, la strat\u00e9gie vise \u00e0 am\u00e9liorer la connaissance de la disponibilit\u00e9 des ressources foresti\u00e8res, \u00e0 renforcer la cha\u00eene logistique et d&rsquo;approvisionnement, \u00e0 \u00e9liminer les obstacles pour les diff\u00e9rents acteurs du secteur, \u00e0 accro\u00eetre la transparence du march\u00e9 et \u00e0 faire progresser la coordination des politiques publiques. Elle <strong>int\u00e8gre<\/strong> \u00e9galement <strong>des actions de communication et de sensibilisation afin de favoriser l&rsquo;implication sociale et territoriale<\/strong>.<\/p>\n<p>Le plan d&rsquo;action pr\u00e9voit des mesures concr\u00e8tes telles que la planification des ressources foresti\u00e8res, le d\u00e9veloppement d&rsquo;infrastructures logistiques et de centres de collecte, la cr\u00e9ation d&rsquo;instruments de coordination institutionnelle et le d\u00e9ploiement d&rsquo;outils num\u00e9riques facilitant la gestion et l&rsquo;\u00e9change d&rsquo;informations entre les acteurs du secteur.<\/p>\n<p><strong>Quatre projets pilotes pour transformer la gestion foresti\u00e8re<\/strong><\/p>\n<p>La strat\u00e9gie s&rsquo;appuie sur <strong>quatre exp\u00e9riences pilotes<\/strong> qui abordent de mani\u00e8re compl\u00e9mentaire les principaux d\u00e9fis de la pr\u00e9vention des incendies et de la valorisation de la biomasse.<\/p>\n<p>Le <strong>projet pilote sur l&rsquo;impact de l&rsquo;exploitation de la biomasse sur la biodiversit\u00e9<\/strong>, d\u00e9velopp\u00e9 par l&rsquo;Union des Communes Foresti\u00e8res du Grand Sud (France) et pr\u00e9sent\u00e9 par Ir\u00e8ne S\u00e9naffe, a permis de concevoir des outils de planification \u2014tels que des cartographies et des indicateurs sp\u00e9cifiques\u2014 qui concilient la r\u00e9duction de la biomasse et la conservation des \u00e9cosyst\u00e8mes. Cette approche facilite l&rsquo;identification des zones \u00e0 haute valeur \u00e9cologique et l&rsquo;adaptation des interventions foresti\u00e8res afin d&rsquo;\u00e9viter les impacts n\u00e9gatifs sur les habitats ou les structures cl\u00e9s.<\/p>\n<p>Le <strong>projet pilote sur l&rsquo;innovation dans les m\u00e9thodes d&rsquo;exploitation foresti\u00e8re<\/strong>, men\u00e9 par le CTFC (Catalogne) et pr\u00e9sent\u00e9 par Gerard Alcoverro, a analys\u00e9 l&rsquo;utilisation de machines de pointe et de technologies telles que le LiDAR pour am\u00e9liorer l&rsquo;efficacit\u00e9 des travaux forestiers. Les r\u00e9sultats montrent des gains de productivit\u00e9 dans certains contextes, mais soulignent \u00e9galement la n\u00e9cessit\u00e9 d&rsquo;adapter les solutions technologiques aux caract\u00e9ristiques du terrain.<\/p>\n<p>Le <strong>projet pilote sur les mod\u00e8les de gestion locale de la biomasse<\/strong>, lanc\u00e9 par la Comunidade Intermunicipal do T\u00e2mega e Sousa (Portugal) et pr\u00e9sent\u00e9 par Maria Manuela Alves et M\u00e1rio J\u00falio, propose un syst\u00e8me int\u00e9gral bas\u00e9 sur la collecte, le traitement et la valorisation \u00e9nerg\u00e9tique de la biomasse \u00e0 l&rsquo;\u00e9chelle locale. Il comprend la cr\u00e9ation de centres de collecte et d&rsquo;une microcentrale \u00e9nerg\u00e9tique, en misant sur l&rsquo;\u00e9conomie circulaire, la proximit\u00e9 et l&rsquo;implication des acteurs locaux.<\/p>\n<p>De son c\u00f4t\u00e9, le <strong>projet pilote de formation des \u00e9quipes foresti\u00e8res<\/strong>, d\u00e9velopp\u00e9 par Nasuvinsa (Navarre) et pr\u00e9sent\u00e9 par David Candel, se concentre sur la formation de personnel sp\u00e9cialis\u00e9 dans la gestion foresti\u00e8re et l&rsquo;extraction de biomasse. Le programme combine formation th\u00e9orique et pratique et r\u00e9pond \u00e0 des d\u00e9fis majeurs tels que l&rsquo;absence de rel\u00e8ve g\u00e9n\u00e9rationnelle et la p\u00e9nurie de main-d&rsquo;\u0153uvre qualifi\u00e9e dans le secteur.<\/p>\n<p><strong>Un mod\u00e8le reproductible pour l&rsquo;Europe<\/strong><\/p>\n<p>La strat\u00e9gie identifie \u00e9galement les <strong>d\u00e9fis structurels<\/strong> qui conditionnent le d\u00e9veloppement du secteur, tels que les contraintes logistiques, la concurrence avec d&rsquo;autres march\u00e9s du bois, le manque de professionnels sp\u00e9cialis\u00e9s ou la n\u00e9cessit\u00e9 d&rsquo;une plus grande innovation technologique. Face \u00e0 cela, elle propose un \u00e9quilibre entre durabilit\u00e9 environnementale, efficacit\u00e9 \u00e9conomique, d\u00e9veloppement territorial et pr\u00e9vention des incendies comme base d&rsquo;action.<\/p>\n<p>En ce sens, <strong>BIO4RES propose un mod\u00e8le reproductible dans d&rsquo;autres r\u00e9gions europ\u00e9ennes<\/strong> qui permette de valoriser les ressources locales, de renforcer la s\u00e9curit\u00e9 \u00e9nerg\u00e9tique, de progresser vers la d\u00e9carbonisation et de r\u00e9duire le risque d&rsquo;incendies, contribuant ainsi \u00e0 la construction de paysages plus r\u00e9silients et durables <strong>dans l&rsquo;espace SUDOE<\/strong>.<\/p>\n","protected":false},"excerpt":{"rendered":"<p>Cette strat\u00e9gie, qui s&rsquo;appuie sur quatre projets pilotes men\u00e9s en Espagne, en France et au Portugal, promeut un mod\u00e8le int\u00e9gr\u00e9 associant la gestion foresti\u00e8re, les \u00e9nergies renouvelables et le d\u00e9veloppement rural<\/p>\n","protected":false},"author":5373,"featured_media":64980,"parent":0,"template":"","meta":{"_acf_changed":false,"content-type":"","_monsterinsights_skip_tracking":false,"_monsterinsights_sitenote_active":false,"_monsterinsights_sitenote_note":"","_monsterinsights_sitenote_category":0},"class_list":["post-64981","noticia-proyecto","type-noticia-proyecto","status-publish","has-post-thumbnail","hentry"],"acf":[],"yoast_head":"<!-- This site is optimized with the Yoast SEO plugin v27.4 - https:\/\/yoast.com\/product\/yoast-seo-wordpress\/ -->\n<title>BIO4RES d\u00e9finit une strat\u00e9gie innovante visant \u00e0 valoriser la biomasse foresti\u00e8re et \u00e0 renforcer la pr\u00e9vention des incendies dans la r\u00e9gion SUDOE - Interreg Sudoe<\/title>\n<meta name=\"robots\" content=\"index, follow, max-snippet:-1, max-image-preview:large, max-video-preview:-1\" \/>\n<link rel=\"canonical\" href=\"https:\/\/interreg-sudoe.eu\/fr\/noticia-proyecto\/bio4res-define-una-estrategia-innovadora-para-valorizar-la-biomasa-forestal-y-reforzar-la-prevencion-de-incendios-en-el-espacio-sudoe\/\" \/>\n<meta property=\"og:locale\" content=\"fr_FR\" \/>\n<meta property=\"og:type\" content=\"article\" \/>\n<meta property=\"og:title\" content=\"BIO4RES d\u00e9finit une strat\u00e9gie innovante visant \u00e0 valoriser la biomasse foresti\u00e8re et \u00e0 renforcer la pr\u00e9vention des incendies dans la r\u00e9gion SUDOE - Interreg Sudoe\" \/>\n<meta property=\"og:description\" content=\"Cette strat\u00e9gie, qui s&#039;appuie sur quatre projets pilotes men\u00e9s en Espagne, en France et au Portugal, promeut un mod\u00e8le int\u00e9gr\u00e9 associant la gestion foresti\u00e8re, les \u00e9nergies renouvelables et le d\u00e9veloppement rural\" \/>\n<meta property=\"og:url\" content=\"https:\/\/interreg-sudoe.eu\/fr\/noticia-proyecto\/bio4res-define-una-estrategia-innovadora-para-valorizar-la-biomasa-forestal-y-reforzar-la-prevencion-de-incendios-en-el-espacio-sudoe\/\" \/>\n<meta property=\"og:site_name\" content=\"Interreg Sudoe\" \/>\n<meta property=\"article:publisher\" content=\"https:\/\/www.facebook.com\/interregsudoe\" \/>\n<meta property=\"article:modified_time\" content=\"2026-04-29T11:35:48+00:00\" \/>\n<meta property=\"og:image\" content=\"https:\/\/interreg-sudoe.eu\/wp-content\/uploads\/2026\/04\/bio4res-solsona-FOTO2.jpg\" \/>\n\t<meta property=\"og:image:width\" content=\"1980\" \/>\n\t<meta property=\"og:image:height\" content=\"1320\" \/>\n\t<meta property=\"og:image:type\" content=\"image\/jpeg\" \/>\n<meta name=\"twitter:card\" content=\"summary_large_image\" \/>\n<meta name=\"twitter:site\" content=\"@Sudoe5\" \/>\n<meta name=\"twitter:label1\" content=\"Dur\u00e9e de lecture estim\u00e9e\" \/>\n\t<meta name=\"twitter:data1\" content=\"4 minutes\" \/>\n<script type=\"application\/ld+json\" class=\"yoast-schema-graph\">{\"@context\":\"https:\\\/\\\/schema.org\",\"@graph\":[{\"@type\":\"WebPage\",\"@id\":\"https:\\\/\\\/interreg-sudoe.eu\\\/fr\\\/noticia-proyecto\\\/bio4res-define-una-estrategia-innovadora-para-valorizar-la-biomasa-forestal-y-reforzar-la-prevencion-de-incendios-en-el-espacio-sudoe\\\/\",\"url\":\"https:\\\/\\\/interreg-sudoe.eu\\\/fr\\\/noticia-proyecto\\\/bio4res-define-una-estrategia-innovadora-para-valorizar-la-biomasa-forestal-y-reforzar-la-prevencion-de-incendios-en-el-espacio-sudoe\\\/\",\"name\":\"BIO4RES d\u00e9finit une strat\u00e9gie innovante visant \u00e0 valoriser la biomasse foresti\u00e8re et \u00e0 renforcer la pr\u00e9vention des incendies dans la r\u00e9gion SUDOE - Interreg Sudoe\",\"isPartOf\":{\"@id\":\"https:\\\/\\\/interreg-sudoe.eu\\\/fr\\\/#website\"},\"primaryImageOfPage\":{\"@id\":\"https:\\\/\\\/interreg-sudoe.eu\\\/fr\\\/noticia-proyecto\\\/bio4res-define-una-estrategia-innovadora-para-valorizar-la-biomasa-forestal-y-reforzar-la-prevencion-de-incendios-en-el-espacio-sudoe\\\/#primaryimage\"},\"image\":{\"@id\":\"https:\\\/\\\/interreg-sudoe.eu\\\/fr\\\/noticia-proyecto\\\/bio4res-define-una-estrategia-innovadora-para-valorizar-la-biomasa-forestal-y-reforzar-la-prevencion-de-incendios-en-el-espacio-sudoe\\\/#primaryimage\"},\"thumbnailUrl\":\"https:\\\/\\\/interreg-sudoe.eu\\\/wp-content\\\/uploads\\\/2026\\\/04\\\/bio4res-solsona-FOTO2.jpg\",\"datePublished\":\"2026-04-29T11:33:42+00:00\",\"dateModified\":\"2026-04-29T11:35:48+00:00\",\"breadcrumb\":{\"@id\":\"https:\\\/\\\/interreg-sudoe.eu\\\/fr\\\/noticia-proyecto\\\/bio4res-define-una-estrategia-innovadora-para-valorizar-la-biomasa-forestal-y-reforzar-la-prevencion-de-incendios-en-el-espacio-sudoe\\\/#breadcrumb\"},\"inLanguage\":\"fr-FR\",\"potentialAction\":[{\"@type\":\"ReadAction\",\"target\":[\"https:\\\/\\\/interreg-sudoe.eu\\\/fr\\\/noticia-proyecto\\\/bio4res-define-una-estrategia-innovadora-para-valorizar-la-biomasa-forestal-y-reforzar-la-prevencion-de-incendios-en-el-espacio-sudoe\\\/\"]}]},{\"@type\":\"ImageObject\",\"inLanguage\":\"fr-FR\",\"@id\":\"https:\\\/\\\/interreg-sudoe.eu\\\/fr\\\/noticia-proyecto\\\/bio4res-define-una-estrategia-innovadora-para-valorizar-la-biomasa-forestal-y-reforzar-la-prevencion-de-incendios-en-el-espacio-sudoe\\\/#primaryimage\",\"url\":\"https:\\\/\\\/interreg-sudoe.eu\\\/wp-content\\\/uploads\\\/2026\\\/04\\\/bio4res-solsona-FOTO2.jpg\",\"contentUrl\":\"https:\\\/\\\/interreg-sudoe.eu\\\/wp-content\\\/uploads\\\/2026\\\/04\\\/bio4res-solsona-FOTO2.jpg\",\"width\":1980,\"height\":1320},{\"@type\":\"BreadcrumbList\",\"@id\":\"https:\\\/\\\/interreg-sudoe.eu\\\/fr\\\/noticia-proyecto\\\/bio4res-define-una-estrategia-innovadora-para-valorizar-la-biomasa-forestal-y-reforzar-la-prevencion-de-incendios-en-el-espacio-sudoe\\\/#breadcrumb\",\"itemListElement\":[{\"@type\":\"ListItem\",\"position\":1,\"name\":\"Home\",\"item\":\"https:\\\/\\\/interreg-sudoe.eu\\\/fr\\\/\"},{\"@type\":\"ListItem\",\"position\":2,\"name\":\"BIO4RES d\u00e9finit une strat\u00e9gie innovante visant \u00e0 valoriser la biomasse foresti\u00e8re et \u00e0 renforcer la pr\u00e9vention des incendies dans la r\u00e9gion SUDOE\"}]},{\"@type\":\"WebSite\",\"@id\":\"https:\\\/\\\/interreg-sudoe.eu\\\/fr\\\/#website\",\"url\":\"https:\\\/\\\/interreg-sudoe.eu\\\/fr\\\/\",\"name\":\"Interreg Sudoe\",\"description\":\"Interreg Sudoe\",\"publisher\":{\"@id\":\"https:\\\/\\\/interreg-sudoe.eu\\\/fr\\\/#organization\"},\"alternateName\":\"Interreg Sudoe\",\"potentialAction\":[{\"@type\":\"SearchAction\",\"target\":{\"@type\":\"EntryPoint\",\"urlTemplate\":\"https:\\\/\\\/interreg-sudoe.eu\\\/fr\\\/?s={search_term_string}\"},\"query-input\":{\"@type\":\"PropertyValueSpecification\",\"valueRequired\":true,\"valueName\":\"search_term_string\"}}],\"inLanguage\":\"fr-FR\"},{\"@type\":\"Organization\",\"@id\":\"https:\\\/\\\/interreg-sudoe.eu\\\/fr\\\/#organization\",\"name\":\"Interreg Sudoe\",\"alternateName\":\"Interreg Sudoe\",\"url\":\"https:\\\/\\\/interreg-sudoe.eu\\\/fr\\\/\",\"logo\":{\"@type\":\"ImageObject\",\"inLanguage\":\"fr-FR\",\"@id\":\"https:\\\/\\\/interreg-sudoe.eu\\\/fr\\\/#\\\/schema\\\/logo\\\/image\\\/\",\"url\":\"https:\\\/\\\/interreg-sudoe.eu\\\/wp-content\\\/uploads\\\/2024\\\/03\\\/logo-interreg.png\",\"contentUrl\":\"https:\\\/\\\/interreg-sudoe.eu\\\/wp-content\\\/uploads\\\/2024\\\/03\\\/logo-interreg.png\",\"width\":1200,\"height\":675,\"caption\":\"Interreg Sudoe\"},\"image\":{\"@id\":\"https:\\\/\\\/interreg-sudoe.eu\\\/fr\\\/#\\\/schema\\\/logo\\\/image\\\/\"},\"sameAs\":[\"https:\\\/\\\/www.facebook.com\\\/interregsudoe\",\"https:\\\/\\\/x.com\\\/Sudoe5\",\"https:\\\/\\\/www.youtube.com\\\/channel\\\/UCeGx2edoB32beRc9dbKA2vw\",\"https:\\\/\\\/www.linkedin.com\\\/company\\\/interreg-sudoe-programme\\\/\",\"https:\\\/\\\/www.flickr.com\\\/photos\\\/148704685@N06\\\/\"]}]}<\/script>\n<!-- \/ Yoast SEO plugin. -->","yoast_head_json":{"title":"BIO4RES d\u00e9finit une strat\u00e9gie innovante visant \u00e0 valoriser la biomasse foresti\u00e8re et \u00e0 renforcer la pr\u00e9vention des incendies dans la r\u00e9gion SUDOE - Interreg Sudoe","robots":{"index":"index","follow":"follow","max-snippet":"max-snippet:-1","max-image-preview":"max-image-preview:large","max-video-preview":"max-video-preview:-1"},"canonical":"https:\/\/interreg-sudoe.eu\/fr\/noticia-proyecto\/bio4res-define-una-estrategia-innovadora-para-valorizar-la-biomasa-forestal-y-reforzar-la-prevencion-de-incendios-en-el-espacio-sudoe\/","og_locale":"fr_FR","og_type":"article","og_title":"BIO4RES d\u00e9finit une strat\u00e9gie innovante visant \u00e0 valoriser la biomasse foresti\u00e8re et \u00e0 renforcer la pr\u00e9vention des incendies dans la r\u00e9gion SUDOE - Interreg Sudoe","og_description":"Cette strat\u00e9gie, qui s'appuie sur quatre projets pilotes men\u00e9s en Espagne, en France et au Portugal, promeut un mod\u00e8le int\u00e9gr\u00e9 associant la gestion foresti\u00e8re, les \u00e9nergies renouvelables et le d\u00e9veloppement rural","og_url":"https:\/\/interreg-sudoe.eu\/fr\/noticia-proyecto\/bio4res-define-una-estrategia-innovadora-para-valorizar-la-biomasa-forestal-y-reforzar-la-prevencion-de-incendios-en-el-espacio-sudoe\/","og_site_name":"Interreg Sudoe","article_publisher":"https:\/\/www.facebook.com\/interregsudoe","article_modified_time":"2026-04-29T11:35:48+00:00","og_image":[{"width":1980,"height":1320,"url":"https:\/\/interreg-sudoe.eu\/wp-content\/uploads\/2026\/04\/bio4res-solsona-FOTO2.jpg","type":"image\/jpeg"}],"twitter_card":"summary_large_image","twitter_site":"@Sudoe5","twitter_misc":{"Dur\u00e9e de lecture estim\u00e9e":"4 minutes"},"schema":{"@context":"https:\/\/schema.org","@graph":[{"@type":"WebPage","@id":"https:\/\/interreg-sudoe.eu\/fr\/noticia-proyecto\/bio4res-define-una-estrategia-innovadora-para-valorizar-la-biomasa-forestal-y-reforzar-la-prevencion-de-incendios-en-el-espacio-sudoe\/","url":"https:\/\/interreg-sudoe.eu\/fr\/noticia-proyecto\/bio4res-define-una-estrategia-innovadora-para-valorizar-la-biomasa-forestal-y-reforzar-la-prevencion-de-incendios-en-el-espacio-sudoe\/","name":"BIO4RES d\u00e9finit une strat\u00e9gie innovante visant \u00e0 valoriser la biomasse foresti\u00e8re et \u00e0 renforcer la pr\u00e9vention des incendies dans la r\u00e9gion SUDOE - Interreg Sudoe","isPartOf":{"@id":"https:\/\/interreg-sudoe.eu\/fr\/#website"},"primaryImageOfPage":{"@id":"https:\/\/interreg-sudoe.eu\/fr\/noticia-proyecto\/bio4res-define-una-estrategia-innovadora-para-valorizar-la-biomasa-forestal-y-reforzar-la-prevencion-de-incendios-en-el-espacio-sudoe\/#primaryimage"},"image":{"@id":"https:\/\/interreg-sudoe.eu\/fr\/noticia-proyecto\/bio4res-define-una-estrategia-innovadora-para-valorizar-la-biomasa-forestal-y-reforzar-la-prevencion-de-incendios-en-el-espacio-sudoe\/#primaryimage"},"thumbnailUrl":"https:\/\/interreg-sudoe.eu\/wp-content\/uploads\/2026\/04\/bio4res-solsona-FOTO2.jpg","datePublished":"2026-04-29T11:33:42+00:00","dateModified":"2026-04-29T11:35:48+00:00","breadcrumb":{"@id":"https:\/\/interreg-sudoe.eu\/fr\/noticia-proyecto\/bio4res-define-una-estrategia-innovadora-para-valorizar-la-biomasa-forestal-y-reforzar-la-prevencion-de-incendios-en-el-espacio-sudoe\/#breadcrumb"},"inLanguage":"fr-FR","potentialAction":[{"@type":"ReadAction","target":["https:\/\/interreg-sudoe.eu\/fr\/noticia-proyecto\/bio4res-define-una-estrategia-innovadora-para-valorizar-la-biomasa-forestal-y-reforzar-la-prevencion-de-incendios-en-el-espacio-sudoe\/"]}]},{"@type":"ImageObject","inLanguage":"fr-FR","@id":"https:\/\/interreg-sudoe.eu\/fr\/noticia-proyecto\/bio4res-define-una-estrategia-innovadora-para-valorizar-la-biomasa-forestal-y-reforzar-la-prevencion-de-incendios-en-el-espacio-sudoe\/#primaryimage","url":"https:\/\/interreg-sudoe.eu\/wp-content\/uploads\/2026\/04\/bio4res-solsona-FOTO2.jpg","contentUrl":"https:\/\/interreg-sudoe.eu\/wp-content\/uploads\/2026\/04\/bio4res-solsona-FOTO2.jpg","width":1980,"height":1320},{"@type":"BreadcrumbList","@id":"https:\/\/interreg-sudoe.eu\/fr\/noticia-proyecto\/bio4res-define-una-estrategia-innovadora-para-valorizar-la-biomasa-forestal-y-reforzar-la-prevencion-de-incendios-en-el-espacio-sudoe\/#breadcrumb","itemListElement":[{"@type":"ListItem","position":1,"name":"Home","item":"https:\/\/interreg-sudoe.eu\/fr\/"},{"@type":"ListItem","position":2,"name":"BIO4RES d\u00e9finit une strat\u00e9gie innovante visant \u00e0 valoriser la biomasse foresti\u00e8re et \u00e0 renforcer la pr\u00e9vention des incendies dans la r\u00e9gion SUDOE"}]},{"@type":"WebSite","@id":"https:\/\/interreg-sudoe.eu\/fr\/#website","url":"https:\/\/interreg-sudoe.eu\/fr\/","name":"Interreg Sudoe","description":"Interreg Sudoe","publisher":{"@id":"https:\/\/interreg-sudoe.eu\/fr\/#organization"},"alternateName":"Interreg Sudoe","potentialAction":[{"@type":"SearchAction","target":{"@type":"EntryPoint","urlTemplate":"https:\/\/interreg-sudoe.eu\/fr\/?s={search_term_string}"},"query-input":{"@type":"PropertyValueSpecification","valueRequired":true,"valueName":"search_term_string"}}],"inLanguage":"fr-FR"},{"@type":"Organization","@id":"https:\/\/interreg-sudoe.eu\/fr\/#organization","name":"Interreg Sudoe","alternateName":"Interreg Sudoe","url":"https:\/\/interreg-sudoe.eu\/fr\/","logo":{"@type":"ImageObject","inLanguage":"fr-FR","@id":"https:\/\/interreg-sudoe.eu\/fr\/#\/schema\/logo\/image\/","url":"https:\/\/interreg-sudoe.eu\/wp-content\/uploads\/2024\/03\/logo-interreg.png","contentUrl":"https:\/\/interreg-sudoe.eu\/wp-content\/uploads\/2024\/03\/logo-interreg.png","width":1200,"height":675,"caption":"Interreg Sudoe"},"image":{"@id":"https:\/\/interreg-sudoe.eu\/fr\/#\/schema\/logo\/image\/"},"sameAs":["https:\/\/www.facebook.com\/interregsudoe","https:\/\/x.com\/Sudoe5","https:\/\/www.youtube.com\/channel\/UCeGx2edoB32beRc9dbKA2vw","https:\/\/www.linkedin.com\/company\/interreg-sudoe-programme\/","https:\/\/www.flickr.com\/photos\/148704685@N06\/"]}]}},"_links":{"self":[{"href":"https:\/\/interreg-sudoe.eu\/fr\/wp-json\/wp\/v2\/noticia-proyecto\/64981","targetHints":{"allow":["GET"]}}],"collection":[{"href":"https:\/\/interreg-sudoe.eu\/fr\/wp-json\/wp\/v2\/noticia-proyecto"}],"about":[{"href":"https:\/\/interreg-sudoe.eu\/fr\/wp-json\/wp\/v2\/types\/noticia-proyecto"}],"author":[{"embeddable":true,"href":"https:\/\/interreg-sudoe.eu\/fr\/wp-json\/wp\/v2\/users\/5373"}],"wp:featuredmedia":[{"embeddable":true,"href":"https:\/\/interreg-sudoe.eu\/fr\/wp-json\/wp\/v2\/media\/64980"}],"wp:attachment":[{"href":"https:\/\/interreg-sudoe.eu\/fr\/wp-json\/wp\/v2\/media?parent=64981"}],"curies":[{"name":"wp","href":"https:\/\/api.w.org\/{rel}","templated":true}]}}