{"id":64992,"date":"2026-04-29T13:47:27","date_gmt":"2026-04-29T11:47:27","guid":{"rendered":"https:\/\/interreg-sudoe.eu\/noticia-proyecto\/bio4res-muestra-sobre-el-terreno-en-lladurs-como-la-gestion-forestal-reduce-el-riesgo-de-incendios-y-mejora-la-resiliencia-del-bosque\/"},"modified":"2026-04-29T13:48:34","modified_gmt":"2026-04-29T11:48:34","slug":"bio4res-muestra-sobre-el-terreno-en-lladurs-como-la-gestion-forestal-reduce-el-riesgo-de-incendios-y-mejora-la-resiliencia-del-bosque","status":"publish","type":"noticia-proyecto","link":"https:\/\/interreg-sudoe.eu\/fr\/noticia-proyecto\/bio4res-muestra-sobre-el-terreno-en-lladurs-como-la-gestion-forestal-reduce-el-riesgo-de-incendios-y-mejora-la-resiliencia-del-bosque\/","title":{"rendered":"BIO4RES montre sur le terrain, \u00e0 Lladurs, comment la gestion foresti\u00e8re r\u00e9duit les risques d&rsquo;incendie et am\u00e9liore la r\u00e9silience de la for\u00eat"},"content":{"rendered":"<p>Le s\u00e9minaire transnational du projet europ\u00e9en BIO4RES a inclus, lors de sa deuxi\u00e8me journ\u00e9e, une visite sur le terrain de la propri\u00e9t\u00e9 Villar\u00f3, sur la commune de Lladurs (Solson\u00e8s), o\u00f9 les participants ont pu d\u00e9couvrir de premi\u00e8re main des mesures de gestion foresti\u00e8re visant \u00e0 pr\u00e9venir les incendies et \u00e0 s&rsquo;adapter au changement climatique.<\/p>\n<p>La visite a \u00e9t\u00e9 guid\u00e9e par Gerard Alcoverro Valls, technicien du Centre de science et de technologie foresti\u00e8res de Catalogne (CTFC), qui a expliqu\u00e9 les travaux r\u00e9alis\u00e9s sur cette propri\u00e9t\u00e9 priv\u00e9e par la Coop\u00e9rative foresti\u00e8re de Catalogne, avec le soutien des aides \u00e0 la gestion foresti\u00e8re durable de la Generalitat de Catalogne.<\/p>\n<p>Au cours de la visite, des interventions visant \u00e0 am\u00e9liorer la structure de la for\u00eat ont \u00e9t\u00e9 pr\u00e9sent\u00e9es, telles que l&rsquo;\u00e9limination des arbres de moindre valeur et la s\u00e9lection des arbres d&rsquo;avenir, dans le but de favoriser leur croissance et d&rsquo;accro\u00eetre la stabilit\u00e9 de l&rsquo;\u00e9cosyst\u00e8me forestier.<\/p>\n<p>De m\u00eame, l&rsquo;exploitation diff\u00e9renci\u00e9e de la biomasse a \u00e9t\u00e9 expliqu\u00e9e : d&rsquo;une part, l&rsquo;extraction du bois \u00e0 valeur commerciale et, d&rsquo;autre part, le d\u00e9chiquetage de la biomasse non exploitable \u2014 en morceaux d&rsquo;environ un demi-m\u00e8tre \u2014 afin de faciliter son int\u00e9gration dans le sol et de contribuer \u00e0 am\u00e9liorer sa qualit\u00e9 organique.<\/p>\n<p>Comme l&rsquo;a soulign\u00e9 M. Alcoverro, ce type d&rsquo;actions \u00ab permet d&rsquo;adapter la for\u00eat au changement climatique et de la rendre plus r\u00e9siliente face aux perturbations futures \u00bb, tout en r\u00e9duisant l&rsquo;accumulation de combustible forestier, l&rsquo;un des facteurs cl\u00e9s de la propagation des incendies.<\/p>\n<p>La visite a permis aux participants au s\u00e9minaire d&rsquo;observer sur le terrain comment la gestion active de la for\u00eat, soutenue par des politiques publiques, devient un outil fondamental pour progresser vers des paysages plus r\u00e9silients et durables.<\/p>\n<p>Regardez ici la <a href=\"https:\/\/youtu.be\/WDWi7-81D6I\">vid\u00e9o<\/a> de la visite (en espagnol).<\/p>\n","protected":false},"excerpt":{"rendered":"<p>Les participants au s\u00e9minaire international du projet BIO4RES ont visit\u00e9 une exploitation foresti\u00e8re dans le Solson\u00e8s afin de d\u00e9couvrir sur le terrain des mesures de gestion durable visant \u00e0 r\u00e9duire la charge combustible, \u00e0 valoriser la biomasse et \u00e0 am\u00e9liorer la r\u00e9silience des for\u00eats face au changement climatique<\/p>\n","protected":false},"author":5373,"featured_media":64991,"parent":0,"template":"","meta":{"_acf_changed":false,"content-type":"","_monsterinsights_skip_tracking":false,"_monsterinsights_sitenote_active":false,"_monsterinsights_sitenote_note":"","_monsterinsights_sitenote_category":0},"class_list":["post-64992","noticia-proyecto","type-noticia-proyecto","status-publish","has-post-thumbnail","hentry"],"acf":[],"yoast_head":"<!-- This site is optimized with the Yoast SEO plugin v27.4 - https:\/\/yoast.com\/product\/yoast-seo-wordpress\/ -->\n<title>BIO4RES montre sur le terrain, \u00e0 Lladurs, comment la gestion foresti\u00e8re r\u00e9duit les risques d&#039;incendie et am\u00e9liore la r\u00e9silience de la for\u00eat - Interreg Sudoe<\/title>\n<meta name=\"robots\" content=\"index, follow, max-snippet:-1, max-image-preview:large, max-video-preview:-1\" \/>\n<link rel=\"canonical\" href=\"https:\/\/interreg-sudoe.eu\/fr\/noticia-proyecto\/bio4res-muestra-sobre-el-terreno-en-lladurs-como-la-gestion-forestal-reduce-el-riesgo-de-incendios-y-mejora-la-resiliencia-del-bosque\/\" \/>\n<meta property=\"og:locale\" content=\"fr_FR\" \/>\n<meta property=\"og:type\" content=\"article\" \/>\n<meta property=\"og:title\" content=\"BIO4RES montre sur le terrain, \u00e0 Lladurs, comment la gestion foresti\u00e8re r\u00e9duit les risques d&#039;incendie et am\u00e9liore la r\u00e9silience de la for\u00eat - Interreg Sudoe\" \/>\n<meta property=\"og:description\" content=\"Les participants au s\u00e9minaire international du projet BIO4RES ont visit\u00e9 une exploitation foresti\u00e8re dans le Solson\u00e8s afin de d\u00e9couvrir sur le terrain des mesures de gestion durable visant \u00e0 r\u00e9duire la charge combustible, \u00e0 valoriser la biomasse et \u00e0 am\u00e9liorer la r\u00e9silience des for\u00eats face au changement climatique\" \/>\n<meta property=\"og:url\" content=\"https:\/\/interreg-sudoe.eu\/fr\/noticia-proyecto\/bio4res-muestra-sobre-el-terreno-en-lladurs-como-la-gestion-forestal-reduce-el-riesgo-de-incendios-y-mejora-la-resiliencia-del-bosque\/\" \/>\n<meta property=\"og:site_name\" content=\"Interreg Sudoe\" \/>\n<meta property=\"article:publisher\" content=\"https:\/\/www.facebook.com\/interregsudoe\" \/>\n<meta property=\"article:modified_time\" content=\"2026-04-29T11:48:34+00:00\" \/>\n<meta property=\"og:image\" content=\"https:\/\/interreg-sudoe.eu\/wp-content\/uploads\/2026\/04\/bio4res-solsona-visita25-FOTO3.jpg\" \/>\n\t<meta property=\"og:image:width\" content=\"1980\" \/>\n\t<meta property=\"og:image:height\" content=\"1320\" \/>\n\t<meta property=\"og:image:type\" content=\"image\/jpeg\" \/>\n<meta name=\"twitter:card\" content=\"summary_large_image\" \/>\n<meta name=\"twitter:site\" content=\"@Sudoe5\" \/>\n<meta name=\"twitter:label1\" content=\"Dur\u00e9e de lecture estim\u00e9e\" \/>\n\t<meta name=\"twitter:data1\" content=\"2 minutes\" \/>\n<script type=\"application\/ld+json\" class=\"yoast-schema-graph\">{\"@context\":\"https:\\\/\\\/schema.org\",\"@graph\":[{\"@type\":\"WebPage\",\"@id\":\"https:\\\/\\\/interreg-sudoe.eu\\\/fr\\\/noticia-proyecto\\\/bio4res-muestra-sobre-el-terreno-en-lladurs-como-la-gestion-forestal-reduce-el-riesgo-de-incendios-y-mejora-la-resiliencia-del-bosque\\\/\",\"url\":\"https:\\\/\\\/interreg-sudoe.eu\\\/fr\\\/noticia-proyecto\\\/bio4res-muestra-sobre-el-terreno-en-lladurs-como-la-gestion-forestal-reduce-el-riesgo-de-incendios-y-mejora-la-resiliencia-del-bosque\\\/\",\"name\":\"BIO4RES montre sur le terrain, \u00e0 Lladurs, comment la gestion foresti\u00e8re r\u00e9duit les risques d'incendie et am\u00e9liore la r\u00e9silience de la for\u00eat - Interreg Sudoe\",\"isPartOf\":{\"@id\":\"https:\\\/\\\/interreg-sudoe.eu\\\/fr\\\/#website\"},\"primaryImageOfPage\":{\"@id\":\"https:\\\/\\\/interreg-sudoe.eu\\\/fr\\\/noticia-proyecto\\\/bio4res-muestra-sobre-el-terreno-en-lladurs-como-la-gestion-forestal-reduce-el-riesgo-de-incendios-y-mejora-la-resiliencia-del-bosque\\\/#primaryimage\"},\"image\":{\"@id\":\"https:\\\/\\\/interreg-sudoe.eu\\\/fr\\\/noticia-proyecto\\\/bio4res-muestra-sobre-el-terreno-en-lladurs-como-la-gestion-forestal-reduce-el-riesgo-de-incendios-y-mejora-la-resiliencia-del-bosque\\\/#primaryimage\"},\"thumbnailUrl\":\"https:\\\/\\\/interreg-sudoe.eu\\\/wp-content\\\/uploads\\\/2026\\\/04\\\/bio4res-solsona-visita25-FOTO3.jpg\",\"datePublished\":\"2026-04-29T11:47:27+00:00\",\"dateModified\":\"2026-04-29T11:48:34+00:00\",\"breadcrumb\":{\"@id\":\"https:\\\/\\\/interreg-sudoe.eu\\\/fr\\\/noticia-proyecto\\\/bio4res-muestra-sobre-el-terreno-en-lladurs-como-la-gestion-forestal-reduce-el-riesgo-de-incendios-y-mejora-la-resiliencia-del-bosque\\\/#breadcrumb\"},\"inLanguage\":\"fr-FR\",\"potentialAction\":[{\"@type\":\"ReadAction\",\"target\":[\"https:\\\/\\\/interreg-sudoe.eu\\\/fr\\\/noticia-proyecto\\\/bio4res-muestra-sobre-el-terreno-en-lladurs-como-la-gestion-forestal-reduce-el-riesgo-de-incendios-y-mejora-la-resiliencia-del-bosque\\\/\"]}]},{\"@type\":\"ImageObject\",\"inLanguage\":\"fr-FR\",\"@id\":\"https:\\\/\\\/interreg-sudoe.eu\\\/fr\\\/noticia-proyecto\\\/bio4res-muestra-sobre-el-terreno-en-lladurs-como-la-gestion-forestal-reduce-el-riesgo-de-incendios-y-mejora-la-resiliencia-del-bosque\\\/#primaryimage\",\"url\":\"https:\\\/\\\/interreg-sudoe.eu\\\/wp-content\\\/uploads\\\/2026\\\/04\\\/bio4res-solsona-visita25-FOTO3.jpg\",\"contentUrl\":\"https:\\\/\\\/interreg-sudoe.eu\\\/wp-content\\\/uploads\\\/2026\\\/04\\\/bio4res-solsona-visita25-FOTO3.jpg\",\"width\":1980,\"height\":1320},{\"@type\":\"BreadcrumbList\",\"@id\":\"https:\\\/\\\/interreg-sudoe.eu\\\/fr\\\/noticia-proyecto\\\/bio4res-muestra-sobre-el-terreno-en-lladurs-como-la-gestion-forestal-reduce-el-riesgo-de-incendios-y-mejora-la-resiliencia-del-bosque\\\/#breadcrumb\",\"itemListElement\":[{\"@type\":\"ListItem\",\"position\":1,\"name\":\"Home\",\"item\":\"https:\\\/\\\/interreg-sudoe.eu\\\/fr\\\/\"},{\"@type\":\"ListItem\",\"position\":2,\"name\":\"BIO4RES montre sur le terrain, \u00e0 Lladurs, comment la gestion foresti\u00e8re r\u00e9duit les risques d&#8217;incendie et am\u00e9liore la r\u00e9silience de la for\u00eat\"}]},{\"@type\":\"WebSite\",\"@id\":\"https:\\\/\\\/interreg-sudoe.eu\\\/fr\\\/#website\",\"url\":\"https:\\\/\\\/interreg-sudoe.eu\\\/fr\\\/\",\"name\":\"Interreg Sudoe\",\"description\":\"Interreg Sudoe\",\"publisher\":{\"@id\":\"https:\\\/\\\/interreg-sudoe.eu\\\/fr\\\/#organization\"},\"alternateName\":\"Interreg Sudoe\",\"potentialAction\":[{\"@type\":\"SearchAction\",\"target\":{\"@type\":\"EntryPoint\",\"urlTemplate\":\"https:\\\/\\\/interreg-sudoe.eu\\\/fr\\\/?s={search_term_string}\"},\"query-input\":{\"@type\":\"PropertyValueSpecification\",\"valueRequired\":true,\"valueName\":\"search_term_string\"}}],\"inLanguage\":\"fr-FR\"},{\"@type\":\"Organization\",\"@id\":\"https:\\\/\\\/interreg-sudoe.eu\\\/fr\\\/#organization\",\"name\":\"Interreg Sudoe\",\"alternateName\":\"Interreg Sudoe\",\"url\":\"https:\\\/\\\/interreg-sudoe.eu\\\/fr\\\/\",\"logo\":{\"@type\":\"ImageObject\",\"inLanguage\":\"fr-FR\",\"@id\":\"https:\\\/\\\/interreg-sudoe.eu\\\/fr\\\/#\\\/schema\\\/logo\\\/image\\\/\",\"url\":\"https:\\\/\\\/interreg-sudoe.eu\\\/wp-content\\\/uploads\\\/2024\\\/03\\\/logo-interreg.png\",\"contentUrl\":\"https:\\\/\\\/interreg-sudoe.eu\\\/wp-content\\\/uploads\\\/2024\\\/03\\\/logo-interreg.png\",\"width\":1200,\"height\":675,\"caption\":\"Interreg Sudoe\"},\"image\":{\"@id\":\"https:\\\/\\\/interreg-sudoe.eu\\\/fr\\\/#\\\/schema\\\/logo\\\/image\\\/\"},\"sameAs\":[\"https:\\\/\\\/www.facebook.com\\\/interregsudoe\",\"https:\\\/\\\/x.com\\\/Sudoe5\",\"https:\\\/\\\/www.youtube.com\\\/channel\\\/UCeGx2edoB32beRc9dbKA2vw\",\"https:\\\/\\\/www.linkedin.com\\\/company\\\/interreg-sudoe-programme\\\/\",\"https:\\\/\\\/www.flickr.com\\\/photos\\\/148704685@N06\\\/\"]}]}<\/script>\n<!-- \/ Yoast SEO plugin. -->","yoast_head_json":{"title":"BIO4RES montre sur le terrain, \u00e0 Lladurs, comment la gestion foresti\u00e8re r\u00e9duit les risques d'incendie et am\u00e9liore la r\u00e9silience de la for\u00eat - Interreg Sudoe","robots":{"index":"index","follow":"follow","max-snippet":"max-snippet:-1","max-image-preview":"max-image-preview:large","max-video-preview":"max-video-preview:-1"},"canonical":"https:\/\/interreg-sudoe.eu\/fr\/noticia-proyecto\/bio4res-muestra-sobre-el-terreno-en-lladurs-como-la-gestion-forestal-reduce-el-riesgo-de-incendios-y-mejora-la-resiliencia-del-bosque\/","og_locale":"fr_FR","og_type":"article","og_title":"BIO4RES montre sur le terrain, \u00e0 Lladurs, comment la gestion foresti\u00e8re r\u00e9duit les risques d'incendie et am\u00e9liore la r\u00e9silience de la for\u00eat - Interreg Sudoe","og_description":"Les participants au s\u00e9minaire international du projet BIO4RES ont visit\u00e9 une exploitation foresti\u00e8re dans le Solson\u00e8s afin de d\u00e9couvrir sur le terrain des mesures de gestion durable visant \u00e0 r\u00e9duire la charge combustible, \u00e0 valoriser la biomasse et \u00e0 am\u00e9liorer la r\u00e9silience des for\u00eats face au changement climatique","og_url":"https:\/\/interreg-sudoe.eu\/fr\/noticia-proyecto\/bio4res-muestra-sobre-el-terreno-en-lladurs-como-la-gestion-forestal-reduce-el-riesgo-de-incendios-y-mejora-la-resiliencia-del-bosque\/","og_site_name":"Interreg Sudoe","article_publisher":"https:\/\/www.facebook.com\/interregsudoe","article_modified_time":"2026-04-29T11:48:34+00:00","og_image":[{"width":1980,"height":1320,"url":"https:\/\/interreg-sudoe.eu\/wp-content\/uploads\/2026\/04\/bio4res-solsona-visita25-FOTO3.jpg","type":"image\/jpeg"}],"twitter_card":"summary_large_image","twitter_site":"@Sudoe5","twitter_misc":{"Dur\u00e9e de lecture estim\u00e9e":"2 minutes"},"schema":{"@context":"https:\/\/schema.org","@graph":[{"@type":"WebPage","@id":"https:\/\/interreg-sudoe.eu\/fr\/noticia-proyecto\/bio4res-muestra-sobre-el-terreno-en-lladurs-como-la-gestion-forestal-reduce-el-riesgo-de-incendios-y-mejora-la-resiliencia-del-bosque\/","url":"https:\/\/interreg-sudoe.eu\/fr\/noticia-proyecto\/bio4res-muestra-sobre-el-terreno-en-lladurs-como-la-gestion-forestal-reduce-el-riesgo-de-incendios-y-mejora-la-resiliencia-del-bosque\/","name":"BIO4RES montre sur le terrain, \u00e0 Lladurs, comment la gestion foresti\u00e8re r\u00e9duit les risques d'incendie et am\u00e9liore la r\u00e9silience de la for\u00eat - Interreg Sudoe","isPartOf":{"@id":"https:\/\/interreg-sudoe.eu\/fr\/#website"},"primaryImageOfPage":{"@id":"https:\/\/interreg-sudoe.eu\/fr\/noticia-proyecto\/bio4res-muestra-sobre-el-terreno-en-lladurs-como-la-gestion-forestal-reduce-el-riesgo-de-incendios-y-mejora-la-resiliencia-del-bosque\/#primaryimage"},"image":{"@id":"https:\/\/interreg-sudoe.eu\/fr\/noticia-proyecto\/bio4res-muestra-sobre-el-terreno-en-lladurs-como-la-gestion-forestal-reduce-el-riesgo-de-incendios-y-mejora-la-resiliencia-del-bosque\/#primaryimage"},"thumbnailUrl":"https:\/\/interreg-sudoe.eu\/wp-content\/uploads\/2026\/04\/bio4res-solsona-visita25-FOTO3.jpg","datePublished":"2026-04-29T11:47:27+00:00","dateModified":"2026-04-29T11:48:34+00:00","breadcrumb":{"@id":"https:\/\/interreg-sudoe.eu\/fr\/noticia-proyecto\/bio4res-muestra-sobre-el-terreno-en-lladurs-como-la-gestion-forestal-reduce-el-riesgo-de-incendios-y-mejora-la-resiliencia-del-bosque\/#breadcrumb"},"inLanguage":"fr-FR","potentialAction":[{"@type":"ReadAction","target":["https:\/\/interreg-sudoe.eu\/fr\/noticia-proyecto\/bio4res-muestra-sobre-el-terreno-en-lladurs-como-la-gestion-forestal-reduce-el-riesgo-de-incendios-y-mejora-la-resiliencia-del-bosque\/"]}]},{"@type":"ImageObject","inLanguage":"fr-FR","@id":"https:\/\/interreg-sudoe.eu\/fr\/noticia-proyecto\/bio4res-muestra-sobre-el-terreno-en-lladurs-como-la-gestion-forestal-reduce-el-riesgo-de-incendios-y-mejora-la-resiliencia-del-bosque\/#primaryimage","url":"https:\/\/interreg-sudoe.eu\/wp-content\/uploads\/2026\/04\/bio4res-solsona-visita25-FOTO3.jpg","contentUrl":"https:\/\/interreg-sudoe.eu\/wp-content\/uploads\/2026\/04\/bio4res-solsona-visita25-FOTO3.jpg","width":1980,"height":1320},{"@type":"BreadcrumbList","@id":"https:\/\/interreg-sudoe.eu\/fr\/noticia-proyecto\/bio4res-muestra-sobre-el-terreno-en-lladurs-como-la-gestion-forestal-reduce-el-riesgo-de-incendios-y-mejora-la-resiliencia-del-bosque\/#breadcrumb","itemListElement":[{"@type":"ListItem","position":1,"name":"Home","item":"https:\/\/interreg-sudoe.eu\/fr\/"},{"@type":"ListItem","position":2,"name":"BIO4RES montre sur le terrain, \u00e0 Lladurs, comment la gestion foresti\u00e8re r\u00e9duit les risques d&#8217;incendie et am\u00e9liore la r\u00e9silience de la for\u00eat"}]},{"@type":"WebSite","@id":"https:\/\/interreg-sudoe.eu\/fr\/#website","url":"https:\/\/interreg-sudoe.eu\/fr\/","name":"Interreg Sudoe","description":"Interreg Sudoe","publisher":{"@id":"https:\/\/interreg-sudoe.eu\/fr\/#organization"},"alternateName":"Interreg Sudoe","potentialAction":[{"@type":"SearchAction","target":{"@type":"EntryPoint","urlTemplate":"https:\/\/interreg-sudoe.eu\/fr\/?s={search_term_string}"},"query-input":{"@type":"PropertyValueSpecification","valueRequired":true,"valueName":"search_term_string"}}],"inLanguage":"fr-FR"},{"@type":"Organization","@id":"https:\/\/interreg-sudoe.eu\/fr\/#organization","name":"Interreg Sudoe","alternateName":"Interreg Sudoe","url":"https:\/\/interreg-sudoe.eu\/fr\/","logo":{"@type":"ImageObject","inLanguage":"fr-FR","@id":"https:\/\/interreg-sudoe.eu\/fr\/#\/schema\/logo\/image\/","url":"https:\/\/interreg-sudoe.eu\/wp-content\/uploads\/2024\/03\/logo-interreg.png","contentUrl":"https:\/\/interreg-sudoe.eu\/wp-content\/uploads\/2024\/03\/logo-interreg.png","width":1200,"height":675,"caption":"Interreg Sudoe"},"image":{"@id":"https:\/\/interreg-sudoe.eu\/fr\/#\/schema\/logo\/image\/"},"sameAs":["https:\/\/www.facebook.com\/interregsudoe","https:\/\/x.com\/Sudoe5","https:\/\/www.youtube.com\/channel\/UCeGx2edoB32beRc9dbKA2vw","https:\/\/www.linkedin.com\/company\/interreg-sudoe-programme\/","https:\/\/www.flickr.com\/photos\/148704685@N06\/"]}]}},"_links":{"self":[{"href":"https:\/\/interreg-sudoe.eu\/fr\/wp-json\/wp\/v2\/noticia-proyecto\/64992","targetHints":{"allow":["GET"]}}],"collection":[{"href":"https:\/\/interreg-sudoe.eu\/fr\/wp-json\/wp\/v2\/noticia-proyecto"}],"about":[{"href":"https:\/\/interreg-sudoe.eu\/fr\/wp-json\/wp\/v2\/types\/noticia-proyecto"}],"author":[{"embeddable":true,"href":"https:\/\/interreg-sudoe.eu\/fr\/wp-json\/wp\/v2\/users\/5373"}],"wp:featuredmedia":[{"embeddable":true,"href":"https:\/\/interreg-sudoe.eu\/fr\/wp-json\/wp\/v2\/media\/64991"}],"wp:attachment":[{"href":"https:\/\/interreg-sudoe.eu\/fr\/wp-json\/wp\/v2\/media?parent=64992"}],"curies":[{"name":"wp","href":"https:\/\/api.w.org\/{rel}","templated":true}]}}